{"id":33557,"date":"2024-03-10T14:29:34","date_gmt":"2024-03-10T14:29:34","guid":{"rendered":"https:\/\/kibrisdakik.com\/index.php\/2024\/03\/10\/ubp-kadin-kollarinin-katilimi-ile-kadin-bulusmasi-gerceklesti-unal-ustel-kadin-haklarini-guclendirmek-icin-hep-birlikte-calisalim\/"},"modified":"2024-03-10T14:29:34","modified_gmt":"2024-03-10T14:29:34","slug":"ubp-kadin-kollarinin-katilimi-ile-kadin-bulusmasi-gerceklesti-unal-ustel-kadin-haklarini-guclendirmek-icin-hep-birlikte-calisalim","status":"publish","type":"post","link":"https:\/\/kibrisdakik.com\/?p=33557","title":{"rendered":"UBP  Kad\u0131n Kollar\u0131\u2019n\u0131n kat\u0131l\u0131m\u0131 ile \u201cKad\u0131n Bulu\u015fmas\u0131\u201d ger\u00e7ekle\u015fti\u2026 \u00dcnal \u00dcstel: Kad\u0131n haklar\u0131n\u0131 g\u00fc\u00e7lendirmek i\u00e7in hep birlikte \u00e7al\u0131\u015fal\u0131m"},"content":{"rendered":"<p><\/p>\n<div>\n<div class=\"mariselle-image-container center\">\n                <img loading=\"lazy\" decoding=\"async\" width=\"1600\" height=\"1066\" class=\"lazy-image\" alt=\"\" sizes=\"auto, (max-width: 1600px) 100vw, 1600px\" src=\"https:\/\/brtk.net\/wp-content\/uploads\/2024\/03\/10\/2edb9327-8772-4ea5-8251-8a56db8ee059.jpg?ver=f1430712fc770419dda1a7c60e73ed49\" srcset=\"https:\/\/brtk.net\/wp-content\/uploads\/2024\/03\/10\/2edb9327-8772-4ea5-8251-8a56db8ee059.jpg?ver=f1430712fc770419dda1a7c60e73ed49 1600w, https:\/\/brtk.net\/wp-content\/uploads\/2024\/03\/10\/2edb9327-8772-4ea5-8251-8a56db8ee059-300x200.jpg?ver=f1430712fc770419dda1a7c60e73ed49 300w, https:\/\/brtk.net\/wp-content\/uploads\/2024\/03\/10\/2edb9327-8772-4ea5-8251-8a56db8ee059-1024x682.jpg?ver=f1430712fc770419dda1a7c60e73ed49 1024w, https:\/\/brtk.net\/wp-content\/uploads\/2024\/03\/10\/2edb9327-8772-4ea5-8251-8a56db8ee059-768x512.jpg?ver=7ff3d73174c31af151baea928be92d43 768w, https:\/\/brtk.net\/wp-content\/uploads\/2024\/03\/10\/2edb9327-8772-4ea5-8251-8a56db8ee059-1536x1023.jpg?ver=7ff3d73174c31af151baea928be92d43 1536w\"\/>                            <\/div>\n<p><a href=\"https:\/\/brtk.net\/\"\/><a href=\"https:\/\/brtk.net\/\"\/><a href=\"https:\/\/brtk.net\/\"\/><a href=\"https:\/\/brtk.net\/\"\/><a href=\"https:\/\/brtk.net\/\"\/><a href=\"https:\/\/brtk.net\/\"\/><a href=\"https:\/\/brtk.net\/\"\/><a href=\"https:\/\/brtk.net\/\"\/><a href=\"https:\/\/brtk.net\/\"\/><a href=\"https:\/\/brtk.net\/\"\/><a href=\"https:\/\/brtk.net\/\"\/><a href=\"https:\/\/brtk.net\/\">UBP<\/a> Genel Ba\u015fkan\u0131 ve Ba\u015fbakan \u00dcnal \u00dcstel\u2019in E\u015fi Zerrin \u00dcstel\u2019in himayelerinde, alt\u0131 il\u00e7enin <a href=\"https:\/\/brtk.net\/\"\/><a href=\"https:\/\/brtk.net\/\"\/><a href=\"https:\/\/brtk.net\/\"\/><a href=\"https:\/\/brtk.net\/\"\/><a href=\"https:\/\/brtk.net\/\"\/><a href=\"https:\/\/brtk.net\/\"\/><a href=\"https:\/\/brtk.net\/\"\/><a href=\"https:\/\/brtk.net\/\"\/><a href=\"https:\/\/brtk.net\/\"\/><a href=\"https:\/\/brtk.net\/\"\/><a href=\"https:\/\/brtk.net\/\"\/><a href=\"https:\/\/brtk.net\/\">UBP<\/a>  Kad\u0131n Kollar\u0131\u2019n\u0131n kat\u0131l\u0131m\u0131 ile \u201cKad\u0131n Bulu\u015fmas\u0131\u201d b\u00fcy\u00fck bir kat\u0131l\u0131mla ger\u00e7ekle\u015fti.<\/p>\n<div class=\"mariselle-image-container center\">\n                <img loading=\"lazy\" decoding=\"async\" width=\"1600\" height=\"1066\" class=\"lazy-image\" alt=\"\" sizes=\"auto, (max-width: 1600px) 100vw, 1600px\" src=\"https:\/\/brtk.net\/wp-content\/uploads\/2024\/03\/10\/69b50f4d-f021-4329-9fba-0c6d709315f9.jpg?ver=e214a1132607db5583c6469a9e7f7335\" srcset=\"https:\/\/brtk.net\/wp-content\/uploads\/2024\/03\/10\/69b50f4d-f021-4329-9fba-0c6d709315f9.jpg?ver=e214a1132607db5583c6469a9e7f7335 1600w, https:\/\/brtk.net\/wp-content\/uploads\/2024\/03\/10\/69b50f4d-f021-4329-9fba-0c6d709315f9-300x200.jpg?ver=674a102c9f8b54bf7d26f0b9f0ff07b8 300w, https:\/\/brtk.net\/wp-content\/uploads\/2024\/03\/10\/69b50f4d-f021-4329-9fba-0c6d709315f9-1024x682.jpg?ver=674a102c9f8b54bf7d26f0b9f0ff07b8 1024w, https:\/\/brtk.net\/wp-content\/uploads\/2024\/03\/10\/69b50f4d-f021-4329-9fba-0c6d709315f9-768x512.jpg?ver=674a102c9f8b54bf7d26f0b9f0ff07b8 768w, https:\/\/brtk.net\/wp-content\/uploads\/2024\/03\/10\/69b50f4d-f021-4329-9fba-0c6d709315f9-1536x1023.jpg?ver=57dec2d778695df3b3d6601ebe35dead 1536w\"\/>                            <\/div>\n<p><strong>\u00dcNAL \u00dcSTEL: KADIN HAKLARINI G\u00dc\u00c7LEND\u0130RMEK \u0130\u00c7\u0130N HEP B\u0130RL\u0130KTE \u00c7ALI\u015eALIM<\/strong><\/p>\n<p><a href=\"https:\/\/brtk.net\/\"\/><a href=\"https:\/\/brtk.net\/\"\/><a href=\"https:\/\/brtk.net\/\"\/><a href=\"https:\/\/brtk.net\/\"\/><a href=\"https:\/\/brtk.net\/\"\/><a href=\"https:\/\/brtk.net\/\"\/><a href=\"https:\/\/brtk.net\/\"\/><a href=\"https:\/\/brtk.net\/\"\/><a href=\"https:\/\/brtk.net\/\"\/><a href=\"https:\/\/brtk.net\/\"\/><a href=\"https:\/\/brtk.net\/\"\/><a href=\"https:\/\/brtk.net\/\">UBP<\/a> Genel Ba\u015fkan\u0131 ve Ba\u015fbakan \u00dcnal \u00dcstel\u2019in de kat\u0131ld\u0131\u011f\u0131 etkinlikte ilk konu\u015fmay\u0131 <a href=\"https:\/\/brtk.net\/\"\/><a href=\"https:\/\/brtk.net\/\"\/><a href=\"https:\/\/brtk.net\/\"\/><a href=\"https:\/\/brtk.net\/\"\/><a href=\"https:\/\/brtk.net\/\"\/><a href=\"https:\/\/brtk.net\/\"\/><a href=\"https:\/\/brtk.net\/\"\/><a href=\"https:\/\/brtk.net\/\"\/><a href=\"https:\/\/brtk.net\/\"\/><a href=\"https:\/\/brtk.net\/\"\/><a href=\"https:\/\/brtk.net\/\"\/><a href=\"https:\/\/brtk.net\/\">UBP<\/a> Gazima\u011fusa Kad\u0131n Kollar\u0131 Ba\u015fkan\u0131 Ye\u015fim \u00dcnsalan Sefer yapt\u0131. Sefer konu\u015fmas\u0131nda \u201c O kadar b\u00fcy\u00fck bir aileyiz ki salonlara s\u0131\u011fm\u0131yoruz. Genel Ba\u015fkan\u0131m\u0131z\u0131n \u00f6nc\u00fcl\u00fc\u011f\u00fcnde yap\u0131lan \u00e7al\u0131\u015fmalara destek olmaya devam edece\u011fiz\u201d dedi.<\/p>\n<p><a href=\"https:\/\/brtk.net\/\"\/><a href=\"https:\/\/brtk.net\/\"\/><a href=\"https:\/\/brtk.net\/\"\/><a href=\"https:\/\/brtk.net\/\"\/><a href=\"https:\/\/brtk.net\/\"\/><a href=\"https:\/\/brtk.net\/\"\/><a href=\"https:\/\/brtk.net\/\"\/><a href=\"https:\/\/brtk.net\/\"\/><a href=\"https:\/\/brtk.net\/\"\/><a href=\"https:\/\/brtk.net\/\"\/><a href=\"https:\/\/brtk.net\/\"\/><a href=\"https:\/\/brtk.net\/\">UBP<\/a> Gazima\u011fusa \u0130l\u00e7e Ba\u015fkan\u0131 Nahit \u00d6nc\u00fc de yapt\u0131\u011f\u0131 konu\u015fmada kad\u0131n -erkek e\u015fitli\u011fi bir g\u00fcnle s\u0131n\u0131rland\u0131r\u0131lamaz. Kad\u0131n haklar\u0131n\u0131 korumak, geli\u015ftirmek ba\u015fl\u0131ca g\u00f6revimizdir\u201d diye konu\u015ftu.<br \/>\u00d6nc\u00fc, \u015eampiyon Melekler Anneleri\u2019nin \u00f6n\u00fcnde sayg\u0131 ile e\u011fildiklerini de vurgulad\u0131.<\/p>\n<div class=\"mariselle-image-container center\">\n                <img loading=\"lazy\" decoding=\"async\" width=\"1600\" height=\"1066\" class=\"lazy-image\" alt=\"\" sizes=\"auto, (max-width: 1600px) 100vw, 1600px\" src=\"https:\/\/brtk.net\/wp-content\/uploads\/2024\/03\/10\/785f7858-d167-46a2-91d8-fa0c2d6570a9.jpg?ver=7692f0d939c287ff6597ac684af534c9\" srcset=\"https:\/\/brtk.net\/wp-content\/uploads\/2024\/03\/10\/785f7858-d167-46a2-91d8-fa0c2d6570a9.jpg?ver=7692f0d939c287ff6597ac684af534c9 1600w, https:\/\/brtk.net\/wp-content\/uploads\/2024\/03\/10\/785f7858-d167-46a2-91d8-fa0c2d6570a9-300x200.jpg?ver=d31b07a709da3d2a0cf497c2c75e3284 300w, https:\/\/brtk.net\/wp-content\/uploads\/2024\/03\/10\/785f7858-d167-46a2-91d8-fa0c2d6570a9-1024x682.jpg?ver=d31b07a709da3d2a0cf497c2c75e3284 1024w, https:\/\/brtk.net\/wp-content\/uploads\/2024\/03\/10\/785f7858-d167-46a2-91d8-fa0c2d6570a9-768x512.jpg?ver=d31b07a709da3d2a0cf497c2c75e3284 768w, https:\/\/brtk.net\/wp-content\/uploads\/2024\/03\/10\/785f7858-d167-46a2-91d8-fa0c2d6570a9-1536x1023.jpg?ver=9b998db866c2832a0bc95216c8d8904d 1536w\"\/>                            <\/div>\n<p><strong>HAS\u0130PO\u011eLU : KADIN VARSA DEMOKRAS\u0130 VARDIR, DEVLET\u0130M\u0130Z VARDIR <\/strong><\/p>\n<p><a href=\"https:\/\/brtk.net\/\"\/><a href=\"https:\/\/brtk.net\/\"\/><a href=\"https:\/\/brtk.net\/\"\/><a href=\"https:\/\/brtk.net\/\"\/><a href=\"https:\/\/brtk.net\/\"\/><a href=\"https:\/\/brtk.net\/\"\/><a href=\"https:\/\/brtk.net\/\"\/><a href=\"https:\/\/brtk.net\/\"\/><a href=\"https:\/\/brtk.net\/\"\/><a href=\"https:\/\/brtk.net\/\"\/><a href=\"https:\/\/brtk.net\/\"\/><a href=\"https:\/\/brtk.net\/\">UBP<\/a> Genel Sekreteri ve Gazima\u011fusa Milletvekili O\u011fuzhan Hasipo\u011flu da kad\u0131n bulu\u015fmas\u0131na hitap ederken, \u201c Kad\u0131n varsa demokrasi vard\u0131r kad\u0131n varsa devletimiz vard\u0131r. 8 Mart\u2019\u0131 t\u00fcm kad\u0131nlar\u0131n sorunlar\u0131n\u0131n  konu\u015fuldu\u011fu ve sorunlar\u0131n\u0131 \u00e7\u00f6zmek i\u00e7in somut ad\u0131mlar\u0131n at\u0131ld\u0131\u011f\u0131 tarih h\u00e2line getirirsek o zaman kad\u0131nlar g\u00fcn\u00fcn\u00fc anlaml\u0131 hale getirmi\u015f oluruz\u201d diye konu\u015ftu.<\/p>\n<p><a href=\"https:\/\/brtk.net\/\"\/><a href=\"https:\/\/brtk.net\/\"\/><a href=\"https:\/\/brtk.net\/\"\/><a href=\"https:\/\/brtk.net\/\"\/><a href=\"https:\/\/brtk.net\/\"\/><a href=\"https:\/\/brtk.net\/\"\/><a href=\"https:\/\/brtk.net\/\"\/><a href=\"https:\/\/brtk.net\/\"\/><a href=\"https:\/\/brtk.net\/\"\/><a href=\"https:\/\/brtk.net\/\"\/><a href=\"https:\/\/brtk.net\/\"\/><a href=\"https:\/\/brtk.net\/\">UBP<\/a>  Kad\u0131n Kollar\u0131\u2019n\u0131n fark\u0131ndal\u0131k yaratma ad\u0131na \u00f6nemli \u00e7al\u0131\u015fmalar\u0131 yapt\u0131\u011f\u0131n\u0131 da vurgulayan Hasipo\u011flu, Gazima\u011fusa Kad\u0131n Kollar\u0131\u2019n\u0131n son bir y\u0131lda yapt\u0131\u011f\u0131 ziyaret ve etkinlikleri anlat\u0131rken, \u201cKad\u0131na \u015fiddet ve \u00e7ocuk istismar\u0131na kar\u015f\u0131 yasalar\u0131 g\u00fcncelle\u015ftirmek g\u00f6revimizdir\u201d diye ekledi.<\/p>\n<div class=\"mariselle-image-container center\">\n                <img loading=\"lazy\" decoding=\"async\" width=\"1600\" height=\"1066\" class=\"lazy-image\" alt=\"\" sizes=\"auto, (max-width: 1600px) 100vw, 1600px\" src=\"https:\/\/brtk.net\/wp-content\/uploads\/2024\/03\/10\/ZERRIN-USTEL.jpg?ver=5a52e541fb515c8fc80f9ae960d96afa\" srcset=\"https:\/\/brtk.net\/wp-content\/uploads\/2024\/03\/10\/ZERRIN-USTEL.jpg?ver=5a52e541fb515c8fc80f9ae960d96afa 1600w, https:\/\/brtk.net\/wp-content\/uploads\/2024\/03\/10\/ZERRIN-USTEL-300x200.jpg?ver=5a52e541fb515c8fc80f9ae960d96afa 300w, https:\/\/brtk.net\/wp-content\/uploads\/2024\/03\/10\/ZERRIN-USTEL-1024x682.jpg?ver=7bc2c04f92af60426f5c04c4c59ff634 1024w, https:\/\/brtk.net\/wp-content\/uploads\/2024\/03\/10\/ZERRIN-USTEL-768x512.jpg?ver=7bc2c04f92af60426f5c04c4c59ff634 768w, https:\/\/brtk.net\/wp-content\/uploads\/2024\/03\/10\/ZERRIN-USTEL-1536x1023.jpg?ver=322a8beca6ca0875a875b35e378f77b4 1536w\"\/>                            <\/div>\n<p>ZERR\u0130N \u00dcSTEL: KADININ G\u00dc\u00c7L\u00dc OLMADI\u011eI H\u0130\u00c7B\u0130R \u00dcLKE G\u00dc\u00c7L\u00dc KALAMAZ<\/p>\n<p><a href=\"https:\/\/brtk.net\/\"\/><a href=\"https:\/\/brtk.net\/\"\/><a href=\"https:\/\/brtk.net\/\"\/><a href=\"https:\/\/brtk.net\/\"\/><a href=\"https:\/\/brtk.net\/\"\/><a href=\"https:\/\/brtk.net\/\"\/><a href=\"https:\/\/brtk.net\/\"\/><a href=\"https:\/\/brtk.net\/\"\/><a href=\"https:\/\/brtk.net\/\"\/><a href=\"https:\/\/brtk.net\/\"\/><a href=\"https:\/\/brtk.net\/\"\/><a href=\"https:\/\/brtk.net\/\">UBP<\/a> Genel Ba\u015fkan\u0131 ve Ba\u015fbakan \u00dcnal \u00dcstel\u2019in e\u015fi Zerrin \u00dcstel\u201c 8 Mart, sadece bir g\u00fcn de\u011fil, kad\u0131nlar\u0131n haklar\u0131 i\u00e7in m\u00fccadele etti\u011fi y\u0131llar\u0131n birikimi, direni\u015fin ve dayan\u0131\u015fman\u0131n sembol\u00fcd\u00fcr\u201d diyerek s\u00f6zlerine ba\u015flad\u0131.<\/p>\n<p>Zerrin \u00dcstel konu\u015fmas\u0131nda \u015funlar\u0131 kaydetti:<br \/>\u201c E\u015fitlik ve adalet i\u00e7in m\u00fccadele devam ediyor. Bizler de, partimiz de, h\u00fckmetimiz de bu m\u00fccadeleye destek olmakla y\u00fck\u00fcml\u00fcy\u00fcz. Kad\u0131nlar, toplumun temel dire\u011fi ve de\u011fi\u015fimin g\u00fc\u00e7l\u00fc itici g\u00fc\u00e7leridir. Kad\u0131n\u0131n g\u00fc\u00e7l\u00fc olmad\u0131\u011f\u0131 hi\u00e7 bir \u00fclke g\u00fc\u00e7l\u00fc olamaz. Kad\u0131nlar\u0131n katk\u0131lar\u0131 olmadan hi\u00e7bir toplum ilerleyemez. Milli \u015fuura sahip, vatansever, milli davas\u0131na sahip \u00e7\u0131kan, bayraklar\u0131m\u0131z\u0131 indirmeye \u00e7al\u0131\u015fanlara kar\u015f\u0131 destans\u0131 m\u00fccadeleler vermi\u015f kad\u0131nlar\u0131m\u0131zla doludur. Bu d\u00fcn de b\u00f6yleydi, yar\u0131n da b\u00f6yle olacakt\u0131r.\u201d<\/p>\n<div class=\"mariselle-image-container center\">\n                <img loading=\"lazy\" decoding=\"async\" width=\"1600\" height=\"1066\" class=\"lazy-image\" alt=\"\" sizes=\"auto, (max-width: 1600px) 100vw, 1600px\" src=\"https:\/\/brtk.net\/wp-content\/uploads\/2024\/03\/10\/UNAL-USTEL-24-T.jpg?ver=3a0d1867bc7365cc8a3dc1c2a80a524b\" srcset=\"https:\/\/brtk.net\/wp-content\/uploads\/2024\/03\/10\/UNAL-USTEL-24-T.jpg?ver=3a0d1867bc7365cc8a3dc1c2a80a524b 1600w, https:\/\/brtk.net\/wp-content\/uploads\/2024\/03\/10\/UNAL-USTEL-24-T-300x200.jpg?ver=8c75bfd04400b3a0ec110001c6e7c4b6 300w, https:\/\/brtk.net\/wp-content\/uploads\/2024\/03\/10\/UNAL-USTEL-24-T-1024x682.jpg?ver=8c75bfd04400b3a0ec110001c6e7c4b6 1024w, https:\/\/brtk.net\/wp-content\/uploads\/2024\/03\/10\/UNAL-USTEL-24-T-768x512.jpg?ver=8c75bfd04400b3a0ec110001c6e7c4b6 768w, https:\/\/brtk.net\/wp-content\/uploads\/2024\/03\/10\/UNAL-USTEL-24-T-1536x1023.jpg?ver=4291a4168db3f35dddd35b2e9882b834 1536w\"\/>                            <\/div>\n<p><a href=\"https:\/\/brtk.net\/\"\/><a href=\"https:\/\/brtk.net\/\"\/><a href=\"https:\/\/brtk.net\/\"\/><a href=\"https:\/\/brtk.net\/\"\/><a href=\"https:\/\/brtk.net\/\"\/><a href=\"https:\/\/brtk.net\/\"\/><a href=\"https:\/\/brtk.net\/\"\/><a href=\"https:\/\/brtk.net\/\"\/><a href=\"https:\/\/brtk.net\/\"\/><a href=\"https:\/\/brtk.net\/\"\/><a href=\"https:\/\/brtk.net\/\"\/><a href=\"https:\/\/brtk.net\/\">UBP<\/a> Genel Ba\u015fkan\u0131 ve Ba\u015fbakan \u00dcnal \u00dcstel ise konu\u015fmas\u0131n\u0131n ba\u015f\u0131nda hayat\u0131n\u0131 kaybeden <a href=\"https:\/\/brtk.net\/\"\/><a href=\"https:\/\/brtk.net\/\"\/><a href=\"https:\/\/brtk.net\/\"\/><a href=\"https:\/\/brtk.net\/\"\/><a href=\"https:\/\/brtk.net\/\"\/><a href=\"https:\/\/brtk.net\/\"\/><a href=\"https:\/\/brtk.net\/\"\/><a href=\"https:\/\/brtk.net\/\"\/><a href=\"https:\/\/brtk.net\/\"\/><a href=\"https:\/\/brtk.net\/\"\/><a href=\"https:\/\/brtk.net\/\"\/><a href=\"https:\/\/brtk.net\/\">UBP<\/a>\u2019nin bakanlar\u0131ndan, Eski Genel Sekreter, simge isim Tuncer Arifo\u011flu\u2019na yer verdi.<\/p>\n<p><strong>MERHUM AR\u0130FO\u011eLU \u0130\u00c7\u0130N <a href=\"https:\/\/brtk.net\/\"\/><a href=\"https:\/\/brtk.net\/\"\/><a href=\"https:\/\/brtk.net\/\"\/><a href=\"https:\/\/brtk.net\/\"\/><a href=\"https:\/\/brtk.net\/\"\/><a href=\"https:\/\/brtk.net\/\"\/><a href=\"https:\/\/brtk.net\/\"\/><a href=\"https:\/\/brtk.net\/\"\/><a href=\"https:\/\/brtk.net\/\"\/><a href=\"https:\/\/brtk.net\/\"\/><a href=\"https:\/\/brtk.net\/\"\/><a href=\"https:\/\/brtk.net\/\">UBP<\/a>\u2018DE T\u00d6REN D\u00dcZENLENECEK <\/strong><\/p>\n<p>Tuncer Arifo\u011flu\u2019nun emek ve hizmetleri ile <a href=\"https:\/\/brtk.net\/\"\/><a href=\"https:\/\/brtk.net\/\"\/><a href=\"https:\/\/brtk.net\/\"\/><a href=\"https:\/\/brtk.net\/\"\/><a href=\"https:\/\/brtk.net\/\"\/><a href=\"https:\/\/brtk.net\/\"\/><a href=\"https:\/\/brtk.net\/\"\/><a href=\"https:\/\/brtk.net\/\"\/><a href=\"https:\/\/brtk.net\/\"\/><a href=\"https:\/\/brtk.net\/\"\/><a href=\"https:\/\/brtk.net\/\"\/><a href=\"https:\/\/brtk.net\/\">UBP<\/a> i\u00e7in unutulmaz isimler aras\u0131na girdi\u011fini belirten \u00dcstel, \u201c Tuncer Arifo\u011flu Abimiz kayb\u0131yla bizleri \u00fczm\u00fc\u015ft\u00fcr. Onu unutmam\u0131z m\u00fcmk\u00fcn de\u011fildir. Arifo\u011flu i\u00e7in Pazartesi Saat 10.00\u2019da parti binam\u0131z\u0131n \u00f6n\u00fcnde bir t\u00f6ren d\u00fczenleyece\u011fiz\u201d dedi.<\/p>\n<p>Konu\u015fmas\u0131nda kad\u0131nlara seslenen \u00dcstel\u201c <a href=\"https:\/\/brtk.net\/\"\/><a href=\"https:\/\/brtk.net\/\"\/><a href=\"https:\/\/brtk.net\/\"\/><a href=\"https:\/\/brtk.net\/\"\/><a href=\"https:\/\/brtk.net\/\"\/><a href=\"https:\/\/brtk.net\/\"\/><a href=\"https:\/\/brtk.net\/\"\/><a href=\"https:\/\/brtk.net\/\"\/><a href=\"https:\/\/brtk.net\/\"\/><a href=\"https:\/\/brtk.net\/\"\/><a href=\"https:\/\/brtk.net\/\"\/><a href=\"https:\/\/brtk.net\/\">UBP<\/a>\u2018yi zaferlere ta\u015f\u0131yan, K\u0131br\u0131s\u2019\u0131n g\u00fc\u00e7l\u00fc kad\u0131nlar\u0131\u20268 Mart Kad\u0131nlar g\u00fcn\u00fcn\u00fcz\u00fc selaml\u0131yorum\u2026\u201d \u015feklinde konu\u015ftu.<br \/>\u00a0<br \/>Kad\u0131nlar\u0131n, toplumun temel yap\u0131 ta\u015f\u0131 oldu\u011funa vurgu yapan \u00dcstel, \u201c Kad\u0131nlar hak ettikleri sayg\u0131y\u0131, e\u015fitli\u011fi ve adaleti sa\u011flamak i\u00e7in m\u00fccadele etmektedirler. Ancak, maalesef hala pek \u00e7ok \u00fclkede kad\u0131nlar cinsiyet temelli ayr\u0131mc\u0131l\u0131\u011fa maruz kalmakta, e\u015fitsizliklecc m\u00fccadele etmekte ve temel insan haklar\u0131ndan mahrum b\u0131rak\u0131lmaktad\u0131rlar. Bu durum kabul edilemez\u201d dedi.<\/p>\n<p>\u00dcstel, kad\u0131nlar\u0131n seslerini duyurabilmeleri ve karar alma s\u00fcre\u00e7lerinde daha etkin bir \u015fekilde yer alabilmeleri i\u00e7in daha \u00e7ok \u00e7aba g\u00f6stermek gerekti\u011fini vurgulad\u0131. <\/p>\n<p>\u00dcstel kad\u0131n istihdam\u0131n\u0131n art\u0131r\u0131lmas\u0131, kad\u0131n\u0131n ekonomiye kat\u0131l\u0131m\u0131n\u0131n \u00f6n\u00fcn\u00fcn a\u00e7\u0131lmas\u0131 i\u00e7in gerekli deste\u011fin sa\u011flanmas\u0131, giri\u015fimci kad\u0131nlar\u0131n desteklenmesi gibi konulara destek vermeye devam edeceklerini de s\u00f6yledi.<\/p>\n<p>\u00dcnal \u00dcstel konu\u015fmas\u0131na \u015f\u00f6yle devam etti: \u201c Bug\u00fcn, burada, hepinize, kad\u0131nlar\u0131n haklar\u0131n\u0131 savunmak ve g\u00fc\u00e7lendirmek i\u00e7in birlikte \u00e7al\u0131\u015fma \u00e7a\u011fr\u0131s\u0131nda bulunuyorum. Ulusal Birlik Partisi ve bu partinin kad\u0131nlar\u0131, kad\u0131n haklar\u0131 i\u00e7in \u00e7al\u0131\u015fmaya kararl\u0131d\u0131r ve bunu s\u00fcrd\u00fcrecektir. Kad\u0131n istihdam\u0131n\u0131n art\u0131r\u0131lmas\u0131, kad\u0131n\u0131n ekonomiye kat\u0131l\u0131m\u0131n\u0131n \u00f6n\u00fcn\u00fcn a\u00e7\u0131lmas\u0131 i\u00e7in gerekli deste\u011fin sa\u011flanmas\u0131, giri\u015fimci kad\u0131nlar desteklenmesi gibi konulara destek vermeye devam ediyoruz.\u201d<\/p>\n<p>\u00dcnal \u00dcstel konu\u015fmas\u0131na bir de m\u00fcjde verdi ve \u201c\u00c7ok k\u0131sa bir s\u00fcre i\u00e7erisinde yeni parti binam\u0131z\u0131n temelini 18 May\u0131s\u2019ta at\u0131yoruz. Hepinizi temel atma t\u00f6renimize bekliyoruz. Yeni binam\u0131zda kad\u0131nlar\u0131m\u0131z\u0131n daha aktif \u00e7al\u0131\u015fmalar y\u00fcr\u00fctece\u011fi fiziki ortam\u0131 kendilerine mutlaka sa\u011flayaca\u011f\u0131z. Bir araya gelecekleri, \u00e7al\u0131\u015facaklar\u0131, \u00fcretecekleri, toplanacaklar\u0131 fiziki ortamlar\u0131na mutlaka onlar\u0131 kavu\u015fturaca\u011f\u0131z.<br \/>Ba\u015flatt\u0131\u011f\u0131m\u0131z, siyaset akademisi s\u00fcreci ile, kad\u0131nlar\u0131n siyasete daha haz\u0131r hale gelmesini ve siyasetteki temsiliyetin daha da yukar\u0131lara y\u00fckselmesini mutlaka sa\u011flayaca\u011f\u0131z.<br \/>Partimizdeki kad\u0131n milletvekili say\u0131s\u0131 her se\u00e7im y\u00fckseliyor. \u0130nan\u0131yorum ki, kad\u0131nlar\u0131m\u0131z daha \u00e7ok temsiliyet hakk\u0131 kazanmaya ba\u015flayacak, meclisteki kad\u0131n say\u0131m\u0131z daha da artacakt\u0131r\u201difadelerini kulland\u0131.<br \/>\u00a0<\/p>\n<div class=\"mariselle-image-container center\">\n                <img loading=\"lazy\" decoding=\"async\" width=\"1600\" height=\"1066\" class=\"lazy-image\" alt=\"\" sizes=\"auto, (max-width: 1600px) 100vw, 1600px\" src=\"https:\/\/brtk.net\/wp-content\/uploads\/2024\/03\/10\/aa3fdc77-c0e7-40e4-8bdd-eab4177ceb20.jpg?ver=a3936328dd00ad4f94351a0b35f3d307\" srcset=\"https:\/\/brtk.net\/wp-content\/uploads\/2024\/03\/10\/aa3fdc77-c0e7-40e4-8bdd-eab4177ceb20.jpg?ver=a3936328dd00ad4f94351a0b35f3d307 1600w, https:\/\/brtk.net\/wp-content\/uploads\/2024\/03\/10\/aa3fdc77-c0e7-40e4-8bdd-eab4177ceb20-300x200.jpg?ver=b5f51c4f42c986ad3ce859ace09fffc6 300w, https:\/\/brtk.net\/wp-content\/uploads\/2024\/03\/10\/aa3fdc77-c0e7-40e4-8bdd-eab4177ceb20-1024x682.jpg?ver=b5f51c4f42c986ad3ce859ace09fffc6 1024w, https:\/\/brtk.net\/wp-content\/uploads\/2024\/03\/10\/aa3fdc77-c0e7-40e4-8bdd-eab4177ceb20-768x512.jpg?ver=b5f51c4f42c986ad3ce859ace09fffc6 768w, https:\/\/brtk.net\/wp-content\/uploads\/2024\/03\/10\/aa3fdc77-c0e7-40e4-8bdd-eab4177ceb20-1536x1023.jpg?ver=df737e29b8b1e4c57d9bc09a9baabf7f 1536w\"\/>                            <\/div>\n<p><strong>\u00dcSTEL\u2019DEN \u201cB\u0130RL\u0130KTE \u00c7ALI\u015eALIM \u201d  \u00c7A\u011eRISI<\/strong><\/p>\n<p>\u00dcstel konu\u015fmas\u0131n\u0131n sonunda<br \/>\u201cBug\u00fcn, burada, hepinize, kad\u0131nlar\u0131n haklar\u0131n\u0131 savunmak ve g\u00fc\u00e7lendirmek i\u00e7in birlikte \u00e7al\u0131\u015fma \u00e7a\u011fr\u0131s\u0131nda bulunuyorum.<br \/>Toplumumuzun kalk\u0131nmas\u0131 veg ilerlemesi i\u00e7in kad\u0131nlar\u0131n g\u00fcc\u00fcnden tam anlam\u0131yla yararlanmal\u0131y\u0131z.<br \/>E\u015fitlik ve adalet i\u00e7in m\u00fccadelede kad\u0131nlarla birlikte omuz omuza vererek, daha iyi bir gelecek in\u015fa etmek i\u00e7in kararl\u0131l\u0131kla ilerlemeliyiz.<br \/>Ulusal Birlik Partisi ve bu partinin kad\u0131nlar\u0131, kad\u0131n haklar\u0131 i\u00e7in \u00e7al\u0131\u015fmaya kararl\u0131d\u0131r ve bunu s\u00fcrd\u00fcrecektir\u201d dedi.<\/p>\n<\/p><\/div>\n<p><script async\n                    defer\n                    crossorigin=\"anonymous\"\n                    src=\"https:\/\/connect.facebook.net\/tr_TR\/sdk.js#xfbml=1&#038;version=v3.3\"\n            ><\/script><\/p>\n","protected":false},"excerpt":{"rendered":"<p>UBP Genel Ba\u015fkan\u0131 ve Ba\u015fbakan \u00dcnal \u00dcstel\u2019in E\u015fi Zerrin \u00dcstel\u2019in himayelerinde, alt\u0131 il\u00e7enin UBP Kad\u0131n Kollar\u0131\u2019n\u0131n kat\u0131l\u0131m\u0131 ile \u201cKad\u0131n Bulu\u015fmas\u0131\u201d b\u00fcy\u00fck bir kat\u0131l\u0131mla ger\u00e7ekle\u015fti. \u00dcNAL \u00dcSTEL: KADIN HAKLARINI G\u00dc\u00c7LEND\u0130RMEK \u0130\u00c7\u0130N HEP B\u0130RL\u0130KTE \u00c7ALI\u015eALIM UBP Genel Ba\u015fkan\u0131 ve Ba\u015fbakan \u00dcnal \u00dcstel\u2019in de kat\u0131ld\u0131\u011f\u0131 etkinlikte ilk konu\u015fmay\u0131 UBP Gazima\u011fusa Kad\u0131n Kollar\u0131 Ba\u015fkan\u0131 Ye\u015fim \u00dcnsalan Sefer yapt\u0131. Sefer<\/p>\n","protected":false},"author":1,"featured_media":33558,"comment_status":"open","ping_status":"open","sticky":false,"template":"","format":"standard","meta":{"footnotes":""},"categories":[1],"tags":[],"class_list":["post-33557","post","type-post","status-publish","format-standard","has-post-thumbnail","hentry","category-gundem"],"yoast_head":"<!-- This site is optimized with the Yoast SEO plugin v27.4 - https:\/\/yoast.com\/product\/yoast-seo-wordpress\/ -->\n<title>UBP Kad\u0131n Kollar\u0131\u2019n\u0131n kat\u0131l\u0131m\u0131 ile \u201cKad\u0131n Bulu\u015fmas\u0131\u201d ger\u00e7ekle\u015fti\u2026 \u00dcnal \u00dcstel: Kad\u0131n haklar\u0131n\u0131 g\u00fc\u00e7lendirmek i\u00e7in hep birlikte \u00e7al\u0131\u015fal\u0131m -<\/title>\n<meta name=\"robots\" content=\"index, follow, max-snippet:-1, max-image-preview:large, max-video-preview:-1\" \/>\n<link rel=\"canonical\" href=\"https:\/\/kibrisdakik.com\/?p=33557\" \/>\n<meta property=\"og:locale\" content=\"tr_TR\" \/>\n<meta property=\"og:type\" content=\"article\" \/>\n<meta property=\"og:title\" content=\"UBP Kad\u0131n Kollar\u0131\u2019n\u0131n kat\u0131l\u0131m\u0131 ile \u201cKad\u0131n Bulu\u015fmas\u0131\u201d ger\u00e7ekle\u015fti\u2026 \u00dcnal \u00dcstel: Kad\u0131n haklar\u0131n\u0131 g\u00fc\u00e7lendirmek i\u00e7in hep birlikte \u00e7al\u0131\u015fal\u0131m -\" \/>\n<meta property=\"og:description\" content=\"UBP Genel Ba\u015fkan\u0131 ve Ba\u015fbakan \u00dcnal \u00dcstel\u2019in E\u015fi Zerrin \u00dcstel\u2019in himayelerinde, alt\u0131 il\u00e7enin UBP Kad\u0131n Kollar\u0131\u2019n\u0131n kat\u0131l\u0131m\u0131 ile \u201cKad\u0131n Bulu\u015fmas\u0131\u201d b\u00fcy\u00fck bir kat\u0131l\u0131mla ger\u00e7ekle\u015fti. \u00dcNAL \u00dcSTEL: KADIN HAKLARINI G\u00dc\u00c7LEND\u0130RMEK \u0130\u00c7\u0130N HEP B\u0130RL\u0130KTE \u00c7ALI\u015eALIM UBP Genel Ba\u015fkan\u0131 ve Ba\u015fbakan \u00dcnal \u00dcstel\u2019in de kat\u0131ld\u0131\u011f\u0131 etkinlikte ilk konu\u015fmay\u0131 UBP Gazima\u011fusa Kad\u0131n Kollar\u0131 Ba\u015fkan\u0131 Ye\u015fim \u00dcnsalan Sefer yapt\u0131. Sefer\" \/>\n<meta property=\"og:url\" content=\"https:\/\/kibrisdakik.com\/?p=33557\" \/>\n<meta property=\"article:published_time\" content=\"2024-03-10T14:29:34+00:00\" \/>\n<meta property=\"og:image\" content=\"https:\/\/kibrisdakik.com\/wp-content\/uploads\/2024\/03\/2edb9327-8772-4ea5-8251-8a56db8ee059-740x420.jpg\" \/>\n\t<meta property=\"og:image:width\" content=\"1600\" \/>\n\t<meta property=\"og:image:height\" content=\"1066\" \/>\n\t<meta property=\"og:image:type\" content=\"image\/jpeg\" \/>\n<meta name=\"author\" content=\"admin\" \/>\n<meta name=\"twitter:card\" content=\"summary_large_image\" \/>\n<meta name=\"twitter:label1\" content=\"Yazan:\" \/>\n\t<meta name=\"twitter:data1\" content=\"admin\" \/>\n\t<meta name=\"twitter:label2\" content=\"Tahmini okuma s\u00fcresi\" \/>\n\t<meta name=\"twitter:data2\" content=\"6 dakika\" \/>\n<script type=\"application\/ld+json\" class=\"yoast-schema-graph\">{\"@context\":\"https:\\\/\\\/schema.org\",\"@graph\":[{\"@type\":\"Article\",\"@id\":\"https:\\\/\\\/kibrisdakik.com\\\/?p=33557#article\",\"isPartOf\":{\"@id\":\"https:\\\/\\\/kibrisdakik.com\\\/?p=33557\"},\"author\":{\"name\":\"admin\",\"@id\":\"https:\\\/\\\/kibrisdakik.com\\\/#\\\/schema\\\/person\\\/9cd9d437bbb44f72b73ba127e06d8e79\"},\"headline\":\"UBP Kad\u0131n Kollar\u0131\u2019n\u0131n kat\u0131l\u0131m\u0131 ile \u201cKad\u0131n Bulu\u015fmas\u0131\u201d ger\u00e7ekle\u015fti\u2026 \u00dcnal \u00dcstel: Kad\u0131n haklar\u0131n\u0131 g\u00fc\u00e7lendirmek i\u00e7in hep birlikte \u00e7al\u0131\u015fal\u0131m\",\"datePublished\":\"2024-03-10T14:29:34+00:00\",\"mainEntityOfPage\":{\"@id\":\"https:\\\/\\\/kibrisdakik.com\\\/?p=33557\"},\"wordCount\":1137,\"commentCount\":0,\"image\":{\"@id\":\"https:\\\/\\\/kibrisdakik.com\\\/?p=33557#primaryimage\"},\"thumbnailUrl\":\"https:\\\/\\\/kibrisdakik.com\\\/wp-content\\\/uploads\\\/2024\\\/03\\\/2edb9327-8772-4ea5-8251-8a56db8ee059-740x420.jpg\",\"articleSection\":[\"G\u00fcndem\"],\"inLanguage\":\"tr\",\"potentialAction\":[{\"@type\":\"CommentAction\",\"name\":\"Comment\",\"target\":[\"https:\\\/\\\/kibrisdakik.com\\\/?p=33557#respond\"]}]},{\"@type\":\"WebPage\",\"@id\":\"https:\\\/\\\/kibrisdakik.com\\\/?p=33557\",\"url\":\"https:\\\/\\\/kibrisdakik.com\\\/?p=33557\",\"name\":\"UBP Kad\u0131n Kollar\u0131\u2019n\u0131n kat\u0131l\u0131m\u0131 ile \u201cKad\u0131n Bulu\u015fmas\u0131\u201d ger\u00e7ekle\u015fti\u2026 \u00dcnal \u00dcstel: Kad\u0131n haklar\u0131n\u0131 g\u00fc\u00e7lendirmek i\u00e7in hep birlikte \u00e7al\u0131\u015fal\u0131m -\",\"isPartOf\":{\"@id\":\"https:\\\/\\\/kibrisdakik.com\\\/#website\"},\"primaryImageOfPage\":{\"@id\":\"https:\\\/\\\/kibrisdakik.com\\\/?p=33557#primaryimage\"},\"image\":{\"@id\":\"https:\\\/\\\/kibrisdakik.com\\\/?p=33557#primaryimage\"},\"thumbnailUrl\":\"https:\\\/\\\/kibrisdakik.com\\\/wp-content\\\/uploads\\\/2024\\\/03\\\/2edb9327-8772-4ea5-8251-8a56db8ee059-740x420.jpg\",\"datePublished\":\"2024-03-10T14:29:34+00:00\",\"author\":{\"@id\":\"https:\\\/\\\/kibrisdakik.com\\\/#\\\/schema\\\/person\\\/9cd9d437bbb44f72b73ba127e06d8e79\"},\"breadcrumb\":{\"@id\":\"https:\\\/\\\/kibrisdakik.com\\\/?p=33557#breadcrumb\"},\"inLanguage\":\"tr\",\"potentialAction\":[{\"@type\":\"ReadAction\",\"target\":[\"https:\\\/\\\/kibrisdakik.com\\\/?p=33557\"]}]},{\"@type\":\"ImageObject\",\"inLanguage\":\"tr\",\"@id\":\"https:\\\/\\\/kibrisdakik.com\\\/?p=33557#primaryimage\",\"url\":\"https:\\\/\\\/kibrisdakik.com\\\/wp-content\\\/uploads\\\/2024\\\/03\\\/2edb9327-8772-4ea5-8251-8a56db8ee059-740x420.jpg\",\"contentUrl\":\"https:\\\/\\\/kibrisdakik.com\\\/wp-content\\\/uploads\\\/2024\\\/03\\\/2edb9327-8772-4ea5-8251-8a56db8ee059-740x420.jpg\",\"width\":1600,\"height\":1066},{\"@type\":\"BreadcrumbList\",\"@id\":\"https:\\\/\\\/kibrisdakik.com\\\/?p=33557#breadcrumb\",\"itemListElement\":[{\"@type\":\"ListItem\",\"position\":1,\"name\":\"Home\",\"item\":\"https:\\\/\\\/kibrisdakik.com\\\/\"},{\"@type\":\"ListItem\",\"position\":2,\"name\":\"UBP Kad\u0131n Kollar\u0131\u2019n\u0131n kat\u0131l\u0131m\u0131 ile \u201cKad\u0131n Bulu\u015fmas\u0131\u201d ger\u00e7ekle\u015fti\u2026 \u00dcnal \u00dcstel: Kad\u0131n haklar\u0131n\u0131 g\u00fc\u00e7lendirmek i\u00e7in hep birlikte \u00e7al\u0131\u015fal\u0131m\"}]},{\"@type\":\"WebSite\",\"@id\":\"https:\\\/\\\/kibrisdakik.com\\\/#website\",\"url\":\"https:\\\/\\\/kibrisdakik.com\\\/\",\"name\":\"\",\"description\":\"Tam vaktinde haber\",\"potentialAction\":[{\"@type\":\"SearchAction\",\"target\":{\"@type\":\"EntryPoint\",\"urlTemplate\":\"https:\\\/\\\/kibrisdakik.com\\\/?s={search_term_string}\"},\"query-input\":{\"@type\":\"PropertyValueSpecification\",\"valueRequired\":true,\"valueName\":\"search_term_string\"}}],\"inLanguage\":\"tr\"},{\"@type\":\"Person\",\"@id\":\"https:\\\/\\\/kibrisdakik.com\\\/#\\\/schema\\\/person\\\/9cd9d437bbb44f72b73ba127e06d8e79\",\"name\":\"admin\",\"image\":{\"@type\":\"ImageObject\",\"inLanguage\":\"tr\",\"@id\":\"https:\\\/\\\/secure.gravatar.com\\\/avatar\\\/ccc17943b9d660506c869530f897617f7cb1c21a4bf30023f252596d83e1f007?s=96&d=mm&r=g\",\"url\":\"https:\\\/\\\/secure.gravatar.com\\\/avatar\\\/ccc17943b9d660506c869530f897617f7cb1c21a4bf30023f252596d83e1f007?s=96&d=mm&r=g\",\"contentUrl\":\"https:\\\/\\\/secure.gravatar.com\\\/avatar\\\/ccc17943b9d660506c869530f897617f7cb1c21a4bf30023f252596d83e1f007?s=96&d=mm&r=g\",\"caption\":\"admin\"},\"sameAs\":[\"https:\\\/\\\/kibrisdakik.com\"],\"url\":\"https:\\\/\\\/kibrisdakik.com\\\/?author=1\"}]}<\/script>\n<!-- \/ Yoast SEO plugin. -->","yoast_head_json":{"title":"UBP Kad\u0131n Kollar\u0131\u2019n\u0131n kat\u0131l\u0131m\u0131 ile \u201cKad\u0131n Bulu\u015fmas\u0131\u201d ger\u00e7ekle\u015fti\u2026 \u00dcnal \u00dcstel: Kad\u0131n haklar\u0131n\u0131 g\u00fc\u00e7lendirmek i\u00e7in hep birlikte \u00e7al\u0131\u015fal\u0131m -","robots":{"index":"index","follow":"follow","max-snippet":"max-snippet:-1","max-image-preview":"max-image-preview:large","max-video-preview":"max-video-preview:-1"},"canonical":"https:\/\/kibrisdakik.com\/?p=33557","og_locale":"tr_TR","og_type":"article","og_title":"UBP Kad\u0131n Kollar\u0131\u2019n\u0131n kat\u0131l\u0131m\u0131 ile \u201cKad\u0131n Bulu\u015fmas\u0131\u201d ger\u00e7ekle\u015fti\u2026 \u00dcnal \u00dcstel: Kad\u0131n haklar\u0131n\u0131 g\u00fc\u00e7lendirmek i\u00e7in hep birlikte \u00e7al\u0131\u015fal\u0131m -","og_description":"UBP Genel Ba\u015fkan\u0131 ve Ba\u015fbakan \u00dcnal \u00dcstel\u2019in E\u015fi Zerrin \u00dcstel\u2019in himayelerinde, alt\u0131 il\u00e7enin UBP Kad\u0131n Kollar\u0131\u2019n\u0131n kat\u0131l\u0131m\u0131 ile \u201cKad\u0131n Bulu\u015fmas\u0131\u201d b\u00fcy\u00fck bir kat\u0131l\u0131mla ger\u00e7ekle\u015fti. \u00dcNAL \u00dcSTEL: KADIN HAKLARINI G\u00dc\u00c7LEND\u0130RMEK \u0130\u00c7\u0130N HEP B\u0130RL\u0130KTE \u00c7ALI\u015eALIM UBP Genel Ba\u015fkan\u0131 ve Ba\u015fbakan \u00dcnal \u00dcstel\u2019in de kat\u0131ld\u0131\u011f\u0131 etkinlikte ilk konu\u015fmay\u0131 UBP Gazima\u011fusa Kad\u0131n Kollar\u0131 Ba\u015fkan\u0131 Ye\u015fim \u00dcnsalan Sefer yapt\u0131. Sefer","og_url":"https:\/\/kibrisdakik.com\/?p=33557","article_published_time":"2024-03-10T14:29:34+00:00","og_image":[{"width":1600,"height":1066,"url":"https:\/\/kibrisdakik.com\/wp-content\/uploads\/2024\/03\/2edb9327-8772-4ea5-8251-8a56db8ee059-740x420.jpg","type":"image\/jpeg"}],"author":"admin","twitter_card":"summary_large_image","twitter_misc":{"Yazan:":"admin","Tahmini okuma s\u00fcresi":"6 dakika"},"schema":{"@context":"https:\/\/schema.org","@graph":[{"@type":"Article","@id":"https:\/\/kibrisdakik.com\/?p=33557#article","isPartOf":{"@id":"https:\/\/kibrisdakik.com\/?p=33557"},"author":{"name":"admin","@id":"https:\/\/kibrisdakik.com\/#\/schema\/person\/9cd9d437bbb44f72b73ba127e06d8e79"},"headline":"UBP Kad\u0131n Kollar\u0131\u2019n\u0131n kat\u0131l\u0131m\u0131 ile \u201cKad\u0131n Bulu\u015fmas\u0131\u201d ger\u00e7ekle\u015fti\u2026 \u00dcnal \u00dcstel: Kad\u0131n haklar\u0131n\u0131 g\u00fc\u00e7lendirmek i\u00e7in hep birlikte \u00e7al\u0131\u015fal\u0131m","datePublished":"2024-03-10T14:29:34+00:00","mainEntityOfPage":{"@id":"https:\/\/kibrisdakik.com\/?p=33557"},"wordCount":1137,"commentCount":0,"image":{"@id":"https:\/\/kibrisdakik.com\/?p=33557#primaryimage"},"thumbnailUrl":"https:\/\/kibrisdakik.com\/wp-content\/uploads\/2024\/03\/2edb9327-8772-4ea5-8251-8a56db8ee059-740x420.jpg","articleSection":["G\u00fcndem"],"inLanguage":"tr","potentialAction":[{"@type":"CommentAction","name":"Comment","target":["https:\/\/kibrisdakik.com\/?p=33557#respond"]}]},{"@type":"WebPage","@id":"https:\/\/kibrisdakik.com\/?p=33557","url":"https:\/\/kibrisdakik.com\/?p=33557","name":"UBP Kad\u0131n Kollar\u0131\u2019n\u0131n kat\u0131l\u0131m\u0131 ile \u201cKad\u0131n Bulu\u015fmas\u0131\u201d ger\u00e7ekle\u015fti\u2026 \u00dcnal \u00dcstel: Kad\u0131n haklar\u0131n\u0131 g\u00fc\u00e7lendirmek i\u00e7in hep birlikte \u00e7al\u0131\u015fal\u0131m -","isPartOf":{"@id":"https:\/\/kibrisdakik.com\/#website"},"primaryImageOfPage":{"@id":"https:\/\/kibrisdakik.com\/?p=33557#primaryimage"},"image":{"@id":"https:\/\/kibrisdakik.com\/?p=33557#primaryimage"},"thumbnailUrl":"https:\/\/kibrisdakik.com\/wp-content\/uploads\/2024\/03\/2edb9327-8772-4ea5-8251-8a56db8ee059-740x420.jpg","datePublished":"2024-03-10T14:29:34+00:00","author":{"@id":"https:\/\/kibrisdakik.com\/#\/schema\/person\/9cd9d437bbb44f72b73ba127e06d8e79"},"breadcrumb":{"@id":"https:\/\/kibrisdakik.com\/?p=33557#breadcrumb"},"inLanguage":"tr","potentialAction":[{"@type":"ReadAction","target":["https:\/\/kibrisdakik.com\/?p=33557"]}]},{"@type":"ImageObject","inLanguage":"tr","@id":"https:\/\/kibrisdakik.com\/?p=33557#primaryimage","url":"https:\/\/kibrisdakik.com\/wp-content\/uploads\/2024\/03\/2edb9327-8772-4ea5-8251-8a56db8ee059-740x420.jpg","contentUrl":"https:\/\/kibrisdakik.com\/wp-content\/uploads\/2024\/03\/2edb9327-8772-4ea5-8251-8a56db8ee059-740x420.jpg","width":1600,"height":1066},{"@type":"BreadcrumbList","@id":"https:\/\/kibrisdakik.com\/?p=33557#breadcrumb","itemListElement":[{"@type":"ListItem","position":1,"name":"Home","item":"https:\/\/kibrisdakik.com\/"},{"@type":"ListItem","position":2,"name":"UBP Kad\u0131n Kollar\u0131\u2019n\u0131n kat\u0131l\u0131m\u0131 ile \u201cKad\u0131n Bulu\u015fmas\u0131\u201d ger\u00e7ekle\u015fti\u2026 \u00dcnal \u00dcstel: Kad\u0131n haklar\u0131n\u0131 g\u00fc\u00e7lendirmek i\u00e7in hep birlikte \u00e7al\u0131\u015fal\u0131m"}]},{"@type":"WebSite","@id":"https:\/\/kibrisdakik.com\/#website","url":"https:\/\/kibrisdakik.com\/","name":"","description":"Tam vaktinde haber","potentialAction":[{"@type":"SearchAction","target":{"@type":"EntryPoint","urlTemplate":"https:\/\/kibrisdakik.com\/?s={search_term_string}"},"query-input":{"@type":"PropertyValueSpecification","valueRequired":true,"valueName":"search_term_string"}}],"inLanguage":"tr"},{"@type":"Person","@id":"https:\/\/kibrisdakik.com\/#\/schema\/person\/9cd9d437bbb44f72b73ba127e06d8e79","name":"admin","image":{"@type":"ImageObject","inLanguage":"tr","@id":"https:\/\/secure.gravatar.com\/avatar\/ccc17943b9d660506c869530f897617f7cb1c21a4bf30023f252596d83e1f007?s=96&d=mm&r=g","url":"https:\/\/secure.gravatar.com\/avatar\/ccc17943b9d660506c869530f897617f7cb1c21a4bf30023f252596d83e1f007?s=96&d=mm&r=g","contentUrl":"https:\/\/secure.gravatar.com\/avatar\/ccc17943b9d660506c869530f897617f7cb1c21a4bf30023f252596d83e1f007?s=96&d=mm&r=g","caption":"admin"},"sameAs":["https:\/\/kibrisdakik.com"],"url":"https:\/\/kibrisdakik.com\/?author=1"}]}},"_links":{"self":[{"href":"https:\/\/kibrisdakik.com\/index.php?rest_route=\/wp\/v2\/posts\/33557","targetHints":{"allow":["GET"]}}],"collection":[{"href":"https:\/\/kibrisdakik.com\/index.php?rest_route=\/wp\/v2\/posts"}],"about":[{"href":"https:\/\/kibrisdakik.com\/index.php?rest_route=\/wp\/v2\/types\/post"}],"author":[{"embeddable":true,"href":"https:\/\/kibrisdakik.com\/index.php?rest_route=\/wp\/v2\/users\/1"}],"replies":[{"embeddable":true,"href":"https:\/\/kibrisdakik.com\/index.php?rest_route=%2Fwp%2Fv2%2Fcomments&post=33557"}],"version-history":[{"count":0,"href":"https:\/\/kibrisdakik.com\/index.php?rest_route=\/wp\/v2\/posts\/33557\/revisions"}],"wp:featuredmedia":[{"embeddable":true,"href":"https:\/\/kibrisdakik.com\/index.php?rest_route=\/wp\/v2\/media\/33558"}],"wp:attachment":[{"href":"https:\/\/kibrisdakik.com\/index.php?rest_route=%2Fwp%2Fv2%2Fmedia&parent=33557"}],"wp:term":[{"taxonomy":"category","embeddable":true,"href":"https:\/\/kibrisdakik.com\/index.php?rest_route=%2Fwp%2Fv2%2Fcategories&post=33557"},{"taxonomy":"post_tag","embeddable":true,"href":"https:\/\/kibrisdakik.com\/index.php?rest_route=%2Fwp%2Fv2%2Ftags&post=33557"}],"curies":[{"name":"wp","href":"https:\/\/api.w.org\/{rel}","templated":true}]}}