{"id":33651,"date":"2024-03-11T08:47:28","date_gmt":"2024-03-11T08:47:28","guid":{"rendered":"https:\/\/kibrisdakik.com\/index.php\/2024\/03\/11\/ataogluramazan-paylasmanin-sevginin-hosgorunun-ve-dayanismanin-zirveye-ciktigi-aydir\/"},"modified":"2024-03-11T08:47:28","modified_gmt":"2024-03-11T08:47:28","slug":"ataogluramazan-paylasmanin-sevginin-hosgorunun-ve-dayanismanin-zirveye-ciktigi-aydir","status":"publish","type":"post","link":"https:\/\/kibrisdakik.com\/?p=33651","title":{"rendered":"Atao\u011flu:Ramazan, payla\u015fman\u0131n, sevginin, ho\u015fg\u00f6r\u00fcn\u00fcn ve dayan\u0131\u015fman\u0131n zirveye \u00e7\u0131kt\u0131\u011f\u0131 ayd\u0131r"},"content":{"rendered":"<p><\/p>\n<div>\n<div class=\"mariselle-image-container center\">\n                <img loading=\"lazy\" decoding=\"async\" width=\"1623\" height=\"821\" class=\"lazy-image\" alt=\"\" sizes=\"auto, (max-width: 1623px) 100vw, 1623px\" src=\"https:\/\/brtk.net\/wp-content\/uploads\/2024\/03\/11\/ar.jpg?ver=4025149d0b1930692c1edf8005405158\" srcset=\"https:\/\/brtk.net\/wp-content\/uploads\/2024\/03\/11\/ar.jpg?ver=4025149d0b1930692c1edf8005405158 1623w, https:\/\/brtk.net\/wp-content\/uploads\/2024\/03\/11\/ar-300x152.jpg?ver=48bc9662341a1c2a65016e15bded9698 300w, https:\/\/brtk.net\/wp-content\/uploads\/2024\/03\/11\/ar-1024x518.jpg?ver=48bc9662341a1c2a65016e15bded9698 1024w, https:\/\/brtk.net\/wp-content\/uploads\/2024\/03\/11\/ar-768x388.jpg?ver=48bc9662341a1c2a65016e15bded9698 768w, https:\/\/brtk.net\/wp-content\/uploads\/2024\/03\/11\/ar-1536x777.jpg?ver=b2a7ec41ded1df4dfd18749e9c2a1b04 1536w\"\/>                            <\/div>\n<p>Ba\u015fbakan Yard\u0131mc\u0131s\u0131, Turizm, K\u00fclt\u00fcr, Gen\u00e7lik ve \u00c7evre Bakan\u0131, Demokrat Parti (DP) Genel Ba\u015fkan\u0131 Fikri Atao\u011flu, Ramazan\u2019\u0131n payla\u015fman\u0131n, sevginin, ho\u015fg\u00f6r\u00fcn\u00fcn ve dayan\u0131\u015fman\u0131n zirveye \u00e7\u0131kt\u0131\u011f\u0131 ay oldu\u011funu s\u00f6yledi.<\/p>\n<p>Fikri Atao\u011flu Ramazan ay\u0131n\u0131n ba\u015flamas\u0131 vesilesiyle yay\u0131mlad\u0131\u011f\u0131 mesajda \u015f\u00f6yle dedi:<\/p>\n<p>\u201cRahmet ve bereket mevsimi Ramazan ay\u0131na bir kez daha kucak a\u00e7t\u0131k. Kalplerimizde ye\u015feren manevi duygularla dolu bu ay, bizi bir araya getirip payla\u015fman\u0131n en g\u00fczel halini ya\u015fat\u0131yor.<br \/>Ramazan, payla\u015fman\u0131n, sevginin, ho\u015fg\u00f6r\u00fcn\u00fcn ve dayan\u0131\u015fman\u0131n zirveye \u00e7\u0131kt\u0131\u011f\u0131, manevi bir atmosfer sunan anlaml\u0131 bir ayd\u0131r. Bu ay, kalplerimizi ar\u0131nd\u0131rarak birbirimize daha yak\u0131n olmam\u0131za, yard\u0131mla\u015fmam\u0131za vesile olur. Payla\u015fmak, sevgiyle payidar k\u0131lmakt\u0131r. Bu Ramazan ay\u0131nda, birbirimize daha \u00e7ok destek olal\u0131m, sevgiyi \u00e7o\u011faltal\u0131m ve zorluklar kar\u015f\u0131s\u0131nda birbirimize omuz verelim. <\/p>\n<p>\u0130ftar sofralar\u0131nda bulu\u015fmak, g\u00f6n\u00fcl sofralar\u0131n\u0131 payla\u015fmak dile\u011fiyle, birlik ve beraberlik i\u00e7inde nice g\u00fczel Ramazanlara ula\u015fmam\u0131z temennisiyle. Bu m\u00fcbarek ay\u0131n bize getirdi\u011fi huzur ve manevi zenginlikleri en g\u00fczel \u015fekilde de\u011ferlendirmek dile\u011fiyle\u2026Ramazan ay\u0131n\u0131n \u00fclkemize, \u0130slam \u00c2lemi\u2019ne ve t\u00fcm insanl\u0131k i\u00e7in hay\u0131rlara vesile olmas\u0131n\u0131 diliyorum. Ramazan Ay\u0131n\u0131z M\u00fcbarek Olsun.\u201d<\/p>\n<\/p><\/div>\n<p><script async\n                    defer\n                    crossorigin=\"anonymous\"\n                    src=\"https:\/\/connect.facebook.net\/tr_TR\/sdk.js#xfbml=1&#038;version=v3.3\"\n            ><\/script><\/p>\n","protected":false},"excerpt":{"rendered":"<p>Ba\u015fbakan Yard\u0131mc\u0131s\u0131, Turizm, K\u00fclt\u00fcr, Gen\u00e7lik ve \u00c7evre Bakan\u0131, Demokrat Parti (DP) Genel Ba\u015fkan\u0131 Fikri Atao\u011flu, Ramazan\u2019\u0131n payla\u015fman\u0131n, sevginin, ho\u015fg\u00f6r\u00fcn\u00fcn ve dayan\u0131\u015fman\u0131n zirveye \u00e7\u0131kt\u0131\u011f\u0131 ay oldu\u011funu s\u00f6yledi. Fikri Atao\u011flu Ramazan ay\u0131n\u0131n ba\u015flamas\u0131 vesilesiyle yay\u0131mlad\u0131\u011f\u0131 mesajda \u015f\u00f6yle dedi: \u201cRahmet ve bereket mevsimi Ramazan ay\u0131na bir kez daha kucak a\u00e7t\u0131k. Kalplerimizde ye\u015feren manevi duygularla dolu bu ay, bizi<\/p>\n","protected":false},"author":1,"featured_media":33652,"comment_status":"open","ping_status":"open","sticky":false,"template":"","format":"standard","meta":{"footnotes":""},"categories":[1],"tags":[],"class_list":["post-33651","post","type-post","status-publish","format-standard","has-post-thumbnail","hentry","category-gundem"],"yoast_head":"<!-- This site is optimized with the Yoast SEO plugin v27.5 - https:\/\/yoast.com\/product\/yoast-seo-wordpress\/ -->\n<title>Atao\u011flu:Ramazan, payla\u015fman\u0131n, sevginin, ho\u015fg\u00f6r\u00fcn\u00fcn ve dayan\u0131\u015fman\u0131n zirveye \u00e7\u0131kt\u0131\u011f\u0131 ayd\u0131r -<\/title>\n<meta name=\"robots\" content=\"index, follow, max-snippet:-1, max-image-preview:large, max-video-preview:-1\" \/>\n<link rel=\"canonical\" href=\"https:\/\/kibrisdakik.com\/?p=33651\" \/>\n<meta property=\"og:locale\" content=\"tr_TR\" \/>\n<meta property=\"og:type\" content=\"article\" \/>\n<meta property=\"og:title\" content=\"Atao\u011flu:Ramazan, payla\u015fman\u0131n, sevginin, ho\u015fg\u00f6r\u00fcn\u00fcn ve dayan\u0131\u015fman\u0131n zirveye \u00e7\u0131kt\u0131\u011f\u0131 ayd\u0131r -\" \/>\n<meta property=\"og:description\" content=\"Ba\u015fbakan Yard\u0131mc\u0131s\u0131, Turizm, K\u00fclt\u00fcr, Gen\u00e7lik ve \u00c7evre Bakan\u0131, Demokrat Parti (DP) Genel Ba\u015fkan\u0131 Fikri Atao\u011flu, Ramazan\u2019\u0131n payla\u015fman\u0131n, sevginin, ho\u015fg\u00f6r\u00fcn\u00fcn ve dayan\u0131\u015fman\u0131n zirveye \u00e7\u0131kt\u0131\u011f\u0131 ay oldu\u011funu s\u00f6yledi. Fikri Atao\u011flu Ramazan ay\u0131n\u0131n ba\u015flamas\u0131 vesilesiyle yay\u0131mlad\u0131\u011f\u0131 mesajda \u015f\u00f6yle dedi: \u201cRahmet ve bereket mevsimi Ramazan ay\u0131na bir kez daha kucak a\u00e7t\u0131k. Kalplerimizde ye\u015feren manevi duygularla dolu bu ay, bizi\" \/>\n<meta property=\"og:url\" content=\"https:\/\/kibrisdakik.com\/?p=33651\" \/>\n<meta property=\"article:published_time\" content=\"2024-03-11T08:47:28+00:00\" \/>\n<meta property=\"og:image\" content=\"https:\/\/kibrisdakik.com\/wp-content\/uploads\/2024\/03\/ar-740x420.jpg\" \/>\n\t<meta property=\"og:image:width\" content=\"1623\" \/>\n\t<meta property=\"og:image:height\" content=\"821\" \/>\n\t<meta property=\"og:image:type\" content=\"image\/jpeg\" \/>\n<meta name=\"author\" content=\"admin\" \/>\n<meta name=\"twitter:card\" content=\"summary_large_image\" \/>\n<meta name=\"twitter:label1\" content=\"Yazan:\" \/>\n\t<meta name=\"twitter:data1\" content=\"admin\" \/>\n\t<meta name=\"twitter:label2\" content=\"Tahmini okuma s\u00fcresi\" \/>\n\t<meta name=\"twitter:data2\" content=\"1 dakika\" \/>\n<script type=\"application\/ld+json\" class=\"yoast-schema-graph\">{\"@context\":\"https:\\\/\\\/schema.org\",\"@graph\":[{\"@type\":\"Article\",\"@id\":\"https:\\\/\\\/kibrisdakik.com\\\/?p=33651#article\",\"isPartOf\":{\"@id\":\"https:\\\/\\\/kibrisdakik.com\\\/?p=33651\"},\"author\":{\"name\":\"admin\",\"@id\":\"https:\\\/\\\/kibrisdakik.com\\\/#\\\/schema\\\/person\\\/9cd9d437bbb44f72b73ba127e06d8e79\"},\"headline\":\"Atao\u011flu:Ramazan, payla\u015fman\u0131n, sevginin, ho\u015fg\u00f6r\u00fcn\u00fcn ve dayan\u0131\u015fman\u0131n zirveye \u00e7\u0131kt\u0131\u011f\u0131 ayd\u0131r\",\"datePublished\":\"2024-03-11T08:47:28+00:00\",\"mainEntityOfPage\":{\"@id\":\"https:\\\/\\\/kibrisdakik.com\\\/?p=33651\"},\"wordCount\":262,\"commentCount\":0,\"image\":{\"@id\":\"https:\\\/\\\/kibrisdakik.com\\\/?p=33651#primaryimage\"},\"thumbnailUrl\":\"https:\\\/\\\/kibrisdakik.com\\\/wp-content\\\/uploads\\\/2024\\\/03\\\/ar-740x420.jpg\",\"articleSection\":[\"G\u00fcndem\"],\"inLanguage\":\"tr\",\"potentialAction\":[{\"@type\":\"CommentAction\",\"name\":\"Comment\",\"target\":[\"https:\\\/\\\/kibrisdakik.com\\\/?p=33651#respond\"]}]},{\"@type\":\"WebPage\",\"@id\":\"https:\\\/\\\/kibrisdakik.com\\\/?p=33651\",\"url\":\"https:\\\/\\\/kibrisdakik.com\\\/?p=33651\",\"name\":\"Atao\u011flu:Ramazan, payla\u015fman\u0131n, sevginin, ho\u015fg\u00f6r\u00fcn\u00fcn ve dayan\u0131\u015fman\u0131n zirveye \u00e7\u0131kt\u0131\u011f\u0131 ayd\u0131r -\",\"isPartOf\":{\"@id\":\"https:\\\/\\\/kibrisdakik.com\\\/#website\"},\"primaryImageOfPage\":{\"@id\":\"https:\\\/\\\/kibrisdakik.com\\\/?p=33651#primaryimage\"},\"image\":{\"@id\":\"https:\\\/\\\/kibrisdakik.com\\\/?p=33651#primaryimage\"},\"thumbnailUrl\":\"https:\\\/\\\/kibrisdakik.com\\\/wp-content\\\/uploads\\\/2024\\\/03\\\/ar-740x420.jpg\",\"datePublished\":\"2024-03-11T08:47:28+00:00\",\"author\":{\"@id\":\"https:\\\/\\\/kibrisdakik.com\\\/#\\\/schema\\\/person\\\/9cd9d437bbb44f72b73ba127e06d8e79\"},\"breadcrumb\":{\"@id\":\"https:\\\/\\\/kibrisdakik.com\\\/?p=33651#breadcrumb\"},\"inLanguage\":\"tr\",\"potentialAction\":[{\"@type\":\"ReadAction\",\"target\":[\"https:\\\/\\\/kibrisdakik.com\\\/?p=33651\"]}]},{\"@type\":\"ImageObject\",\"inLanguage\":\"tr\",\"@id\":\"https:\\\/\\\/kibrisdakik.com\\\/?p=33651#primaryimage\",\"url\":\"https:\\\/\\\/kibrisdakik.com\\\/wp-content\\\/uploads\\\/2024\\\/03\\\/ar-740x420.jpg\",\"contentUrl\":\"https:\\\/\\\/kibrisdakik.com\\\/wp-content\\\/uploads\\\/2024\\\/03\\\/ar-740x420.jpg\",\"width\":1623,\"height\":821},{\"@type\":\"BreadcrumbList\",\"@id\":\"https:\\\/\\\/kibrisdakik.com\\\/?p=33651#breadcrumb\",\"itemListElement\":[{\"@type\":\"ListItem\",\"position\":1,\"name\":\"Home\",\"item\":\"https:\\\/\\\/kibrisdakik.com\\\/\"},{\"@type\":\"ListItem\",\"position\":2,\"name\":\"Atao\u011flu:Ramazan, payla\u015fman\u0131n, sevginin, ho\u015fg\u00f6r\u00fcn\u00fcn ve dayan\u0131\u015fman\u0131n zirveye \u00e7\u0131kt\u0131\u011f\u0131 ayd\u0131r\"}]},{\"@type\":\"WebSite\",\"@id\":\"https:\\\/\\\/kibrisdakik.com\\\/#website\",\"url\":\"https:\\\/\\\/kibrisdakik.com\\\/\",\"name\":\"\",\"description\":\"Tam vaktinde haber\",\"potentialAction\":[{\"@type\":\"SearchAction\",\"target\":{\"@type\":\"EntryPoint\",\"urlTemplate\":\"https:\\\/\\\/kibrisdakik.com\\\/?s={search_term_string}\"},\"query-input\":{\"@type\":\"PropertyValueSpecification\",\"valueRequired\":true,\"valueName\":\"search_term_string\"}}],\"inLanguage\":\"tr\"},{\"@type\":\"Person\",\"@id\":\"https:\\\/\\\/kibrisdakik.com\\\/#\\\/schema\\\/person\\\/9cd9d437bbb44f72b73ba127e06d8e79\",\"name\":\"admin\",\"image\":{\"@type\":\"ImageObject\",\"inLanguage\":\"tr\",\"@id\":\"https:\\\/\\\/secure.gravatar.com\\\/avatar\\\/ccc17943b9d660506c869530f897617f7cb1c21a4bf30023f252596d83e1f007?s=96&d=mm&r=g\",\"url\":\"https:\\\/\\\/secure.gravatar.com\\\/avatar\\\/ccc17943b9d660506c869530f897617f7cb1c21a4bf30023f252596d83e1f007?s=96&d=mm&r=g\",\"contentUrl\":\"https:\\\/\\\/secure.gravatar.com\\\/avatar\\\/ccc17943b9d660506c869530f897617f7cb1c21a4bf30023f252596d83e1f007?s=96&d=mm&r=g\",\"caption\":\"admin\"},\"sameAs\":[\"https:\\\/\\\/kibrisdakik.com\"],\"url\":\"https:\\\/\\\/kibrisdakik.com\\\/?author=1\"}]}<\/script>\n<!-- \/ Yoast SEO plugin. -->","yoast_head_json":{"title":"Atao\u011flu:Ramazan, payla\u015fman\u0131n, sevginin, ho\u015fg\u00f6r\u00fcn\u00fcn ve dayan\u0131\u015fman\u0131n zirveye \u00e7\u0131kt\u0131\u011f\u0131 ayd\u0131r -","robots":{"index":"index","follow":"follow","max-snippet":"max-snippet:-1","max-image-preview":"max-image-preview:large","max-video-preview":"max-video-preview:-1"},"canonical":"https:\/\/kibrisdakik.com\/?p=33651","og_locale":"tr_TR","og_type":"article","og_title":"Atao\u011flu:Ramazan, payla\u015fman\u0131n, sevginin, ho\u015fg\u00f6r\u00fcn\u00fcn ve dayan\u0131\u015fman\u0131n zirveye \u00e7\u0131kt\u0131\u011f\u0131 ayd\u0131r -","og_description":"Ba\u015fbakan Yard\u0131mc\u0131s\u0131, Turizm, K\u00fclt\u00fcr, Gen\u00e7lik ve \u00c7evre Bakan\u0131, Demokrat Parti (DP) Genel Ba\u015fkan\u0131 Fikri Atao\u011flu, Ramazan\u2019\u0131n payla\u015fman\u0131n, sevginin, ho\u015fg\u00f6r\u00fcn\u00fcn ve dayan\u0131\u015fman\u0131n zirveye \u00e7\u0131kt\u0131\u011f\u0131 ay oldu\u011funu s\u00f6yledi. Fikri Atao\u011flu Ramazan ay\u0131n\u0131n ba\u015flamas\u0131 vesilesiyle yay\u0131mlad\u0131\u011f\u0131 mesajda \u015f\u00f6yle dedi: \u201cRahmet ve bereket mevsimi Ramazan ay\u0131na bir kez daha kucak a\u00e7t\u0131k. Kalplerimizde ye\u015feren manevi duygularla dolu bu ay, bizi","og_url":"https:\/\/kibrisdakik.com\/?p=33651","article_published_time":"2024-03-11T08:47:28+00:00","og_image":[{"width":1623,"height":821,"url":"https:\/\/kibrisdakik.com\/wp-content\/uploads\/2024\/03\/ar-740x420.jpg","type":"image\/jpeg"}],"author":"admin","twitter_card":"summary_large_image","twitter_misc":{"Yazan:":"admin","Tahmini okuma s\u00fcresi":"1 dakika"},"schema":{"@context":"https:\/\/schema.org","@graph":[{"@type":"Article","@id":"https:\/\/kibrisdakik.com\/?p=33651#article","isPartOf":{"@id":"https:\/\/kibrisdakik.com\/?p=33651"},"author":{"name":"admin","@id":"https:\/\/kibrisdakik.com\/#\/schema\/person\/9cd9d437bbb44f72b73ba127e06d8e79"},"headline":"Atao\u011flu:Ramazan, payla\u015fman\u0131n, sevginin, ho\u015fg\u00f6r\u00fcn\u00fcn ve dayan\u0131\u015fman\u0131n zirveye \u00e7\u0131kt\u0131\u011f\u0131 ayd\u0131r","datePublished":"2024-03-11T08:47:28+00:00","mainEntityOfPage":{"@id":"https:\/\/kibrisdakik.com\/?p=33651"},"wordCount":262,"commentCount":0,"image":{"@id":"https:\/\/kibrisdakik.com\/?p=33651#primaryimage"},"thumbnailUrl":"https:\/\/kibrisdakik.com\/wp-content\/uploads\/2024\/03\/ar-740x420.jpg","articleSection":["G\u00fcndem"],"inLanguage":"tr","potentialAction":[{"@type":"CommentAction","name":"Comment","target":["https:\/\/kibrisdakik.com\/?p=33651#respond"]}]},{"@type":"WebPage","@id":"https:\/\/kibrisdakik.com\/?p=33651","url":"https:\/\/kibrisdakik.com\/?p=33651","name":"Atao\u011flu:Ramazan, payla\u015fman\u0131n, sevginin, ho\u015fg\u00f6r\u00fcn\u00fcn ve dayan\u0131\u015fman\u0131n zirveye \u00e7\u0131kt\u0131\u011f\u0131 ayd\u0131r -","isPartOf":{"@id":"https:\/\/kibrisdakik.com\/#website"},"primaryImageOfPage":{"@id":"https:\/\/kibrisdakik.com\/?p=33651#primaryimage"},"image":{"@id":"https:\/\/kibrisdakik.com\/?p=33651#primaryimage"},"thumbnailUrl":"https:\/\/kibrisdakik.com\/wp-content\/uploads\/2024\/03\/ar-740x420.jpg","datePublished":"2024-03-11T08:47:28+00:00","author":{"@id":"https:\/\/kibrisdakik.com\/#\/schema\/person\/9cd9d437bbb44f72b73ba127e06d8e79"},"breadcrumb":{"@id":"https:\/\/kibrisdakik.com\/?p=33651#breadcrumb"},"inLanguage":"tr","potentialAction":[{"@type":"ReadAction","target":["https:\/\/kibrisdakik.com\/?p=33651"]}]},{"@type":"ImageObject","inLanguage":"tr","@id":"https:\/\/kibrisdakik.com\/?p=33651#primaryimage","url":"https:\/\/kibrisdakik.com\/wp-content\/uploads\/2024\/03\/ar-740x420.jpg","contentUrl":"https:\/\/kibrisdakik.com\/wp-content\/uploads\/2024\/03\/ar-740x420.jpg","width":1623,"height":821},{"@type":"BreadcrumbList","@id":"https:\/\/kibrisdakik.com\/?p=33651#breadcrumb","itemListElement":[{"@type":"ListItem","position":1,"name":"Home","item":"https:\/\/kibrisdakik.com\/"},{"@type":"ListItem","position":2,"name":"Atao\u011flu:Ramazan, payla\u015fman\u0131n, sevginin, ho\u015fg\u00f6r\u00fcn\u00fcn ve dayan\u0131\u015fman\u0131n zirveye \u00e7\u0131kt\u0131\u011f\u0131 ayd\u0131r"}]},{"@type":"WebSite","@id":"https:\/\/kibrisdakik.com\/#website","url":"https:\/\/kibrisdakik.com\/","name":"","description":"Tam vaktinde haber","potentialAction":[{"@type":"SearchAction","target":{"@type":"EntryPoint","urlTemplate":"https:\/\/kibrisdakik.com\/?s={search_term_string}"},"query-input":{"@type":"PropertyValueSpecification","valueRequired":true,"valueName":"search_term_string"}}],"inLanguage":"tr"},{"@type":"Person","@id":"https:\/\/kibrisdakik.com\/#\/schema\/person\/9cd9d437bbb44f72b73ba127e06d8e79","name":"admin","image":{"@type":"ImageObject","inLanguage":"tr","@id":"https:\/\/secure.gravatar.com\/avatar\/ccc17943b9d660506c869530f897617f7cb1c21a4bf30023f252596d83e1f007?s=96&d=mm&r=g","url":"https:\/\/secure.gravatar.com\/avatar\/ccc17943b9d660506c869530f897617f7cb1c21a4bf30023f252596d83e1f007?s=96&d=mm&r=g","contentUrl":"https:\/\/secure.gravatar.com\/avatar\/ccc17943b9d660506c869530f897617f7cb1c21a4bf30023f252596d83e1f007?s=96&d=mm&r=g","caption":"admin"},"sameAs":["https:\/\/kibrisdakik.com"],"url":"https:\/\/kibrisdakik.com\/?author=1"}]}},"_links":{"self":[{"href":"https:\/\/kibrisdakik.com\/index.php?rest_route=\/wp\/v2\/posts\/33651","targetHints":{"allow":["GET"]}}],"collection":[{"href":"https:\/\/kibrisdakik.com\/index.php?rest_route=\/wp\/v2\/posts"}],"about":[{"href":"https:\/\/kibrisdakik.com\/index.php?rest_route=\/wp\/v2\/types\/post"}],"author":[{"embeddable":true,"href":"https:\/\/kibrisdakik.com\/index.php?rest_route=\/wp\/v2\/users\/1"}],"replies":[{"embeddable":true,"href":"https:\/\/kibrisdakik.com\/index.php?rest_route=%2Fwp%2Fv2%2Fcomments&post=33651"}],"version-history":[{"count":0,"href":"https:\/\/kibrisdakik.com\/index.php?rest_route=\/wp\/v2\/posts\/33651\/revisions"}],"wp:featuredmedia":[{"embeddable":true,"href":"https:\/\/kibrisdakik.com\/index.php?rest_route=\/wp\/v2\/media\/33652"}],"wp:attachment":[{"href":"https:\/\/kibrisdakik.com\/index.php?rest_route=%2Fwp%2Fv2%2Fmedia&parent=33651"}],"wp:term":[{"taxonomy":"category","embeddable":true,"href":"https:\/\/kibrisdakik.com\/index.php?rest_route=%2Fwp%2Fv2%2Fcategories&post=33651"},{"taxonomy":"post_tag","embeddable":true,"href":"https:\/\/kibrisdakik.com\/index.php?rest_route=%2Fwp%2Fv2%2Ftags&post=33651"}],"curies":[{"name":"wp","href":"https:\/\/api.w.org\/{rel}","templated":true}]}}