{"id":33659,"date":"2024-03-11T09:54:48","date_gmt":"2024-03-11T09:54:48","guid":{"rendered":"https:\/\/kibrisdakik.com\/index.php\/2024\/03\/11\/tuncer-arifoglu-icin-ubp-genel-merkezinde-toren-duzenlendi\/"},"modified":"2024-03-11T09:54:48","modified_gmt":"2024-03-11T09:54:48","slug":"tuncer-arifoglu-icin-ubp-genel-merkezinde-toren-duzenlendi","status":"publish","type":"post","link":"https:\/\/kibrisdakik.com\/?p=33659","title":{"rendered":"Tuncer Arifo\u011flu i\u00e7in UBP Genel Merkezi\u2019nde t\u00f6ren d\u00fczenlendi"},"content":{"rendered":"<p><img decoding=\"async\" src=\"https:\/\/www.kibristurk.com\/images\/haberler\/2024\/03\/tuncer-arifoglu-icin-ubp-genel-merkezinde-toren-duzenlendi-1710148993.webp\" \/><\/p>\n<p style=\"text-align:left\"><span style=\"font-size:16px\"><span style=\"font-family:Merriweather,serif !important\"><span style=\"color:#000000\"><span style=\"background-color:#ffffff\"><span style=\"font-size:16px !important\"><span style=\"font-family:Merriweather,serif !important\"><span style=\"color:#000000 !important\">T\u00f6rene Cumhurba\u015fkan\u0131 Ersin Tatar, Cumhuriyet Meclisi Ba\u015fkan\u0131 Zorlu T\u00f6re, Ba\u015fbakan ve UBP Genel Ba\u015fkan\u0131 \u00dcnal \u00dcstel, baz\u0131 bakanlar ve milletvekilleri, partililer ve ailesi kat\u0131ld\u0131.<\/span><\/span><\/span><\/span><\/span><\/span><\/span><\/p>\n<p style=\"text-align:left\"><span style=\"font-size:16px\"><span style=\"font-family:Merriweather,serif !important\"><span style=\"color:#000000\"><span style=\"background-color:#ffffff\"><span style=\"font-size:16px !important\"><span style=\"font-family:Merriweather,serif !important\"><span style=\"color:#000000 !important\">Cumhurba\u015fkan\u0131 Ersin Tatar, Cumhuriyet Meclisi Ba\u015fkan\u0131 Zorlu T\u00f6re, Ba\u015fbakan ve UBP Genel Ba\u015fkan\u0131 \u00dcnal \u00dcstel ve UBP Genel Sekreteri O\u011fuzhan Hasipo\u011flu t\u00f6rende yapt\u0131klar\u0131 konu\u015fmalarda Tuncer Arifo\u011flu\u2019nun \u00fclkeye ve topluma verdi\u011fi hizmetlere de\u011finerek, ona rahmet, ailesi ve sevenlerine ba\u015fsa\u011fl\u0131\u011f\u0131 ve sab\u0131rlar diledi.<\/span><\/span><\/span><\/span><\/span><\/span><\/span><\/p>\n<p style=\"text-align:left\"><span style=\"font-size:16px\"><span style=\"font-family:Merriweather,serif !important\"><span style=\"color:#000000\"><span style=\"background-color:#ffffff\"><span style=\"font-size:16px !important\"><span style=\"font-family:Merriweather,serif !important\"><span style=\"color:#000000 !important\">-Tatar<\/span><\/span><\/span><\/span><\/span><\/span><\/span><\/p>\n<p style=\"text-align:left\"><span style=\"font-size:16px\"><span style=\"font-family:Merriweather,serif !important\"><span style=\"color:#000000\"><span style=\"background-color:#ffffff\"><span style=\"font-size:16px !important\"><span style=\"font-family:Merriweather,serif !important\"><span style=\"color:#000000 !important\">Cumhurba\u015fkan\u0131 Ersin Tatar, Arifo\u011flu\u2019nu kaybetmenin \u00fcz\u00fcnt\u00fcs\u00fc i\u00e7inde olduklar\u0131n\u0131 s\u00f6yledi.<\/span><\/span><\/span><\/span><\/span><\/span><\/span><\/p>\n<p style=\"text-align:left\"><span style=\"font-size:16px\"><span style=\"font-family:Merriweather,serif !important\"><span style=\"color:#000000\"><span style=\"background-color:#ffffff\"><span style=\"font-size:16px !important\"><span style=\"font-family:Merriweather,serif !important\"><span style=\"color:#000000 !important\">Arifo\u011flu\u2019nun Amerika\u2019da y\u00fcksek lisans ve doktora yapt\u0131ktan sonra adaya d\u00f6nmeyi tercih etti\u011fini s\u00f6yleyen Tatar, \u00fclkeye b\u00fcy\u00fck hizmetler verdi\u011fini, 1975 y\u0131l\u0131nda Sanayi ve Ticaret Bakanl\u0131\u011f\u0131 g\u00f6revi \u00fcstlendi\u011fini, Erenk\u00f6y m\u00fccahidi oldu\u011funu belirtti.<\/span><\/span><\/span><\/span><\/span><\/span><\/span><\/p>\n<p style=\"text-align:left\"><span style=\"font-size:16px\"><span style=\"font-family:Merriweather,serif !important\"><span style=\"color:#000000\"><span style=\"background-color:#ffffff\"><span style=\"font-size:16px !important\"><span style=\"font-family:Merriweather,serif !important\"><span style=\"color:#000000 !important\">Tatar, Arifo\u011flu\u2019nun vizyonu ve e\u011fitimiyle \u00fclke geli\u015fimine katk\u0131 yapt\u0131\u011f\u0131n\u0131 s\u00f6yleyerek, d\u00fcnya meselelerini yak\u0131ndan takip etti\u011fini, \u015feffafl\u0131k, demokrasi ve d\u00fcr\u00fcstl\u00fck gibi kavramlara \u00f6nem verdi\u011fini kaydetti.<\/span><\/span><\/span><\/span><\/span><\/span><\/span><\/p>\n<p style=\"text-align:left\"><span style=\"font-size:16px\"><span style=\"font-family:Merriweather,serif !important\"><span style=\"color:#000000\"><span style=\"background-color:#ffffff\"><span style=\"font-size:16px !important\"><span style=\"font-family:Merriweather,serif !important\"><span style=\"color:#000000 !important\">Cumhurba\u015fkan\u0131 Tatar, Arifo\u011flu\u2019nun UBP\u2019nin gelece\u011fi i\u00e7in \u00f6neriler yapt\u0131\u011f\u0131n\u0131 partiyi KKTC\u2019nin sigortas\u0131 olarak niteledi\u011fini, g\u00fc\u00e7l\u00fc bir iktidar hedefini dile getirdi\u011fini s\u00f6yledi.<\/span><\/span><\/span><\/span><\/span><\/span><\/span><\/p>\n<p style=\"text-align:left\"><span style=\"font-size:16px\"><span style=\"font-family:Merriweather,serif !important\"><span style=\"color:#000000\"><span style=\"background-color:#ffffff\"><span style=\"font-size:16px !important\"><span style=\"font-family:Merriweather,serif !important\"><span style=\"color:#000000 !important\">-T\u00f6re<\/span><\/span><\/span><\/span><\/span><\/span><\/span><\/p>\n<p style=\"text-align:left\"><span style=\"font-size:16px\"><span style=\"font-family:Merriweather,serif !important\"><span style=\"color:#000000\"><span style=\"background-color:#ffffff\"><span style=\"font-size:16px !important\"><span style=\"font-family:Merriweather,serif !important\"><span style=\"color:#000000 !important\">Cumhuriyet Meclisi Ba\u015fkan\u0131 Zorlu T\u00f6re, Arifo\u011flu\u2019nun iyi bir y\u00f6netici, eme\u011fini ve d\u00fc\u015f\u00fcncesini ac\u0131mayan bir ki\u015fi oldu\u011funu belirtti.<\/span><\/span><\/span><\/span><\/span><\/span><\/span><\/p>\n<p style=\"text-align:left\"><span style=\"font-size:16px\"><span style=\"font-family:Merriweather,serif !important\"><span style=\"color:#000000\"><span style=\"background-color:#ffffff\"><span style=\"font-size:16px !important\"><span style=\"font-family:Merriweather,serif !important\"><span style=\"color:#000000 !important\">Arifo\u011flu\u2019nun \u00e7al\u0131\u015fkanl\u0131\u011f\u0131yla \u00f6rnek bir ki\u015fi oldu\u011funu s\u00f6yleyen T\u00f6re, \u00e7al\u0131\u015fkan insanlar\u0131 \u00f6rnek almak gerekti\u011fini dile getirdi.<\/span><\/span><\/span><\/span><\/span><\/span><\/span><\/p>\n<p style=\"text-align:left\"><span style=\"font-size:16px\"><span style=\"font-family:Merriweather,serif !important\"><span style=\"color:#000000\"><span style=\"background-color:#ffffff\"><span style=\"font-size:16px !important\"><span style=\"font-family:Merriweather,serif !important\"><span style=\"color:#000000 !important\">-\u00dcstel<\/span><\/span><\/span><\/span><\/span><\/span><\/span><\/p>\n<p style=\"text-align:left\"><span style=\"font-size:16px\"><span style=\"font-family:Merriweather,serif !important\"><span style=\"color:#000000\"><span style=\"background-color:#ffffff\"><span style=\"font-size:16px !important\"><span style=\"font-family:Merriweather,serif !important\"><span style=\"color:#000000 !important\">Ba\u015fbakan \u00dcnal \u00dcstel, UBP\u2019nin her kademesinde nefer gibi \u00e7al\u0131\u015fan Arifo\u011flu\u2019nun gece g\u00fcnd\u00fcz demeden, eme\u011fini esirgemeden \u00e7al\u0131\u015fan bir ki\u015fi oldu\u011funu belirtti.<\/span><\/span><\/span><\/span><\/span><\/span><\/span><\/p>\n<p style=\"text-align:left\"><span style=\"font-size:16px\"><span style=\"font-family:Merriweather,serif !important\"><span style=\"color:#000000\"><span style=\"background-color:#ffffff\"><span style=\"font-size:16px !important\"><span style=\"font-family:Merriweather,serif !important\"><span style=\"color:#000000 !important\">Partide b\u0131rakt\u0131\u011f\u0131 izlerin ve yapt\u0131\u011f\u0131 \u00e7al\u0131\u015fmalar\u0131n unutulmayaca\u011f\u0131n\u0131 dile getiren \u00dcstel, \u201cO yollardan gitmeye devam edece\u011fiz\u201d dedi.<\/span><\/span><\/span><\/span><\/span><\/span><\/span><\/p>\n<p style=\"text-align:left\"><span style=\"font-size:16px\"><span style=\"font-family:Merriweather,serif !important\"><span style=\"color:#000000\"><span style=\"background-color:#ffffff\"><span style=\"font-size:16px !important\"><span style=\"font-family:Merriweather,serif !important\"><span style=\"color:#000000 !important\">Arifo\u011flu\u2019nun devletin farkl\u0131 kademelerinde \u00e7al\u0131\u015ft\u0131\u011f\u0131n\u0131 belirten \u00dcstel, \u201cOnu unutmayaca\u011f\u0131z\u201d dedi.<\/span><\/span><\/span><\/span><\/span><\/span><\/span><\/p>\n<p style=\"text-align:left\"><span style=\"font-size:16px\"><span style=\"font-family:Merriweather,serif !important\"><span style=\"color:#000000\"><span style=\"background-color:#ffffff\"><span style=\"font-size:16px !important\"><span style=\"font-family:Merriweather,serif !important\"><span style=\"color:#000000 !important\">-Hasipo\u011flu<\/span><\/span><\/span><\/span><\/span><\/span><\/span><\/p>\n<p style=\"text-align:left\"><span style=\"font-size:16px\"><span style=\"font-family:Merriweather,serif !important\"><span style=\"color:#000000\"><span style=\"background-color:#ffffff\"><span style=\"font-size:16px !important\"><span style=\"font-family:Merriweather,serif !important\"><span style=\"color:#000000 !important\">UBP Genel Sekreteri O\u011fuzhan Hasipo\u011flu da \u00fclkeye ve partiye uzun y\u0131llar hizmet etmi\u015f bir ki\u015fiyi kaybetmenin \u00fcz\u00fcnt\u00fcs\u00fcn\u00fc ya\u015fad\u0131klar\u0131n\u0131 dile getirdi.<\/span><\/span><\/span><\/span><\/span><\/span><\/span><\/p>\n<p style=\"text-align:left\"><span style=\"font-size:16px\"><span style=\"font-family:Merriweather,serif !important\"><span style=\"color:#000000\"><span style=\"background-color:#ffffff\"><span style=\"font-size:16px !important\"><span style=\"font-family:Merriweather,serif !important\"><span style=\"color:#000000 !important\">Arifo\u011flu\u2019nun Erenk\u00f6y m\u00fccahidi oldu\u011funu s\u00f6yleyen Hasipo\u011flu, \u201cBize a\u011fabeylik yapt\u0131k, hizmeti ve siyasi \u00f6\u011fretti\u201d dedi.<\/span><\/span><\/span><\/span><\/span><\/span><\/span><\/p>\n<p style=\"text-align:left\"><span style=\"font-size:16px\"><span style=\"font-family:Merriweather,serif !important\"><span style=\"color:#000000\"><span style=\"background-color:#ffffff\"><span style=\"font-size:16px !important\"><span style=\"font-family:Merriweather,serif !important\"><span style=\"color:#000000 !important\">Konu\u015fmalar\u0131n ard\u0131ndan sayg\u0131 duru\u015funda bulunuldu.<\/span><\/span><\/span><\/span><\/span><\/span><\/span><\/p>\n<p style=\"text-align:left\"><span style=\"font-size:16px\"><span style=\"font-family:Merriweather,serif !important\"><span style=\"color:#000000\"><span style=\"background-color:#ffffff\"><span style=\"font-size:16px !important\"><span style=\"font-family:Merriweather,serif !important\"><span style=\"color:#000000 !important\">Arifo\u011flu i\u00e7in bug\u00fcn Cumhuriyet Meclisi\u2019nde de t\u00f6ren d\u00fczenlenecek. T\u00f6renin ard\u0131ndan Arifo\u011flu, \u0130smail Safa Camiinde k\u0131l\u0131nacak \u00f6\u011fle namaz\u0131na m\u00fcteakip, Lefko\u015fa mezarl\u0131\u011f\u0131na defnedilecek.<\/span><\/span><\/span><\/span><\/span><\/span><\/span><\/p>\n","protected":false},"excerpt":{"rendered":"<p>T\u00f6rene Cumhurba\u015fkan\u0131 Ersin Tatar, Cumhuriyet Meclisi Ba\u015fkan\u0131 Zorlu T\u00f6re, Ba\u015fbakan ve UBP Genel Ba\u015fkan\u0131 \u00dcnal \u00dcstel, baz\u0131 bakanlar ve milletvekilleri, partililer ve ailesi kat\u0131ld\u0131. Cumhurba\u015fkan\u0131 Ersin Tatar, Cumhuriyet Meclisi Ba\u015fkan\u0131 Zorlu T\u00f6re, Ba\u015fbakan ve UBP Genel Ba\u015fkan\u0131 \u00dcnal \u00dcstel ve UBP Genel Sekreteri O\u011fuzhan Hasipo\u011flu t\u00f6rende yapt\u0131klar\u0131 konu\u015fmalarda Tuncer Arifo\u011flu\u2019nun \u00fclkeye ve topluma verdi\u011fi hizmetlere<\/p>\n","protected":false},"author":1,"featured_media":33660,"comment_status":"open","ping_status":"open","sticky":false,"template":"","format":"standard","meta":{"footnotes":""},"categories":[85],"tags":[],"class_list":["post-33659","post","type-post","status-publish","format-standard","has-post-thumbnail","hentry","category-spor"],"yoast_head":"<!-- This site is optimized with the Yoast SEO plugin v27.5 - https:\/\/yoast.com\/product\/yoast-seo-wordpress\/ -->\n<title>Tuncer Arifo\u011flu i\u00e7in UBP Genel Merkezi\u2019nde t\u00f6ren d\u00fczenlendi -<\/title>\n<meta name=\"robots\" content=\"index, follow, max-snippet:-1, max-image-preview:large, max-video-preview:-1\" \/>\n<link rel=\"canonical\" href=\"https:\/\/kibrisdakik.com\/?p=33659\" \/>\n<meta property=\"og:locale\" content=\"tr_TR\" \/>\n<meta property=\"og:type\" content=\"article\" \/>\n<meta property=\"og:title\" content=\"Tuncer Arifo\u011flu i\u00e7in UBP Genel Merkezi\u2019nde t\u00f6ren d\u00fczenlendi -\" \/>\n<meta property=\"og:description\" content=\"T\u00f6rene Cumhurba\u015fkan\u0131 Ersin Tatar, Cumhuriyet Meclisi Ba\u015fkan\u0131 Zorlu T\u00f6re, Ba\u015fbakan ve UBP Genel Ba\u015fkan\u0131 \u00dcnal \u00dcstel, baz\u0131 bakanlar ve milletvekilleri, partililer ve ailesi kat\u0131ld\u0131. Cumhurba\u015fkan\u0131 Ersin Tatar, Cumhuriyet Meclisi Ba\u015fkan\u0131 Zorlu T\u00f6re, Ba\u015fbakan ve UBP Genel Ba\u015fkan\u0131 \u00dcnal \u00dcstel ve UBP Genel Sekreteri O\u011fuzhan Hasipo\u011flu t\u00f6rende yapt\u0131klar\u0131 konu\u015fmalarda Tuncer Arifo\u011flu\u2019nun \u00fclkeye ve topluma verdi\u011fi hizmetlere\" \/>\n<meta property=\"og:url\" content=\"https:\/\/kibrisdakik.com\/?p=33659\" \/>\n<meta property=\"article:published_time\" content=\"2024-03-11T09:54:48+00:00\" \/>\n<meta property=\"og:image\" content=\"https:\/\/kibrisdakik.com\/wp-content\/uploads\/2024\/03\/tuncer-arifoglu-icin-ubp-genel-merkezinde-toren-duzenlendi-1710148993.webp.webp\" \/>\n\t<meta property=\"og:image:width\" content=\"710\" \/>\n\t<meta property=\"og:image:height\" content=\"370\" \/>\n\t<meta property=\"og:image:type\" content=\"image\/webp\" \/>\n<meta name=\"author\" content=\"admin\" \/>\n<meta name=\"twitter:card\" content=\"summary_large_image\" \/>\n<meta name=\"twitter:label1\" content=\"Yazan:\" \/>\n\t<meta name=\"twitter:data1\" content=\"admin\" \/>\n\t<meta name=\"twitter:label2\" content=\"Tahmini okuma s\u00fcresi\" \/>\n\t<meta name=\"twitter:data2\" content=\"2 dakika\" \/>\n<script type=\"application\/ld+json\" class=\"yoast-schema-graph\">{\"@context\":\"https:\\\/\\\/schema.org\",\"@graph\":[{\"@type\":\"Article\",\"@id\":\"https:\\\/\\\/kibrisdakik.com\\\/?p=33659#article\",\"isPartOf\":{\"@id\":\"https:\\\/\\\/kibrisdakik.com\\\/?p=33659\"},\"author\":{\"name\":\"admin\",\"@id\":\"https:\\\/\\\/kibrisdakik.com\\\/#\\\/schema\\\/person\\\/9cd9d437bbb44f72b73ba127e06d8e79\"},\"headline\":\"Tuncer Arifo\u011flu i\u00e7in UBP Genel Merkezi\u2019nde t\u00f6ren d\u00fczenlendi\",\"datePublished\":\"2024-03-11T09:54:48+00:00\",\"mainEntityOfPage\":{\"@id\":\"https:\\\/\\\/kibrisdakik.com\\\/?p=33659\"},\"wordCount\":460,\"commentCount\":0,\"image\":{\"@id\":\"https:\\\/\\\/kibrisdakik.com\\\/?p=33659#primaryimage\"},\"thumbnailUrl\":\"https:\\\/\\\/kibrisdakik.com\\\/wp-content\\\/uploads\\\/2024\\\/03\\\/tuncer-arifoglu-icin-ubp-genel-merkezinde-toren-duzenlendi-1710148993.webp.webp\",\"articleSection\":[\"Spor\"],\"inLanguage\":\"tr\",\"potentialAction\":[{\"@type\":\"CommentAction\",\"name\":\"Comment\",\"target\":[\"https:\\\/\\\/kibrisdakik.com\\\/?p=33659#respond\"]}]},{\"@type\":\"WebPage\",\"@id\":\"https:\\\/\\\/kibrisdakik.com\\\/?p=33659\",\"url\":\"https:\\\/\\\/kibrisdakik.com\\\/?p=33659\",\"name\":\"Tuncer Arifo\u011flu i\u00e7in UBP Genel Merkezi\u2019nde t\u00f6ren d\u00fczenlendi -\",\"isPartOf\":{\"@id\":\"https:\\\/\\\/kibrisdakik.com\\\/#website\"},\"primaryImageOfPage\":{\"@id\":\"https:\\\/\\\/kibrisdakik.com\\\/?p=33659#primaryimage\"},\"image\":{\"@id\":\"https:\\\/\\\/kibrisdakik.com\\\/?p=33659#primaryimage\"},\"thumbnailUrl\":\"https:\\\/\\\/kibrisdakik.com\\\/wp-content\\\/uploads\\\/2024\\\/03\\\/tuncer-arifoglu-icin-ubp-genel-merkezinde-toren-duzenlendi-1710148993.webp.webp\",\"datePublished\":\"2024-03-11T09:54:48+00:00\",\"author\":{\"@id\":\"https:\\\/\\\/kibrisdakik.com\\\/#\\\/schema\\\/person\\\/9cd9d437bbb44f72b73ba127e06d8e79\"},\"breadcrumb\":{\"@id\":\"https:\\\/\\\/kibrisdakik.com\\\/?p=33659#breadcrumb\"},\"inLanguage\":\"tr\",\"potentialAction\":[{\"@type\":\"ReadAction\",\"target\":[\"https:\\\/\\\/kibrisdakik.com\\\/?p=33659\"]}]},{\"@type\":\"ImageObject\",\"inLanguage\":\"tr\",\"@id\":\"https:\\\/\\\/kibrisdakik.com\\\/?p=33659#primaryimage\",\"url\":\"https:\\\/\\\/kibrisdakik.com\\\/wp-content\\\/uploads\\\/2024\\\/03\\\/tuncer-arifoglu-icin-ubp-genel-merkezinde-toren-duzenlendi-1710148993.webp.webp\",\"contentUrl\":\"https:\\\/\\\/kibrisdakik.com\\\/wp-content\\\/uploads\\\/2024\\\/03\\\/tuncer-arifoglu-icin-ubp-genel-merkezinde-toren-duzenlendi-1710148993.webp.webp\",\"width\":710,\"height\":370},{\"@type\":\"BreadcrumbList\",\"@id\":\"https:\\\/\\\/kibrisdakik.com\\\/?p=33659#breadcrumb\",\"itemListElement\":[{\"@type\":\"ListItem\",\"position\":1,\"name\":\"Home\",\"item\":\"https:\\\/\\\/kibrisdakik.com\\\/\"},{\"@type\":\"ListItem\",\"position\":2,\"name\":\"Tuncer Arifo\u011flu i\u00e7in UBP Genel Merkezi\u2019nde t\u00f6ren d\u00fczenlendi\"}]},{\"@type\":\"WebSite\",\"@id\":\"https:\\\/\\\/kibrisdakik.com\\\/#website\",\"url\":\"https:\\\/\\\/kibrisdakik.com\\\/\",\"name\":\"\",\"description\":\"Tam vaktinde haber\",\"potentialAction\":[{\"@type\":\"SearchAction\",\"target\":{\"@type\":\"EntryPoint\",\"urlTemplate\":\"https:\\\/\\\/kibrisdakik.com\\\/?s={search_term_string}\"},\"query-input\":{\"@type\":\"PropertyValueSpecification\",\"valueRequired\":true,\"valueName\":\"search_term_string\"}}],\"inLanguage\":\"tr\"},{\"@type\":\"Person\",\"@id\":\"https:\\\/\\\/kibrisdakik.com\\\/#\\\/schema\\\/person\\\/9cd9d437bbb44f72b73ba127e06d8e79\",\"name\":\"admin\",\"image\":{\"@type\":\"ImageObject\",\"inLanguage\":\"tr\",\"@id\":\"https:\\\/\\\/secure.gravatar.com\\\/avatar\\\/ccc17943b9d660506c869530f897617f7cb1c21a4bf30023f252596d83e1f007?s=96&d=mm&r=g\",\"url\":\"https:\\\/\\\/secure.gravatar.com\\\/avatar\\\/ccc17943b9d660506c869530f897617f7cb1c21a4bf30023f252596d83e1f007?s=96&d=mm&r=g\",\"contentUrl\":\"https:\\\/\\\/secure.gravatar.com\\\/avatar\\\/ccc17943b9d660506c869530f897617f7cb1c21a4bf30023f252596d83e1f007?s=96&d=mm&r=g\",\"caption\":\"admin\"},\"sameAs\":[\"https:\\\/\\\/kibrisdakik.com\"],\"url\":\"https:\\\/\\\/kibrisdakik.com\\\/?author=1\"}]}<\/script>\n<!-- \/ Yoast SEO plugin. -->","yoast_head_json":{"title":"Tuncer Arifo\u011flu i\u00e7in UBP Genel Merkezi\u2019nde t\u00f6ren d\u00fczenlendi -","robots":{"index":"index","follow":"follow","max-snippet":"max-snippet:-1","max-image-preview":"max-image-preview:large","max-video-preview":"max-video-preview:-1"},"canonical":"https:\/\/kibrisdakik.com\/?p=33659","og_locale":"tr_TR","og_type":"article","og_title":"Tuncer Arifo\u011flu i\u00e7in UBP Genel Merkezi\u2019nde t\u00f6ren d\u00fczenlendi -","og_description":"T\u00f6rene Cumhurba\u015fkan\u0131 Ersin Tatar, Cumhuriyet Meclisi Ba\u015fkan\u0131 Zorlu T\u00f6re, Ba\u015fbakan ve UBP Genel Ba\u015fkan\u0131 \u00dcnal \u00dcstel, baz\u0131 bakanlar ve milletvekilleri, partililer ve ailesi kat\u0131ld\u0131. Cumhurba\u015fkan\u0131 Ersin Tatar, Cumhuriyet Meclisi Ba\u015fkan\u0131 Zorlu T\u00f6re, Ba\u015fbakan ve UBP Genel Ba\u015fkan\u0131 \u00dcnal \u00dcstel ve UBP Genel Sekreteri O\u011fuzhan Hasipo\u011flu t\u00f6rende yapt\u0131klar\u0131 konu\u015fmalarda Tuncer Arifo\u011flu\u2019nun \u00fclkeye ve topluma verdi\u011fi hizmetlere","og_url":"https:\/\/kibrisdakik.com\/?p=33659","article_published_time":"2024-03-11T09:54:48+00:00","og_image":[{"width":710,"height":370,"url":"https:\/\/kibrisdakik.com\/wp-content\/uploads\/2024\/03\/tuncer-arifoglu-icin-ubp-genel-merkezinde-toren-duzenlendi-1710148993.webp.webp","type":"image\/webp"}],"author":"admin","twitter_card":"summary_large_image","twitter_misc":{"Yazan:":"admin","Tahmini okuma s\u00fcresi":"2 dakika"},"schema":{"@context":"https:\/\/schema.org","@graph":[{"@type":"Article","@id":"https:\/\/kibrisdakik.com\/?p=33659#article","isPartOf":{"@id":"https:\/\/kibrisdakik.com\/?p=33659"},"author":{"name":"admin","@id":"https:\/\/kibrisdakik.com\/#\/schema\/person\/9cd9d437bbb44f72b73ba127e06d8e79"},"headline":"Tuncer Arifo\u011flu i\u00e7in UBP Genel Merkezi\u2019nde t\u00f6ren d\u00fczenlendi","datePublished":"2024-03-11T09:54:48+00:00","mainEntityOfPage":{"@id":"https:\/\/kibrisdakik.com\/?p=33659"},"wordCount":460,"commentCount":0,"image":{"@id":"https:\/\/kibrisdakik.com\/?p=33659#primaryimage"},"thumbnailUrl":"https:\/\/kibrisdakik.com\/wp-content\/uploads\/2024\/03\/tuncer-arifoglu-icin-ubp-genel-merkezinde-toren-duzenlendi-1710148993.webp.webp","articleSection":["Spor"],"inLanguage":"tr","potentialAction":[{"@type":"CommentAction","name":"Comment","target":["https:\/\/kibrisdakik.com\/?p=33659#respond"]}]},{"@type":"WebPage","@id":"https:\/\/kibrisdakik.com\/?p=33659","url":"https:\/\/kibrisdakik.com\/?p=33659","name":"Tuncer Arifo\u011flu i\u00e7in UBP Genel Merkezi\u2019nde t\u00f6ren d\u00fczenlendi -","isPartOf":{"@id":"https:\/\/kibrisdakik.com\/#website"},"primaryImageOfPage":{"@id":"https:\/\/kibrisdakik.com\/?p=33659#primaryimage"},"image":{"@id":"https:\/\/kibrisdakik.com\/?p=33659#primaryimage"},"thumbnailUrl":"https:\/\/kibrisdakik.com\/wp-content\/uploads\/2024\/03\/tuncer-arifoglu-icin-ubp-genel-merkezinde-toren-duzenlendi-1710148993.webp.webp","datePublished":"2024-03-11T09:54:48+00:00","author":{"@id":"https:\/\/kibrisdakik.com\/#\/schema\/person\/9cd9d437bbb44f72b73ba127e06d8e79"},"breadcrumb":{"@id":"https:\/\/kibrisdakik.com\/?p=33659#breadcrumb"},"inLanguage":"tr","potentialAction":[{"@type":"ReadAction","target":["https:\/\/kibrisdakik.com\/?p=33659"]}]},{"@type":"ImageObject","inLanguage":"tr","@id":"https:\/\/kibrisdakik.com\/?p=33659#primaryimage","url":"https:\/\/kibrisdakik.com\/wp-content\/uploads\/2024\/03\/tuncer-arifoglu-icin-ubp-genel-merkezinde-toren-duzenlendi-1710148993.webp.webp","contentUrl":"https:\/\/kibrisdakik.com\/wp-content\/uploads\/2024\/03\/tuncer-arifoglu-icin-ubp-genel-merkezinde-toren-duzenlendi-1710148993.webp.webp","width":710,"height":370},{"@type":"BreadcrumbList","@id":"https:\/\/kibrisdakik.com\/?p=33659#breadcrumb","itemListElement":[{"@type":"ListItem","position":1,"name":"Home","item":"https:\/\/kibrisdakik.com\/"},{"@type":"ListItem","position":2,"name":"Tuncer Arifo\u011flu i\u00e7in UBP Genel Merkezi\u2019nde t\u00f6ren d\u00fczenlendi"}]},{"@type":"WebSite","@id":"https:\/\/kibrisdakik.com\/#website","url":"https:\/\/kibrisdakik.com\/","name":"","description":"Tam vaktinde haber","potentialAction":[{"@type":"SearchAction","target":{"@type":"EntryPoint","urlTemplate":"https:\/\/kibrisdakik.com\/?s={search_term_string}"},"query-input":{"@type":"PropertyValueSpecification","valueRequired":true,"valueName":"search_term_string"}}],"inLanguage":"tr"},{"@type":"Person","@id":"https:\/\/kibrisdakik.com\/#\/schema\/person\/9cd9d437bbb44f72b73ba127e06d8e79","name":"admin","image":{"@type":"ImageObject","inLanguage":"tr","@id":"https:\/\/secure.gravatar.com\/avatar\/ccc17943b9d660506c869530f897617f7cb1c21a4bf30023f252596d83e1f007?s=96&d=mm&r=g","url":"https:\/\/secure.gravatar.com\/avatar\/ccc17943b9d660506c869530f897617f7cb1c21a4bf30023f252596d83e1f007?s=96&d=mm&r=g","contentUrl":"https:\/\/secure.gravatar.com\/avatar\/ccc17943b9d660506c869530f897617f7cb1c21a4bf30023f252596d83e1f007?s=96&d=mm&r=g","caption":"admin"},"sameAs":["https:\/\/kibrisdakik.com"],"url":"https:\/\/kibrisdakik.com\/?author=1"}]}},"_links":{"self":[{"href":"https:\/\/kibrisdakik.com\/index.php?rest_route=\/wp\/v2\/posts\/33659","targetHints":{"allow":["GET"]}}],"collection":[{"href":"https:\/\/kibrisdakik.com\/index.php?rest_route=\/wp\/v2\/posts"}],"about":[{"href":"https:\/\/kibrisdakik.com\/index.php?rest_route=\/wp\/v2\/types\/post"}],"author":[{"embeddable":true,"href":"https:\/\/kibrisdakik.com\/index.php?rest_route=\/wp\/v2\/users\/1"}],"replies":[{"embeddable":true,"href":"https:\/\/kibrisdakik.com\/index.php?rest_route=%2Fwp%2Fv2%2Fcomments&post=33659"}],"version-history":[{"count":0,"href":"https:\/\/kibrisdakik.com\/index.php?rest_route=\/wp\/v2\/posts\/33659\/revisions"}],"wp:featuredmedia":[{"embeddable":true,"href":"https:\/\/kibrisdakik.com\/index.php?rest_route=\/wp\/v2\/media\/33660"}],"wp:attachment":[{"href":"https:\/\/kibrisdakik.com\/index.php?rest_route=%2Fwp%2Fv2%2Fmedia&parent=33659"}],"wp:term":[{"taxonomy":"category","embeddable":true,"href":"https:\/\/kibrisdakik.com\/index.php?rest_route=%2Fwp%2Fv2%2Fcategories&post=33659"},{"taxonomy":"post_tag","embeddable":true,"href":"https:\/\/kibrisdakik.com\/index.php?rest_route=%2Fwp%2Fv2%2Ftags&post=33659"}],"curies":[{"name":"wp","href":"https:\/\/api.w.org\/{rel}","templated":true}]}}