{"id":33673,"date":"2024-03-11T11:57:51","date_gmt":"2024-03-11T11:57:51","guid":{"rendered":"https:\/\/kibrisdakik.com\/index.php\/2024\/03\/11\/vitir-namazi-nasil-kilinir-kac-rekat-diyanete-gore-vitir-namazi-kilinisi\/"},"modified":"2024-03-11T11:57:51","modified_gmt":"2024-03-11T11:57:51","slug":"vitir-namazi-nasil-kilinir-kac-rekat-diyanete-gore-vitir-namazi-kilinisi","status":"publish","type":"post","link":"https:\/\/kibrisdakik.com\/?p=33673","title":{"rendered":"Vitir namaz\u0131 nas\u0131l k\u0131l\u0131n\u0131r, ka\u00e7 rekat? (Diyanet&#039;e g\u00f6re vitir namaz\u0131 k\u0131l\u0131n\u0131\u015f\u0131)"},"content":{"rendered":"<p><\/p>\n<p>Her ramazan ay\u0131nda teravih namaz\u0131 sonras\u0131nda k\u0131l\u0131nan vitir namaz\u0131n\u0131n k\u0131l\u0131n\u0131\u015f\u0131 merak ediliyor. \u0130lk defa vitir namaz\u0131 k\u0131lacak olan vatanda\u015flar, Diyanet \u0130\u015fleri Ba\u015fkanl\u0131\u011f\u0131 taraf\u0131ndan vitir namaz\u0131n\u0131n k\u0131l\u0131n\u0131\u015f\u0131n\u0131 ara\u015ft\u0131r\u0131yor. Yats\u0131 namaz\u0131ndan sonra k\u0131l\u0131nan ve sonu 1,3,5,7 gibi tek rekatl\u0131 olan bir namazd\u0131r. Peki, vitir namaz\u0131 nas\u0131l k\u0131l\u0131n\u0131r?<\/p>\n<p><img decoding=\"async\" alt=\"Vitir namaz\u0131 nas\u0131l k\u0131l\u0131n\u0131r, ka\u00e7 rekat? (Diyanet'e g\u00f6re vitir namaz\u0131 k\u0131l\u0131n\u0131\u015f\u0131) - 2\" src=\"https:\/\/cdn1.ntv.com.tr\/gorsel\/1VObdPvGJU6JYxYUGPcD7Q.jpg?width=1000&amp;mode=both&amp;scale=both&amp;v=1710147901873\" style=\"height:575px;width:767px\" \/><\/p>\n<h2>&nbsp;V\u0130T\u0130R NAMAZI KA\u00c7 REKAT?<\/h2>\n<p>&#8216;Vitir&#8217; Arap\u00e7a k\u00f6kenli bir kelimedir ve &#8216;tek&#8217;, &#8216;tek ba\u015f\u0131na olan&#8217; anlam\u0131na gelir. Yats\u0131 namaz\u0131ndan sonra k\u0131l\u0131nan ve sonu 1,3,5,7 gibi tek rekatl\u0131 olan bir namazd\u0131r. Bu konudaki uygulama Peygamberin gece namaz\u0131n\u0131n sonlar\u0131n\u0131n her zaman tek rekatl\u0131 olmas\u0131na dayan\u0131r. Bu konudaki rivayetler kesindir. Kesin olmayan ise bunun rekat say\u0131s\u0131d\u0131r. Bu konudaki hadisler \u015funlard\u0131r<\/p>\n<p>&#8220;Ey Kur\u2019an ehli, vitir namaz\u0131n\u0131 k\u0131l\u0131n! \u00c7\u00fcnk\u00fc Allah tektir, tek&#8217;i sever.&#8221;<\/p>\n<p>&#8220;Vitir hakt\u0131r. Be\u015f rekat ile vitir namaz\u0131n\u0131 k\u0131lmak isteyen k\u0131ls\u0131n. \u00dc\u00e7 rekat ile k\u0131lmak isteyen k\u0131ls\u0131n ve tek rekat ile k\u0131lmak isteyen yine k\u0131ls\u0131n.&#8221;<\/p>\n<p><img decoding=\"async\" alt=\"Vitir namaz\u0131 nas\u0131l k\u0131l\u0131n\u0131r, ka\u00e7 rekat? (Diyanet'e g\u00f6re vitir namaz\u0131 k\u0131l\u0131n\u0131\u015f\u0131) - 3\" src=\"https:\/\/cdn1.ntv.com.tr\/gorsel\/ahYJgvX_d0Wfo3xqAydHYw.jpg?width=1000&amp;mode=both&amp;scale=both&amp;v=1710147901873\" style=\"height:575px;width:767px\" \/><\/p>\n<h2>V\u0130T\u0130R NAMAZI NASIL KILINIR?<\/h2>\n<p>Vitir namaz\u0131n\u0131n her rek\u00e2t\u0131nda F\u00e2tiha ve ard\u0131ndan bir s\u00fbre ya da birka\u00e7 \u00e2yet okunur. \u0130kinci rek\u00e2t\u0131n sonunda oturularak sadece tahiyy\u00e2t duas\u0131 okunur.<\/p>\n<p>\u00dc\u00e7\u00fcnc\u00fc rek\u00e2tta k\u0131raat tamamland\u0131ktan (F\u00e2tiha ve ard\u0131ndan bir s\u00fbre ya da birka\u00e7 \u00e2yet okunduktan) sonra eller kulaklara kadar kald\u0131r\u0131larak tekbir al\u0131n\u0131r ve kunut dualar\u0131 okunur.<\/p>\n<p>Vacib olan bu namaz yats\u0131 namaz\u0131 k\u0131l\u0131nd\u0131ktan sonra sabah namaz\u0131n\u0131n vakti girinceye kadar herhangi bir zamanda k\u0131l\u0131nabilir.<\/p>\n<p>Zira Hz. Peygamber (s.a.s.), \u201cVitir namaz\u0131n\u0131 yats\u0131 namaz\u0131 ile tan yerinin a\u011farmas\u0131 aras\u0131nda k\u0131l\u0131n\u201d buyurmu\u015ftur.<\/p>\n<p>Uyanabilecek olan kimsenin vitir namaz\u0131n\u0131 gecenin sonunda, yani imsak vaktinden bir m\u00fcddet \u00f6nce k\u0131lmas\u0131 daha faziletlidir. Ancak uyanamayaca\u011f\u0131na dair endi\u015fe ta\u015f\u0131yan kimsenin, vitir namaz\u0131n\u0131 uyumadan \u00f6nce k\u0131lmas\u0131 uygun olur.<\/p>\n<p>Vaktinde k\u0131l\u0131namayan vitir namaz\u0131n\u0131n daha sonra kaza edilmesi vaciptir. Di\u011fer mezheplere g\u00f6re ise vitir namaz\u0131 k\u0131lmak s\u00fcnnettir.<\/p>\n<p><img decoding=\"async\" alt=\"Vitir namaz\u0131 nas\u0131l k\u0131l\u0131n\u0131r, ka\u00e7 rekat? (Diyanet'e g\u00f6re vitir namaz\u0131 k\u0131l\u0131n\u0131\u015f\u0131) - 4\" src=\"https:\/\/cdn1.ntv.com.tr\/gorsel\/URhlHBVZxE2ln7v4qXLZgg.jpg?width=1000&amp;mode=both&amp;scale=both&amp;v=1710147901873\" style=\"height:575px;width:767px\" \/><\/p>\n<h2>MEZHEPLERE G\u00d6RE V\u0130T\u0130R NAMAZININ REKAT SAYISI<\/h2>\n<p>Hanef\u00eelere g\u00f6re, vitir namaz\u0131 \u00fc\u00e7 rekatt\u0131r ve sonunda selam verilir.<\/p>\n<p>\u015e\u00e2fi\u00eelere g\u00f6re vitir namaz\u0131n\u0131n en az\u0131 bir rekat, en \u00e7o\u011fu on bir rekatt\u0131r. Bir rekattan fazla k\u0131l\u0131nacaksa, \u00f6nce iki rekata niyet edilir ve sonunda selam verilir. Sonra vitir namaz\u0131n\u0131n bir rekat\u0131na niyet edilir ve sonunda selam verilir.<\/p>\n<p>M\u00e2lik\u00eelere g\u00f6re vitir namaz\u0131 bir rekatt\u0131r. Ondan \u00f6nce yats\u0131n\u0131n farz\u0131ndan sonra k\u0131l\u0131nan iki rekat s\u00fcnnet bulunur. Bunlar\u0131n aras\u0131 selam ile ayr\u0131l\u0131r.<\/p>\n<p>Hanbel\u00eelere g\u00f6re de, vitir namaz\u0131 bir rekatt\u0131r. Fakat \u00fc\u00e7 veya daha \u00e7ok rekat olarak da k\u0131l\u0131nabilir.<\/p>\n","protected":false},"excerpt":{"rendered":"<p>Her ramazan ay\u0131nda teravih namaz\u0131 sonras\u0131nda k\u0131l\u0131nan vitir namaz\u0131n\u0131n k\u0131l\u0131n\u0131\u015f\u0131 merak ediliyor. \u0130lk defa vitir namaz\u0131 k\u0131lacak olan vatanda\u015flar, Diyanet \u0130\u015fleri Ba\u015fkanl\u0131\u011f\u0131 taraf\u0131ndan vitir namaz\u0131n\u0131n k\u0131l\u0131n\u0131\u015f\u0131n\u0131 ara\u015ft\u0131r\u0131yor. Yats\u0131 namaz\u0131ndan sonra k\u0131l\u0131nan ve sonu 1,3,5,7 gibi tek rekatl\u0131 olan bir namazd\u0131r. Peki, vitir namaz\u0131 nas\u0131l k\u0131l\u0131n\u0131r? &nbsp;V\u0130T\u0130R NAMAZI KA\u00c7 REKAT? &#8216;Vitir&#8217; Arap\u00e7a k\u00f6kenli bir kelimedir ve<\/p>\n","protected":false},"author":1,"featured_media":33674,"comment_status":"open","ping_status":"open","sticky":false,"template":"","format":"standard","meta":{"footnotes":""},"categories":[85],"tags":[],"class_list":["post-33673","post","type-post","status-publish","format-standard","has-post-thumbnail","hentry","category-spor"],"yoast_head":"<!-- This site is optimized with the Yoast SEO plugin v27.5 - https:\/\/yoast.com\/product\/yoast-seo-wordpress\/ -->\n<title>Vitir namaz\u0131 nas\u0131l k\u0131l\u0131n\u0131r, ka\u00e7 rekat? (Diyanet&#039;e g\u00f6re vitir namaz\u0131 k\u0131l\u0131n\u0131\u015f\u0131) -<\/title>\n<meta name=\"robots\" content=\"index, follow, max-snippet:-1, max-image-preview:large, max-video-preview:-1\" \/>\n<link rel=\"canonical\" href=\"https:\/\/kibrisdakik.com\/?p=33673\" \/>\n<meta property=\"og:locale\" content=\"tr_TR\" \/>\n<meta property=\"og:type\" content=\"article\" \/>\n<meta property=\"og:title\" content=\"Vitir namaz\u0131 nas\u0131l k\u0131l\u0131n\u0131r, ka\u00e7 rekat? (Diyanet&#039;e g\u00f6re vitir namaz\u0131 k\u0131l\u0131n\u0131\u015f\u0131) -\" \/>\n<meta property=\"og:description\" content=\"Her ramazan ay\u0131nda teravih namaz\u0131 sonras\u0131nda k\u0131l\u0131nan vitir namaz\u0131n\u0131n k\u0131l\u0131n\u0131\u015f\u0131 merak ediliyor. \u0130lk defa vitir namaz\u0131 k\u0131lacak olan vatanda\u015flar, Diyanet \u0130\u015fleri Ba\u015fkanl\u0131\u011f\u0131 taraf\u0131ndan vitir namaz\u0131n\u0131n k\u0131l\u0131n\u0131\u015f\u0131n\u0131 ara\u015ft\u0131r\u0131yor. Yats\u0131 namaz\u0131ndan sonra k\u0131l\u0131nan ve sonu 1,3,5,7 gibi tek rekatl\u0131 olan bir namazd\u0131r. Peki, vitir namaz\u0131 nas\u0131l k\u0131l\u0131n\u0131r? &nbsp;V\u0130T\u0130R NAMAZI KA\u00c7 REKAT? &#8216;Vitir&#8217; Arap\u00e7a k\u00f6kenli bir kelimedir ve\" \/>\n<meta property=\"og:url\" content=\"https:\/\/kibrisdakik.com\/?p=33673\" \/>\n<meta property=\"article:published_time\" content=\"2024-03-11T11:57:51+00:00\" \/>\n<meta property=\"og:image\" content=\"https:\/\/kibrisdakik.com\/wp-content\/uploads\/2024\/03\/1VObdPvGJU6JYxYUGPcD7Q-740x420.jpg\" \/>\n\t<meta property=\"og:image:width\" content=\"1000\" \/>\n\t<meta property=\"og:image:height\" content=\"562\" \/>\n\t<meta property=\"og:image:type\" content=\"image\/jpeg\" \/>\n<meta name=\"author\" content=\"admin\" \/>\n<meta name=\"twitter:card\" content=\"summary_large_image\" \/>\n<meta name=\"twitter:label1\" content=\"Yazan:\" \/>\n\t<meta name=\"twitter:data1\" content=\"admin\" \/>\n\t<meta name=\"twitter:label2\" content=\"Tahmini okuma s\u00fcresi\" \/>\n\t<meta name=\"twitter:data2\" content=\"3 dakika\" \/>\n<script type=\"application\/ld+json\" class=\"yoast-schema-graph\">{\"@context\":\"https:\\\/\\\/schema.org\",\"@graph\":[{\"@type\":\"Article\",\"@id\":\"https:\\\/\\\/kibrisdakik.com\\\/?p=33673#article\",\"isPartOf\":{\"@id\":\"https:\\\/\\\/kibrisdakik.com\\\/?p=33673\"},\"author\":{\"name\":\"admin\",\"@id\":\"https:\\\/\\\/kibrisdakik.com\\\/#\\\/schema\\\/person\\\/9cd9d437bbb44f72b73ba127e06d8e79\"},\"headline\":\"Vitir namaz\u0131 nas\u0131l k\u0131l\u0131n\u0131r, ka\u00e7 rekat? (Diyanet&#039;e g\u00f6re vitir namaz\u0131 k\u0131l\u0131n\u0131\u015f\u0131)\",\"datePublished\":\"2024-03-11T11:57:51+00:00\",\"mainEntityOfPage\":{\"@id\":\"https:\\\/\\\/kibrisdakik.com\\\/?p=33673\"},\"wordCount\":521,\"commentCount\":0,\"image\":{\"@id\":\"https:\\\/\\\/kibrisdakik.com\\\/?p=33673#primaryimage\"},\"thumbnailUrl\":\"https:\\\/\\\/kibrisdakik.com\\\/wp-content\\\/uploads\\\/2024\\\/03\\\/1VObdPvGJU6JYxYUGPcD7Q-740x420.jpg\",\"articleSection\":[\"Spor\"],\"inLanguage\":\"tr\",\"potentialAction\":[{\"@type\":\"CommentAction\",\"name\":\"Comment\",\"target\":[\"https:\\\/\\\/kibrisdakik.com\\\/?p=33673#respond\"]}]},{\"@type\":\"WebPage\",\"@id\":\"https:\\\/\\\/kibrisdakik.com\\\/?p=33673\",\"url\":\"https:\\\/\\\/kibrisdakik.com\\\/?p=33673\",\"name\":\"Vitir namaz\u0131 nas\u0131l k\u0131l\u0131n\u0131r, ka\u00e7 rekat? (Diyanet&#039;e g\u00f6re vitir namaz\u0131 k\u0131l\u0131n\u0131\u015f\u0131) -\",\"isPartOf\":{\"@id\":\"https:\\\/\\\/kibrisdakik.com\\\/#website\"},\"primaryImageOfPage\":{\"@id\":\"https:\\\/\\\/kibrisdakik.com\\\/?p=33673#primaryimage\"},\"image\":{\"@id\":\"https:\\\/\\\/kibrisdakik.com\\\/?p=33673#primaryimage\"},\"thumbnailUrl\":\"https:\\\/\\\/kibrisdakik.com\\\/wp-content\\\/uploads\\\/2024\\\/03\\\/1VObdPvGJU6JYxYUGPcD7Q-740x420.jpg\",\"datePublished\":\"2024-03-11T11:57:51+00:00\",\"author\":{\"@id\":\"https:\\\/\\\/kibrisdakik.com\\\/#\\\/schema\\\/person\\\/9cd9d437bbb44f72b73ba127e06d8e79\"},\"breadcrumb\":{\"@id\":\"https:\\\/\\\/kibrisdakik.com\\\/?p=33673#breadcrumb\"},\"inLanguage\":\"tr\",\"potentialAction\":[{\"@type\":\"ReadAction\",\"target\":[\"https:\\\/\\\/kibrisdakik.com\\\/?p=33673\"]}]},{\"@type\":\"ImageObject\",\"inLanguage\":\"tr\",\"@id\":\"https:\\\/\\\/kibrisdakik.com\\\/?p=33673#primaryimage\",\"url\":\"https:\\\/\\\/kibrisdakik.com\\\/wp-content\\\/uploads\\\/2024\\\/03\\\/1VObdPvGJU6JYxYUGPcD7Q-740x420.jpg\",\"contentUrl\":\"https:\\\/\\\/kibrisdakik.com\\\/wp-content\\\/uploads\\\/2024\\\/03\\\/1VObdPvGJU6JYxYUGPcD7Q-740x420.jpg\",\"width\":1000,\"height\":562},{\"@type\":\"BreadcrumbList\",\"@id\":\"https:\\\/\\\/kibrisdakik.com\\\/?p=33673#breadcrumb\",\"itemListElement\":[{\"@type\":\"ListItem\",\"position\":1,\"name\":\"Home\",\"item\":\"https:\\\/\\\/kibrisdakik.com\\\/\"},{\"@type\":\"ListItem\",\"position\":2,\"name\":\"Vitir namaz\u0131 nas\u0131l k\u0131l\u0131n\u0131r, ka\u00e7 rekat? (Diyanet&#039;e g\u00f6re vitir namaz\u0131 k\u0131l\u0131n\u0131\u015f\u0131)\"}]},{\"@type\":\"WebSite\",\"@id\":\"https:\\\/\\\/kibrisdakik.com\\\/#website\",\"url\":\"https:\\\/\\\/kibrisdakik.com\\\/\",\"name\":\"\",\"description\":\"Tam vaktinde haber\",\"potentialAction\":[{\"@type\":\"SearchAction\",\"target\":{\"@type\":\"EntryPoint\",\"urlTemplate\":\"https:\\\/\\\/kibrisdakik.com\\\/?s={search_term_string}\"},\"query-input\":{\"@type\":\"PropertyValueSpecification\",\"valueRequired\":true,\"valueName\":\"search_term_string\"}}],\"inLanguage\":\"tr\"},{\"@type\":\"Person\",\"@id\":\"https:\\\/\\\/kibrisdakik.com\\\/#\\\/schema\\\/person\\\/9cd9d437bbb44f72b73ba127e06d8e79\",\"name\":\"admin\",\"image\":{\"@type\":\"ImageObject\",\"inLanguage\":\"tr\",\"@id\":\"https:\\\/\\\/secure.gravatar.com\\\/avatar\\\/ccc17943b9d660506c869530f897617f7cb1c21a4bf30023f252596d83e1f007?s=96&d=mm&r=g\",\"url\":\"https:\\\/\\\/secure.gravatar.com\\\/avatar\\\/ccc17943b9d660506c869530f897617f7cb1c21a4bf30023f252596d83e1f007?s=96&d=mm&r=g\",\"contentUrl\":\"https:\\\/\\\/secure.gravatar.com\\\/avatar\\\/ccc17943b9d660506c869530f897617f7cb1c21a4bf30023f252596d83e1f007?s=96&d=mm&r=g\",\"caption\":\"admin\"},\"sameAs\":[\"https:\\\/\\\/kibrisdakik.com\"],\"url\":\"https:\\\/\\\/kibrisdakik.com\\\/?author=1\"}]}<\/script>\n<!-- \/ Yoast SEO plugin. -->","yoast_head_json":{"title":"Vitir namaz\u0131 nas\u0131l k\u0131l\u0131n\u0131r, ka\u00e7 rekat? (Diyanet&#039;e g\u00f6re vitir namaz\u0131 k\u0131l\u0131n\u0131\u015f\u0131) -","robots":{"index":"index","follow":"follow","max-snippet":"max-snippet:-1","max-image-preview":"max-image-preview:large","max-video-preview":"max-video-preview:-1"},"canonical":"https:\/\/kibrisdakik.com\/?p=33673","og_locale":"tr_TR","og_type":"article","og_title":"Vitir namaz\u0131 nas\u0131l k\u0131l\u0131n\u0131r, ka\u00e7 rekat? (Diyanet&#039;e g\u00f6re vitir namaz\u0131 k\u0131l\u0131n\u0131\u015f\u0131) -","og_description":"Her ramazan ay\u0131nda teravih namaz\u0131 sonras\u0131nda k\u0131l\u0131nan vitir namaz\u0131n\u0131n k\u0131l\u0131n\u0131\u015f\u0131 merak ediliyor. \u0130lk defa vitir namaz\u0131 k\u0131lacak olan vatanda\u015flar, Diyanet \u0130\u015fleri Ba\u015fkanl\u0131\u011f\u0131 taraf\u0131ndan vitir namaz\u0131n\u0131n k\u0131l\u0131n\u0131\u015f\u0131n\u0131 ara\u015ft\u0131r\u0131yor. Yats\u0131 namaz\u0131ndan sonra k\u0131l\u0131nan ve sonu 1,3,5,7 gibi tek rekatl\u0131 olan bir namazd\u0131r. Peki, vitir namaz\u0131 nas\u0131l k\u0131l\u0131n\u0131r? &nbsp;V\u0130T\u0130R NAMAZI KA\u00c7 REKAT? &#8216;Vitir&#8217; Arap\u00e7a k\u00f6kenli bir kelimedir ve","og_url":"https:\/\/kibrisdakik.com\/?p=33673","article_published_time":"2024-03-11T11:57:51+00:00","og_image":[{"width":1000,"height":562,"url":"https:\/\/kibrisdakik.com\/wp-content\/uploads\/2024\/03\/1VObdPvGJU6JYxYUGPcD7Q-740x420.jpg","type":"image\/jpeg"}],"author":"admin","twitter_card":"summary_large_image","twitter_misc":{"Yazan:":"admin","Tahmini okuma s\u00fcresi":"3 dakika"},"schema":{"@context":"https:\/\/schema.org","@graph":[{"@type":"Article","@id":"https:\/\/kibrisdakik.com\/?p=33673#article","isPartOf":{"@id":"https:\/\/kibrisdakik.com\/?p=33673"},"author":{"name":"admin","@id":"https:\/\/kibrisdakik.com\/#\/schema\/person\/9cd9d437bbb44f72b73ba127e06d8e79"},"headline":"Vitir namaz\u0131 nas\u0131l k\u0131l\u0131n\u0131r, ka\u00e7 rekat? (Diyanet&#039;e g\u00f6re vitir namaz\u0131 k\u0131l\u0131n\u0131\u015f\u0131)","datePublished":"2024-03-11T11:57:51+00:00","mainEntityOfPage":{"@id":"https:\/\/kibrisdakik.com\/?p=33673"},"wordCount":521,"commentCount":0,"image":{"@id":"https:\/\/kibrisdakik.com\/?p=33673#primaryimage"},"thumbnailUrl":"https:\/\/kibrisdakik.com\/wp-content\/uploads\/2024\/03\/1VObdPvGJU6JYxYUGPcD7Q-740x420.jpg","articleSection":["Spor"],"inLanguage":"tr","potentialAction":[{"@type":"CommentAction","name":"Comment","target":["https:\/\/kibrisdakik.com\/?p=33673#respond"]}]},{"@type":"WebPage","@id":"https:\/\/kibrisdakik.com\/?p=33673","url":"https:\/\/kibrisdakik.com\/?p=33673","name":"Vitir namaz\u0131 nas\u0131l k\u0131l\u0131n\u0131r, ka\u00e7 rekat? (Diyanet&#039;e g\u00f6re vitir namaz\u0131 k\u0131l\u0131n\u0131\u015f\u0131) -","isPartOf":{"@id":"https:\/\/kibrisdakik.com\/#website"},"primaryImageOfPage":{"@id":"https:\/\/kibrisdakik.com\/?p=33673#primaryimage"},"image":{"@id":"https:\/\/kibrisdakik.com\/?p=33673#primaryimage"},"thumbnailUrl":"https:\/\/kibrisdakik.com\/wp-content\/uploads\/2024\/03\/1VObdPvGJU6JYxYUGPcD7Q-740x420.jpg","datePublished":"2024-03-11T11:57:51+00:00","author":{"@id":"https:\/\/kibrisdakik.com\/#\/schema\/person\/9cd9d437bbb44f72b73ba127e06d8e79"},"breadcrumb":{"@id":"https:\/\/kibrisdakik.com\/?p=33673#breadcrumb"},"inLanguage":"tr","potentialAction":[{"@type":"ReadAction","target":["https:\/\/kibrisdakik.com\/?p=33673"]}]},{"@type":"ImageObject","inLanguage":"tr","@id":"https:\/\/kibrisdakik.com\/?p=33673#primaryimage","url":"https:\/\/kibrisdakik.com\/wp-content\/uploads\/2024\/03\/1VObdPvGJU6JYxYUGPcD7Q-740x420.jpg","contentUrl":"https:\/\/kibrisdakik.com\/wp-content\/uploads\/2024\/03\/1VObdPvGJU6JYxYUGPcD7Q-740x420.jpg","width":1000,"height":562},{"@type":"BreadcrumbList","@id":"https:\/\/kibrisdakik.com\/?p=33673#breadcrumb","itemListElement":[{"@type":"ListItem","position":1,"name":"Home","item":"https:\/\/kibrisdakik.com\/"},{"@type":"ListItem","position":2,"name":"Vitir namaz\u0131 nas\u0131l k\u0131l\u0131n\u0131r, ka\u00e7 rekat? (Diyanet&#039;e g\u00f6re vitir namaz\u0131 k\u0131l\u0131n\u0131\u015f\u0131)"}]},{"@type":"WebSite","@id":"https:\/\/kibrisdakik.com\/#website","url":"https:\/\/kibrisdakik.com\/","name":"","description":"Tam vaktinde haber","potentialAction":[{"@type":"SearchAction","target":{"@type":"EntryPoint","urlTemplate":"https:\/\/kibrisdakik.com\/?s={search_term_string}"},"query-input":{"@type":"PropertyValueSpecification","valueRequired":true,"valueName":"search_term_string"}}],"inLanguage":"tr"},{"@type":"Person","@id":"https:\/\/kibrisdakik.com\/#\/schema\/person\/9cd9d437bbb44f72b73ba127e06d8e79","name":"admin","image":{"@type":"ImageObject","inLanguage":"tr","@id":"https:\/\/secure.gravatar.com\/avatar\/ccc17943b9d660506c869530f897617f7cb1c21a4bf30023f252596d83e1f007?s=96&d=mm&r=g","url":"https:\/\/secure.gravatar.com\/avatar\/ccc17943b9d660506c869530f897617f7cb1c21a4bf30023f252596d83e1f007?s=96&d=mm&r=g","contentUrl":"https:\/\/secure.gravatar.com\/avatar\/ccc17943b9d660506c869530f897617f7cb1c21a4bf30023f252596d83e1f007?s=96&d=mm&r=g","caption":"admin"},"sameAs":["https:\/\/kibrisdakik.com"],"url":"https:\/\/kibrisdakik.com\/?author=1"}]}},"_links":{"self":[{"href":"https:\/\/kibrisdakik.com\/index.php?rest_route=\/wp\/v2\/posts\/33673","targetHints":{"allow":["GET"]}}],"collection":[{"href":"https:\/\/kibrisdakik.com\/index.php?rest_route=\/wp\/v2\/posts"}],"about":[{"href":"https:\/\/kibrisdakik.com\/index.php?rest_route=\/wp\/v2\/types\/post"}],"author":[{"embeddable":true,"href":"https:\/\/kibrisdakik.com\/index.php?rest_route=\/wp\/v2\/users\/1"}],"replies":[{"embeddable":true,"href":"https:\/\/kibrisdakik.com\/index.php?rest_route=%2Fwp%2Fv2%2Fcomments&post=33673"}],"version-history":[{"count":0,"href":"https:\/\/kibrisdakik.com\/index.php?rest_route=\/wp\/v2\/posts\/33673\/revisions"}],"wp:featuredmedia":[{"embeddable":true,"href":"https:\/\/kibrisdakik.com\/index.php?rest_route=\/wp\/v2\/media\/33674"}],"wp:attachment":[{"href":"https:\/\/kibrisdakik.com\/index.php?rest_route=%2Fwp%2Fv2%2Fmedia&parent=33673"}],"wp:term":[{"taxonomy":"category","embeddable":true,"href":"https:\/\/kibrisdakik.com\/index.php?rest_route=%2Fwp%2Fv2%2Fcategories&post=33673"},{"taxonomy":"post_tag","embeddable":true,"href":"https:\/\/kibrisdakik.com\/index.php?rest_route=%2Fwp%2Fv2%2Ftags&post=33673"}],"curies":[{"name":"wp","href":"https:\/\/api.w.org\/{rel}","templated":true}]}}