{"id":33698,"date":"2024-03-11T14:40:00","date_gmt":"2024-03-11T14:40:00","guid":{"rendered":"https:\/\/kibrisdakik.com\/index.php\/2024\/03\/11\/ctp-filistin-sorunu-ortadogu-ve-otesi-baslikli-panel-duzenleniyor\/"},"modified":"2024-03-11T14:40:00","modified_gmt":"2024-03-11T14:40:00","slug":"ctp-filistin-sorunu-ortadogu-ve-otesi-baslikli-panel-duzenleniyor","status":"publish","type":"post","link":"https:\/\/kibrisdakik.com\/?p=33698","title":{"rendered":"CTP, \u201cFilistin Sorunu, Ortado\u011fu ve \u00d6tesi\u201d ba\u015fl\u0131kl\u0131 panel d\u00fczenleniyor"},"content":{"rendered":"<p><img decoding=\"async\" src=\"https:\/\/www.kibristurk.com\/images\/haberler\/2024\/03\/ctp-filistin-sorunu-ortadogu-ve-otesi-baslikli-panel-duzenleniyor-1710168204.webp\" \/><\/p>\n<p style=\"text-align:left\"><span style=\"font-size:16px\"><span style=\"font-family:Merriweather,serif !important\"><span style=\"color:#000000\"><span style=\"background-color:#ffffff\">Partiden yap\u0131lan a\u00e7\u0131klamaya g\u00f6re, CTP e\u011fitim merkezi PEMER taraf\u0131ndan organize dilen panel, 14 Mart Per\u015fembe ak\u015fam\u0131 19.00\u2019da KTAMS Bar\u0131\u015f Salonunda yer alacak. Panelde gazeteci yazar Fehim Ta\u015ftekin, akademisyenler Prof. Dr. Nur K\u00f6pr\u00fcl\u00fc ve Prof. Dr. Omar Mustafa konu\u015facak.<\/span><\/span><\/span><\/span><\/p>\n<p style=\"text-align:left\"><span style=\"font-size:16px\"><span style=\"font-family:Merriweather,serif !important\"><span style=\"color:#000000\"><span style=\"background-color:#ffffff\">A\u00e7\u0131klamada, Birle\u015fmi\u015f Milletler de dahil bir\u00e7ok uluslararas\u0131 \u00f6rg\u00fct taraf\u0131ndan &#8220;Bitmek bilmeyen ve derinle\u015fen bir trajedi, yery\u00fcz\u00fcndeki cehennem&#8221; olarak tan\u0131mlanan Gazze\u2019de ya\u015fananlar\u0131n b\u00fcy\u00fck bir insanl\u0131k ay\u0131b\u0131 olarak durmaya devam etti\u011fine i\u015faret edildi.<\/span><\/span><\/span><\/span><\/p>\n<p style=\"text-align:left\"><span style=\"font-size:16px\"><span style=\"font-family:Merriweather,serif !important\"><span style=\"color:#000000\"><span style=\"background-color:#ffffff\">CTP\u2019nin panelle ilgili a\u00e7\u0131klamas\u0131nda \u015f\u00f6yle denildi:<\/span><\/span><\/span><\/span><\/p>\n<p style=\"text-align:left\"><span style=\"font-size:16px\"><span style=\"font-family:Merriweather,serif !important\"><span style=\"color:#000000\"><span style=\"background-color:#ffffff\">\u201cSava\u015flar, insanl\u0131\u011f\u0131n en karanl\u0131k anlar\u0131n\u0131, y\u0131k\u0131m\u0131n\u0131 ve ac\u0131lar\u0131n\u0131 temsil ederken, en b\u00fcy\u00fck insanl\u0131k ay\u0131b\u0131 ve barbarl\u0131\u011f\u0131n ta kendisidir. CTP, barbarl\u0131\u011fa kar\u015f\u0131 insanl\u0131ktan ve uygarl\u0131ktan yana taraf olmak bilinciyle bu karanl\u0131k s\u00fcreci yak\u0131ndan takip etmektedir. Ba\u015fta Filistin Sorunu olmak \u00fczere Ortado\u011fu\u2019da ya\u015fananlar\u0131 daha iyi anlamak, yan\u0131 ba\u015f\u0131m\u0131zdaki co\u011frafyada olup-bitenlere daha g\u00fc\u00e7l\u00fc ses vermek i\u00e7in b\u00f6lgede ya\u015fananlar\u0131 en iyi analiz edebilen, alan\u0131nda uzman akademisyenlerle \u2018Filistin Sorunu, Ortado\u011fu ve \u00d6tesi Paneli\u2019 ger\u00e7ekle\u015ftiriyoruz.<\/span><\/span><\/span><\/span><\/p>\n<p style=\"text-align:left\"><span style=\"font-size:16px\"><span style=\"font-family:Merriweather,serif !important\"><span style=\"color:#000000\"><span style=\"background-color:#ffffff\">Partimizin e\u011fitim merkezi PEMER taraf\u0131n organize edilen panelde; b\u00f6lgede ya\u015fananlar\u0131 en yak\u0131ndan takip eden gazeteci yazar Fehim Ta\u015ftekin, yine b\u00f6lgedeki siyasi geli\u015fmeleri bize en iyi aktarabilecek \u00fclkemizin \u00f6nde gelen Uluslararas\u0131 \u0130li\u015fkiler B\u00f6l\u00fcm\u00fc akademisyenlerinden Prof. Dr. Nur K\u00f6pr\u00fcl\u00fc ve o co\u011frafyay\u0131 yak\u0131ndan tan\u0131yan Prof. Dr. Omar Mustafa\u2019n\u0131n panelist olarak yer alacakt\u0131r. 14 Mart 2024 Per\u015fembe g\u00fcn\u00fc, saat 19.00\u2019da KTAMS Bar\u0131\u015f Salonunda ger\u00e7ekle\u015ftirilecek panele t\u00fcm halk\u0131m\u0131z davetlidir.\u201d<\/span><\/span><\/span><\/span><\/p>\n","protected":false},"excerpt":{"rendered":"<p>Partiden yap\u0131lan a\u00e7\u0131klamaya g\u00f6re, CTP e\u011fitim merkezi PEMER taraf\u0131ndan organize dilen panel, 14 Mart Per\u015fembe ak\u015fam\u0131 19.00\u2019da KTAMS Bar\u0131\u015f Salonunda yer alacak. Panelde gazeteci yazar Fehim Ta\u015ftekin, akademisyenler Prof. Dr. Nur K\u00f6pr\u00fcl\u00fc ve Prof. Dr. Omar Mustafa konu\u015facak. A\u00e7\u0131klamada, Birle\u015fmi\u015f Milletler de dahil bir\u00e7ok uluslararas\u0131 \u00f6rg\u00fct taraf\u0131ndan &#8220;Bitmek bilmeyen ve derinle\u015fen bir trajedi, yery\u00fcz\u00fcndeki cehennem&#8221;<\/p>\n","protected":false},"author":1,"featured_media":33699,"comment_status":"open","ping_status":"open","sticky":false,"template":"","format":"standard","meta":{"footnotes":""},"categories":[1],"tags":[],"class_list":["post-33698","post","type-post","status-publish","format-standard","has-post-thumbnail","hentry","category-gundem"],"yoast_head":"<!-- This site is optimized with the Yoast SEO plugin v27.5 - https:\/\/yoast.com\/product\/yoast-seo-wordpress\/ -->\n<title>CTP, \u201cFilistin Sorunu, Ortado\u011fu ve \u00d6tesi\u201d ba\u015fl\u0131kl\u0131 panel d\u00fczenleniyor -<\/title>\n<meta name=\"robots\" content=\"index, follow, max-snippet:-1, max-image-preview:large, max-video-preview:-1\" \/>\n<link rel=\"canonical\" href=\"https:\/\/kibrisdakik.com\/?p=33698\" \/>\n<meta property=\"og:locale\" content=\"tr_TR\" \/>\n<meta property=\"og:type\" content=\"article\" \/>\n<meta property=\"og:title\" content=\"CTP, \u201cFilistin Sorunu, Ortado\u011fu ve \u00d6tesi\u201d ba\u015fl\u0131kl\u0131 panel d\u00fczenleniyor -\" \/>\n<meta property=\"og:description\" content=\"Partiden yap\u0131lan a\u00e7\u0131klamaya g\u00f6re, CTP e\u011fitim merkezi PEMER taraf\u0131ndan organize dilen panel, 14 Mart Per\u015fembe ak\u015fam\u0131 19.00\u2019da KTAMS Bar\u0131\u015f Salonunda yer alacak. Panelde gazeteci yazar Fehim Ta\u015ftekin, akademisyenler Prof. Dr. Nur K\u00f6pr\u00fcl\u00fc ve Prof. Dr. Omar Mustafa konu\u015facak. A\u00e7\u0131klamada, Birle\u015fmi\u015f Milletler de dahil bir\u00e7ok uluslararas\u0131 \u00f6rg\u00fct taraf\u0131ndan &#8220;Bitmek bilmeyen ve derinle\u015fen bir trajedi, yery\u00fcz\u00fcndeki cehennem&#8221;\" \/>\n<meta property=\"og:url\" content=\"https:\/\/kibrisdakik.com\/?p=33698\" \/>\n<meta property=\"article:published_time\" content=\"2024-03-11T14:40:00+00:00\" \/>\n<meta property=\"og:image\" content=\"https:\/\/kibrisdakik.com\/wp-content\/uploads\/2024\/03\/ctp-filistin-sorunu-ortadogu-ve-otesi-baslikli-panel-duzenleniyor-1710168204.webp.webp\" \/>\n\t<meta property=\"og:image:width\" content=\"710\" \/>\n\t<meta property=\"og:image:height\" content=\"370\" \/>\n\t<meta property=\"og:image:type\" content=\"image\/webp\" \/>\n<meta name=\"author\" content=\"admin\" \/>\n<meta name=\"twitter:card\" content=\"summary_large_image\" \/>\n<meta name=\"twitter:label1\" content=\"Yazan:\" \/>\n\t<meta name=\"twitter:data1\" content=\"admin\" \/>\n\t<meta name=\"twitter:label2\" content=\"Tahmini okuma s\u00fcresi\" \/>\n\t<meta name=\"twitter:data2\" content=\"1 dakika\" \/>\n<script type=\"application\/ld+json\" class=\"yoast-schema-graph\">{\"@context\":\"https:\\\/\\\/schema.org\",\"@graph\":[{\"@type\":\"Article\",\"@id\":\"https:\\\/\\\/kibrisdakik.com\\\/?p=33698#article\",\"isPartOf\":{\"@id\":\"https:\\\/\\\/kibrisdakik.com\\\/?p=33698\"},\"author\":{\"name\":\"admin\",\"@id\":\"https:\\\/\\\/kibrisdakik.com\\\/#\\\/schema\\\/person\\\/9cd9d437bbb44f72b73ba127e06d8e79\"},\"headline\":\"CTP, \u201cFilistin Sorunu, Ortado\u011fu ve \u00d6tesi\u201d ba\u015fl\u0131kl\u0131 panel d\u00fczenleniyor\",\"datePublished\":\"2024-03-11T14:40:00+00:00\",\"mainEntityOfPage\":{\"@id\":\"https:\\\/\\\/kibrisdakik.com\\\/?p=33698\"},\"wordCount\":312,\"commentCount\":0,\"image\":{\"@id\":\"https:\\\/\\\/kibrisdakik.com\\\/?p=33698#primaryimage\"},\"thumbnailUrl\":\"https:\\\/\\\/kibrisdakik.com\\\/wp-content\\\/uploads\\\/2024\\\/03\\\/ctp-filistin-sorunu-ortadogu-ve-otesi-baslikli-panel-duzenleniyor-1710168204.webp.webp\",\"articleSection\":[\"G\u00fcndem\"],\"inLanguage\":\"tr\",\"potentialAction\":[{\"@type\":\"CommentAction\",\"name\":\"Comment\",\"target\":[\"https:\\\/\\\/kibrisdakik.com\\\/?p=33698#respond\"]}]},{\"@type\":\"WebPage\",\"@id\":\"https:\\\/\\\/kibrisdakik.com\\\/?p=33698\",\"url\":\"https:\\\/\\\/kibrisdakik.com\\\/?p=33698\",\"name\":\"CTP, \u201cFilistin Sorunu, Ortado\u011fu ve \u00d6tesi\u201d ba\u015fl\u0131kl\u0131 panel d\u00fczenleniyor -\",\"isPartOf\":{\"@id\":\"https:\\\/\\\/kibrisdakik.com\\\/#website\"},\"primaryImageOfPage\":{\"@id\":\"https:\\\/\\\/kibrisdakik.com\\\/?p=33698#primaryimage\"},\"image\":{\"@id\":\"https:\\\/\\\/kibrisdakik.com\\\/?p=33698#primaryimage\"},\"thumbnailUrl\":\"https:\\\/\\\/kibrisdakik.com\\\/wp-content\\\/uploads\\\/2024\\\/03\\\/ctp-filistin-sorunu-ortadogu-ve-otesi-baslikli-panel-duzenleniyor-1710168204.webp.webp\",\"datePublished\":\"2024-03-11T14:40:00+00:00\",\"author\":{\"@id\":\"https:\\\/\\\/kibrisdakik.com\\\/#\\\/schema\\\/person\\\/9cd9d437bbb44f72b73ba127e06d8e79\"},\"breadcrumb\":{\"@id\":\"https:\\\/\\\/kibrisdakik.com\\\/?p=33698#breadcrumb\"},\"inLanguage\":\"tr\",\"potentialAction\":[{\"@type\":\"ReadAction\",\"target\":[\"https:\\\/\\\/kibrisdakik.com\\\/?p=33698\"]}]},{\"@type\":\"ImageObject\",\"inLanguage\":\"tr\",\"@id\":\"https:\\\/\\\/kibrisdakik.com\\\/?p=33698#primaryimage\",\"url\":\"https:\\\/\\\/kibrisdakik.com\\\/wp-content\\\/uploads\\\/2024\\\/03\\\/ctp-filistin-sorunu-ortadogu-ve-otesi-baslikli-panel-duzenleniyor-1710168204.webp.webp\",\"contentUrl\":\"https:\\\/\\\/kibrisdakik.com\\\/wp-content\\\/uploads\\\/2024\\\/03\\\/ctp-filistin-sorunu-ortadogu-ve-otesi-baslikli-panel-duzenleniyor-1710168204.webp.webp\",\"width\":710,\"height\":370},{\"@type\":\"BreadcrumbList\",\"@id\":\"https:\\\/\\\/kibrisdakik.com\\\/?p=33698#breadcrumb\",\"itemListElement\":[{\"@type\":\"ListItem\",\"position\":1,\"name\":\"Home\",\"item\":\"https:\\\/\\\/kibrisdakik.com\\\/\"},{\"@type\":\"ListItem\",\"position\":2,\"name\":\"CTP, \u201cFilistin Sorunu, Ortado\u011fu ve \u00d6tesi\u201d ba\u015fl\u0131kl\u0131 panel d\u00fczenleniyor\"}]},{\"@type\":\"WebSite\",\"@id\":\"https:\\\/\\\/kibrisdakik.com\\\/#website\",\"url\":\"https:\\\/\\\/kibrisdakik.com\\\/\",\"name\":\"\",\"description\":\"Tam vaktinde haber\",\"potentialAction\":[{\"@type\":\"SearchAction\",\"target\":{\"@type\":\"EntryPoint\",\"urlTemplate\":\"https:\\\/\\\/kibrisdakik.com\\\/?s={search_term_string}\"},\"query-input\":{\"@type\":\"PropertyValueSpecification\",\"valueRequired\":true,\"valueName\":\"search_term_string\"}}],\"inLanguage\":\"tr\"},{\"@type\":\"Person\",\"@id\":\"https:\\\/\\\/kibrisdakik.com\\\/#\\\/schema\\\/person\\\/9cd9d437bbb44f72b73ba127e06d8e79\",\"name\":\"admin\",\"image\":{\"@type\":\"ImageObject\",\"inLanguage\":\"tr\",\"@id\":\"https:\\\/\\\/secure.gravatar.com\\\/avatar\\\/ccc17943b9d660506c869530f897617f7cb1c21a4bf30023f252596d83e1f007?s=96&d=mm&r=g\",\"url\":\"https:\\\/\\\/secure.gravatar.com\\\/avatar\\\/ccc17943b9d660506c869530f897617f7cb1c21a4bf30023f252596d83e1f007?s=96&d=mm&r=g\",\"contentUrl\":\"https:\\\/\\\/secure.gravatar.com\\\/avatar\\\/ccc17943b9d660506c869530f897617f7cb1c21a4bf30023f252596d83e1f007?s=96&d=mm&r=g\",\"caption\":\"admin\"},\"sameAs\":[\"https:\\\/\\\/kibrisdakik.com\"],\"url\":\"https:\\\/\\\/kibrisdakik.com\\\/?author=1\"}]}<\/script>\n<!-- \/ Yoast SEO plugin. -->","yoast_head_json":{"title":"CTP, \u201cFilistin Sorunu, Ortado\u011fu ve \u00d6tesi\u201d ba\u015fl\u0131kl\u0131 panel d\u00fczenleniyor -","robots":{"index":"index","follow":"follow","max-snippet":"max-snippet:-1","max-image-preview":"max-image-preview:large","max-video-preview":"max-video-preview:-1"},"canonical":"https:\/\/kibrisdakik.com\/?p=33698","og_locale":"tr_TR","og_type":"article","og_title":"CTP, \u201cFilistin Sorunu, Ortado\u011fu ve \u00d6tesi\u201d ba\u015fl\u0131kl\u0131 panel d\u00fczenleniyor -","og_description":"Partiden yap\u0131lan a\u00e7\u0131klamaya g\u00f6re, CTP e\u011fitim merkezi PEMER taraf\u0131ndan organize dilen panel, 14 Mart Per\u015fembe ak\u015fam\u0131 19.00\u2019da KTAMS Bar\u0131\u015f Salonunda yer alacak. Panelde gazeteci yazar Fehim Ta\u015ftekin, akademisyenler Prof. Dr. Nur K\u00f6pr\u00fcl\u00fc ve Prof. Dr. Omar Mustafa konu\u015facak. A\u00e7\u0131klamada, Birle\u015fmi\u015f Milletler de dahil bir\u00e7ok uluslararas\u0131 \u00f6rg\u00fct taraf\u0131ndan &#8220;Bitmek bilmeyen ve derinle\u015fen bir trajedi, yery\u00fcz\u00fcndeki cehennem&#8221;","og_url":"https:\/\/kibrisdakik.com\/?p=33698","article_published_time":"2024-03-11T14:40:00+00:00","og_image":[{"width":710,"height":370,"url":"https:\/\/kibrisdakik.com\/wp-content\/uploads\/2024\/03\/ctp-filistin-sorunu-ortadogu-ve-otesi-baslikli-panel-duzenleniyor-1710168204.webp.webp","type":"image\/webp"}],"author":"admin","twitter_card":"summary_large_image","twitter_misc":{"Yazan:":"admin","Tahmini okuma s\u00fcresi":"1 dakika"},"schema":{"@context":"https:\/\/schema.org","@graph":[{"@type":"Article","@id":"https:\/\/kibrisdakik.com\/?p=33698#article","isPartOf":{"@id":"https:\/\/kibrisdakik.com\/?p=33698"},"author":{"name":"admin","@id":"https:\/\/kibrisdakik.com\/#\/schema\/person\/9cd9d437bbb44f72b73ba127e06d8e79"},"headline":"CTP, \u201cFilistin Sorunu, Ortado\u011fu ve \u00d6tesi\u201d ba\u015fl\u0131kl\u0131 panel d\u00fczenleniyor","datePublished":"2024-03-11T14:40:00+00:00","mainEntityOfPage":{"@id":"https:\/\/kibrisdakik.com\/?p=33698"},"wordCount":312,"commentCount":0,"image":{"@id":"https:\/\/kibrisdakik.com\/?p=33698#primaryimage"},"thumbnailUrl":"https:\/\/kibrisdakik.com\/wp-content\/uploads\/2024\/03\/ctp-filistin-sorunu-ortadogu-ve-otesi-baslikli-panel-duzenleniyor-1710168204.webp.webp","articleSection":["G\u00fcndem"],"inLanguage":"tr","potentialAction":[{"@type":"CommentAction","name":"Comment","target":["https:\/\/kibrisdakik.com\/?p=33698#respond"]}]},{"@type":"WebPage","@id":"https:\/\/kibrisdakik.com\/?p=33698","url":"https:\/\/kibrisdakik.com\/?p=33698","name":"CTP, \u201cFilistin Sorunu, Ortado\u011fu ve \u00d6tesi\u201d ba\u015fl\u0131kl\u0131 panel d\u00fczenleniyor -","isPartOf":{"@id":"https:\/\/kibrisdakik.com\/#website"},"primaryImageOfPage":{"@id":"https:\/\/kibrisdakik.com\/?p=33698#primaryimage"},"image":{"@id":"https:\/\/kibrisdakik.com\/?p=33698#primaryimage"},"thumbnailUrl":"https:\/\/kibrisdakik.com\/wp-content\/uploads\/2024\/03\/ctp-filistin-sorunu-ortadogu-ve-otesi-baslikli-panel-duzenleniyor-1710168204.webp.webp","datePublished":"2024-03-11T14:40:00+00:00","author":{"@id":"https:\/\/kibrisdakik.com\/#\/schema\/person\/9cd9d437bbb44f72b73ba127e06d8e79"},"breadcrumb":{"@id":"https:\/\/kibrisdakik.com\/?p=33698#breadcrumb"},"inLanguage":"tr","potentialAction":[{"@type":"ReadAction","target":["https:\/\/kibrisdakik.com\/?p=33698"]}]},{"@type":"ImageObject","inLanguage":"tr","@id":"https:\/\/kibrisdakik.com\/?p=33698#primaryimage","url":"https:\/\/kibrisdakik.com\/wp-content\/uploads\/2024\/03\/ctp-filistin-sorunu-ortadogu-ve-otesi-baslikli-panel-duzenleniyor-1710168204.webp.webp","contentUrl":"https:\/\/kibrisdakik.com\/wp-content\/uploads\/2024\/03\/ctp-filistin-sorunu-ortadogu-ve-otesi-baslikli-panel-duzenleniyor-1710168204.webp.webp","width":710,"height":370},{"@type":"BreadcrumbList","@id":"https:\/\/kibrisdakik.com\/?p=33698#breadcrumb","itemListElement":[{"@type":"ListItem","position":1,"name":"Home","item":"https:\/\/kibrisdakik.com\/"},{"@type":"ListItem","position":2,"name":"CTP, \u201cFilistin Sorunu, Ortado\u011fu ve \u00d6tesi\u201d ba\u015fl\u0131kl\u0131 panel d\u00fczenleniyor"}]},{"@type":"WebSite","@id":"https:\/\/kibrisdakik.com\/#website","url":"https:\/\/kibrisdakik.com\/","name":"","description":"Tam vaktinde haber","potentialAction":[{"@type":"SearchAction","target":{"@type":"EntryPoint","urlTemplate":"https:\/\/kibrisdakik.com\/?s={search_term_string}"},"query-input":{"@type":"PropertyValueSpecification","valueRequired":true,"valueName":"search_term_string"}}],"inLanguage":"tr"},{"@type":"Person","@id":"https:\/\/kibrisdakik.com\/#\/schema\/person\/9cd9d437bbb44f72b73ba127e06d8e79","name":"admin","image":{"@type":"ImageObject","inLanguage":"tr","@id":"https:\/\/secure.gravatar.com\/avatar\/ccc17943b9d660506c869530f897617f7cb1c21a4bf30023f252596d83e1f007?s=96&d=mm&r=g","url":"https:\/\/secure.gravatar.com\/avatar\/ccc17943b9d660506c869530f897617f7cb1c21a4bf30023f252596d83e1f007?s=96&d=mm&r=g","contentUrl":"https:\/\/secure.gravatar.com\/avatar\/ccc17943b9d660506c869530f897617f7cb1c21a4bf30023f252596d83e1f007?s=96&d=mm&r=g","caption":"admin"},"sameAs":["https:\/\/kibrisdakik.com"],"url":"https:\/\/kibrisdakik.com\/?author=1"}]}},"_links":{"self":[{"href":"https:\/\/kibrisdakik.com\/index.php?rest_route=\/wp\/v2\/posts\/33698","targetHints":{"allow":["GET"]}}],"collection":[{"href":"https:\/\/kibrisdakik.com\/index.php?rest_route=\/wp\/v2\/posts"}],"about":[{"href":"https:\/\/kibrisdakik.com\/index.php?rest_route=\/wp\/v2\/types\/post"}],"author":[{"embeddable":true,"href":"https:\/\/kibrisdakik.com\/index.php?rest_route=\/wp\/v2\/users\/1"}],"replies":[{"embeddable":true,"href":"https:\/\/kibrisdakik.com\/index.php?rest_route=%2Fwp%2Fv2%2Fcomments&post=33698"}],"version-history":[{"count":0,"href":"https:\/\/kibrisdakik.com\/index.php?rest_route=\/wp\/v2\/posts\/33698\/revisions"}],"wp:featuredmedia":[{"embeddable":true,"href":"https:\/\/kibrisdakik.com\/index.php?rest_route=\/wp\/v2\/media\/33699"}],"wp:attachment":[{"href":"https:\/\/kibrisdakik.com\/index.php?rest_route=%2Fwp%2Fv2%2Fmedia&parent=33698"}],"wp:term":[{"taxonomy":"category","embeddable":true,"href":"https:\/\/kibrisdakik.com\/index.php?rest_route=%2Fwp%2Fv2%2Fcategories&post=33698"},{"taxonomy":"post_tag","embeddable":true,"href":"https:\/\/kibrisdakik.com\/index.php?rest_route=%2Fwp%2Fv2%2Ftags&post=33698"}],"curies":[{"name":"wp","href":"https:\/\/api.w.org\/{rel}","templated":true}]}}