{"id":33710,"date":"2024-03-11T17:56:53","date_gmt":"2024-03-11T17:56:53","guid":{"rendered":"https:\/\/kibrisdakik.com\/index.php\/2024\/03\/11\/yuksek-adliye-kurulu-cumhurbaskaninin-yodak-baskaniyla-ilgili-basvurusunu-gorustu\/"},"modified":"2024-03-11T17:56:53","modified_gmt":"2024-03-11T17:56:53","slug":"yuksek-adliye-kurulu-cumhurbaskaninin-yodak-baskaniyla-ilgili-basvurusunu-gorustu","status":"publish","type":"post","link":"https:\/\/kibrisdakik.com\/?p=33710","title":{"rendered":"Y\u00fcksek Adliye Kurulu Cumhurba\u015fkan\u0131\u2019n\u0131n Y\u00d6DAK Ba\u015fkan\u0131\u2019yla ilgili ba\u015fvurusunu g\u00f6r\u00fc\u015ft\u00fc"},"content":{"rendered":"<p><\/p>\n<div>\n<div class=\"mariselle-image-container center\">\n                <img loading=\"lazy\" decoding=\"async\" width=\"1600\" height=\"1068\" class=\"lazy-image\" alt=\"\" sizes=\"auto, (max-width: 1600px) 100vw, 1600px\" src=\"https:\/\/brtk.net\/wp-content\/uploads\/2024\/03\/11\/mahkemeler-net.jpg?ver=01f22f6c4ba6eeb381e52868fac10c66\" srcset=\"https:\/\/brtk.net\/wp-content\/uploads\/2024\/03\/11\/mahkemeler-net.jpg?ver=01f22f6c4ba6eeb381e52868fac10c66 1600w, https:\/\/brtk.net\/wp-content\/uploads\/2024\/03\/11\/mahkemeler-net-300x200.jpg?ver=4b4f017c3e3c64e1c04ecfac6cdcf65a 300w, https:\/\/brtk.net\/wp-content\/uploads\/2024\/03\/11\/mahkemeler-net-1024x684.jpg?ver=4b4f017c3e3c64e1c04ecfac6cdcf65a 1024w, https:\/\/brtk.net\/wp-content\/uploads\/2024\/03\/11\/mahkemeler-net-768x513.jpg?ver=d71017d6ac87070caa92eef6b2d580a4 768w, https:\/\/brtk.net\/wp-content\/uploads\/2024\/03\/11\/mahkemeler-net-1536x1025.jpg?ver=d71017d6ac87070caa92eef6b2d580a4 1536w\"\/>                            <\/div>\n<p>Y\u00fcksek Adliye Kurulu, Cumhurba\u015fkan\u0131 <a href=\"https:\/\/brtk.net\/\" target=\"_blank\" rel=\"noopener\"><a href=\"https:\/\/brtk.net\/\" target=\"_blank\" rel=\"noopener\">Ersin <\/a><a href=\"https:\/\/brtk.net\/\">Tatar<\/a>\u2019\u0131n, ge\u00e7ti\u011fimiz cuma g\u00fcn\u00fc, Y\u00fcksek\u00f6\u011fretim Planlama Denetleme Akreditasyon ve Koordinasyon Kurulu (Y\u00d6DAK) Ba\u015fkan\u0131 Prof. Dr. Turgay Avc\u0131\u2019n\u0131n g\u00f6revden al\u0131nmas\u0131 talebiyle yapt\u0131\u011f\u0131 ba\u015fvuruyu de\u011ferlendirerek soru\u015fturma a\u00e7\u0131lmas\u0131na karar verdi. Kurul, soru\u015fturma memuru olarak K\u0131demli Yarg\u0131\u00e7 G\u00f6khan Asafo\u011fullar\u0131\u2019n\u0131 atad\u0131.<\/p>\n<p>TAK muhabirinin Y\u00fcksek Mahkeme Genel Sekreteri Ne\u015fe Ba\u015fkan\u2019dan ald\u0131\u011f\u0131 bilgiye g\u00f6re, Y\u00fcksek Adliye Kurulu bug\u00fcn \u00f6\u011fleden sonra toplanarak Cumhurba\u015fkan\u0131\u2019n\u0131n yaz\u0131s\u0131na istinaden, Y\u00d6DAK Ba\u015fkan\u0131 Turgay Avc\u0131 hakk\u0131nda soru\u015fturma a\u00e7\u0131lmas\u0131na karar verdi.<\/p>\n<p>Avc\u0131 hakk\u0131ndaki soru\u015fturmay\u0131, Y\u00fcksek Adliye Kurulu\u2019nun soru\u015fturma memuru olarak atad\u0131\u011f\u0131 K\u0131demli Yarg\u0131\u00e7 G\u00f6khan Asafo\u011fullar\u0131 y\u00fcr\u00fctecek.<\/p>\n<p>Y\u00fcksek Adliye Kurulu\u2019nun karar\u0131 yar\u0131n Asafo\u011fullar\u0131\u2019na tebli\u011f edilecek. Asafo\u011fullar\u0131, Mahkemeler ve Y\u00d6DAK yasalar\u0131 uyar\u0131nca, Turgay Avc\u0131\u2019dan on be\u015f g\u00fcn i\u00e7inde yaz\u0131l\u0131 savunma isteyecek. Savunman\u0131n ard\u0131ndan Asafo\u011fullar\u0131, en ge\u00e7 otuz g\u00fcn i\u00e7inde haz\u0131rlayaca\u011f\u0131 raporu Y\u00fcksek Adliye Kurulu\u2019na sunacak. Raporu de\u011ferlendirecek Kurul, kovu\u015fturmaya gerek g\u00f6r\u00fcrse disiplin yarg\u0131lamas\u0131na ge\u00e7ilecek.<\/p>\n<p>Y\u00fcksek Mahkeme Ba\u015fkan\u0131 Narin Ferdi \u015eefik ba\u015fkanl\u0131\u011f\u0131ndaki 12 ki\u015filik Y\u00fcksek Adliye Kurulu, 7 Y\u00fcksek Mahkeme Yarg\u0131c\u0131, Ba\u015fsavc\u0131, Cumhurba\u015fkan\u0131\u2019n\u0131n atad\u0131\u011f\u0131 \u00fcye, Meclisin atad\u0131\u011f\u0131 \u00fcye, Barolar Birli\u011finin atad\u0131\u011f\u0131 \u00fcyeden olu\u015fuyor.<\/p>\n<p>Cumhurba\u015fkan\u0131 <a href=\"https:\/\/brtk.net\/\" target=\"_blank\" rel=\"noopener\"><a href=\"https:\/\/brtk.net\/\" target=\"_blank\" rel=\"noopener\">Ersin <\/a><a href=\"https:\/\/brtk.net\/\">Tatar<\/a>, Cuma ak\u015fam saatlerinde TAK\u2019a yapt\u0131\u011f\u0131 a\u00e7\u0131klamada, Y\u00fcksek\u00f6\u011fretim Planlama, Denetleme, Akreditasyon ve Koordinasyon Kurulu (Y\u00d6DAK) Ba\u015fkan\u0131 Turgay Avc\u0131\u2019n\u0131n g\u00f6revden al\u0131nmas\u0131 i\u00e7in Y\u00fcksek Adliye Kuruluna ba\u015fvurdu\u011funu a\u00e7\u0131klam\u0131\u015ft\u0131.<\/p>\n<p>Y\u00d6DAK Ba\u015fkan\u0131 Turgay Avc\u0131, K\u0131br\u0131s Sa\u011fl\u0131k ve Toplum Bilimleri \u00dcniversitesi ile ilgili soru\u015fturma kapsam\u0131nda halen tutuklu bulunuyor.<\/p>\n<\/p><\/div>\n<p><script async\n                    defer\n                    crossorigin=\"anonymous\"\n                    src=\"https:\/\/connect.facebook.net\/tr_TR\/sdk.js#xfbml=1&#038;version=v3.3\"\n            ><\/script><\/p>\n","protected":false},"excerpt":{"rendered":"<p>Y\u00fcksek Adliye Kurulu, Cumhurba\u015fkan\u0131 Ersin Tatar\u2019\u0131n, ge\u00e7ti\u011fimiz cuma g\u00fcn\u00fc, Y\u00fcksek\u00f6\u011fretim Planlama Denetleme Akreditasyon ve Koordinasyon Kurulu (Y\u00d6DAK) Ba\u015fkan\u0131 Prof. Dr. Turgay Avc\u0131\u2019n\u0131n g\u00f6revden al\u0131nmas\u0131 talebiyle yapt\u0131\u011f\u0131 ba\u015fvuruyu de\u011ferlendirerek soru\u015fturma a\u00e7\u0131lmas\u0131na karar verdi. Kurul, soru\u015fturma memuru olarak K\u0131demli Yarg\u0131\u00e7 G\u00f6khan Asafo\u011fullar\u0131\u2019n\u0131 atad\u0131. TAK muhabirinin Y\u00fcksek Mahkeme Genel Sekreteri Ne\u015fe Ba\u015fkan\u2019dan ald\u0131\u011f\u0131 bilgiye g\u00f6re, Y\u00fcksek Adliye Kurulu<\/p>\n","protected":false},"author":1,"featured_media":33711,"comment_status":"open","ping_status":"open","sticky":false,"template":"","format":"standard","meta":{"footnotes":""},"categories":[1],"tags":[],"class_list":["post-33710","post","type-post","status-publish","format-standard","has-post-thumbnail","hentry","category-gundem"],"yoast_head":"<!-- This site is optimized with the Yoast SEO plugin v27.4 - https:\/\/yoast.com\/product\/yoast-seo-wordpress\/ -->\n<title>Y\u00fcksek Adliye Kurulu Cumhurba\u015fkan\u0131\u2019n\u0131n Y\u00d6DAK Ba\u015fkan\u0131\u2019yla ilgili ba\u015fvurusunu g\u00f6r\u00fc\u015ft\u00fc -<\/title>\n<meta name=\"robots\" content=\"index, follow, max-snippet:-1, max-image-preview:large, max-video-preview:-1\" \/>\n<link rel=\"canonical\" href=\"https:\/\/kibrisdakik.com\/?p=33710\" \/>\n<meta property=\"og:locale\" content=\"tr_TR\" \/>\n<meta property=\"og:type\" content=\"article\" \/>\n<meta property=\"og:title\" content=\"Y\u00fcksek Adliye Kurulu Cumhurba\u015fkan\u0131\u2019n\u0131n Y\u00d6DAK Ba\u015fkan\u0131\u2019yla ilgili ba\u015fvurusunu g\u00f6r\u00fc\u015ft\u00fc -\" \/>\n<meta property=\"og:description\" content=\"Y\u00fcksek Adliye Kurulu, Cumhurba\u015fkan\u0131 Ersin Tatar\u2019\u0131n, ge\u00e7ti\u011fimiz cuma g\u00fcn\u00fc, Y\u00fcksek\u00f6\u011fretim Planlama Denetleme Akreditasyon ve Koordinasyon Kurulu (Y\u00d6DAK) Ba\u015fkan\u0131 Prof. Dr. Turgay Avc\u0131\u2019n\u0131n g\u00f6revden al\u0131nmas\u0131 talebiyle yapt\u0131\u011f\u0131 ba\u015fvuruyu de\u011ferlendirerek soru\u015fturma a\u00e7\u0131lmas\u0131na karar verdi. Kurul, soru\u015fturma memuru olarak K\u0131demli Yarg\u0131\u00e7 G\u00f6khan Asafo\u011fullar\u0131\u2019n\u0131 atad\u0131. TAK muhabirinin Y\u00fcksek Mahkeme Genel Sekreteri Ne\u015fe Ba\u015fkan\u2019dan ald\u0131\u011f\u0131 bilgiye g\u00f6re, Y\u00fcksek Adliye Kurulu\" \/>\n<meta property=\"og:url\" content=\"https:\/\/kibrisdakik.com\/?p=33710\" \/>\n<meta property=\"article:published_time\" content=\"2024-03-11T17:56:53+00:00\" \/>\n<meta property=\"og:image\" content=\"https:\/\/kibrisdakik.com\/wp-content\/uploads\/2024\/03\/mahkemeler-net-740x420.jpg\" \/>\n\t<meta property=\"og:image:width\" content=\"1600\" \/>\n\t<meta property=\"og:image:height\" content=\"1068\" \/>\n\t<meta property=\"og:image:type\" content=\"image\/jpeg\" \/>\n<meta name=\"author\" content=\"admin\" \/>\n<meta name=\"twitter:card\" content=\"summary_large_image\" \/>\n<meta name=\"twitter:label1\" content=\"Yazan:\" \/>\n\t<meta name=\"twitter:data1\" content=\"admin\" \/>\n\t<meta name=\"twitter:label2\" content=\"Tahmini okuma s\u00fcresi\" \/>\n\t<meta name=\"twitter:data2\" content=\"2 dakika\" \/>\n<script type=\"application\/ld+json\" class=\"yoast-schema-graph\">{\"@context\":\"https:\\\/\\\/schema.org\",\"@graph\":[{\"@type\":\"Article\",\"@id\":\"https:\\\/\\\/kibrisdakik.com\\\/?p=33710#article\",\"isPartOf\":{\"@id\":\"https:\\\/\\\/kibrisdakik.com\\\/?p=33710\"},\"author\":{\"name\":\"admin\",\"@id\":\"https:\\\/\\\/kibrisdakik.com\\\/#\\\/schema\\\/person\\\/9cd9d437bbb44f72b73ba127e06d8e79\"},\"headline\":\"Y\u00fcksek Adliye Kurulu Cumhurba\u015fkan\u0131\u2019n\u0131n Y\u00d6DAK Ba\u015fkan\u0131\u2019yla ilgili ba\u015fvurusunu g\u00f6r\u00fc\u015ft\u00fc\",\"datePublished\":\"2024-03-11T17:56:53+00:00\",\"mainEntityOfPage\":{\"@id\":\"https:\\\/\\\/kibrisdakik.com\\\/?p=33710\"},\"wordCount\":341,\"commentCount\":0,\"image\":{\"@id\":\"https:\\\/\\\/kibrisdakik.com\\\/?p=33710#primaryimage\"},\"thumbnailUrl\":\"https:\\\/\\\/kibrisdakik.com\\\/wp-content\\\/uploads\\\/2024\\\/03\\\/mahkemeler-net-740x420.jpg\",\"articleSection\":[\"G\u00fcndem\"],\"inLanguage\":\"tr\",\"potentialAction\":[{\"@type\":\"CommentAction\",\"name\":\"Comment\",\"target\":[\"https:\\\/\\\/kibrisdakik.com\\\/?p=33710#respond\"]}]},{\"@type\":\"WebPage\",\"@id\":\"https:\\\/\\\/kibrisdakik.com\\\/?p=33710\",\"url\":\"https:\\\/\\\/kibrisdakik.com\\\/?p=33710\",\"name\":\"Y\u00fcksek Adliye Kurulu Cumhurba\u015fkan\u0131\u2019n\u0131n Y\u00d6DAK Ba\u015fkan\u0131\u2019yla ilgili ba\u015fvurusunu g\u00f6r\u00fc\u015ft\u00fc -\",\"isPartOf\":{\"@id\":\"https:\\\/\\\/kibrisdakik.com\\\/#website\"},\"primaryImageOfPage\":{\"@id\":\"https:\\\/\\\/kibrisdakik.com\\\/?p=33710#primaryimage\"},\"image\":{\"@id\":\"https:\\\/\\\/kibrisdakik.com\\\/?p=33710#primaryimage\"},\"thumbnailUrl\":\"https:\\\/\\\/kibrisdakik.com\\\/wp-content\\\/uploads\\\/2024\\\/03\\\/mahkemeler-net-740x420.jpg\",\"datePublished\":\"2024-03-11T17:56:53+00:00\",\"author\":{\"@id\":\"https:\\\/\\\/kibrisdakik.com\\\/#\\\/schema\\\/person\\\/9cd9d437bbb44f72b73ba127e06d8e79\"},\"breadcrumb\":{\"@id\":\"https:\\\/\\\/kibrisdakik.com\\\/?p=33710#breadcrumb\"},\"inLanguage\":\"tr\",\"potentialAction\":[{\"@type\":\"ReadAction\",\"target\":[\"https:\\\/\\\/kibrisdakik.com\\\/?p=33710\"]}]},{\"@type\":\"ImageObject\",\"inLanguage\":\"tr\",\"@id\":\"https:\\\/\\\/kibrisdakik.com\\\/?p=33710#primaryimage\",\"url\":\"https:\\\/\\\/kibrisdakik.com\\\/wp-content\\\/uploads\\\/2024\\\/03\\\/mahkemeler-net-740x420.jpg\",\"contentUrl\":\"https:\\\/\\\/kibrisdakik.com\\\/wp-content\\\/uploads\\\/2024\\\/03\\\/mahkemeler-net-740x420.jpg\",\"width\":1600,\"height\":1068},{\"@type\":\"BreadcrumbList\",\"@id\":\"https:\\\/\\\/kibrisdakik.com\\\/?p=33710#breadcrumb\",\"itemListElement\":[{\"@type\":\"ListItem\",\"position\":1,\"name\":\"Home\",\"item\":\"https:\\\/\\\/kibrisdakik.com\\\/\"},{\"@type\":\"ListItem\",\"position\":2,\"name\":\"Y\u00fcksek Adliye Kurulu Cumhurba\u015fkan\u0131\u2019n\u0131n Y\u00d6DAK Ba\u015fkan\u0131\u2019yla ilgili ba\u015fvurusunu g\u00f6r\u00fc\u015ft\u00fc\"}]},{\"@type\":\"WebSite\",\"@id\":\"https:\\\/\\\/kibrisdakik.com\\\/#website\",\"url\":\"https:\\\/\\\/kibrisdakik.com\\\/\",\"name\":\"\",\"description\":\"Tam vaktinde haber\",\"potentialAction\":[{\"@type\":\"SearchAction\",\"target\":{\"@type\":\"EntryPoint\",\"urlTemplate\":\"https:\\\/\\\/kibrisdakik.com\\\/?s={search_term_string}\"},\"query-input\":{\"@type\":\"PropertyValueSpecification\",\"valueRequired\":true,\"valueName\":\"search_term_string\"}}],\"inLanguage\":\"tr\"},{\"@type\":\"Person\",\"@id\":\"https:\\\/\\\/kibrisdakik.com\\\/#\\\/schema\\\/person\\\/9cd9d437bbb44f72b73ba127e06d8e79\",\"name\":\"admin\",\"image\":{\"@type\":\"ImageObject\",\"inLanguage\":\"tr\",\"@id\":\"https:\\\/\\\/secure.gravatar.com\\\/avatar\\\/ccc17943b9d660506c869530f897617f7cb1c21a4bf30023f252596d83e1f007?s=96&d=mm&r=g\",\"url\":\"https:\\\/\\\/secure.gravatar.com\\\/avatar\\\/ccc17943b9d660506c869530f897617f7cb1c21a4bf30023f252596d83e1f007?s=96&d=mm&r=g\",\"contentUrl\":\"https:\\\/\\\/secure.gravatar.com\\\/avatar\\\/ccc17943b9d660506c869530f897617f7cb1c21a4bf30023f252596d83e1f007?s=96&d=mm&r=g\",\"caption\":\"admin\"},\"sameAs\":[\"https:\\\/\\\/kibrisdakik.com\"],\"url\":\"https:\\\/\\\/kibrisdakik.com\\\/?author=1\"}]}<\/script>\n<!-- \/ Yoast SEO plugin. -->","yoast_head_json":{"title":"Y\u00fcksek Adliye Kurulu Cumhurba\u015fkan\u0131\u2019n\u0131n Y\u00d6DAK Ba\u015fkan\u0131\u2019yla ilgili ba\u015fvurusunu g\u00f6r\u00fc\u015ft\u00fc -","robots":{"index":"index","follow":"follow","max-snippet":"max-snippet:-1","max-image-preview":"max-image-preview:large","max-video-preview":"max-video-preview:-1"},"canonical":"https:\/\/kibrisdakik.com\/?p=33710","og_locale":"tr_TR","og_type":"article","og_title":"Y\u00fcksek Adliye Kurulu Cumhurba\u015fkan\u0131\u2019n\u0131n Y\u00d6DAK Ba\u015fkan\u0131\u2019yla ilgili ba\u015fvurusunu g\u00f6r\u00fc\u015ft\u00fc -","og_description":"Y\u00fcksek Adliye Kurulu, Cumhurba\u015fkan\u0131 Ersin Tatar\u2019\u0131n, ge\u00e7ti\u011fimiz cuma g\u00fcn\u00fc, Y\u00fcksek\u00f6\u011fretim Planlama Denetleme Akreditasyon ve Koordinasyon Kurulu (Y\u00d6DAK) Ba\u015fkan\u0131 Prof. Dr. Turgay Avc\u0131\u2019n\u0131n g\u00f6revden al\u0131nmas\u0131 talebiyle yapt\u0131\u011f\u0131 ba\u015fvuruyu de\u011ferlendirerek soru\u015fturma a\u00e7\u0131lmas\u0131na karar verdi. Kurul, soru\u015fturma memuru olarak K\u0131demli Yarg\u0131\u00e7 G\u00f6khan Asafo\u011fullar\u0131\u2019n\u0131 atad\u0131. TAK muhabirinin Y\u00fcksek Mahkeme Genel Sekreteri Ne\u015fe Ba\u015fkan\u2019dan ald\u0131\u011f\u0131 bilgiye g\u00f6re, Y\u00fcksek Adliye Kurulu","og_url":"https:\/\/kibrisdakik.com\/?p=33710","article_published_time":"2024-03-11T17:56:53+00:00","og_image":[{"width":1600,"height":1068,"url":"https:\/\/kibrisdakik.com\/wp-content\/uploads\/2024\/03\/mahkemeler-net-740x420.jpg","type":"image\/jpeg"}],"author":"admin","twitter_card":"summary_large_image","twitter_misc":{"Yazan:":"admin","Tahmini okuma s\u00fcresi":"2 dakika"},"schema":{"@context":"https:\/\/schema.org","@graph":[{"@type":"Article","@id":"https:\/\/kibrisdakik.com\/?p=33710#article","isPartOf":{"@id":"https:\/\/kibrisdakik.com\/?p=33710"},"author":{"name":"admin","@id":"https:\/\/kibrisdakik.com\/#\/schema\/person\/9cd9d437bbb44f72b73ba127e06d8e79"},"headline":"Y\u00fcksek Adliye Kurulu Cumhurba\u015fkan\u0131\u2019n\u0131n Y\u00d6DAK Ba\u015fkan\u0131\u2019yla ilgili ba\u015fvurusunu g\u00f6r\u00fc\u015ft\u00fc","datePublished":"2024-03-11T17:56:53+00:00","mainEntityOfPage":{"@id":"https:\/\/kibrisdakik.com\/?p=33710"},"wordCount":341,"commentCount":0,"image":{"@id":"https:\/\/kibrisdakik.com\/?p=33710#primaryimage"},"thumbnailUrl":"https:\/\/kibrisdakik.com\/wp-content\/uploads\/2024\/03\/mahkemeler-net-740x420.jpg","articleSection":["G\u00fcndem"],"inLanguage":"tr","potentialAction":[{"@type":"CommentAction","name":"Comment","target":["https:\/\/kibrisdakik.com\/?p=33710#respond"]}]},{"@type":"WebPage","@id":"https:\/\/kibrisdakik.com\/?p=33710","url":"https:\/\/kibrisdakik.com\/?p=33710","name":"Y\u00fcksek Adliye Kurulu Cumhurba\u015fkan\u0131\u2019n\u0131n Y\u00d6DAK Ba\u015fkan\u0131\u2019yla ilgili ba\u015fvurusunu g\u00f6r\u00fc\u015ft\u00fc -","isPartOf":{"@id":"https:\/\/kibrisdakik.com\/#website"},"primaryImageOfPage":{"@id":"https:\/\/kibrisdakik.com\/?p=33710#primaryimage"},"image":{"@id":"https:\/\/kibrisdakik.com\/?p=33710#primaryimage"},"thumbnailUrl":"https:\/\/kibrisdakik.com\/wp-content\/uploads\/2024\/03\/mahkemeler-net-740x420.jpg","datePublished":"2024-03-11T17:56:53+00:00","author":{"@id":"https:\/\/kibrisdakik.com\/#\/schema\/person\/9cd9d437bbb44f72b73ba127e06d8e79"},"breadcrumb":{"@id":"https:\/\/kibrisdakik.com\/?p=33710#breadcrumb"},"inLanguage":"tr","potentialAction":[{"@type":"ReadAction","target":["https:\/\/kibrisdakik.com\/?p=33710"]}]},{"@type":"ImageObject","inLanguage":"tr","@id":"https:\/\/kibrisdakik.com\/?p=33710#primaryimage","url":"https:\/\/kibrisdakik.com\/wp-content\/uploads\/2024\/03\/mahkemeler-net-740x420.jpg","contentUrl":"https:\/\/kibrisdakik.com\/wp-content\/uploads\/2024\/03\/mahkemeler-net-740x420.jpg","width":1600,"height":1068},{"@type":"BreadcrumbList","@id":"https:\/\/kibrisdakik.com\/?p=33710#breadcrumb","itemListElement":[{"@type":"ListItem","position":1,"name":"Home","item":"https:\/\/kibrisdakik.com\/"},{"@type":"ListItem","position":2,"name":"Y\u00fcksek Adliye Kurulu Cumhurba\u015fkan\u0131\u2019n\u0131n Y\u00d6DAK Ba\u015fkan\u0131\u2019yla ilgili ba\u015fvurusunu g\u00f6r\u00fc\u015ft\u00fc"}]},{"@type":"WebSite","@id":"https:\/\/kibrisdakik.com\/#website","url":"https:\/\/kibrisdakik.com\/","name":"","description":"Tam vaktinde haber","potentialAction":[{"@type":"SearchAction","target":{"@type":"EntryPoint","urlTemplate":"https:\/\/kibrisdakik.com\/?s={search_term_string}"},"query-input":{"@type":"PropertyValueSpecification","valueRequired":true,"valueName":"search_term_string"}}],"inLanguage":"tr"},{"@type":"Person","@id":"https:\/\/kibrisdakik.com\/#\/schema\/person\/9cd9d437bbb44f72b73ba127e06d8e79","name":"admin","image":{"@type":"ImageObject","inLanguage":"tr","@id":"https:\/\/secure.gravatar.com\/avatar\/ccc17943b9d660506c869530f897617f7cb1c21a4bf30023f252596d83e1f007?s=96&d=mm&r=g","url":"https:\/\/secure.gravatar.com\/avatar\/ccc17943b9d660506c869530f897617f7cb1c21a4bf30023f252596d83e1f007?s=96&d=mm&r=g","contentUrl":"https:\/\/secure.gravatar.com\/avatar\/ccc17943b9d660506c869530f897617f7cb1c21a4bf30023f252596d83e1f007?s=96&d=mm&r=g","caption":"admin"},"sameAs":["https:\/\/kibrisdakik.com"],"url":"https:\/\/kibrisdakik.com\/?author=1"}]}},"_links":{"self":[{"href":"https:\/\/kibrisdakik.com\/index.php?rest_route=\/wp\/v2\/posts\/33710","targetHints":{"allow":["GET"]}}],"collection":[{"href":"https:\/\/kibrisdakik.com\/index.php?rest_route=\/wp\/v2\/posts"}],"about":[{"href":"https:\/\/kibrisdakik.com\/index.php?rest_route=\/wp\/v2\/types\/post"}],"author":[{"embeddable":true,"href":"https:\/\/kibrisdakik.com\/index.php?rest_route=\/wp\/v2\/users\/1"}],"replies":[{"embeddable":true,"href":"https:\/\/kibrisdakik.com\/index.php?rest_route=%2Fwp%2Fv2%2Fcomments&post=33710"}],"version-history":[{"count":0,"href":"https:\/\/kibrisdakik.com\/index.php?rest_route=\/wp\/v2\/posts\/33710\/revisions"}],"wp:featuredmedia":[{"embeddable":true,"href":"https:\/\/kibrisdakik.com\/index.php?rest_route=\/wp\/v2\/media\/33711"}],"wp:attachment":[{"href":"https:\/\/kibrisdakik.com\/index.php?rest_route=%2Fwp%2Fv2%2Fmedia&parent=33710"}],"wp:term":[{"taxonomy":"category","embeddable":true,"href":"https:\/\/kibrisdakik.com\/index.php?rest_route=%2Fwp%2Fv2%2Fcategories&post=33710"},{"taxonomy":"post_tag","embeddable":true,"href":"https:\/\/kibrisdakik.com\/index.php?rest_route=%2Fwp%2Fv2%2Ftags&post=33710"}],"curies":[{"name":"wp","href":"https:\/\/api.w.org\/{rel}","templated":true}]}}