{"id":33714,"date":"2024-03-11T18:37:50","date_gmt":"2024-03-11T18:37:50","guid":{"rendered":"https:\/\/kibrisdakik.com\/index.php\/2024\/03\/11\/bakirkoyde-tir-otomobilin-uzerine-devrildi-4-olu\/"},"modified":"2024-03-11T18:37:50","modified_gmt":"2024-03-11T18:37:50","slug":"bakirkoyde-tir-otomobilin-uzerine-devrildi-4-olu","status":"publish","type":"post","link":"https:\/\/kibrisdakik.com\/?p=33714","title":{"rendered":"Bak\u0131rk\u00f6y&#039;de TIR otomobilin \u00fczerine devrildi: 4 \u00f6l\u00fc"},"content":{"rendered":"<p><\/p>\n<p>Bak\u0131rk\u00f6y\u2019de k\u00f6pr\u00fcye \u00e7arpan t\u0131r, otomobilin \u00fczerine devrildi. Kazada 4 ki\u015fi hayat\u0131n\u0131 kaybederken, t\u0131r \u015fof\u00f6r\u00fc g\u00f6zalt\u0131na al\u0131nd\u0131.<br \/>\nBak\u0131rk\u00f6y Ye\u015filyurt Rauf Orbay Caddesi \u00fczerinde seyir halinde olan t\u0131r, al\u00e7ak olan k\u00f6pr\u00fcye \u00e7arpt\u0131.<\/p>\n<p><img decoding=\"async\" alt=\"Bak\u0131rk\u00f6y'de TIR otomobilin \u00fczerine devrildi: 4 \u00f6l\u00fc - 1. Resim\" src=\"https:\/\/i.tgrthaber.com.tr\/images\/haberler\/24-03\/11\/bakirkoyde-tir-otomobilin-uzerine-devrildi-4-olu-17101779641406_1.jpg\" title=\"Bak\u0131rk\u00f6y'de TIR otomobilin \u00fczerine devrildi: 4 \u00f6l\u00fc\" \/><\/p>\n<h3>EK\u0130PLER ANINDA SEVK ED\u0130LD\u0130<\/h3>\n<p>\u00c7arpman\u0131n etkisiyle t\u0131r, bir otomobilin \u00fczerine devrildi. \u0130hbar \u00fczerine olay yerine itfaiye, sa\u011fl\u0131k ve polis ekipleri sevk edildi. Polis ekipleri b\u00f6lgeyi trafi\u011fe kapatt\u0131. Ara\u00e7 i\u00e7erisinde s\u0131k\u0131\u015fan 4 ki\u015fi, itfaiye ekipleri taraf\u0131ndan ara\u00e7tan \u00e7\u0131kar\u0131ld\u0131. Otomobildeki 4 ki\u015finin hayat\u0131n\u0131 kaybetti\u011fi belirlenirken, t\u0131r \u015fof\u00f6r\u00fc olay yerinde g\u00f6zalt\u0131na al\u0131nd\u0131.<\/p>\n<h3>KAZAYLA \u0130LG\u0130L\u0130 SORU\u015eTURMA BA\u015eLATILDI<\/h3>\n<p>\u0130stanbul Valili\u011finden yap\u0131lan a\u00e7\u0131klamada, saat 18.45 s\u0131ralar\u0131nda Bak\u0131rk\u00f6y Ye\u015filyurt Hava Harp Okulu \u00f6n\u00fcndeki Havuzlu Kav\u015fa\u011f\u0131 alt ge\u00e7idinde devrilen kamyonun alt\u0131nda kalan otomobilde bulunan 2&#8217;si \u00e7ocuk 4 ki\u015finin hayat\u0131n\u0131 kaybetti\u011fi belirtildi.<\/p>\n","protected":false},"excerpt":{"rendered":"<p>Bak\u0131rk\u00f6y\u2019de k\u00f6pr\u00fcye \u00e7arpan t\u0131r, otomobilin \u00fczerine devrildi. Kazada 4 ki\u015fi hayat\u0131n\u0131 kaybederken, t\u0131r \u015fof\u00f6r\u00fc g\u00f6zalt\u0131na al\u0131nd\u0131. Bak\u0131rk\u00f6y Ye\u015filyurt Rauf Orbay Caddesi \u00fczerinde seyir halinde olan t\u0131r, al\u00e7ak olan k\u00f6pr\u00fcye \u00e7arpt\u0131. EK\u0130PLER ANINDA SEVK ED\u0130LD\u0130 \u00c7arpman\u0131n etkisiyle t\u0131r, bir otomobilin \u00fczerine devrildi. \u0130hbar \u00fczerine olay yerine itfaiye, sa\u011fl\u0131k ve polis ekipleri sevk edildi. Polis ekipleri b\u00f6lgeyi<\/p>\n","protected":false},"author":1,"featured_media":33715,"comment_status":"open","ping_status":"open","sticky":false,"template":"","format":"standard","meta":{"footnotes":""},"categories":[79],"tags":[],"class_list":["post-33714","post","type-post","status-publish","format-standard","has-post-thumbnail","hentry","category-ekonomi"],"yoast_head":"<!-- This site is optimized with the Yoast SEO plugin v27.4 - https:\/\/yoast.com\/product\/yoast-seo-wordpress\/ -->\n<title>Bak\u0131rk\u00f6y&#039;de TIR otomobilin \u00fczerine devrildi: 4 \u00f6l\u00fc -<\/title>\n<meta name=\"robots\" content=\"index, follow, max-snippet:-1, max-image-preview:large, max-video-preview:-1\" \/>\n<link rel=\"canonical\" href=\"https:\/\/kibrisdakik.com\/?p=33714\" \/>\n<meta property=\"og:locale\" content=\"tr_TR\" \/>\n<meta property=\"og:type\" content=\"article\" \/>\n<meta property=\"og:title\" content=\"Bak\u0131rk\u00f6y&#039;de TIR otomobilin \u00fczerine devrildi: 4 \u00f6l\u00fc -\" \/>\n<meta property=\"og:description\" content=\"Bak\u0131rk\u00f6y\u2019de k\u00f6pr\u00fcye \u00e7arpan t\u0131r, otomobilin \u00fczerine devrildi. Kazada 4 ki\u015fi hayat\u0131n\u0131 kaybederken, t\u0131r \u015fof\u00f6r\u00fc g\u00f6zalt\u0131na al\u0131nd\u0131. Bak\u0131rk\u00f6y Ye\u015filyurt Rauf Orbay Caddesi \u00fczerinde seyir halinde olan t\u0131r, al\u00e7ak olan k\u00f6pr\u00fcye \u00e7arpt\u0131. EK\u0130PLER ANINDA SEVK ED\u0130LD\u0130 \u00c7arpman\u0131n etkisiyle t\u0131r, bir otomobilin \u00fczerine devrildi. \u0130hbar \u00fczerine olay yerine itfaiye, sa\u011fl\u0131k ve polis ekipleri sevk edildi. Polis ekipleri b\u00f6lgeyi\" \/>\n<meta property=\"og:url\" content=\"https:\/\/kibrisdakik.com\/?p=33714\" \/>\n<meta property=\"article:published_time\" content=\"2024-03-11T18:37:50+00:00\" \/>\n<meta property=\"og:image\" content=\"https:\/\/kibrisdakik.com\/wp-content\/uploads\/2024\/03\/bakirkoyde-tir-otomobilin-uzerine-devrildi-4-olu-17101779641406_1-740x420.jpg\" \/>\n\t<meta property=\"og:image:width\" content=\"1280\" \/>\n\t<meta property=\"og:image:height\" content=\"828\" \/>\n\t<meta property=\"og:image:type\" content=\"image\/jpeg\" \/>\n<meta name=\"author\" content=\"admin\" \/>\n<meta name=\"twitter:card\" content=\"summary_large_image\" \/>\n<meta name=\"twitter:label1\" content=\"Yazan:\" \/>\n\t<meta name=\"twitter:data1\" content=\"admin\" \/>\n\t<meta name=\"twitter:label2\" content=\"Tahmini okuma s\u00fcresi\" \/>\n\t<meta name=\"twitter:data2\" content=\"1 dakika\" \/>\n<script type=\"application\/ld+json\" class=\"yoast-schema-graph\">{\"@context\":\"https:\\\/\\\/schema.org\",\"@graph\":[{\"@type\":\"Article\",\"@id\":\"https:\\\/\\\/kibrisdakik.com\\\/?p=33714#article\",\"isPartOf\":{\"@id\":\"https:\\\/\\\/kibrisdakik.com\\\/?p=33714\"},\"author\":{\"name\":\"admin\",\"@id\":\"https:\\\/\\\/kibrisdakik.com\\\/#\\\/schema\\\/person\\\/9cd9d437bbb44f72b73ba127e06d8e79\"},\"headline\":\"Bak\u0131rk\u00f6y&#039;de TIR otomobilin \u00fczerine devrildi: 4 \u00f6l\u00fc\",\"datePublished\":\"2024-03-11T18:37:50+00:00\",\"mainEntityOfPage\":{\"@id\":\"https:\\\/\\\/kibrisdakik.com\\\/?p=33714\"},\"wordCount\":178,\"commentCount\":0,\"image\":{\"@id\":\"https:\\\/\\\/kibrisdakik.com\\\/?p=33714#primaryimage\"},\"thumbnailUrl\":\"https:\\\/\\\/kibrisdakik.com\\\/wp-content\\\/uploads\\\/2024\\\/03\\\/bakirkoyde-tir-otomobilin-uzerine-devrildi-4-olu-17101779641406_1-740x420.jpg\",\"articleSection\":[\"Ekonomi\"],\"inLanguage\":\"tr\",\"potentialAction\":[{\"@type\":\"CommentAction\",\"name\":\"Comment\",\"target\":[\"https:\\\/\\\/kibrisdakik.com\\\/?p=33714#respond\"]}]},{\"@type\":\"WebPage\",\"@id\":\"https:\\\/\\\/kibrisdakik.com\\\/?p=33714\",\"url\":\"https:\\\/\\\/kibrisdakik.com\\\/?p=33714\",\"name\":\"Bak\u0131rk\u00f6y&#039;de TIR otomobilin \u00fczerine devrildi: 4 \u00f6l\u00fc -\",\"isPartOf\":{\"@id\":\"https:\\\/\\\/kibrisdakik.com\\\/#website\"},\"primaryImageOfPage\":{\"@id\":\"https:\\\/\\\/kibrisdakik.com\\\/?p=33714#primaryimage\"},\"image\":{\"@id\":\"https:\\\/\\\/kibrisdakik.com\\\/?p=33714#primaryimage\"},\"thumbnailUrl\":\"https:\\\/\\\/kibrisdakik.com\\\/wp-content\\\/uploads\\\/2024\\\/03\\\/bakirkoyde-tir-otomobilin-uzerine-devrildi-4-olu-17101779641406_1-740x420.jpg\",\"datePublished\":\"2024-03-11T18:37:50+00:00\",\"author\":{\"@id\":\"https:\\\/\\\/kibrisdakik.com\\\/#\\\/schema\\\/person\\\/9cd9d437bbb44f72b73ba127e06d8e79\"},\"breadcrumb\":{\"@id\":\"https:\\\/\\\/kibrisdakik.com\\\/?p=33714#breadcrumb\"},\"inLanguage\":\"tr\",\"potentialAction\":[{\"@type\":\"ReadAction\",\"target\":[\"https:\\\/\\\/kibrisdakik.com\\\/?p=33714\"]}]},{\"@type\":\"ImageObject\",\"inLanguage\":\"tr\",\"@id\":\"https:\\\/\\\/kibrisdakik.com\\\/?p=33714#primaryimage\",\"url\":\"https:\\\/\\\/kibrisdakik.com\\\/wp-content\\\/uploads\\\/2024\\\/03\\\/bakirkoyde-tir-otomobilin-uzerine-devrildi-4-olu-17101779641406_1-740x420.jpg\",\"contentUrl\":\"https:\\\/\\\/kibrisdakik.com\\\/wp-content\\\/uploads\\\/2024\\\/03\\\/bakirkoyde-tir-otomobilin-uzerine-devrildi-4-olu-17101779641406_1-740x420.jpg\",\"width\":1280,\"height\":828},{\"@type\":\"BreadcrumbList\",\"@id\":\"https:\\\/\\\/kibrisdakik.com\\\/?p=33714#breadcrumb\",\"itemListElement\":[{\"@type\":\"ListItem\",\"position\":1,\"name\":\"Home\",\"item\":\"https:\\\/\\\/kibrisdakik.com\\\/\"},{\"@type\":\"ListItem\",\"position\":2,\"name\":\"Bak\u0131rk\u00f6y&#039;de TIR otomobilin \u00fczerine devrildi: 4 \u00f6l\u00fc\"}]},{\"@type\":\"WebSite\",\"@id\":\"https:\\\/\\\/kibrisdakik.com\\\/#website\",\"url\":\"https:\\\/\\\/kibrisdakik.com\\\/\",\"name\":\"\",\"description\":\"Tam vaktinde haber\",\"potentialAction\":[{\"@type\":\"SearchAction\",\"target\":{\"@type\":\"EntryPoint\",\"urlTemplate\":\"https:\\\/\\\/kibrisdakik.com\\\/?s={search_term_string}\"},\"query-input\":{\"@type\":\"PropertyValueSpecification\",\"valueRequired\":true,\"valueName\":\"search_term_string\"}}],\"inLanguage\":\"tr\"},{\"@type\":\"Person\",\"@id\":\"https:\\\/\\\/kibrisdakik.com\\\/#\\\/schema\\\/person\\\/9cd9d437bbb44f72b73ba127e06d8e79\",\"name\":\"admin\",\"image\":{\"@type\":\"ImageObject\",\"inLanguage\":\"tr\",\"@id\":\"https:\\\/\\\/secure.gravatar.com\\\/avatar\\\/ccc17943b9d660506c869530f897617f7cb1c21a4bf30023f252596d83e1f007?s=96&d=mm&r=g\",\"url\":\"https:\\\/\\\/secure.gravatar.com\\\/avatar\\\/ccc17943b9d660506c869530f897617f7cb1c21a4bf30023f252596d83e1f007?s=96&d=mm&r=g\",\"contentUrl\":\"https:\\\/\\\/secure.gravatar.com\\\/avatar\\\/ccc17943b9d660506c869530f897617f7cb1c21a4bf30023f252596d83e1f007?s=96&d=mm&r=g\",\"caption\":\"admin\"},\"sameAs\":[\"https:\\\/\\\/kibrisdakik.com\"],\"url\":\"https:\\\/\\\/kibrisdakik.com\\\/?author=1\"}]}<\/script>\n<!-- \/ Yoast SEO plugin. -->","yoast_head_json":{"title":"Bak\u0131rk\u00f6y&#039;de TIR otomobilin \u00fczerine devrildi: 4 \u00f6l\u00fc -","robots":{"index":"index","follow":"follow","max-snippet":"max-snippet:-1","max-image-preview":"max-image-preview:large","max-video-preview":"max-video-preview:-1"},"canonical":"https:\/\/kibrisdakik.com\/?p=33714","og_locale":"tr_TR","og_type":"article","og_title":"Bak\u0131rk\u00f6y&#039;de TIR otomobilin \u00fczerine devrildi: 4 \u00f6l\u00fc -","og_description":"Bak\u0131rk\u00f6y\u2019de k\u00f6pr\u00fcye \u00e7arpan t\u0131r, otomobilin \u00fczerine devrildi. Kazada 4 ki\u015fi hayat\u0131n\u0131 kaybederken, t\u0131r \u015fof\u00f6r\u00fc g\u00f6zalt\u0131na al\u0131nd\u0131. Bak\u0131rk\u00f6y Ye\u015filyurt Rauf Orbay Caddesi \u00fczerinde seyir halinde olan t\u0131r, al\u00e7ak olan k\u00f6pr\u00fcye \u00e7arpt\u0131. EK\u0130PLER ANINDA SEVK ED\u0130LD\u0130 \u00c7arpman\u0131n etkisiyle t\u0131r, bir otomobilin \u00fczerine devrildi. \u0130hbar \u00fczerine olay yerine itfaiye, sa\u011fl\u0131k ve polis ekipleri sevk edildi. Polis ekipleri b\u00f6lgeyi","og_url":"https:\/\/kibrisdakik.com\/?p=33714","article_published_time":"2024-03-11T18:37:50+00:00","og_image":[{"width":1280,"height":828,"url":"https:\/\/kibrisdakik.com\/wp-content\/uploads\/2024\/03\/bakirkoyde-tir-otomobilin-uzerine-devrildi-4-olu-17101779641406_1-740x420.jpg","type":"image\/jpeg"}],"author":"admin","twitter_card":"summary_large_image","twitter_misc":{"Yazan:":"admin","Tahmini okuma s\u00fcresi":"1 dakika"},"schema":{"@context":"https:\/\/schema.org","@graph":[{"@type":"Article","@id":"https:\/\/kibrisdakik.com\/?p=33714#article","isPartOf":{"@id":"https:\/\/kibrisdakik.com\/?p=33714"},"author":{"name":"admin","@id":"https:\/\/kibrisdakik.com\/#\/schema\/person\/9cd9d437bbb44f72b73ba127e06d8e79"},"headline":"Bak\u0131rk\u00f6y&#039;de TIR otomobilin \u00fczerine devrildi: 4 \u00f6l\u00fc","datePublished":"2024-03-11T18:37:50+00:00","mainEntityOfPage":{"@id":"https:\/\/kibrisdakik.com\/?p=33714"},"wordCount":178,"commentCount":0,"image":{"@id":"https:\/\/kibrisdakik.com\/?p=33714#primaryimage"},"thumbnailUrl":"https:\/\/kibrisdakik.com\/wp-content\/uploads\/2024\/03\/bakirkoyde-tir-otomobilin-uzerine-devrildi-4-olu-17101779641406_1-740x420.jpg","articleSection":["Ekonomi"],"inLanguage":"tr","potentialAction":[{"@type":"CommentAction","name":"Comment","target":["https:\/\/kibrisdakik.com\/?p=33714#respond"]}]},{"@type":"WebPage","@id":"https:\/\/kibrisdakik.com\/?p=33714","url":"https:\/\/kibrisdakik.com\/?p=33714","name":"Bak\u0131rk\u00f6y&#039;de TIR otomobilin \u00fczerine devrildi: 4 \u00f6l\u00fc -","isPartOf":{"@id":"https:\/\/kibrisdakik.com\/#website"},"primaryImageOfPage":{"@id":"https:\/\/kibrisdakik.com\/?p=33714#primaryimage"},"image":{"@id":"https:\/\/kibrisdakik.com\/?p=33714#primaryimage"},"thumbnailUrl":"https:\/\/kibrisdakik.com\/wp-content\/uploads\/2024\/03\/bakirkoyde-tir-otomobilin-uzerine-devrildi-4-olu-17101779641406_1-740x420.jpg","datePublished":"2024-03-11T18:37:50+00:00","author":{"@id":"https:\/\/kibrisdakik.com\/#\/schema\/person\/9cd9d437bbb44f72b73ba127e06d8e79"},"breadcrumb":{"@id":"https:\/\/kibrisdakik.com\/?p=33714#breadcrumb"},"inLanguage":"tr","potentialAction":[{"@type":"ReadAction","target":["https:\/\/kibrisdakik.com\/?p=33714"]}]},{"@type":"ImageObject","inLanguage":"tr","@id":"https:\/\/kibrisdakik.com\/?p=33714#primaryimage","url":"https:\/\/kibrisdakik.com\/wp-content\/uploads\/2024\/03\/bakirkoyde-tir-otomobilin-uzerine-devrildi-4-olu-17101779641406_1-740x420.jpg","contentUrl":"https:\/\/kibrisdakik.com\/wp-content\/uploads\/2024\/03\/bakirkoyde-tir-otomobilin-uzerine-devrildi-4-olu-17101779641406_1-740x420.jpg","width":1280,"height":828},{"@type":"BreadcrumbList","@id":"https:\/\/kibrisdakik.com\/?p=33714#breadcrumb","itemListElement":[{"@type":"ListItem","position":1,"name":"Home","item":"https:\/\/kibrisdakik.com\/"},{"@type":"ListItem","position":2,"name":"Bak\u0131rk\u00f6y&#039;de TIR otomobilin \u00fczerine devrildi: 4 \u00f6l\u00fc"}]},{"@type":"WebSite","@id":"https:\/\/kibrisdakik.com\/#website","url":"https:\/\/kibrisdakik.com\/","name":"","description":"Tam vaktinde haber","potentialAction":[{"@type":"SearchAction","target":{"@type":"EntryPoint","urlTemplate":"https:\/\/kibrisdakik.com\/?s={search_term_string}"},"query-input":{"@type":"PropertyValueSpecification","valueRequired":true,"valueName":"search_term_string"}}],"inLanguage":"tr"},{"@type":"Person","@id":"https:\/\/kibrisdakik.com\/#\/schema\/person\/9cd9d437bbb44f72b73ba127e06d8e79","name":"admin","image":{"@type":"ImageObject","inLanguage":"tr","@id":"https:\/\/secure.gravatar.com\/avatar\/ccc17943b9d660506c869530f897617f7cb1c21a4bf30023f252596d83e1f007?s=96&d=mm&r=g","url":"https:\/\/secure.gravatar.com\/avatar\/ccc17943b9d660506c869530f897617f7cb1c21a4bf30023f252596d83e1f007?s=96&d=mm&r=g","contentUrl":"https:\/\/secure.gravatar.com\/avatar\/ccc17943b9d660506c869530f897617f7cb1c21a4bf30023f252596d83e1f007?s=96&d=mm&r=g","caption":"admin"},"sameAs":["https:\/\/kibrisdakik.com"],"url":"https:\/\/kibrisdakik.com\/?author=1"}]}},"_links":{"self":[{"href":"https:\/\/kibrisdakik.com\/index.php?rest_route=\/wp\/v2\/posts\/33714","targetHints":{"allow":["GET"]}}],"collection":[{"href":"https:\/\/kibrisdakik.com\/index.php?rest_route=\/wp\/v2\/posts"}],"about":[{"href":"https:\/\/kibrisdakik.com\/index.php?rest_route=\/wp\/v2\/types\/post"}],"author":[{"embeddable":true,"href":"https:\/\/kibrisdakik.com\/index.php?rest_route=\/wp\/v2\/users\/1"}],"replies":[{"embeddable":true,"href":"https:\/\/kibrisdakik.com\/index.php?rest_route=%2Fwp%2Fv2%2Fcomments&post=33714"}],"version-history":[{"count":0,"href":"https:\/\/kibrisdakik.com\/index.php?rest_route=\/wp\/v2\/posts\/33714\/revisions"}],"wp:featuredmedia":[{"embeddable":true,"href":"https:\/\/kibrisdakik.com\/index.php?rest_route=\/wp\/v2\/media\/33715"}],"wp:attachment":[{"href":"https:\/\/kibrisdakik.com\/index.php?rest_route=%2Fwp%2Fv2%2Fmedia&parent=33714"}],"wp:term":[{"taxonomy":"category","embeddable":true,"href":"https:\/\/kibrisdakik.com\/index.php?rest_route=%2Fwp%2Fv2%2Fcategories&post=33714"},{"taxonomy":"post_tag","embeddable":true,"href":"https:\/\/kibrisdakik.com\/index.php?rest_route=%2Fwp%2Fv2%2Ftags&post=33714"}],"curies":[{"name":"wp","href":"https:\/\/api.w.org\/{rel}","templated":true}]}}