{"id":33762,"date":"2024-03-11T14:13:00","date_gmt":"2024-03-11T14:13:00","guid":{"rendered":"https:\/\/kibrisdakik.com\/index.php\/2024\/03\/11\/sicaklik-21-24-derece-dolaylarinda-olacak\/"},"modified":"2024-03-11T14:13:00","modified_gmt":"2024-03-11T14:13:00","slug":"sicaklik-21-24-derece-dolaylarinda-olacak","status":"publish","type":"post","link":"https:\/\/kibrisdakik.com\/?p=33762","title":{"rendered":"S\u0131cakl\u0131k 21-24 derece dolaylar\u0131nda olacak"},"content":{"rendered":"<p><img decoding=\"async\" src=\"https:\/\/www.kibristurk.com\/images\/haberler\/2024\/03\/sicaklik-21-24-derece-dolaylarinda-olacak-1710166500.webp\" \/><\/p>\n<p style=\"text-align:left\"><span style=\"font-size:16px\"><span style=\"font-family:Merriweather,serif !important\"><span style=\"color:#000000\"><span style=\"background-color:#ffffff\">Meteoroloji Dairesinin Haftal\u0131k Hava Tahmin Raporuna g\u00f6re, b\u00f6lge serin ve nemli hava k\u00fctlesinin etkisi alt\u0131nda olacak.<\/span><\/span><\/span><\/span><\/p>\n<p style=\"text-align:left\"><span style=\"font-size:16px\"><span style=\"font-family:Merriweather,serif !important\"><span style=\"color:#000000\"><span style=\"background-color:#ffffff\">Hava s\u0131cakl\u0131\u011f\u0131n\u0131n 21-24 derece dolaylar\u0131nda olaca\u011f\u0131 hafta boyunca r\u00fczgar\u0131n genellikle kuzeyli y\u00f6nlerden orta kuvvette, cuma ve cumartesi ise g\u00fcney ve bat\u0131 y\u00f6nlerden orta kuvvette zaman zaman kuvvetli olarak esmesi bekleniyor.<\/span><\/span><\/span><\/span><\/p>\n<p style=\"text-align:left\"><span style=\"font-size:16px\"><span style=\"font-family:Merriweather,serif !important\"><span style=\"color:#000000\"><span style=\"background-color:#ffffff\">Rapora g\u00f6re hava, yar\u0131n az bulutlu, sabah saatleri yer yer sisli; \u00e7ar\u015famba \u00e7ok bulutlu \u00f6\u011fleden sonra par\u00e7al\u0131 bulutlu; per\u015fembe par\u00e7al\u0131 bulutlu, yer yer hafif sa\u011fanak ya\u011f\u0131\u015fl\u0131, cuma ve cumartesi par\u00e7al\u0131 bulutlu, yer yer sa\u011fanak ya\u011f\u0131\u015fl\u0131, pazar ve pazartesi ise &nbsp;par\u00e7al\u0131 bulutlu olacak.<\/span><\/span><\/span><\/span><\/p>\n","protected":false},"excerpt":{"rendered":"<p>Meteoroloji Dairesinin Haftal\u0131k Hava Tahmin Raporuna g\u00f6re, b\u00f6lge serin ve nemli hava k\u00fctlesinin etkisi alt\u0131nda olacak. Hava s\u0131cakl\u0131\u011f\u0131n\u0131n 21-24 derece dolaylar\u0131nda olaca\u011f\u0131 hafta boyunca r\u00fczgar\u0131n genellikle kuzeyli y\u00f6nlerden orta kuvvette, cuma ve cumartesi ise g\u00fcney ve bat\u0131 y\u00f6nlerden orta kuvvette zaman zaman kuvvetli olarak esmesi bekleniyor. Rapora g\u00f6re hava, yar\u0131n az bulutlu, sabah saatleri yer<\/p>\n","protected":false},"author":1,"featured_media":33763,"comment_status":"open","ping_status":"open","sticky":false,"template":"","format":"standard","meta":{"footnotes":""},"categories":[1],"tags":[],"class_list":["post-33762","post","type-post","status-publish","format-standard","has-post-thumbnail","hentry","category-gundem"],"yoast_head":"<!-- This site is optimized with the Yoast SEO plugin v27.4 - https:\/\/yoast.com\/product\/yoast-seo-wordpress\/ -->\n<title>S\u0131cakl\u0131k 21-24 derece dolaylar\u0131nda olacak -<\/title>\n<meta name=\"robots\" content=\"index, follow, max-snippet:-1, max-image-preview:large, max-video-preview:-1\" \/>\n<link rel=\"canonical\" href=\"https:\/\/kibrisdakik.com\/?p=33762\" \/>\n<meta property=\"og:locale\" content=\"tr_TR\" \/>\n<meta property=\"og:type\" content=\"article\" \/>\n<meta property=\"og:title\" content=\"S\u0131cakl\u0131k 21-24 derece dolaylar\u0131nda olacak -\" \/>\n<meta property=\"og:description\" content=\"Meteoroloji Dairesinin Haftal\u0131k Hava Tahmin Raporuna g\u00f6re, b\u00f6lge serin ve nemli hava k\u00fctlesinin etkisi alt\u0131nda olacak. Hava s\u0131cakl\u0131\u011f\u0131n\u0131n 21-24 derece dolaylar\u0131nda olaca\u011f\u0131 hafta boyunca r\u00fczgar\u0131n genellikle kuzeyli y\u00f6nlerden orta kuvvette, cuma ve cumartesi ise g\u00fcney ve bat\u0131 y\u00f6nlerden orta kuvvette zaman zaman kuvvetli olarak esmesi bekleniyor. Rapora g\u00f6re hava, yar\u0131n az bulutlu, sabah saatleri yer\" \/>\n<meta property=\"og:url\" content=\"https:\/\/kibrisdakik.com\/?p=33762\" \/>\n<meta property=\"article:published_time\" content=\"2024-03-11T14:13:00+00:00\" \/>\n<meta property=\"og:image\" content=\"https:\/\/kibrisdakik.com\/wp-content\/uploads\/2024\/03\/sicaklik-21-24-derece-dolaylarinda-olacak-1710166500.webp.webp\" \/>\n\t<meta property=\"og:image:width\" content=\"710\" \/>\n\t<meta property=\"og:image:height\" content=\"370\" \/>\n\t<meta property=\"og:image:type\" content=\"image\/webp\" \/>\n<meta name=\"author\" content=\"admin\" \/>\n<meta name=\"twitter:card\" content=\"summary_large_image\" \/>\n<meta name=\"twitter:label1\" content=\"Yazan:\" \/>\n\t<meta name=\"twitter:data1\" content=\"admin\" \/>\n\t<meta name=\"twitter:label2\" content=\"Tahmini okuma s\u00fcresi\" \/>\n\t<meta name=\"twitter:data2\" content=\"1 dakika\" \/>\n<script type=\"application\/ld+json\" class=\"yoast-schema-graph\">{\"@context\":\"https:\\\/\\\/schema.org\",\"@graph\":[{\"@type\":\"Article\",\"@id\":\"https:\\\/\\\/kibrisdakik.com\\\/?p=33762#article\",\"isPartOf\":{\"@id\":\"https:\\\/\\\/kibrisdakik.com\\\/?p=33762\"},\"author\":{\"name\":\"admin\",\"@id\":\"https:\\\/\\\/kibrisdakik.com\\\/#\\\/schema\\\/person\\\/9cd9d437bbb44f72b73ba127e06d8e79\"},\"headline\":\"S\u0131cakl\u0131k 21-24 derece dolaylar\u0131nda olacak\",\"datePublished\":\"2024-03-11T14:13:00+00:00\",\"mainEntityOfPage\":{\"@id\":\"https:\\\/\\\/kibrisdakik.com\\\/?p=33762\"},\"wordCount\":123,\"commentCount\":0,\"image\":{\"@id\":\"https:\\\/\\\/kibrisdakik.com\\\/?p=33762#primaryimage\"},\"thumbnailUrl\":\"https:\\\/\\\/kibrisdakik.com\\\/wp-content\\\/uploads\\\/2024\\\/03\\\/sicaklik-21-24-derece-dolaylarinda-olacak-1710166500.webp.webp\",\"articleSection\":[\"G\u00fcndem\"],\"inLanguage\":\"tr\",\"potentialAction\":[{\"@type\":\"CommentAction\",\"name\":\"Comment\",\"target\":[\"https:\\\/\\\/kibrisdakik.com\\\/?p=33762#respond\"]}]},{\"@type\":\"WebPage\",\"@id\":\"https:\\\/\\\/kibrisdakik.com\\\/?p=33762\",\"url\":\"https:\\\/\\\/kibrisdakik.com\\\/?p=33762\",\"name\":\"S\u0131cakl\u0131k 21-24 derece dolaylar\u0131nda olacak -\",\"isPartOf\":{\"@id\":\"https:\\\/\\\/kibrisdakik.com\\\/#website\"},\"primaryImageOfPage\":{\"@id\":\"https:\\\/\\\/kibrisdakik.com\\\/?p=33762#primaryimage\"},\"image\":{\"@id\":\"https:\\\/\\\/kibrisdakik.com\\\/?p=33762#primaryimage\"},\"thumbnailUrl\":\"https:\\\/\\\/kibrisdakik.com\\\/wp-content\\\/uploads\\\/2024\\\/03\\\/sicaklik-21-24-derece-dolaylarinda-olacak-1710166500.webp.webp\",\"datePublished\":\"2024-03-11T14:13:00+00:00\",\"author\":{\"@id\":\"https:\\\/\\\/kibrisdakik.com\\\/#\\\/schema\\\/person\\\/9cd9d437bbb44f72b73ba127e06d8e79\"},\"breadcrumb\":{\"@id\":\"https:\\\/\\\/kibrisdakik.com\\\/?p=33762#breadcrumb\"},\"inLanguage\":\"tr\",\"potentialAction\":[{\"@type\":\"ReadAction\",\"target\":[\"https:\\\/\\\/kibrisdakik.com\\\/?p=33762\"]}]},{\"@type\":\"ImageObject\",\"inLanguage\":\"tr\",\"@id\":\"https:\\\/\\\/kibrisdakik.com\\\/?p=33762#primaryimage\",\"url\":\"https:\\\/\\\/kibrisdakik.com\\\/wp-content\\\/uploads\\\/2024\\\/03\\\/sicaklik-21-24-derece-dolaylarinda-olacak-1710166500.webp.webp\",\"contentUrl\":\"https:\\\/\\\/kibrisdakik.com\\\/wp-content\\\/uploads\\\/2024\\\/03\\\/sicaklik-21-24-derece-dolaylarinda-olacak-1710166500.webp.webp\",\"width\":710,\"height\":370},{\"@type\":\"BreadcrumbList\",\"@id\":\"https:\\\/\\\/kibrisdakik.com\\\/?p=33762#breadcrumb\",\"itemListElement\":[{\"@type\":\"ListItem\",\"position\":1,\"name\":\"Home\",\"item\":\"https:\\\/\\\/kibrisdakik.com\\\/\"},{\"@type\":\"ListItem\",\"position\":2,\"name\":\"S\u0131cakl\u0131k 21-24 derece dolaylar\u0131nda olacak\"}]},{\"@type\":\"WebSite\",\"@id\":\"https:\\\/\\\/kibrisdakik.com\\\/#website\",\"url\":\"https:\\\/\\\/kibrisdakik.com\\\/\",\"name\":\"\",\"description\":\"Tam vaktinde haber\",\"potentialAction\":[{\"@type\":\"SearchAction\",\"target\":{\"@type\":\"EntryPoint\",\"urlTemplate\":\"https:\\\/\\\/kibrisdakik.com\\\/?s={search_term_string}\"},\"query-input\":{\"@type\":\"PropertyValueSpecification\",\"valueRequired\":true,\"valueName\":\"search_term_string\"}}],\"inLanguage\":\"tr\"},{\"@type\":\"Person\",\"@id\":\"https:\\\/\\\/kibrisdakik.com\\\/#\\\/schema\\\/person\\\/9cd9d437bbb44f72b73ba127e06d8e79\",\"name\":\"admin\",\"image\":{\"@type\":\"ImageObject\",\"inLanguage\":\"tr\",\"@id\":\"https:\\\/\\\/secure.gravatar.com\\\/avatar\\\/ccc17943b9d660506c869530f897617f7cb1c21a4bf30023f252596d83e1f007?s=96&d=mm&r=g\",\"url\":\"https:\\\/\\\/secure.gravatar.com\\\/avatar\\\/ccc17943b9d660506c869530f897617f7cb1c21a4bf30023f252596d83e1f007?s=96&d=mm&r=g\",\"contentUrl\":\"https:\\\/\\\/secure.gravatar.com\\\/avatar\\\/ccc17943b9d660506c869530f897617f7cb1c21a4bf30023f252596d83e1f007?s=96&d=mm&r=g\",\"caption\":\"admin\"},\"sameAs\":[\"https:\\\/\\\/kibrisdakik.com\"],\"url\":\"https:\\\/\\\/kibrisdakik.com\\\/?author=1\"}]}<\/script>\n<!-- \/ Yoast SEO plugin. -->","yoast_head_json":{"title":"S\u0131cakl\u0131k 21-24 derece dolaylar\u0131nda olacak -","robots":{"index":"index","follow":"follow","max-snippet":"max-snippet:-1","max-image-preview":"max-image-preview:large","max-video-preview":"max-video-preview:-1"},"canonical":"https:\/\/kibrisdakik.com\/?p=33762","og_locale":"tr_TR","og_type":"article","og_title":"S\u0131cakl\u0131k 21-24 derece dolaylar\u0131nda olacak -","og_description":"Meteoroloji Dairesinin Haftal\u0131k Hava Tahmin Raporuna g\u00f6re, b\u00f6lge serin ve nemli hava k\u00fctlesinin etkisi alt\u0131nda olacak. Hava s\u0131cakl\u0131\u011f\u0131n\u0131n 21-24 derece dolaylar\u0131nda olaca\u011f\u0131 hafta boyunca r\u00fczgar\u0131n genellikle kuzeyli y\u00f6nlerden orta kuvvette, cuma ve cumartesi ise g\u00fcney ve bat\u0131 y\u00f6nlerden orta kuvvette zaman zaman kuvvetli olarak esmesi bekleniyor. Rapora g\u00f6re hava, yar\u0131n az bulutlu, sabah saatleri yer","og_url":"https:\/\/kibrisdakik.com\/?p=33762","article_published_time":"2024-03-11T14:13:00+00:00","og_image":[{"width":710,"height":370,"url":"https:\/\/kibrisdakik.com\/wp-content\/uploads\/2024\/03\/sicaklik-21-24-derece-dolaylarinda-olacak-1710166500.webp.webp","type":"image\/webp"}],"author":"admin","twitter_card":"summary_large_image","twitter_misc":{"Yazan:":"admin","Tahmini okuma s\u00fcresi":"1 dakika"},"schema":{"@context":"https:\/\/schema.org","@graph":[{"@type":"Article","@id":"https:\/\/kibrisdakik.com\/?p=33762#article","isPartOf":{"@id":"https:\/\/kibrisdakik.com\/?p=33762"},"author":{"name":"admin","@id":"https:\/\/kibrisdakik.com\/#\/schema\/person\/9cd9d437bbb44f72b73ba127e06d8e79"},"headline":"S\u0131cakl\u0131k 21-24 derece dolaylar\u0131nda olacak","datePublished":"2024-03-11T14:13:00+00:00","mainEntityOfPage":{"@id":"https:\/\/kibrisdakik.com\/?p=33762"},"wordCount":123,"commentCount":0,"image":{"@id":"https:\/\/kibrisdakik.com\/?p=33762#primaryimage"},"thumbnailUrl":"https:\/\/kibrisdakik.com\/wp-content\/uploads\/2024\/03\/sicaklik-21-24-derece-dolaylarinda-olacak-1710166500.webp.webp","articleSection":["G\u00fcndem"],"inLanguage":"tr","potentialAction":[{"@type":"CommentAction","name":"Comment","target":["https:\/\/kibrisdakik.com\/?p=33762#respond"]}]},{"@type":"WebPage","@id":"https:\/\/kibrisdakik.com\/?p=33762","url":"https:\/\/kibrisdakik.com\/?p=33762","name":"S\u0131cakl\u0131k 21-24 derece dolaylar\u0131nda olacak -","isPartOf":{"@id":"https:\/\/kibrisdakik.com\/#website"},"primaryImageOfPage":{"@id":"https:\/\/kibrisdakik.com\/?p=33762#primaryimage"},"image":{"@id":"https:\/\/kibrisdakik.com\/?p=33762#primaryimage"},"thumbnailUrl":"https:\/\/kibrisdakik.com\/wp-content\/uploads\/2024\/03\/sicaklik-21-24-derece-dolaylarinda-olacak-1710166500.webp.webp","datePublished":"2024-03-11T14:13:00+00:00","author":{"@id":"https:\/\/kibrisdakik.com\/#\/schema\/person\/9cd9d437bbb44f72b73ba127e06d8e79"},"breadcrumb":{"@id":"https:\/\/kibrisdakik.com\/?p=33762#breadcrumb"},"inLanguage":"tr","potentialAction":[{"@type":"ReadAction","target":["https:\/\/kibrisdakik.com\/?p=33762"]}]},{"@type":"ImageObject","inLanguage":"tr","@id":"https:\/\/kibrisdakik.com\/?p=33762#primaryimage","url":"https:\/\/kibrisdakik.com\/wp-content\/uploads\/2024\/03\/sicaklik-21-24-derece-dolaylarinda-olacak-1710166500.webp.webp","contentUrl":"https:\/\/kibrisdakik.com\/wp-content\/uploads\/2024\/03\/sicaklik-21-24-derece-dolaylarinda-olacak-1710166500.webp.webp","width":710,"height":370},{"@type":"BreadcrumbList","@id":"https:\/\/kibrisdakik.com\/?p=33762#breadcrumb","itemListElement":[{"@type":"ListItem","position":1,"name":"Home","item":"https:\/\/kibrisdakik.com\/"},{"@type":"ListItem","position":2,"name":"S\u0131cakl\u0131k 21-24 derece dolaylar\u0131nda olacak"}]},{"@type":"WebSite","@id":"https:\/\/kibrisdakik.com\/#website","url":"https:\/\/kibrisdakik.com\/","name":"","description":"Tam vaktinde haber","potentialAction":[{"@type":"SearchAction","target":{"@type":"EntryPoint","urlTemplate":"https:\/\/kibrisdakik.com\/?s={search_term_string}"},"query-input":{"@type":"PropertyValueSpecification","valueRequired":true,"valueName":"search_term_string"}}],"inLanguage":"tr"},{"@type":"Person","@id":"https:\/\/kibrisdakik.com\/#\/schema\/person\/9cd9d437bbb44f72b73ba127e06d8e79","name":"admin","image":{"@type":"ImageObject","inLanguage":"tr","@id":"https:\/\/secure.gravatar.com\/avatar\/ccc17943b9d660506c869530f897617f7cb1c21a4bf30023f252596d83e1f007?s=96&d=mm&r=g","url":"https:\/\/secure.gravatar.com\/avatar\/ccc17943b9d660506c869530f897617f7cb1c21a4bf30023f252596d83e1f007?s=96&d=mm&r=g","contentUrl":"https:\/\/secure.gravatar.com\/avatar\/ccc17943b9d660506c869530f897617f7cb1c21a4bf30023f252596d83e1f007?s=96&d=mm&r=g","caption":"admin"},"sameAs":["https:\/\/kibrisdakik.com"],"url":"https:\/\/kibrisdakik.com\/?author=1"}]}},"_links":{"self":[{"href":"https:\/\/kibrisdakik.com\/index.php?rest_route=\/wp\/v2\/posts\/33762","targetHints":{"allow":["GET"]}}],"collection":[{"href":"https:\/\/kibrisdakik.com\/index.php?rest_route=\/wp\/v2\/posts"}],"about":[{"href":"https:\/\/kibrisdakik.com\/index.php?rest_route=\/wp\/v2\/types\/post"}],"author":[{"embeddable":true,"href":"https:\/\/kibrisdakik.com\/index.php?rest_route=\/wp\/v2\/users\/1"}],"replies":[{"embeddable":true,"href":"https:\/\/kibrisdakik.com\/index.php?rest_route=%2Fwp%2Fv2%2Fcomments&post=33762"}],"version-history":[{"count":0,"href":"https:\/\/kibrisdakik.com\/index.php?rest_route=\/wp\/v2\/posts\/33762\/revisions"}],"wp:featuredmedia":[{"embeddable":true,"href":"https:\/\/kibrisdakik.com\/index.php?rest_route=\/wp\/v2\/media\/33763"}],"wp:attachment":[{"href":"https:\/\/kibrisdakik.com\/index.php?rest_route=%2Fwp%2Fv2%2Fmedia&parent=33762"}],"wp:term":[{"taxonomy":"category","embeddable":true,"href":"https:\/\/kibrisdakik.com\/index.php?rest_route=%2Fwp%2Fv2%2Fcategories&post=33762"},{"taxonomy":"post_tag","embeddable":true,"href":"https:\/\/kibrisdakik.com\/index.php?rest_route=%2Fwp%2Fv2%2Ftags&post=33762"}],"curies":[{"name":"wp","href":"https:\/\/api.w.org\/{rel}","templated":true}]}}