{"id":33810,"date":"2024-03-12T12:22:55","date_gmt":"2024-03-12T12:22:55","guid":{"rendered":"https:\/\/kibrisdakik.com\/index.php\/2024\/03\/12\/hukumeti-cam-kese-bocegine-benzetti\/"},"modified":"2024-03-12T12:22:55","modified_gmt":"2024-03-12T12:22:55","slug":"hukumeti-cam-kese-bocegine-benzetti","status":"publish","type":"post","link":"https:\/\/kibrisdakik.com\/?p=33810","title":{"rendered":"H\u00fck\u00fcmeti &quot;\u00e7am kese b\u00f6ce\u011fine&quot; benzetti"},"content":{"rendered":"<p><img decoding=\"async\" src=\"https:\/\/www.kibristurk.com\/images\/haberler\/2024\/03\/hukumeti-cam-kese-bocegine-benzetti-1710244203.webp\" \/><\/p>\n<p style=\"text-align:left\"><span style=\"font-size:16px\"><span style=\"font-family:Merriweather,serif !important\"><span style=\"color:#000000\"><span style=\"background-color:#ffffff\">-\u015eahali h\u00fck\u00fcmeti \u00e7am kese b\u00f6ce\u011fine benzetti<\/span><\/span><\/span><\/span><\/p>\n<p style=\"text-align:left\"><span style=\"font-size:16px\"><span style=\"font-family:Merriweather,serif !important\"><span style=\"color:#000000\"><span style=\"background-color:#ffffff\">Cumhuriyet\u00e7i T\u00fcrk Partisi Gazima\u011fusa Milletvekili Erkut \u015eahali, \u201c\u00c7am kese b\u00f6ce\u011fi \u00f6rne\u011fi ve devletin getirildi\u011fi durum\u201d konulu g\u00fcncel konu\u015fma yapt\u0131.<\/span><\/span><\/span><\/span><\/p>\n<p style=\"text-align:left\"><span style=\"font-size:16px\"><span style=\"font-family:Merriweather,serif !important\"><span style=\"color:#000000\"><span style=\"background-color:#ffffff\">\u00dclkede be\u015f y\u0131ld\u0131r \u00e7am kese b\u00f6ce\u011fi m\u00fccadelesi y\u00fcr\u00fct\u00fclmedi\u011fini s\u00f6yleyen \u015eahali, kendi h\u00fck\u00fcmet d\u00f6nemlerinden bu yana bu konuda herhangi bir \u00e7al\u0131\u015fma yap\u0131lmad\u0131\u011f\u0131n\u0131 kaydetti.<\/span><\/span><\/span><\/span><\/p>\n<p style=\"text-align:left\"><span style=\"font-size:16px\"><span style=\"font-family:Merriweather,serif !important\"><span style=\"color:#000000\"><span style=\"background-color:#ffffff\">\u00c7am kese b\u00f6ce\u011finin a\u011fa\u00e7lar\u0131n kurumas\u0131na neden olacak ortam\u0131 yaratt\u0131\u011f\u0131n\u0131 dile getiren \u015eahali, h\u00fck\u00fcmeti &#8220;\u00e7am kese b\u00f6ce\u011fine&#8221; benzetti.<\/span><\/span><\/span><\/span><\/p>\n<p style=\"text-align:left\"><span style=\"font-size:16px\"><span style=\"font-family:Merriweather,serif !important\"><span style=\"color:#000000\"><span style=\"background-color:#ffffff\">\u015eahali, parlamentoda baz\u0131 milletvekili ve bakanlara y\u00f6nelik iddialar\u0131n, g\u00fcn\u00fcn sonunda Meclisin tamam\u0131n\u0131n itibar\u0131n\u0131 sorgulan\u0131r hale getirdi\u011fini anlatt\u0131.<\/span><\/span><\/span><\/span><\/p>\n<p style=\"text-align:left\"><span style=\"font-size:16px\"><span style=\"font-family:Merriweather,serif !important\"><span style=\"color:#000000\"><span style=\"background-color:#ffffff\">Bug\u00fcn gelinen noktada siyaset kurumunun b\u00fct\u00fcn\u00fcyle sorgulan\u0131r hale geldi\u011fini s\u00f6yleyen \u015eahali, yolsuzluk olaylar\u0131na i\u015faret etti.<\/span><\/span><\/span><\/span><\/p>\n<p style=\"text-align:left\"><span style=\"font-size:16px\"><span style=\"font-family:Merriweather,serif !important\"><span style=\"color:#000000\"><span style=\"background-color:#ffffff\">H\u00fck\u00fcmet makamlar\u0131n\u0131n bu konular ya\u015fanm\u0131yormu\u015f gibi tav\u0131r sergilemeye devam etti\u011fini kaydeden \u015eahali, r\u00fc\u015fvet iddialar\u0131yla mahkemede olan Y\u00d6DAK yetkililerine i\u015faret etti, bunun irade sahibi olanlar\u0131n seyredece\u011fi bir durum olmad\u0131\u011f\u0131n\u0131 kaydetti.<\/span><\/span><\/span><\/span><\/p>\n<p style=\"text-align:left\"><span style=\"font-size:16px\"><span style=\"font-family:Merriweather,serif !important\"><span style=\"color:#000000\"><span style=\"background-color:#ffffff\">Bu ki\u015filerin atanmas\u0131 i\u00e7in imza atan devlet yetkililerinin bu sorumluluklar\u0131n\u0131n fark\u0131nda de\u011filmi\u015f gibi davrand\u0131\u011f\u0131n\u0131 s\u00f6yleyen \u015eahali, \u201cBu h\u00fck\u00fcmet bu konuda ad\u0131m atmak durumundad\u0131r\u201d dedi.<\/span><\/span><\/span><\/span><\/p>\n<p style=\"text-align:left\"><span style=\"font-size:16px\"><span style=\"font-family:Merriweather,serif !important\"><span style=\"color:#000000\"><span style=\"background-color:#ffffff\">Atanan isimlerin \u015f\u00fcpheli durumda oldu\u011fu bir ortamda \u00f6te yandan yasalar\u0131n gereklerine uygun hareket edilmedi\u011fini s\u00f6yleyen \u015eahali, \u201c4 y\u0131ld\u0131r keyfi kararlarla kamu kaynaklar\u0131 harcan\u0131yor\u201d ifadelerini kulland\u0131.<\/span><\/span><\/span><\/span><\/p>\n<p style=\"text-align:left\"><span style=\"font-size:16px\"><span style=\"font-family:Merriweather,serif !important\"><span style=\"color:#000000\"><span style=\"background-color:#ffffff\">Erkut \u015eahali, \u00f6zel sohbetlerde say\u0131s\u0131z \u015fikayetini dile getiren ama h\u00fck\u00fcmete de g\u00fcvenoyu veren milletvekillerine \u201cHangisinde do\u011frusunu s\u00f6yl\u00fcyorsunuz?\u201d diye sordu.<\/span><\/span><\/span><\/span><\/p>\n<p style=\"text-align:left\"><span style=\"font-size:16px\"><span style=\"font-family:Merriweather,serif !important\"><span style=\"color:#000000\"><span style=\"background-color:#ffffff\">Narenciyedeki sorunlara da i\u015faret eden \u015eahali, &#8220;Mandoray\u0131 mahvettiniz s\u0131ra valensiyada&#8221; dedi ve bu konuda cumartesi g\u00fcn\u00fc G\u00fczelyurt\u2019ta y\u00fcr\u00fcy\u00fc\u015f yap\u0131laca\u011f\u0131n\u0131 dile getirdi.<\/span><\/span><\/span><\/span><\/p>\n<p style=\"text-align:left\"><span style=\"font-size:16px\"><span style=\"font-family:Merriweather,serif !important\"><span style=\"color:#000000\"><span style=\"background-color:#ffffff\">\u015eahali\u2019nin konu\u015fmas\u0131n\u0131n ard\u0131ndan Meclis Ba\u015fkan\u0131 Zorlu T\u00f6re ile Erkut \u015eahali ve milletvekilleri aras\u0131nda &#8220;pi\u015fkin&#8221; kelimesinin tutana\u011fa girip giremeyece\u011fi konusunda tart\u0131\u015fma ya\u015fand\u0131.<\/span><\/span><\/span><\/span><\/p>\n<p style=\"text-align:left\">&nbsp;<\/p>\n<p style=\"text-align:left\">&nbsp;<\/p>\n<p style=\"text-align:left\"><span style=\"font-size:16px\"><span style=\"font-family:Merriweather,serif !important\"><span style=\"color:#000000\"><span style=\"background-color:#ffffff\">-\u015eahiner: \u201cB\u00f6yle giderse Tar\u0131m Bakanl\u0131\u011f\u0131, \u0130thalat ve Tedarik Bakanl\u0131\u011f\u0131na d\u00f6n\u00fc\u015fecek\u201d<\/span><\/span><\/span><\/span><\/p>\n<p style=\"text-align:left\"><span style=\"font-size:16px\"><span style=\"font-family:Merriweather,serif !important\"><span style=\"color:#000000\"><span style=\"background-color:#ffffff\">Cumhuriyet\u00e7i T\u00fcrk Partisi Lefke Milletvekili Salahi \u015eahiner, \u201cTar\u0131msal \u00fcretimde yaprak d\u00f6k\u00fcm\u00fc\u201d konulu g\u00fcncel konu\u015fma yapt\u0131.<\/span><\/span><\/span><\/span><\/p>\n<p style=\"text-align:left\"><span style=\"font-size:16px\"><span style=\"font-family:Merriweather,serif !important\"><span style=\"color:#000000\"><span style=\"background-color:#ffffff\">\u00dcreticinin \u00fcretimden kopma noktas\u0131na geldi\u011fini anlatan \u015eahali b\u00f6yle giderse Tar\u0131m Bakanl\u0131\u011f\u0131n\u0131n ilgilenece\u011fi bir alan kalmayaca\u011f\u0131ndan bu bakanl\u0131\u011f\u0131n \u201c\u0130thalat ve Tedarik Bakanl\u0131\u011f\u0131na\u201d d\u00f6n\u00fc\u015fece\u011fini belirtti.<\/span><\/span><\/span><\/span><\/p>\n<p style=\"text-align:left\"><span style=\"font-size:16px\"><span style=\"font-family:Merriweather,serif !important\"><span style=\"color:#000000\"><span style=\"background-color:#ffffff\">Girdi maliyetlerinin y\u00fckselmesiyle bu sekt\u00f6rlerde kalman\u0131n ak\u0131l k\u00e2r\u0131 olmaktan \u00e7\u0131kt\u0131\u011f\u0131n\u0131 s\u00f6yleyen \u015eahali, \u00f6te yandan \u015faibeli mal al\u0131mlar\u0131na gidildi\u011fini kaydetti.<\/span><\/span><\/span><\/span><\/p>\n<p style=\"text-align:left\"><span style=\"font-size:16px\"><span style=\"font-family:Merriweather,serif !important\"><span style=\"color:#000000\"><span style=\"background-color:#ffffff\">\u015eahali, Hal Yasas\u0131 ge\u00e7eli bir y\u0131l oldu\u011fu halde gerekli ad\u0131mlar\u0131n at\u0131lmad\u0131\u011f\u0131n\u0131 da ifade etti.<\/span><\/span><\/span><\/span><\/p>\n<p style=\"text-align:left\"><span style=\"font-size:16px\"><span style=\"font-family:Merriweather,serif !important\"><span style=\"color:#000000\"><span style=\"background-color:#ffffff\">Son 10 y\u0131l\u0131n en kurak y\u0131llar\u0131ndan birinin ya\u015fand\u0131\u011f\u0131n\u0131 s\u00f6yleyen \u015eahali, hangi noktada olundu\u011funun anla\u015f\u0131labilmesi i\u00e7in adadaki baraj doluluk rakamlar\u0131na dair bilgiler aktard\u0131.<\/span><\/span><\/span><\/span><\/p>\n<p style=\"text-align:left\"><span style=\"font-size:16px\"><span style=\"font-family:Merriweather,serif !important\"><span style=\"color:#000000\"><span style=\"background-color:#ffffff\">Birim su maliyetinin, elektrik maliyetleriyle birlikte artaca\u011f\u0131n\u0131 ifade eden \u015eahali, bunun da \u00fcretime ciddi zarar verece\u011fini kaydetti.<\/span><\/span><\/span><\/span><\/p>\n<p style=\"text-align:left\"><span style=\"font-size:16px\"><span style=\"font-family:Merriweather,serif !important\"><span style=\"color:#000000\"><span style=\"background-color:#ffffff\">Narenciyedeki sorunlara da de\u011finen \u015eahali, \u00fcreticinin bu sorunlar\u0131n \u00f6n\u00fcm\u00fczdeki d\u00f6nem ya\u015fanmamas\u0131 i\u00e7in ne gibi \u00e7al\u0131\u015fmalar yap\u0131ld\u0131\u011f\u0131n\u0131 bilmek istedi\u011fini ifade etti. \u015eahali, seneye bu konuda ne yap\u0131laca\u011f\u0131n\u0131 bu sezon bitmeden kesinle\u015ftirmek gerekti\u011fini vurgulad\u0131.<\/span><\/span><\/span><\/span><\/p>\n<p style=\"text-align:left\"><span style=\"font-size:16px\"><span style=\"font-family:Merriweather,serif !important\"><span style=\"color:#000000\"><span style=\"background-color:#ffffff\">S\u0131kman\u0131n bir \u00e7\u00f6z\u00fcm olmad\u0131\u011f\u0131n\u0131, pazarda sunulacak \u00fcr\u00fcne g\u00f6re \u00e7ok d\u00fc\u015f\u00fck bir gelir getirdi\u011fini dile getiren \u015eahali, gelecek rakam\u0131n girdi ve \u00fcretim maliyetlerinin alt\u0131nda kalacak gibi g\u00f6r\u00fcnd\u00fc\u011f\u00fcn\u00fc belirtti.<\/span><\/span><\/span><\/span><\/p>\n<p style=\"text-align:left\"><span style=\"font-size:16px\"><span style=\"font-family:Merriweather,serif !important\"><span style=\"color:#000000\"><span style=\"background-color:#ffffff\">\u00dcr\u00fcn\u00fcn yurt d\u0131\u015f\u0131 pazar\u0131nda sat\u0131lmas\u0131n\u0131n bir yolunu bulmak gerekti\u011fini ifade eden \u015eahali, \u00fcr\u00fcnlerin gemiyle katma de\u011feri daha y\u00fcksek olan pazarlara g\u00f6t\u00fcr\u00fclmesi gerekti\u011fini anlatt\u0131, aksi halde narenciye bah\u00e7elerinin beton haline gelece\u011fini belirtti.<\/span><\/span><\/span><\/span><\/p>\n<p style=\"text-align:left\">&nbsp;<\/p>\n<p style=\"text-align:left\"><span style=\"font-size:16px\"><span style=\"font-family:Merriweather,serif !important\"><span style=\"color:#000000\"><span style=\"background-color:#ffffff\">-\u00c7avu\u015f: \u201cTransit ge\u00e7i\u015flerde \u015fu ana kadar bir sorun yok\u201d<\/span><\/span><\/span><\/span><\/p>\n<p style=\"text-align:left\"><span style=\"font-size:16px\"><span style=\"font-family:Merriweather,serif !important\"><span style=\"color:#000000\"><span style=\"background-color:#ffffff\">Yan\u0131t vermek \u00fczere k\u00fcrs\u00fcye \u00e7\u0131kan Tar\u0131m ve Do\u011fal Kaynaklar Bakan\u0131 H\u00fcseyin \u00c7avu\u015f, ye\u015fillenme hastal\u0131\u011f\u0131 ve vekt\u00f6r b\u00f6cek konusunda her \u00fclkenin kendi kurallar\u0131 oldu\u011funu s\u00f6yledi.<\/span><\/span><\/span><\/span><\/p>\n<p style=\"text-align:left\"><span style=\"font-size:16px\"><span style=\"font-family:Merriweather,serif !important\"><span style=\"color:#000000\"><span style=\"background-color:#ffffff\">Transit ge\u00e7i\u015flerde \u015fu ana kadar bir sorun olmad\u0131\u011f\u0131n\u0131, Irak ve Azerbaycan\u2019da bir sorun ya\u015fanmad\u0131\u011f\u0131n\u0131 dile getiren \u00c7avu\u015f, piyasa de\u011fi\u015fkenli\u011fine i\u015faret ederek, 10 g\u00fcn i\u00e7inde \u00fcr\u00fcn fiyatlar\u0131n\u0131n nas\u0131l h\u0131zl\u0131 de\u011fi\u015fti\u011fini anlatt\u0131.<\/span><\/span><\/span><\/span><\/p>\n<p style=\"text-align:left\"><span style=\"font-size:16px\"><span style=\"font-family:Merriweather,serif !important\"><span style=\"color:#000000\"><span style=\"background-color:#ffffff\">Bu nedenle d\u00fcnya piyasalar\u0131n\u0131 s\u00fcrekli takip ettiklerini hem pazar bulunmas\u0131 hem de transit ge\u00e7i\u015fler i\u00e7in ciddi \u00e7al\u0131\u015fma y\u00fcr\u00fctt\u00fcklerini anlatan \u00c7avu\u015f, ihracat\u0131n h\u0131zland\u0131r\u0131ld\u0131\u011f\u0131n\u0131 belirtti.<\/span><\/span><\/span><\/span><\/p>\n<p style=\"text-align:left\"><span style=\"font-size:16px\"><span style=\"font-family:Merriweather,serif !important\"><span style=\"color:#000000\"><span style=\"background-color:#ffffff\">Milletvekillerinin kayg\u0131lar\u0131n\u0131 ve \u00e7\u00f6z\u00fcm \u00f6nerilerini dikkate alarak ilerlediklerini belirten \u00c7avu\u015f, gerek narenciyede gerek di\u011fer \u00fcretimlerde Ye\u015fil Hat T\u00fcz\u00fc\u011f\u00fc\u2019nden aktif \u015fekilde yararland\u0131klar\u0131n\u0131 s\u00f6yledi.<\/span><\/span><\/span><\/span><\/p>\n<p style=\"text-align:left\"><span style=\"font-size:16px\"><span style=\"font-family:Merriweather,serif !important\"><span style=\"color:#000000\"><span style=\"background-color:#ffffff\">G\u00fczelyurt konusunda kendilerinin de kayg\u0131 ta\u015f\u0131d\u0131\u011f\u0131n\u0131 dile getiren \u00c7avu\u015f, biz de g\u00f6reve geldi\u011fimiz g\u00fcnden veri gerek b\u00fct\u00e7e olarak gerek yat\u0131r\u0131mlarla ilgili G\u00fczelyurt\u2019a ciddi kaynak ay\u0131rd\u0131k dedi.<\/span><\/span><\/span><\/span><\/p>\n<p style=\"text-align:left\"><span style=\"font-size:16px\"><span style=\"font-family:Merriweather,serif !important\"><span style=\"color:#000000\"><span style=\"background-color:#ffffff\">40 bin tonluk bir depo in\u015fa etmek i\u00e7in \u00e7al\u0131\u015fma y\u00fcr\u00fctt\u00fcklerini belirten Kelle, \u00f6nceden yap\u0131lmas\u0131 gereken bu \u00e7al\u0131\u015fman\u0131n yap\u0131lmam\u0131\u015f olmas\u0131n\u0131n da \u015fu anki durumu zorla\u015ft\u0131rd\u0131\u011f\u0131n\u0131 anlatt\u0131.<\/span><\/span><\/span><\/span><\/p>\n<p style=\"text-align:left\"><span style=\"font-size:16px\"><span style=\"font-family:Merriweather,serif !important\"><span style=\"color:#000000\"><span style=\"background-color:#ffffff\">S\u0131kma kapasitesinin de art\u0131r\u0131laca\u011f\u0131n\u0131 dile getiren \u00c7avu\u015f, sadece konsantre olarak de\u011fil meyve suyu olarak da \u00fcr\u00fcn\u00fc t\u00fcketiciyle bulu\u015fturmak i\u00e7in \u00e7al\u0131\u015fmalara devam edeceklerini belirtti.<\/span><\/span><\/span><\/span><\/p>\n","protected":false},"excerpt":{"rendered":"<p>-\u015eahali h\u00fck\u00fcmeti \u00e7am kese b\u00f6ce\u011fine benzetti Cumhuriyet\u00e7i T\u00fcrk Partisi Gazima\u011fusa Milletvekili Erkut \u015eahali, \u201c\u00c7am kese b\u00f6ce\u011fi \u00f6rne\u011fi ve devletin getirildi\u011fi durum\u201d konulu g\u00fcncel konu\u015fma yapt\u0131. \u00dclkede be\u015f y\u0131ld\u0131r \u00e7am kese b\u00f6ce\u011fi m\u00fccadelesi y\u00fcr\u00fct\u00fclmedi\u011fini s\u00f6yleyen \u015eahali, kendi h\u00fck\u00fcmet d\u00f6nemlerinden bu yana bu konuda herhangi bir \u00e7al\u0131\u015fma yap\u0131lmad\u0131\u011f\u0131n\u0131 kaydetti. \u00c7am kese b\u00f6ce\u011finin a\u011fa\u00e7lar\u0131n kurumas\u0131na neden olacak ortam\u0131<\/p>\n","protected":false},"author":1,"featured_media":33811,"comment_status":"open","ping_status":"open","sticky":false,"template":"","format":"standard","meta":{"footnotes":""},"categories":[85],"tags":[],"class_list":["post-33810","post","type-post","status-publish","format-standard","has-post-thumbnail","hentry","category-spor"],"yoast_head":"<!-- This site is optimized with the Yoast SEO plugin v27.4 - https:\/\/yoast.com\/product\/yoast-seo-wordpress\/ -->\n<title>H\u00fck\u00fcmeti &quot;\u00e7am kese b\u00f6ce\u011fine&quot; benzetti -<\/title>\n<meta name=\"robots\" content=\"index, follow, max-snippet:-1, max-image-preview:large, max-video-preview:-1\" \/>\n<link rel=\"canonical\" href=\"https:\/\/kibrisdakik.com\/?p=33810\" \/>\n<meta property=\"og:locale\" content=\"tr_TR\" \/>\n<meta property=\"og:type\" content=\"article\" \/>\n<meta property=\"og:title\" content=\"H\u00fck\u00fcmeti &quot;\u00e7am kese b\u00f6ce\u011fine&quot; benzetti -\" \/>\n<meta property=\"og:description\" content=\"-\u015eahali h\u00fck\u00fcmeti \u00e7am kese b\u00f6ce\u011fine benzetti Cumhuriyet\u00e7i T\u00fcrk Partisi Gazima\u011fusa Milletvekili Erkut \u015eahali, \u201c\u00c7am kese b\u00f6ce\u011fi \u00f6rne\u011fi ve devletin getirildi\u011fi durum\u201d konulu g\u00fcncel konu\u015fma yapt\u0131. \u00dclkede be\u015f y\u0131ld\u0131r \u00e7am kese b\u00f6ce\u011fi m\u00fccadelesi y\u00fcr\u00fct\u00fclmedi\u011fini s\u00f6yleyen \u015eahali, kendi h\u00fck\u00fcmet d\u00f6nemlerinden bu yana bu konuda herhangi bir \u00e7al\u0131\u015fma yap\u0131lmad\u0131\u011f\u0131n\u0131 kaydetti. \u00c7am kese b\u00f6ce\u011finin a\u011fa\u00e7lar\u0131n kurumas\u0131na neden olacak ortam\u0131\" \/>\n<meta property=\"og:url\" content=\"https:\/\/kibrisdakik.com\/?p=33810\" \/>\n<meta property=\"article:published_time\" content=\"2024-03-12T12:22:55+00:00\" \/>\n<meta property=\"og:image\" content=\"https:\/\/kibrisdakik.com\/wp-content\/uploads\/2024\/03\/hukumeti-cam-kese-bocegine-benzetti-1710244203.webp.webp\" \/>\n\t<meta property=\"og:image:width\" content=\"710\" \/>\n\t<meta property=\"og:image:height\" content=\"370\" \/>\n\t<meta property=\"og:image:type\" content=\"image\/webp\" \/>\n<meta name=\"author\" content=\"admin\" \/>\n<meta name=\"twitter:card\" content=\"summary_large_image\" \/>\n<meta name=\"twitter:label1\" content=\"Yazan:\" \/>\n\t<meta name=\"twitter:data1\" content=\"admin\" \/>\n\t<meta name=\"twitter:label2\" content=\"Tahmini okuma s\u00fcresi\" \/>\n\t<meta name=\"twitter:data2\" content=\"5 dakika\" \/>\n<script type=\"application\/ld+json\" class=\"yoast-schema-graph\">{\"@context\":\"https:\\\/\\\/schema.org\",\"@graph\":[{\"@type\":\"Article\",\"@id\":\"https:\\\/\\\/kibrisdakik.com\\\/?p=33810#article\",\"isPartOf\":{\"@id\":\"https:\\\/\\\/kibrisdakik.com\\\/?p=33810\"},\"author\":{\"name\":\"admin\",\"@id\":\"https:\\\/\\\/kibrisdakik.com\\\/#\\\/schema\\\/person\\\/9cd9d437bbb44f72b73ba127e06d8e79\"},\"headline\":\"H\u00fck\u00fcmeti &quot;\u00e7am kese b\u00f6ce\u011fine&quot; benzetti\",\"datePublished\":\"2024-03-12T12:22:55+00:00\",\"mainEntityOfPage\":{\"@id\":\"https:\\\/\\\/kibrisdakik.com\\\/?p=33810\"},\"wordCount\":958,\"commentCount\":0,\"image\":{\"@id\":\"https:\\\/\\\/kibrisdakik.com\\\/?p=33810#primaryimage\"},\"thumbnailUrl\":\"https:\\\/\\\/kibrisdakik.com\\\/wp-content\\\/uploads\\\/2024\\\/03\\\/hukumeti-cam-kese-bocegine-benzetti-1710244203.webp.webp\",\"articleSection\":[\"Spor\"],\"inLanguage\":\"tr\",\"potentialAction\":[{\"@type\":\"CommentAction\",\"name\":\"Comment\",\"target\":[\"https:\\\/\\\/kibrisdakik.com\\\/?p=33810#respond\"]}]},{\"@type\":\"WebPage\",\"@id\":\"https:\\\/\\\/kibrisdakik.com\\\/?p=33810\",\"url\":\"https:\\\/\\\/kibrisdakik.com\\\/?p=33810\",\"name\":\"H\u00fck\u00fcmeti &quot;\u00e7am kese b\u00f6ce\u011fine&quot; benzetti -\",\"isPartOf\":{\"@id\":\"https:\\\/\\\/kibrisdakik.com\\\/#website\"},\"primaryImageOfPage\":{\"@id\":\"https:\\\/\\\/kibrisdakik.com\\\/?p=33810#primaryimage\"},\"image\":{\"@id\":\"https:\\\/\\\/kibrisdakik.com\\\/?p=33810#primaryimage\"},\"thumbnailUrl\":\"https:\\\/\\\/kibrisdakik.com\\\/wp-content\\\/uploads\\\/2024\\\/03\\\/hukumeti-cam-kese-bocegine-benzetti-1710244203.webp.webp\",\"datePublished\":\"2024-03-12T12:22:55+00:00\",\"author\":{\"@id\":\"https:\\\/\\\/kibrisdakik.com\\\/#\\\/schema\\\/person\\\/9cd9d437bbb44f72b73ba127e06d8e79\"},\"breadcrumb\":{\"@id\":\"https:\\\/\\\/kibrisdakik.com\\\/?p=33810#breadcrumb\"},\"inLanguage\":\"tr\",\"potentialAction\":[{\"@type\":\"ReadAction\",\"target\":[\"https:\\\/\\\/kibrisdakik.com\\\/?p=33810\"]}]},{\"@type\":\"ImageObject\",\"inLanguage\":\"tr\",\"@id\":\"https:\\\/\\\/kibrisdakik.com\\\/?p=33810#primaryimage\",\"url\":\"https:\\\/\\\/kibrisdakik.com\\\/wp-content\\\/uploads\\\/2024\\\/03\\\/hukumeti-cam-kese-bocegine-benzetti-1710244203.webp.webp\",\"contentUrl\":\"https:\\\/\\\/kibrisdakik.com\\\/wp-content\\\/uploads\\\/2024\\\/03\\\/hukumeti-cam-kese-bocegine-benzetti-1710244203.webp.webp\",\"width\":710,\"height\":370},{\"@type\":\"BreadcrumbList\",\"@id\":\"https:\\\/\\\/kibrisdakik.com\\\/?p=33810#breadcrumb\",\"itemListElement\":[{\"@type\":\"ListItem\",\"position\":1,\"name\":\"Home\",\"item\":\"https:\\\/\\\/kibrisdakik.com\\\/\"},{\"@type\":\"ListItem\",\"position\":2,\"name\":\"H\u00fck\u00fcmeti &quot;\u00e7am kese b\u00f6ce\u011fine&quot; benzetti\"}]},{\"@type\":\"WebSite\",\"@id\":\"https:\\\/\\\/kibrisdakik.com\\\/#website\",\"url\":\"https:\\\/\\\/kibrisdakik.com\\\/\",\"name\":\"\",\"description\":\"Tam vaktinde haber\",\"potentialAction\":[{\"@type\":\"SearchAction\",\"target\":{\"@type\":\"EntryPoint\",\"urlTemplate\":\"https:\\\/\\\/kibrisdakik.com\\\/?s={search_term_string}\"},\"query-input\":{\"@type\":\"PropertyValueSpecification\",\"valueRequired\":true,\"valueName\":\"search_term_string\"}}],\"inLanguage\":\"tr\"},{\"@type\":\"Person\",\"@id\":\"https:\\\/\\\/kibrisdakik.com\\\/#\\\/schema\\\/person\\\/9cd9d437bbb44f72b73ba127e06d8e79\",\"name\":\"admin\",\"image\":{\"@type\":\"ImageObject\",\"inLanguage\":\"tr\",\"@id\":\"https:\\\/\\\/secure.gravatar.com\\\/avatar\\\/ccc17943b9d660506c869530f897617f7cb1c21a4bf30023f252596d83e1f007?s=96&d=mm&r=g\",\"url\":\"https:\\\/\\\/secure.gravatar.com\\\/avatar\\\/ccc17943b9d660506c869530f897617f7cb1c21a4bf30023f252596d83e1f007?s=96&d=mm&r=g\",\"contentUrl\":\"https:\\\/\\\/secure.gravatar.com\\\/avatar\\\/ccc17943b9d660506c869530f897617f7cb1c21a4bf30023f252596d83e1f007?s=96&d=mm&r=g\",\"caption\":\"admin\"},\"sameAs\":[\"https:\\\/\\\/kibrisdakik.com\"],\"url\":\"https:\\\/\\\/kibrisdakik.com\\\/?author=1\"}]}<\/script>\n<!-- \/ Yoast SEO plugin. -->","yoast_head_json":{"title":"H\u00fck\u00fcmeti &quot;\u00e7am kese b\u00f6ce\u011fine&quot; benzetti -","robots":{"index":"index","follow":"follow","max-snippet":"max-snippet:-1","max-image-preview":"max-image-preview:large","max-video-preview":"max-video-preview:-1"},"canonical":"https:\/\/kibrisdakik.com\/?p=33810","og_locale":"tr_TR","og_type":"article","og_title":"H\u00fck\u00fcmeti &quot;\u00e7am kese b\u00f6ce\u011fine&quot; benzetti -","og_description":"-\u015eahali h\u00fck\u00fcmeti \u00e7am kese b\u00f6ce\u011fine benzetti Cumhuriyet\u00e7i T\u00fcrk Partisi Gazima\u011fusa Milletvekili Erkut \u015eahali, \u201c\u00c7am kese b\u00f6ce\u011fi \u00f6rne\u011fi ve devletin getirildi\u011fi durum\u201d konulu g\u00fcncel konu\u015fma yapt\u0131. \u00dclkede be\u015f y\u0131ld\u0131r \u00e7am kese b\u00f6ce\u011fi m\u00fccadelesi y\u00fcr\u00fct\u00fclmedi\u011fini s\u00f6yleyen \u015eahali, kendi h\u00fck\u00fcmet d\u00f6nemlerinden bu yana bu konuda herhangi bir \u00e7al\u0131\u015fma yap\u0131lmad\u0131\u011f\u0131n\u0131 kaydetti. \u00c7am kese b\u00f6ce\u011finin a\u011fa\u00e7lar\u0131n kurumas\u0131na neden olacak ortam\u0131","og_url":"https:\/\/kibrisdakik.com\/?p=33810","article_published_time":"2024-03-12T12:22:55+00:00","og_image":[{"width":710,"height":370,"url":"https:\/\/kibrisdakik.com\/wp-content\/uploads\/2024\/03\/hukumeti-cam-kese-bocegine-benzetti-1710244203.webp.webp","type":"image\/webp"}],"author":"admin","twitter_card":"summary_large_image","twitter_misc":{"Yazan:":"admin","Tahmini okuma s\u00fcresi":"5 dakika"},"schema":{"@context":"https:\/\/schema.org","@graph":[{"@type":"Article","@id":"https:\/\/kibrisdakik.com\/?p=33810#article","isPartOf":{"@id":"https:\/\/kibrisdakik.com\/?p=33810"},"author":{"name":"admin","@id":"https:\/\/kibrisdakik.com\/#\/schema\/person\/9cd9d437bbb44f72b73ba127e06d8e79"},"headline":"H\u00fck\u00fcmeti &quot;\u00e7am kese b\u00f6ce\u011fine&quot; benzetti","datePublished":"2024-03-12T12:22:55+00:00","mainEntityOfPage":{"@id":"https:\/\/kibrisdakik.com\/?p=33810"},"wordCount":958,"commentCount":0,"image":{"@id":"https:\/\/kibrisdakik.com\/?p=33810#primaryimage"},"thumbnailUrl":"https:\/\/kibrisdakik.com\/wp-content\/uploads\/2024\/03\/hukumeti-cam-kese-bocegine-benzetti-1710244203.webp.webp","articleSection":["Spor"],"inLanguage":"tr","potentialAction":[{"@type":"CommentAction","name":"Comment","target":["https:\/\/kibrisdakik.com\/?p=33810#respond"]}]},{"@type":"WebPage","@id":"https:\/\/kibrisdakik.com\/?p=33810","url":"https:\/\/kibrisdakik.com\/?p=33810","name":"H\u00fck\u00fcmeti &quot;\u00e7am kese b\u00f6ce\u011fine&quot; benzetti -","isPartOf":{"@id":"https:\/\/kibrisdakik.com\/#website"},"primaryImageOfPage":{"@id":"https:\/\/kibrisdakik.com\/?p=33810#primaryimage"},"image":{"@id":"https:\/\/kibrisdakik.com\/?p=33810#primaryimage"},"thumbnailUrl":"https:\/\/kibrisdakik.com\/wp-content\/uploads\/2024\/03\/hukumeti-cam-kese-bocegine-benzetti-1710244203.webp.webp","datePublished":"2024-03-12T12:22:55+00:00","author":{"@id":"https:\/\/kibrisdakik.com\/#\/schema\/person\/9cd9d437bbb44f72b73ba127e06d8e79"},"breadcrumb":{"@id":"https:\/\/kibrisdakik.com\/?p=33810#breadcrumb"},"inLanguage":"tr","potentialAction":[{"@type":"ReadAction","target":["https:\/\/kibrisdakik.com\/?p=33810"]}]},{"@type":"ImageObject","inLanguage":"tr","@id":"https:\/\/kibrisdakik.com\/?p=33810#primaryimage","url":"https:\/\/kibrisdakik.com\/wp-content\/uploads\/2024\/03\/hukumeti-cam-kese-bocegine-benzetti-1710244203.webp.webp","contentUrl":"https:\/\/kibrisdakik.com\/wp-content\/uploads\/2024\/03\/hukumeti-cam-kese-bocegine-benzetti-1710244203.webp.webp","width":710,"height":370},{"@type":"BreadcrumbList","@id":"https:\/\/kibrisdakik.com\/?p=33810#breadcrumb","itemListElement":[{"@type":"ListItem","position":1,"name":"Home","item":"https:\/\/kibrisdakik.com\/"},{"@type":"ListItem","position":2,"name":"H\u00fck\u00fcmeti &quot;\u00e7am kese b\u00f6ce\u011fine&quot; benzetti"}]},{"@type":"WebSite","@id":"https:\/\/kibrisdakik.com\/#website","url":"https:\/\/kibrisdakik.com\/","name":"","description":"Tam vaktinde haber","potentialAction":[{"@type":"SearchAction","target":{"@type":"EntryPoint","urlTemplate":"https:\/\/kibrisdakik.com\/?s={search_term_string}"},"query-input":{"@type":"PropertyValueSpecification","valueRequired":true,"valueName":"search_term_string"}}],"inLanguage":"tr"},{"@type":"Person","@id":"https:\/\/kibrisdakik.com\/#\/schema\/person\/9cd9d437bbb44f72b73ba127e06d8e79","name":"admin","image":{"@type":"ImageObject","inLanguage":"tr","@id":"https:\/\/secure.gravatar.com\/avatar\/ccc17943b9d660506c869530f897617f7cb1c21a4bf30023f252596d83e1f007?s=96&d=mm&r=g","url":"https:\/\/secure.gravatar.com\/avatar\/ccc17943b9d660506c869530f897617f7cb1c21a4bf30023f252596d83e1f007?s=96&d=mm&r=g","contentUrl":"https:\/\/secure.gravatar.com\/avatar\/ccc17943b9d660506c869530f897617f7cb1c21a4bf30023f252596d83e1f007?s=96&d=mm&r=g","caption":"admin"},"sameAs":["https:\/\/kibrisdakik.com"],"url":"https:\/\/kibrisdakik.com\/?author=1"}]}},"_links":{"self":[{"href":"https:\/\/kibrisdakik.com\/index.php?rest_route=\/wp\/v2\/posts\/33810","targetHints":{"allow":["GET"]}}],"collection":[{"href":"https:\/\/kibrisdakik.com\/index.php?rest_route=\/wp\/v2\/posts"}],"about":[{"href":"https:\/\/kibrisdakik.com\/index.php?rest_route=\/wp\/v2\/types\/post"}],"author":[{"embeddable":true,"href":"https:\/\/kibrisdakik.com\/index.php?rest_route=\/wp\/v2\/users\/1"}],"replies":[{"embeddable":true,"href":"https:\/\/kibrisdakik.com\/index.php?rest_route=%2Fwp%2Fv2%2Fcomments&post=33810"}],"version-history":[{"count":0,"href":"https:\/\/kibrisdakik.com\/index.php?rest_route=\/wp\/v2\/posts\/33810\/revisions"}],"wp:featuredmedia":[{"embeddable":true,"href":"https:\/\/kibrisdakik.com\/index.php?rest_route=\/wp\/v2\/media\/33811"}],"wp:attachment":[{"href":"https:\/\/kibrisdakik.com\/index.php?rest_route=%2Fwp%2Fv2%2Fmedia&parent=33810"}],"wp:term":[{"taxonomy":"category","embeddable":true,"href":"https:\/\/kibrisdakik.com\/index.php?rest_route=%2Fwp%2Fv2%2Fcategories&post=33810"},{"taxonomy":"post_tag","embeddable":true,"href":"https:\/\/kibrisdakik.com\/index.php?rest_route=%2Fwp%2Fv2%2Ftags&post=33810"}],"curies":[{"name":"wp","href":"https:\/\/api.w.org\/{rel}","templated":true}]}}