{"id":33816,"date":"2024-03-12T13:15:47","date_gmt":"2024-03-12T13:15:47","guid":{"rendered":"https:\/\/kibrisdakik.com\/index.php\/2024\/03\/12\/magem-maras-ve-yeryuzu-tohumlari-inisiyatifi-ortakligiyla-tohum-takas-etkinligi-duzenleniyor\/"},"modified":"2024-03-12T13:15:47","modified_gmt":"2024-03-12T13:15:47","slug":"magem-maras-ve-yeryuzu-tohumlari-inisiyatifi-ortakligiyla-tohum-takas-etkinligi-duzenleniyor","status":"publish","type":"post","link":"https:\/\/kibrisdakik.com\/?p=33816","title":{"rendered":"MAGEM Mara\u015f ve Yery\u00fcz\u00fc Tohumlar\u0131 \u0130nisiyatifi ortakl\u0131\u011f\u0131yla \u201cTohum Takas\u201d etkinli\u011fi d\u00fczenleniyor"},"content":{"rendered":"<p><\/p>\n<div>\n<div class=\"mariselle-image-container center\">\n                <img loading=\"lazy\" decoding=\"async\" width=\"1181\" height=\"1181\" class=\"lazy-image\" alt=\"\" sizes=\"auto, (max-width: 1181px) 100vw, 1181px\" src=\"https:\/\/brtk.net\/wp-content\/uploads\/2024\/03\/12\/wsfks.jpeg?ver=b442558cb14256f0c64bab2c14cd5421\" srcset=\"https:\/\/brtk.net\/wp-content\/uploads\/2024\/03\/12\/wsfks.jpeg?ver=b442558cb14256f0c64bab2c14cd5421 1181w, https:\/\/brtk.net\/wp-content\/uploads\/2024\/03\/12\/wsfks-300x300.jpeg?ver=b442558cb14256f0c64bab2c14cd5421 300w, https:\/\/brtk.net\/wp-content\/uploads\/2024\/03\/12\/wsfks-1024x1024.jpeg?ver=b442558cb14256f0c64bab2c14cd5421 1024w, https:\/\/brtk.net\/wp-content\/uploads\/2024\/03\/12\/wsfks-150x150.jpeg?ver=b442558cb14256f0c64bab2c14cd5421 150w, https:\/\/brtk.net\/wp-content\/uploads\/2024\/03\/12\/wsfks-768x768.jpeg?ver=337c99c442bdbe9a56a4d017765c42d9 768w, https:\/\/brtk.net\/wp-content\/uploads\/2024\/03\/12\/wsfks-800x800.jpeg?ver=32185c4db78ca068874abce00d77c949 800w\"\/>                            <\/div>\n<p>Gazima\u011fusa Belediyesi, Yery\u00fcz\u00fc Tohumlar\u0131 \u0130nisiyatifinin her y\u0131l geleneksel olarak d\u00fczenledi\u011fi \u201cTohum Takas\u201d etkinliklerinin bu y\u0131l ilkinin MAGEM Mara\u015f i\u015fbirli\u011finde pazar g\u00fcn\u00fc yap\u0131laca\u011f\u0131n\u0131 duyurdu.<\/p>\n<p>Gazima\u011fusa Belediyesinden yap\u0131lan yaz\u0131l\u0131 a\u00e7\u0131klamada, etkinli\u011fin 10.30-15.00 saatleri aras\u0131nda yap\u0131laca\u011f\u0131 kaydedildi.<\/p>\n<p>Etkinlikte, tohum takas\u0131 ger\u00e7ekle\u015ftirilerek, bahar-yaz d\u00f6nemine ait tohumlar\u0131n \u00e7o\u011falt\u0131lmas\u0131 amac\u0131yla payla\u015f\u0131m\u0131 yap\u0131lacak, yeni gelecek tohumlar da envanter defterine kaydedilecek.<\/p>\n<p>Ekolojik tar\u0131m, organik tar\u0131m, perma k\u00fclt\u00fcr ve atal\u0131k tohum konular\u0131nda fark\u0131ndal\u0131\u011f\u0131 art\u0131rmak ve yeni fikirleri payla\u015fmak amac\u0131yla d\u00fczenlenen etkinlikte, bu kavramlarla ilgilenen bir\u00e7ok ki\u015finin bir araya gelmesi ve deneyimlerini payla\u015fmas\u0131 hedefleniyor.<\/p>\n<p>A\u00e7\u0131klamada, etkinli\u011fin bir payla\u015f\u0131m \u00e7emberi ile ba\u015flayaca\u011f\u0131 ve kat\u0131l\u0131mc\u0131lar\u0131n yerel tohumlar\u0131n \u00f6nemine dair farkl\u0131 tecr\u00fcbelerini aktarmas\u0131yla, ekolojik duyarl\u0131l\u0131\u011f\u0131n y\u00fckseltilmeye \u00e7al\u0131\u015f\u0131laca\u011f\u0131 belirtildi.<\/p>\n<p>Etkinli\u011fin t\u00fcm halk\u0131n kat\u0131l\u0131m\u0131na a\u00e7\u0131k olaca\u011f\u0131 kaydedilen a\u00e7\u0131klamada, \u00f6zellikle \u201cBa\u015fka Bir Tar\u0131m M\u00fcmk\u00fcn\u201d \u015fiar\u0131n\u0131 benimseyen herkesin etkinli\u011fe kat\u0131lmas\u0131 y\u00f6n\u00fcnde  \u00e7a\u011fr\u0131 yap\u0131ld\u0131.<\/p>\n<\/p><\/div>\n<p><script async\n                    defer\n                    crossorigin=\"anonymous\"\n                    src=\"https:\/\/connect.facebook.net\/tr_TR\/sdk.js#xfbml=1&#038;version=v3.3\"\n            ><\/script><\/p>\n","protected":false},"excerpt":{"rendered":"<p>Gazima\u011fusa Belediyesi, Yery\u00fcz\u00fc Tohumlar\u0131 \u0130nisiyatifinin her y\u0131l geleneksel olarak d\u00fczenledi\u011fi \u201cTohum Takas\u201d etkinliklerinin bu y\u0131l ilkinin MAGEM Mara\u015f i\u015fbirli\u011finde pazar g\u00fcn\u00fc yap\u0131laca\u011f\u0131n\u0131 duyurdu. Gazima\u011fusa Belediyesinden yap\u0131lan yaz\u0131l\u0131 a\u00e7\u0131klamada, etkinli\u011fin 10.30-15.00 saatleri aras\u0131nda yap\u0131laca\u011f\u0131 kaydedildi. Etkinlikte, tohum takas\u0131 ger\u00e7ekle\u015ftirilerek, bahar-yaz d\u00f6nemine ait tohumlar\u0131n \u00e7o\u011falt\u0131lmas\u0131 amac\u0131yla payla\u015f\u0131m\u0131 yap\u0131lacak, yeni gelecek tohumlar da envanter defterine kaydedilecek. Ekolojik tar\u0131m,<\/p>\n","protected":false},"author":1,"featured_media":33817,"comment_status":"open","ping_status":"open","sticky":false,"template":"","format":"standard","meta":{"footnotes":""},"categories":[1],"tags":[],"class_list":["post-33816","post","type-post","status-publish","format-standard","has-post-thumbnail","hentry","category-gundem"],"yoast_head":"<!-- This site is optimized with the Yoast SEO plugin v27.5 - https:\/\/yoast.com\/product\/yoast-seo-wordpress\/ -->\n<title>MAGEM Mara\u015f ve Yery\u00fcz\u00fc Tohumlar\u0131 \u0130nisiyatifi ortakl\u0131\u011f\u0131yla \u201cTohum Takas\u201d etkinli\u011fi d\u00fczenleniyor -<\/title>\n<meta name=\"robots\" content=\"index, follow, max-snippet:-1, max-image-preview:large, max-video-preview:-1\" \/>\n<link rel=\"canonical\" href=\"https:\/\/kibrisdakik.com\/?p=33816\" \/>\n<meta property=\"og:locale\" content=\"tr_TR\" \/>\n<meta property=\"og:type\" content=\"article\" \/>\n<meta property=\"og:title\" content=\"MAGEM Mara\u015f ve Yery\u00fcz\u00fc Tohumlar\u0131 \u0130nisiyatifi ortakl\u0131\u011f\u0131yla \u201cTohum Takas\u201d etkinli\u011fi d\u00fczenleniyor -\" \/>\n<meta property=\"og:description\" content=\"Gazima\u011fusa Belediyesi, Yery\u00fcz\u00fc Tohumlar\u0131 \u0130nisiyatifinin her y\u0131l geleneksel olarak d\u00fczenledi\u011fi \u201cTohum Takas\u201d etkinliklerinin bu y\u0131l ilkinin MAGEM Mara\u015f i\u015fbirli\u011finde pazar g\u00fcn\u00fc yap\u0131laca\u011f\u0131n\u0131 duyurdu. Gazima\u011fusa Belediyesinden yap\u0131lan yaz\u0131l\u0131 a\u00e7\u0131klamada, etkinli\u011fin 10.30-15.00 saatleri aras\u0131nda yap\u0131laca\u011f\u0131 kaydedildi. Etkinlikte, tohum takas\u0131 ger\u00e7ekle\u015ftirilerek, bahar-yaz d\u00f6nemine ait tohumlar\u0131n \u00e7o\u011falt\u0131lmas\u0131 amac\u0131yla payla\u015f\u0131m\u0131 yap\u0131lacak, yeni gelecek tohumlar da envanter defterine kaydedilecek. Ekolojik tar\u0131m,\" \/>\n<meta property=\"og:url\" content=\"https:\/\/kibrisdakik.com\/?p=33816\" \/>\n<meta property=\"article:published_time\" content=\"2024-03-12T13:15:47+00:00\" \/>\n<meta property=\"og:image\" content=\"https:\/\/kibrisdakik.com\/wp-content\/uploads\/2024\/03\/wsfks-740x420.jpeg\" \/>\n\t<meta property=\"og:image:width\" content=\"1181\" \/>\n\t<meta property=\"og:image:height\" content=\"1181\" \/>\n\t<meta property=\"og:image:type\" content=\"image\/jpeg\" \/>\n<meta name=\"author\" content=\"admin\" \/>\n<meta name=\"twitter:card\" content=\"summary_large_image\" \/>\n<meta name=\"twitter:label1\" content=\"Yazan:\" \/>\n\t<meta name=\"twitter:data1\" content=\"admin\" \/>\n\t<meta name=\"twitter:label2\" content=\"Tahmini okuma s\u00fcresi\" \/>\n\t<meta name=\"twitter:data2\" content=\"1 dakika\" \/>\n<script type=\"application\/ld+json\" class=\"yoast-schema-graph\">{\"@context\":\"https:\\\/\\\/schema.org\",\"@graph\":[{\"@type\":\"Article\",\"@id\":\"https:\\\/\\\/kibrisdakik.com\\\/?p=33816#article\",\"isPartOf\":{\"@id\":\"https:\\\/\\\/kibrisdakik.com\\\/?p=33816\"},\"author\":{\"name\":\"admin\",\"@id\":\"https:\\\/\\\/kibrisdakik.com\\\/#\\\/schema\\\/person\\\/9cd9d437bbb44f72b73ba127e06d8e79\"},\"headline\":\"MAGEM Mara\u015f ve Yery\u00fcz\u00fc Tohumlar\u0131 \u0130nisiyatifi ortakl\u0131\u011f\u0131yla \u201cTohum Takas\u201d etkinli\u011fi d\u00fczenleniyor\",\"datePublished\":\"2024-03-12T13:15:47+00:00\",\"mainEntityOfPage\":{\"@id\":\"https:\\\/\\\/kibrisdakik.com\\\/?p=33816\"},\"wordCount\":216,\"commentCount\":0,\"image\":{\"@id\":\"https:\\\/\\\/kibrisdakik.com\\\/?p=33816#primaryimage\"},\"thumbnailUrl\":\"https:\\\/\\\/kibrisdakik.com\\\/wp-content\\\/uploads\\\/2024\\\/03\\\/wsfks-740x420.jpeg\",\"articleSection\":[\"G\u00fcndem\"],\"inLanguage\":\"tr\",\"potentialAction\":[{\"@type\":\"CommentAction\",\"name\":\"Comment\",\"target\":[\"https:\\\/\\\/kibrisdakik.com\\\/?p=33816#respond\"]}]},{\"@type\":\"WebPage\",\"@id\":\"https:\\\/\\\/kibrisdakik.com\\\/?p=33816\",\"url\":\"https:\\\/\\\/kibrisdakik.com\\\/?p=33816\",\"name\":\"MAGEM Mara\u015f ve Yery\u00fcz\u00fc Tohumlar\u0131 \u0130nisiyatifi ortakl\u0131\u011f\u0131yla \u201cTohum Takas\u201d etkinli\u011fi d\u00fczenleniyor -\",\"isPartOf\":{\"@id\":\"https:\\\/\\\/kibrisdakik.com\\\/#website\"},\"primaryImageOfPage\":{\"@id\":\"https:\\\/\\\/kibrisdakik.com\\\/?p=33816#primaryimage\"},\"image\":{\"@id\":\"https:\\\/\\\/kibrisdakik.com\\\/?p=33816#primaryimage\"},\"thumbnailUrl\":\"https:\\\/\\\/kibrisdakik.com\\\/wp-content\\\/uploads\\\/2024\\\/03\\\/wsfks-740x420.jpeg\",\"datePublished\":\"2024-03-12T13:15:47+00:00\",\"author\":{\"@id\":\"https:\\\/\\\/kibrisdakik.com\\\/#\\\/schema\\\/person\\\/9cd9d437bbb44f72b73ba127e06d8e79\"},\"breadcrumb\":{\"@id\":\"https:\\\/\\\/kibrisdakik.com\\\/?p=33816#breadcrumb\"},\"inLanguage\":\"tr\",\"potentialAction\":[{\"@type\":\"ReadAction\",\"target\":[\"https:\\\/\\\/kibrisdakik.com\\\/?p=33816\"]}]},{\"@type\":\"ImageObject\",\"inLanguage\":\"tr\",\"@id\":\"https:\\\/\\\/kibrisdakik.com\\\/?p=33816#primaryimage\",\"url\":\"https:\\\/\\\/kibrisdakik.com\\\/wp-content\\\/uploads\\\/2024\\\/03\\\/wsfks-740x420.jpeg\",\"contentUrl\":\"https:\\\/\\\/kibrisdakik.com\\\/wp-content\\\/uploads\\\/2024\\\/03\\\/wsfks-740x420.jpeg\",\"width\":1181,\"height\":1181},{\"@type\":\"BreadcrumbList\",\"@id\":\"https:\\\/\\\/kibrisdakik.com\\\/?p=33816#breadcrumb\",\"itemListElement\":[{\"@type\":\"ListItem\",\"position\":1,\"name\":\"Home\",\"item\":\"https:\\\/\\\/kibrisdakik.com\\\/\"},{\"@type\":\"ListItem\",\"position\":2,\"name\":\"MAGEM Mara\u015f ve Yery\u00fcz\u00fc Tohumlar\u0131 \u0130nisiyatifi ortakl\u0131\u011f\u0131yla \u201cTohum Takas\u201d etkinli\u011fi d\u00fczenleniyor\"}]},{\"@type\":\"WebSite\",\"@id\":\"https:\\\/\\\/kibrisdakik.com\\\/#website\",\"url\":\"https:\\\/\\\/kibrisdakik.com\\\/\",\"name\":\"\",\"description\":\"Tam vaktinde haber\",\"potentialAction\":[{\"@type\":\"SearchAction\",\"target\":{\"@type\":\"EntryPoint\",\"urlTemplate\":\"https:\\\/\\\/kibrisdakik.com\\\/?s={search_term_string}\"},\"query-input\":{\"@type\":\"PropertyValueSpecification\",\"valueRequired\":true,\"valueName\":\"search_term_string\"}}],\"inLanguage\":\"tr\"},{\"@type\":\"Person\",\"@id\":\"https:\\\/\\\/kibrisdakik.com\\\/#\\\/schema\\\/person\\\/9cd9d437bbb44f72b73ba127e06d8e79\",\"name\":\"admin\",\"image\":{\"@type\":\"ImageObject\",\"inLanguage\":\"tr\",\"@id\":\"https:\\\/\\\/secure.gravatar.com\\\/avatar\\\/ccc17943b9d660506c869530f897617f7cb1c21a4bf30023f252596d83e1f007?s=96&d=mm&r=g\",\"url\":\"https:\\\/\\\/secure.gravatar.com\\\/avatar\\\/ccc17943b9d660506c869530f897617f7cb1c21a4bf30023f252596d83e1f007?s=96&d=mm&r=g\",\"contentUrl\":\"https:\\\/\\\/secure.gravatar.com\\\/avatar\\\/ccc17943b9d660506c869530f897617f7cb1c21a4bf30023f252596d83e1f007?s=96&d=mm&r=g\",\"caption\":\"admin\"},\"sameAs\":[\"https:\\\/\\\/kibrisdakik.com\"],\"url\":\"https:\\\/\\\/kibrisdakik.com\\\/?author=1\"}]}<\/script>\n<!-- \/ Yoast SEO plugin. -->","yoast_head_json":{"title":"MAGEM Mara\u015f ve Yery\u00fcz\u00fc Tohumlar\u0131 \u0130nisiyatifi ortakl\u0131\u011f\u0131yla \u201cTohum Takas\u201d etkinli\u011fi d\u00fczenleniyor -","robots":{"index":"index","follow":"follow","max-snippet":"max-snippet:-1","max-image-preview":"max-image-preview:large","max-video-preview":"max-video-preview:-1"},"canonical":"https:\/\/kibrisdakik.com\/?p=33816","og_locale":"tr_TR","og_type":"article","og_title":"MAGEM Mara\u015f ve Yery\u00fcz\u00fc Tohumlar\u0131 \u0130nisiyatifi ortakl\u0131\u011f\u0131yla \u201cTohum Takas\u201d etkinli\u011fi d\u00fczenleniyor -","og_description":"Gazima\u011fusa Belediyesi, Yery\u00fcz\u00fc Tohumlar\u0131 \u0130nisiyatifinin her y\u0131l geleneksel olarak d\u00fczenledi\u011fi \u201cTohum Takas\u201d etkinliklerinin bu y\u0131l ilkinin MAGEM Mara\u015f i\u015fbirli\u011finde pazar g\u00fcn\u00fc yap\u0131laca\u011f\u0131n\u0131 duyurdu. Gazima\u011fusa Belediyesinden yap\u0131lan yaz\u0131l\u0131 a\u00e7\u0131klamada, etkinli\u011fin 10.30-15.00 saatleri aras\u0131nda yap\u0131laca\u011f\u0131 kaydedildi. Etkinlikte, tohum takas\u0131 ger\u00e7ekle\u015ftirilerek, bahar-yaz d\u00f6nemine ait tohumlar\u0131n \u00e7o\u011falt\u0131lmas\u0131 amac\u0131yla payla\u015f\u0131m\u0131 yap\u0131lacak, yeni gelecek tohumlar da envanter defterine kaydedilecek. Ekolojik tar\u0131m,","og_url":"https:\/\/kibrisdakik.com\/?p=33816","article_published_time":"2024-03-12T13:15:47+00:00","og_image":[{"width":1181,"height":1181,"url":"https:\/\/kibrisdakik.com\/wp-content\/uploads\/2024\/03\/wsfks-740x420.jpeg","type":"image\/jpeg"}],"author":"admin","twitter_card":"summary_large_image","twitter_misc":{"Yazan:":"admin","Tahmini okuma s\u00fcresi":"1 dakika"},"schema":{"@context":"https:\/\/schema.org","@graph":[{"@type":"Article","@id":"https:\/\/kibrisdakik.com\/?p=33816#article","isPartOf":{"@id":"https:\/\/kibrisdakik.com\/?p=33816"},"author":{"name":"admin","@id":"https:\/\/kibrisdakik.com\/#\/schema\/person\/9cd9d437bbb44f72b73ba127e06d8e79"},"headline":"MAGEM Mara\u015f ve Yery\u00fcz\u00fc Tohumlar\u0131 \u0130nisiyatifi ortakl\u0131\u011f\u0131yla \u201cTohum Takas\u201d etkinli\u011fi d\u00fczenleniyor","datePublished":"2024-03-12T13:15:47+00:00","mainEntityOfPage":{"@id":"https:\/\/kibrisdakik.com\/?p=33816"},"wordCount":216,"commentCount":0,"image":{"@id":"https:\/\/kibrisdakik.com\/?p=33816#primaryimage"},"thumbnailUrl":"https:\/\/kibrisdakik.com\/wp-content\/uploads\/2024\/03\/wsfks-740x420.jpeg","articleSection":["G\u00fcndem"],"inLanguage":"tr","potentialAction":[{"@type":"CommentAction","name":"Comment","target":["https:\/\/kibrisdakik.com\/?p=33816#respond"]}]},{"@type":"WebPage","@id":"https:\/\/kibrisdakik.com\/?p=33816","url":"https:\/\/kibrisdakik.com\/?p=33816","name":"MAGEM Mara\u015f ve Yery\u00fcz\u00fc Tohumlar\u0131 \u0130nisiyatifi ortakl\u0131\u011f\u0131yla \u201cTohum Takas\u201d etkinli\u011fi d\u00fczenleniyor -","isPartOf":{"@id":"https:\/\/kibrisdakik.com\/#website"},"primaryImageOfPage":{"@id":"https:\/\/kibrisdakik.com\/?p=33816#primaryimage"},"image":{"@id":"https:\/\/kibrisdakik.com\/?p=33816#primaryimage"},"thumbnailUrl":"https:\/\/kibrisdakik.com\/wp-content\/uploads\/2024\/03\/wsfks-740x420.jpeg","datePublished":"2024-03-12T13:15:47+00:00","author":{"@id":"https:\/\/kibrisdakik.com\/#\/schema\/person\/9cd9d437bbb44f72b73ba127e06d8e79"},"breadcrumb":{"@id":"https:\/\/kibrisdakik.com\/?p=33816#breadcrumb"},"inLanguage":"tr","potentialAction":[{"@type":"ReadAction","target":["https:\/\/kibrisdakik.com\/?p=33816"]}]},{"@type":"ImageObject","inLanguage":"tr","@id":"https:\/\/kibrisdakik.com\/?p=33816#primaryimage","url":"https:\/\/kibrisdakik.com\/wp-content\/uploads\/2024\/03\/wsfks-740x420.jpeg","contentUrl":"https:\/\/kibrisdakik.com\/wp-content\/uploads\/2024\/03\/wsfks-740x420.jpeg","width":1181,"height":1181},{"@type":"BreadcrumbList","@id":"https:\/\/kibrisdakik.com\/?p=33816#breadcrumb","itemListElement":[{"@type":"ListItem","position":1,"name":"Home","item":"https:\/\/kibrisdakik.com\/"},{"@type":"ListItem","position":2,"name":"MAGEM Mara\u015f ve Yery\u00fcz\u00fc Tohumlar\u0131 \u0130nisiyatifi ortakl\u0131\u011f\u0131yla \u201cTohum Takas\u201d etkinli\u011fi d\u00fczenleniyor"}]},{"@type":"WebSite","@id":"https:\/\/kibrisdakik.com\/#website","url":"https:\/\/kibrisdakik.com\/","name":"","description":"Tam vaktinde haber","potentialAction":[{"@type":"SearchAction","target":{"@type":"EntryPoint","urlTemplate":"https:\/\/kibrisdakik.com\/?s={search_term_string}"},"query-input":{"@type":"PropertyValueSpecification","valueRequired":true,"valueName":"search_term_string"}}],"inLanguage":"tr"},{"@type":"Person","@id":"https:\/\/kibrisdakik.com\/#\/schema\/person\/9cd9d437bbb44f72b73ba127e06d8e79","name":"admin","image":{"@type":"ImageObject","inLanguage":"tr","@id":"https:\/\/secure.gravatar.com\/avatar\/ccc17943b9d660506c869530f897617f7cb1c21a4bf30023f252596d83e1f007?s=96&d=mm&r=g","url":"https:\/\/secure.gravatar.com\/avatar\/ccc17943b9d660506c869530f897617f7cb1c21a4bf30023f252596d83e1f007?s=96&d=mm&r=g","contentUrl":"https:\/\/secure.gravatar.com\/avatar\/ccc17943b9d660506c869530f897617f7cb1c21a4bf30023f252596d83e1f007?s=96&d=mm&r=g","caption":"admin"},"sameAs":["https:\/\/kibrisdakik.com"],"url":"https:\/\/kibrisdakik.com\/?author=1"}]}},"_links":{"self":[{"href":"https:\/\/kibrisdakik.com\/index.php?rest_route=\/wp\/v2\/posts\/33816","targetHints":{"allow":["GET"]}}],"collection":[{"href":"https:\/\/kibrisdakik.com\/index.php?rest_route=\/wp\/v2\/posts"}],"about":[{"href":"https:\/\/kibrisdakik.com\/index.php?rest_route=\/wp\/v2\/types\/post"}],"author":[{"embeddable":true,"href":"https:\/\/kibrisdakik.com\/index.php?rest_route=\/wp\/v2\/users\/1"}],"replies":[{"embeddable":true,"href":"https:\/\/kibrisdakik.com\/index.php?rest_route=%2Fwp%2Fv2%2Fcomments&post=33816"}],"version-history":[{"count":0,"href":"https:\/\/kibrisdakik.com\/index.php?rest_route=\/wp\/v2\/posts\/33816\/revisions"}],"wp:featuredmedia":[{"embeddable":true,"href":"https:\/\/kibrisdakik.com\/index.php?rest_route=\/wp\/v2\/media\/33817"}],"wp:attachment":[{"href":"https:\/\/kibrisdakik.com\/index.php?rest_route=%2Fwp%2Fv2%2Fmedia&parent=33816"}],"wp:term":[{"taxonomy":"category","embeddable":true,"href":"https:\/\/kibrisdakik.com\/index.php?rest_route=%2Fwp%2Fv2%2Fcategories&post=33816"},{"taxonomy":"post_tag","embeddable":true,"href":"https:\/\/kibrisdakik.com\/index.php?rest_route=%2Fwp%2Fv2%2Ftags&post=33816"}],"curies":[{"name":"wp","href":"https:\/\/api.w.org\/{rel}","templated":true}]}}