{"id":33842,"date":"2024-03-12T17:01:02","date_gmt":"2024-03-12T17:01:02","guid":{"rendered":"https:\/\/kibrisdakik.com\/index.php\/2024\/03\/12\/cavusoglu-itu-heyetini-kabul-etti\/"},"modified":"2024-03-12T17:01:02","modified_gmt":"2024-03-12T17:01:02","slug":"cavusoglu-itu-heyetini-kabul-etti","status":"publish","type":"post","link":"https:\/\/kibrisdakik.com\/?p=33842","title":{"rendered":"\u00c7avu\u015fo\u011flu, \u0130T\u00dc heyetini kabul etti"},"content":{"rendered":"<p><img decoding=\"async\" src=\"https:\/\/www.kibristurk.com\/images\/haberler\/2024\/03\/cavusoglu-itu-heyetini-kabul-etti-1710262229.webp\" \/><\/p>\n<p style=\"text-align:left\"><span style=\"font-size:16px\"><span style=\"font-family:Merriweather,serif !important\"><span style=\"color:#000000\"><span style=\"background-color:#ffffff\">Bakanl\u0131ktan yap\u0131lan a\u00e7\u0131klamaya g\u00f6re g\u00f6r\u00fc\u015fmede, e\u011fitim alan\u0131ndaki i\u015f birli\u011fi ve geli\u015fmeler ele al\u0131nd\u0131. G\u00f6r\u00fc\u015fmede, \u0130T\u00dc KKTC\u2019nin 2024-2025 Akademik Y\u0131l\u0131\u2019nda Gazima\u011fusa\u2019da e\u011fitim \u00f6\u011fretime ba\u015flayaca\u011f\u0131 ve A- Level sistemiyle \u00f6\u011frenci kabul edece\u011fi de a\u00e7\u0131kland\u0131.<\/span><\/span><\/span><\/span><\/p>\n<p style=\"text-align:left\"><span style=\"font-size:16px\"><span style=\"font-family:Merriweather,serif !important\"><span style=\"color:#000000\"><span style=\"background-color:#ffffff\">-\u00c7avu\u015fo\u011flu<\/span><\/span><\/span><\/span><\/p>\n<p style=\"text-align:left\"><span style=\"font-size:16px\"><span style=\"font-family:Merriweather,serif !important\"><span style=\"color:#000000\"><span style=\"background-color:#ffffff\">Milli E\u011fitim Bakan\u0131 \u00c7avu\u015fo\u011flu kabulde yapt\u0131\u011f\u0131 konu\u015fmada, e\u011fitimde kaliteyi art\u0131rmak ve \u00f6\u011frencilere daha iyi imkanlar sunmak i\u00e7in yo\u011fun \u00e7aba sarf ettiklerini s\u00f6yledi.<\/span><\/span><\/span><\/span><\/p>\n<p style=\"text-align:left\"><span style=\"font-size:16px\"><span style=\"font-family:Merriweather,serif !important\"><span style=\"color:#000000\"><span style=\"background-color:#ffffff\">\u00dcniversitelerin nitelikli insan kayna\u011f\u0131n\u0131n yeti\u015ftirilmesindeki \u00f6nemine dikkat \u00e7eken \u00c7avu\u015fo\u011flu, gelece\u011fin ihtiya\u00e7lar\u0131na cevap verebilecek, donan\u0131ml\u0131 bireylerin yeti\u015ftirilmesinde \u00fcniversitelerin kilit bir rol oynad\u0131\u011f\u0131n\u0131 belirtti.<\/span><\/span><\/span><\/span><\/p>\n<p style=\"text-align:left\"><span style=\"font-size:16px\"><span style=\"font-family:Merriweather,serif !important\"><span style=\"color:#000000\"><span style=\"background-color:#ffffff\">\u00c7avu\u015fo\u011flu, \u0130T\u00dc\u2019n\u00fcn bu alandaki katk\u0131lar\u0131na dikkat \u00e7ekerek, bug\u00fcn a\u00e7\u0131klad\u0131klar\u0131 kararlarla K\u0131br\u0131s T\u00fcrk gen\u00e7li\u011fine \u00f6nemli bir e\u011fitim f\u0131rsat\u0131 sa\u011flanaca\u011f\u0131na vurgu yapt\u0131 ve hay\u0131rl\u0131 olmas\u0131n\u0131 temenni etti.<\/span><\/span><\/span><\/span><\/p>\n<p style=\"text-align:left\"><span style=\"font-size:16px\"><span style=\"font-family:Merriweather,serif !important\"><span style=\"color:#000000\"><span style=\"background-color:#ffffff\">-Koyuncu<\/span><\/span><\/span><\/span><\/p>\n<p style=\"text-align:left\"><span style=\"font-size:16px\"><span style=\"font-family:Merriweather,serif !important\"><span style=\"color:#000000\"><span style=\"background-color:#ffffff\">\u0130T\u00dc Rekt\u00f6r\u00fc Prof. Dr. \u0130smail Koyuncu ise konu\u015fmas\u0131na, kabul\u00fc nedeniyle Naz\u0131m \u00c7avu\u015fo\u011flu\u2019na te\u015fekk\u00fcr ederek, ba\u015flad\u0131.<\/span><\/span><\/span><\/span><\/p>\n<p style=\"text-align:left\"><span style=\"font-size:16px\"><span style=\"font-family:Merriweather,serif !important\"><span style=\"color:#000000\"><span style=\"background-color:#ffffff\">\u0130T\u00dc KKTC\u2019nin haz\u0131rl\u0131k okulu ve birinci s\u0131n\u0131f \u00f6\u011frencilerinin, 2024-2025 Akademik Y\u0131l\u0131\u2019nda \u0130T\u00dc-Gazima\u011fusa Kamp\u00fcs\u00fcnde e\u011fitim g\u00f6rmeye ba\u015flayaca\u011f\u0131na dikkat \u00e7eken Koyuncu, s\u00fcre\u00e7 i\u00e7erisinde e\u011fitim \u00f6\u011fretimin tamam\u0131n\u0131n Kuzey K\u0131br\u0131s\u2019a aktar\u0131laca\u011f\u0131n\u0131 belirtti.<\/span><\/span><\/span><\/span><\/p>\n<p style=\"text-align:left\"><span style=\"font-size:16px\"><span style=\"font-family:Merriweather,serif !important\"><span style=\"color:#000000\"><span style=\"background-color:#ffffff\">\u0130T\u00dc KKTC\u2019ye iki \u015fekilde KKTC\u2019li \u00f6\u011frenci alacaklar\u0131n\u0131 ifade eden Koyuncu, gelecek d\u00f6nemde kendi yapacaklar\u0131 s\u0131nav ve A \u2013 Level sistemi ile \u0130T\u00dc KKTC\u2019ye \u00f6\u011frenci kabul\u00fcne ba\u015flayacaklar\u0131n\u0131 s\u00f6yledi.<\/span><\/span><\/span><\/span><\/p>\n","protected":false},"excerpt":{"rendered":"<p>Bakanl\u0131ktan yap\u0131lan a\u00e7\u0131klamaya g\u00f6re g\u00f6r\u00fc\u015fmede, e\u011fitim alan\u0131ndaki i\u015f birli\u011fi ve geli\u015fmeler ele al\u0131nd\u0131. G\u00f6r\u00fc\u015fmede, \u0130T\u00dc KKTC\u2019nin 2024-2025 Akademik Y\u0131l\u0131\u2019nda Gazima\u011fusa\u2019da e\u011fitim \u00f6\u011fretime ba\u015flayaca\u011f\u0131 ve A- Level sistemiyle \u00f6\u011frenci kabul edece\u011fi de a\u00e7\u0131kland\u0131. -\u00c7avu\u015fo\u011flu Milli E\u011fitim Bakan\u0131 \u00c7avu\u015fo\u011flu kabulde yapt\u0131\u011f\u0131 konu\u015fmada, e\u011fitimde kaliteyi art\u0131rmak ve \u00f6\u011frencilere daha iyi imkanlar sunmak i\u00e7in yo\u011fun \u00e7aba sarf ettiklerini s\u00f6yledi.<\/p>\n","protected":false},"author":1,"featured_media":33843,"comment_status":"open","ping_status":"open","sticky":false,"template":"","format":"standard","meta":{"footnotes":""},"categories":[79],"tags":[],"class_list":["post-33842","post","type-post","status-publish","format-standard","has-post-thumbnail","hentry","category-ekonomi"],"yoast_head":"<!-- This site is optimized with the Yoast SEO plugin v27.4 - https:\/\/yoast.com\/product\/yoast-seo-wordpress\/ -->\n<title>\u00c7avu\u015fo\u011flu, \u0130T\u00dc heyetini kabul etti -<\/title>\n<meta name=\"robots\" content=\"index, follow, max-snippet:-1, max-image-preview:large, max-video-preview:-1\" \/>\n<link rel=\"canonical\" href=\"https:\/\/kibrisdakik.com\/?p=33842\" \/>\n<meta property=\"og:locale\" content=\"tr_TR\" \/>\n<meta property=\"og:type\" content=\"article\" \/>\n<meta property=\"og:title\" content=\"\u00c7avu\u015fo\u011flu, \u0130T\u00dc heyetini kabul etti -\" \/>\n<meta property=\"og:description\" content=\"Bakanl\u0131ktan yap\u0131lan a\u00e7\u0131klamaya g\u00f6re g\u00f6r\u00fc\u015fmede, e\u011fitim alan\u0131ndaki i\u015f birli\u011fi ve geli\u015fmeler ele al\u0131nd\u0131. G\u00f6r\u00fc\u015fmede, \u0130T\u00dc KKTC\u2019nin 2024-2025 Akademik Y\u0131l\u0131\u2019nda Gazima\u011fusa\u2019da e\u011fitim \u00f6\u011fretime ba\u015flayaca\u011f\u0131 ve A- Level sistemiyle \u00f6\u011frenci kabul edece\u011fi de a\u00e7\u0131kland\u0131. -\u00c7avu\u015fo\u011flu Milli E\u011fitim Bakan\u0131 \u00c7avu\u015fo\u011flu kabulde yapt\u0131\u011f\u0131 konu\u015fmada, e\u011fitimde kaliteyi art\u0131rmak ve \u00f6\u011frencilere daha iyi imkanlar sunmak i\u00e7in yo\u011fun \u00e7aba sarf ettiklerini s\u00f6yledi.\" \/>\n<meta property=\"og:url\" content=\"https:\/\/kibrisdakik.com\/?p=33842\" \/>\n<meta property=\"article:published_time\" content=\"2024-03-12T17:01:02+00:00\" \/>\n<meta property=\"og:image\" content=\"https:\/\/kibrisdakik.com\/wp-content\/uploads\/2024\/03\/cavusoglu-itu-heyetini-kabul-etti-1710262229.webp.webp\" \/>\n\t<meta property=\"og:image:width\" content=\"710\" \/>\n\t<meta property=\"og:image:height\" content=\"370\" \/>\n\t<meta property=\"og:image:type\" content=\"image\/webp\" \/>\n<meta name=\"author\" content=\"admin\" \/>\n<meta name=\"twitter:card\" content=\"summary_large_image\" \/>\n<meta name=\"twitter:label1\" content=\"Yazan:\" \/>\n\t<meta name=\"twitter:data1\" content=\"admin\" \/>\n\t<meta name=\"twitter:label2\" content=\"Tahmini okuma s\u00fcresi\" \/>\n\t<meta name=\"twitter:data2\" content=\"1 dakika\" \/>\n<script type=\"application\/ld+json\" class=\"yoast-schema-graph\">{\"@context\":\"https:\\\/\\\/schema.org\",\"@graph\":[{\"@type\":\"Article\",\"@id\":\"https:\\\/\\\/kibrisdakik.com\\\/?p=33842#article\",\"isPartOf\":{\"@id\":\"https:\\\/\\\/kibrisdakik.com\\\/?p=33842\"},\"author\":{\"name\":\"admin\",\"@id\":\"https:\\\/\\\/kibrisdakik.com\\\/#\\\/schema\\\/person\\\/9cd9d437bbb44f72b73ba127e06d8e79\"},\"headline\":\"\u00c7avu\u015fo\u011flu, \u0130T\u00dc heyetini kabul etti\",\"datePublished\":\"2024-03-12T17:01:02+00:00\",\"mainEntityOfPage\":{\"@id\":\"https:\\\/\\\/kibrisdakik.com\\\/?p=33842\"},\"wordCount\":289,\"commentCount\":0,\"image\":{\"@id\":\"https:\\\/\\\/kibrisdakik.com\\\/?p=33842#primaryimage\"},\"thumbnailUrl\":\"https:\\\/\\\/kibrisdakik.com\\\/wp-content\\\/uploads\\\/2024\\\/03\\\/cavusoglu-itu-heyetini-kabul-etti-1710262229.webp.webp\",\"articleSection\":[\"Ekonomi\"],\"inLanguage\":\"tr\",\"potentialAction\":[{\"@type\":\"CommentAction\",\"name\":\"Comment\",\"target\":[\"https:\\\/\\\/kibrisdakik.com\\\/?p=33842#respond\"]}]},{\"@type\":\"WebPage\",\"@id\":\"https:\\\/\\\/kibrisdakik.com\\\/?p=33842\",\"url\":\"https:\\\/\\\/kibrisdakik.com\\\/?p=33842\",\"name\":\"\u00c7avu\u015fo\u011flu, \u0130T\u00dc heyetini kabul etti -\",\"isPartOf\":{\"@id\":\"https:\\\/\\\/kibrisdakik.com\\\/#website\"},\"primaryImageOfPage\":{\"@id\":\"https:\\\/\\\/kibrisdakik.com\\\/?p=33842#primaryimage\"},\"image\":{\"@id\":\"https:\\\/\\\/kibrisdakik.com\\\/?p=33842#primaryimage\"},\"thumbnailUrl\":\"https:\\\/\\\/kibrisdakik.com\\\/wp-content\\\/uploads\\\/2024\\\/03\\\/cavusoglu-itu-heyetini-kabul-etti-1710262229.webp.webp\",\"datePublished\":\"2024-03-12T17:01:02+00:00\",\"author\":{\"@id\":\"https:\\\/\\\/kibrisdakik.com\\\/#\\\/schema\\\/person\\\/9cd9d437bbb44f72b73ba127e06d8e79\"},\"breadcrumb\":{\"@id\":\"https:\\\/\\\/kibrisdakik.com\\\/?p=33842#breadcrumb\"},\"inLanguage\":\"tr\",\"potentialAction\":[{\"@type\":\"ReadAction\",\"target\":[\"https:\\\/\\\/kibrisdakik.com\\\/?p=33842\"]}]},{\"@type\":\"ImageObject\",\"inLanguage\":\"tr\",\"@id\":\"https:\\\/\\\/kibrisdakik.com\\\/?p=33842#primaryimage\",\"url\":\"https:\\\/\\\/kibrisdakik.com\\\/wp-content\\\/uploads\\\/2024\\\/03\\\/cavusoglu-itu-heyetini-kabul-etti-1710262229.webp.webp\",\"contentUrl\":\"https:\\\/\\\/kibrisdakik.com\\\/wp-content\\\/uploads\\\/2024\\\/03\\\/cavusoglu-itu-heyetini-kabul-etti-1710262229.webp.webp\",\"width\":710,\"height\":370},{\"@type\":\"BreadcrumbList\",\"@id\":\"https:\\\/\\\/kibrisdakik.com\\\/?p=33842#breadcrumb\",\"itemListElement\":[{\"@type\":\"ListItem\",\"position\":1,\"name\":\"Home\",\"item\":\"https:\\\/\\\/kibrisdakik.com\\\/\"},{\"@type\":\"ListItem\",\"position\":2,\"name\":\"\u00c7avu\u015fo\u011flu, \u0130T\u00dc heyetini kabul etti\"}]},{\"@type\":\"WebSite\",\"@id\":\"https:\\\/\\\/kibrisdakik.com\\\/#website\",\"url\":\"https:\\\/\\\/kibrisdakik.com\\\/\",\"name\":\"\",\"description\":\"Tam vaktinde haber\",\"potentialAction\":[{\"@type\":\"SearchAction\",\"target\":{\"@type\":\"EntryPoint\",\"urlTemplate\":\"https:\\\/\\\/kibrisdakik.com\\\/?s={search_term_string}\"},\"query-input\":{\"@type\":\"PropertyValueSpecification\",\"valueRequired\":true,\"valueName\":\"search_term_string\"}}],\"inLanguage\":\"tr\"},{\"@type\":\"Person\",\"@id\":\"https:\\\/\\\/kibrisdakik.com\\\/#\\\/schema\\\/person\\\/9cd9d437bbb44f72b73ba127e06d8e79\",\"name\":\"admin\",\"image\":{\"@type\":\"ImageObject\",\"inLanguage\":\"tr\",\"@id\":\"https:\\\/\\\/secure.gravatar.com\\\/avatar\\\/ccc17943b9d660506c869530f897617f7cb1c21a4bf30023f252596d83e1f007?s=96&d=mm&r=g\",\"url\":\"https:\\\/\\\/secure.gravatar.com\\\/avatar\\\/ccc17943b9d660506c869530f897617f7cb1c21a4bf30023f252596d83e1f007?s=96&d=mm&r=g\",\"contentUrl\":\"https:\\\/\\\/secure.gravatar.com\\\/avatar\\\/ccc17943b9d660506c869530f897617f7cb1c21a4bf30023f252596d83e1f007?s=96&d=mm&r=g\",\"caption\":\"admin\"},\"sameAs\":[\"https:\\\/\\\/kibrisdakik.com\"],\"url\":\"https:\\\/\\\/kibrisdakik.com\\\/?author=1\"}]}<\/script>\n<!-- \/ Yoast SEO plugin. -->","yoast_head_json":{"title":"\u00c7avu\u015fo\u011flu, \u0130T\u00dc heyetini kabul etti -","robots":{"index":"index","follow":"follow","max-snippet":"max-snippet:-1","max-image-preview":"max-image-preview:large","max-video-preview":"max-video-preview:-1"},"canonical":"https:\/\/kibrisdakik.com\/?p=33842","og_locale":"tr_TR","og_type":"article","og_title":"\u00c7avu\u015fo\u011flu, \u0130T\u00dc heyetini kabul etti -","og_description":"Bakanl\u0131ktan yap\u0131lan a\u00e7\u0131klamaya g\u00f6re g\u00f6r\u00fc\u015fmede, e\u011fitim alan\u0131ndaki i\u015f birli\u011fi ve geli\u015fmeler ele al\u0131nd\u0131. G\u00f6r\u00fc\u015fmede, \u0130T\u00dc KKTC\u2019nin 2024-2025 Akademik Y\u0131l\u0131\u2019nda Gazima\u011fusa\u2019da e\u011fitim \u00f6\u011fretime ba\u015flayaca\u011f\u0131 ve A- Level sistemiyle \u00f6\u011frenci kabul edece\u011fi de a\u00e7\u0131kland\u0131. -\u00c7avu\u015fo\u011flu Milli E\u011fitim Bakan\u0131 \u00c7avu\u015fo\u011flu kabulde yapt\u0131\u011f\u0131 konu\u015fmada, e\u011fitimde kaliteyi art\u0131rmak ve \u00f6\u011frencilere daha iyi imkanlar sunmak i\u00e7in yo\u011fun \u00e7aba sarf ettiklerini s\u00f6yledi.","og_url":"https:\/\/kibrisdakik.com\/?p=33842","article_published_time":"2024-03-12T17:01:02+00:00","og_image":[{"width":710,"height":370,"url":"https:\/\/kibrisdakik.com\/wp-content\/uploads\/2024\/03\/cavusoglu-itu-heyetini-kabul-etti-1710262229.webp.webp","type":"image\/webp"}],"author":"admin","twitter_card":"summary_large_image","twitter_misc":{"Yazan:":"admin","Tahmini okuma s\u00fcresi":"1 dakika"},"schema":{"@context":"https:\/\/schema.org","@graph":[{"@type":"Article","@id":"https:\/\/kibrisdakik.com\/?p=33842#article","isPartOf":{"@id":"https:\/\/kibrisdakik.com\/?p=33842"},"author":{"name":"admin","@id":"https:\/\/kibrisdakik.com\/#\/schema\/person\/9cd9d437bbb44f72b73ba127e06d8e79"},"headline":"\u00c7avu\u015fo\u011flu, \u0130T\u00dc heyetini kabul etti","datePublished":"2024-03-12T17:01:02+00:00","mainEntityOfPage":{"@id":"https:\/\/kibrisdakik.com\/?p=33842"},"wordCount":289,"commentCount":0,"image":{"@id":"https:\/\/kibrisdakik.com\/?p=33842#primaryimage"},"thumbnailUrl":"https:\/\/kibrisdakik.com\/wp-content\/uploads\/2024\/03\/cavusoglu-itu-heyetini-kabul-etti-1710262229.webp.webp","articleSection":["Ekonomi"],"inLanguage":"tr","potentialAction":[{"@type":"CommentAction","name":"Comment","target":["https:\/\/kibrisdakik.com\/?p=33842#respond"]}]},{"@type":"WebPage","@id":"https:\/\/kibrisdakik.com\/?p=33842","url":"https:\/\/kibrisdakik.com\/?p=33842","name":"\u00c7avu\u015fo\u011flu, \u0130T\u00dc heyetini kabul etti -","isPartOf":{"@id":"https:\/\/kibrisdakik.com\/#website"},"primaryImageOfPage":{"@id":"https:\/\/kibrisdakik.com\/?p=33842#primaryimage"},"image":{"@id":"https:\/\/kibrisdakik.com\/?p=33842#primaryimage"},"thumbnailUrl":"https:\/\/kibrisdakik.com\/wp-content\/uploads\/2024\/03\/cavusoglu-itu-heyetini-kabul-etti-1710262229.webp.webp","datePublished":"2024-03-12T17:01:02+00:00","author":{"@id":"https:\/\/kibrisdakik.com\/#\/schema\/person\/9cd9d437bbb44f72b73ba127e06d8e79"},"breadcrumb":{"@id":"https:\/\/kibrisdakik.com\/?p=33842#breadcrumb"},"inLanguage":"tr","potentialAction":[{"@type":"ReadAction","target":["https:\/\/kibrisdakik.com\/?p=33842"]}]},{"@type":"ImageObject","inLanguage":"tr","@id":"https:\/\/kibrisdakik.com\/?p=33842#primaryimage","url":"https:\/\/kibrisdakik.com\/wp-content\/uploads\/2024\/03\/cavusoglu-itu-heyetini-kabul-etti-1710262229.webp.webp","contentUrl":"https:\/\/kibrisdakik.com\/wp-content\/uploads\/2024\/03\/cavusoglu-itu-heyetini-kabul-etti-1710262229.webp.webp","width":710,"height":370},{"@type":"BreadcrumbList","@id":"https:\/\/kibrisdakik.com\/?p=33842#breadcrumb","itemListElement":[{"@type":"ListItem","position":1,"name":"Home","item":"https:\/\/kibrisdakik.com\/"},{"@type":"ListItem","position":2,"name":"\u00c7avu\u015fo\u011flu, \u0130T\u00dc heyetini kabul etti"}]},{"@type":"WebSite","@id":"https:\/\/kibrisdakik.com\/#website","url":"https:\/\/kibrisdakik.com\/","name":"","description":"Tam vaktinde haber","potentialAction":[{"@type":"SearchAction","target":{"@type":"EntryPoint","urlTemplate":"https:\/\/kibrisdakik.com\/?s={search_term_string}"},"query-input":{"@type":"PropertyValueSpecification","valueRequired":true,"valueName":"search_term_string"}}],"inLanguage":"tr"},{"@type":"Person","@id":"https:\/\/kibrisdakik.com\/#\/schema\/person\/9cd9d437bbb44f72b73ba127e06d8e79","name":"admin","image":{"@type":"ImageObject","inLanguage":"tr","@id":"https:\/\/secure.gravatar.com\/avatar\/ccc17943b9d660506c869530f897617f7cb1c21a4bf30023f252596d83e1f007?s=96&d=mm&r=g","url":"https:\/\/secure.gravatar.com\/avatar\/ccc17943b9d660506c869530f897617f7cb1c21a4bf30023f252596d83e1f007?s=96&d=mm&r=g","contentUrl":"https:\/\/secure.gravatar.com\/avatar\/ccc17943b9d660506c869530f897617f7cb1c21a4bf30023f252596d83e1f007?s=96&d=mm&r=g","caption":"admin"},"sameAs":["https:\/\/kibrisdakik.com"],"url":"https:\/\/kibrisdakik.com\/?author=1"}]}},"_links":{"self":[{"href":"https:\/\/kibrisdakik.com\/index.php?rest_route=\/wp\/v2\/posts\/33842","targetHints":{"allow":["GET"]}}],"collection":[{"href":"https:\/\/kibrisdakik.com\/index.php?rest_route=\/wp\/v2\/posts"}],"about":[{"href":"https:\/\/kibrisdakik.com\/index.php?rest_route=\/wp\/v2\/types\/post"}],"author":[{"embeddable":true,"href":"https:\/\/kibrisdakik.com\/index.php?rest_route=\/wp\/v2\/users\/1"}],"replies":[{"embeddable":true,"href":"https:\/\/kibrisdakik.com\/index.php?rest_route=%2Fwp%2Fv2%2Fcomments&post=33842"}],"version-history":[{"count":0,"href":"https:\/\/kibrisdakik.com\/index.php?rest_route=\/wp\/v2\/posts\/33842\/revisions"}],"wp:featuredmedia":[{"embeddable":true,"href":"https:\/\/kibrisdakik.com\/index.php?rest_route=\/wp\/v2\/media\/33843"}],"wp:attachment":[{"href":"https:\/\/kibrisdakik.com\/index.php?rest_route=%2Fwp%2Fv2%2Fmedia&parent=33842"}],"wp:term":[{"taxonomy":"category","embeddable":true,"href":"https:\/\/kibrisdakik.com\/index.php?rest_route=%2Fwp%2Fv2%2Fcategories&post=33842"},{"taxonomy":"post_tag","embeddable":true,"href":"https:\/\/kibrisdakik.com\/index.php?rest_route=%2Fwp%2Fv2%2Ftags&post=33842"}],"curies":[{"name":"wp","href":"https:\/\/api.w.org\/{rel}","templated":true}]}}