{"id":33861,"date":"2024-03-12T20:03:55","date_gmt":"2024-03-12T20:03:55","guid":{"rendered":"https:\/\/kibrisdakik.com\/index.php\/2024\/03\/12\/kimin-odasina-girip-cikacagimi-sana-mi-soracagim\/"},"modified":"2024-03-12T20:03:55","modified_gmt":"2024-03-12T20:03:55","slug":"kimin-odasina-girip-cikacagimi-sana-mi-soracagim","status":"publish","type":"post","link":"https:\/\/kibrisdakik.com\/?p=33861","title":{"rendered":"Kimin odas\u0131na girip \u00e7\u0131kaca\u011f\u0131m\u0131 sana m\u0131 soraca\u011f\u0131m?"},"content":{"rendered":"<p><img decoding=\"async\" src=\"https:\/\/www.kibristurk.com\/images\/haberler\/2024\/03\/kimin-odasina-girip-cikacagimi-sana-mi-soracagim-1710273019.webp\" \/><\/p>\n<p>Ankarag\u00fcc\u00fc teknik direkt\u00f6r\u00fc Emre Bel\u00f6zo\u011flu ile yorumculuk yapan eski futbolcu&nbsp;Serhat Ak\u0131n&nbsp;aras\u0131nda ba\u015flayan polemik devam ediyor.&nbsp;Bel\u00f6zo\u011flu&#8217;nun &#8220;Odam\u0131za o kadar rahat giremiyordu&#8221; s\u00f6zlerine yan\u0131t veren Ak\u0131n, &#8220;Ben kimin odas\u0131na girip \u00e7\u0131kaca\u011f\u0131m\u0131 sana m\u0131 soraca\u011f\u0131m o\u011flum? Sen bizim odam\u0131za geliyordun. Ben, Aziz Y\u0131ld\u0131r\u0131m&#8217;\u0131n odas\u0131na girip \u00e7\u0131kan adam\u0131m&#8221; dedi.<\/p>\n<p>Serhat Ak\u0131n ayr\u0131ca, &#8220;Biz seninle \u00fcmit milli tak\u0131m arkada\u015f\u0131y\u0131z, senin benle ne derdin var ki? Emre Bel\u00f6zo\u011flu benim gram umurumda de\u011fil ya. Onlar\u0131n paras\u0131 oldu\u011fu i\u00e7in, onlar paral\u0131 insanlarla g\u00f6r\u00fc\u015f\u00fcyorlar, benimle g\u00f6r\u00fc\u015fmezler. Ben milli tak\u0131ml\u0131 formayla Emre Bel\u00f6zo\u011flu&#8217;nun do\u011fum g\u00fcn\u00fcn\u00fc kutlad\u0131m, kar\u015f\u0131l\u0131k bile vermedi. Sen Ba\u015fak\u015fehir&#8217;de Galatasaray&#8217;dan 7 yemi\u015fsin, Emreci\u011fim ke\u015fke 7 yerine 6 yeseydin mi diyece\u011fim? Annem babam, beni bu hayata dik durmak i\u00e7in getirdi. Nas\u0131l bir \u015fey bu abi ya? Benim odama girip \u00e7\u0131kam\u0131yor filan&#8230;&#8221; \u015feklinde konu\u015ftu.<\/p>\n<p><strong>Ne olmu\u015ftu?<\/strong><\/p>\n<p>Serhat Ak\u0131n, kat\u0131ld\u0131\u011f\u0131 bir programda, &#8220;6-0&#8217;l\u0131k ma\u00e7tan sonra yapt\u0131\u011f\u0131m &#8216;Taraftar 10 istedi, zaman yetmedi&#8217; a\u00e7\u0131klamas\u0131ndan dolay\u0131 Emre Bel\u00f6zo\u011flu bana milli tak\u0131m kamp\u0131nda tepki g\u00f6sterdi. Emre o zaman Inter&#8217;de oynuyordu. B\u00fclent ve Erg\u00fcn abi bile tepki g\u00f6stermedi bana ama Emre gelip hesap sordu&#8221; demi\u015fti.<\/p>\n<p>Fenerbah\u00e7e&#8217;nin T\u00fcrkiye Kupas\u0131 \u00e7eyrek final ma\u00e7\u0131nda Ankarag\u00fcc\u00fc&#8217;ne elenmesinin ard\u0131ndan ise Serhat Ak\u0131n, yorumcusu oldu\u011fu YouTube kanal\u0131nda Emre Bel\u00f6zo\u011flu hakk\u0131nda, &#8220;Fenerbah\u00e7e&#8217;ye ezeli rakibi Galatasaray&#8217;dan gelen futbolcu efsane olamaz. Sayg\u0131 duyars\u0131n ama efsane olarak adland\u0131ramazs\u0131n. Ben 3 \u015fampiyonluk g\u00f6rd\u00fcm, o 2 \u015fampiyonluk g\u00f6rd\u00fc Fenerbah\u00e7e&#8217;de. Galatasaray&#8217;da ise UEFA Kupas\u0131, 4 lig \u015fampiyonlu\u011fu ve di\u011fer kupalar kazand\u0131 nas\u0131l Fenerbah\u00e7e efsanesi oluyor bu adam?&#8221; ifadelerini kullanm\u0131\u015ft\u0131.<\/p>\n<p>Ankarag\u00fcc\u00fc Teknik Direkt\u00f6r\u00fc Emre Bel\u00f6zo\u011flu ise kat\u0131ld\u0131\u011f\u0131 bir programda Serhat Ak\u0131n&#8217;a yan\u0131t vererek, &#8220;Serhat Ak\u0131n da orada, baya\u011f\u0131 rahat rahat sall\u0131yor bize \u015fimdi. O kadar rahat giremiyordu odam\u0131za ama \u015fu an rahat rahat sall\u0131yor. Sosyal medyan\u0131n g\u00fcc\u00fc i\u015fte\u2026&#8221; demi\u015fti.<\/p>\n","protected":false},"excerpt":{"rendered":"<p>Ankarag\u00fcc\u00fc teknik direkt\u00f6r\u00fc Emre Bel\u00f6zo\u011flu ile yorumculuk yapan eski futbolcu&nbsp;Serhat Ak\u0131n&nbsp;aras\u0131nda ba\u015flayan polemik devam ediyor.&nbsp;Bel\u00f6zo\u011flu&#8217;nun &#8220;Odam\u0131za o kadar rahat giremiyordu&#8221; s\u00f6zlerine yan\u0131t veren Ak\u0131n, &#8220;Ben kimin odas\u0131na girip \u00e7\u0131kaca\u011f\u0131m\u0131 sana m\u0131 soraca\u011f\u0131m o\u011flum? Sen bizim odam\u0131za geliyordun. Ben, Aziz Y\u0131ld\u0131r\u0131m&#8217;\u0131n odas\u0131na girip \u00e7\u0131kan adam\u0131m&#8221; dedi. Serhat Ak\u0131n ayr\u0131ca, &#8220;Biz seninle \u00fcmit milli tak\u0131m arkada\u015f\u0131y\u0131z, senin<\/p>\n","protected":false},"author":1,"featured_media":33862,"comment_status":"open","ping_status":"open","sticky":false,"template":"","format":"standard","meta":{"footnotes":""},"categories":[79],"tags":[],"class_list":["post-33861","post","type-post","status-publish","format-standard","has-post-thumbnail","hentry","category-ekonomi"],"yoast_head":"<!-- This site is optimized with the Yoast SEO plugin v27.5 - https:\/\/yoast.com\/product\/yoast-seo-wordpress\/ -->\n<title>Kimin odas\u0131na girip \u00e7\u0131kaca\u011f\u0131m\u0131 sana m\u0131 soraca\u011f\u0131m? -<\/title>\n<meta name=\"robots\" content=\"index, follow, max-snippet:-1, max-image-preview:large, max-video-preview:-1\" \/>\n<link rel=\"canonical\" href=\"https:\/\/kibrisdakik.com\/?p=33861\" \/>\n<meta property=\"og:locale\" content=\"tr_TR\" \/>\n<meta property=\"og:type\" content=\"article\" \/>\n<meta property=\"og:title\" content=\"Kimin odas\u0131na girip \u00e7\u0131kaca\u011f\u0131m\u0131 sana m\u0131 soraca\u011f\u0131m? -\" \/>\n<meta property=\"og:description\" content=\"Ankarag\u00fcc\u00fc teknik direkt\u00f6r\u00fc Emre Bel\u00f6zo\u011flu ile yorumculuk yapan eski futbolcu&nbsp;Serhat Ak\u0131n&nbsp;aras\u0131nda ba\u015flayan polemik devam ediyor.&nbsp;Bel\u00f6zo\u011flu&#8217;nun &#8220;Odam\u0131za o kadar rahat giremiyordu&#8221; s\u00f6zlerine yan\u0131t veren Ak\u0131n, &#8220;Ben kimin odas\u0131na girip \u00e7\u0131kaca\u011f\u0131m\u0131 sana m\u0131 soraca\u011f\u0131m o\u011flum? Sen bizim odam\u0131za geliyordun. Ben, Aziz Y\u0131ld\u0131r\u0131m&#8217;\u0131n odas\u0131na girip \u00e7\u0131kan adam\u0131m&#8221; dedi. Serhat Ak\u0131n ayr\u0131ca, &#8220;Biz seninle \u00fcmit milli tak\u0131m arkada\u015f\u0131y\u0131z, senin\" \/>\n<meta property=\"og:url\" content=\"https:\/\/kibrisdakik.com\/?p=33861\" \/>\n<meta property=\"article:published_time\" content=\"2024-03-12T20:03:55+00:00\" \/>\n<meta property=\"og:image\" content=\"https:\/\/kibrisdakik.com\/wp-content\/uploads\/2024\/03\/kimin-odasina-girip-cikacagimi-sana-mi-soracagim-1710273019.webp.webp\" \/>\n\t<meta property=\"og:image:width\" content=\"710\" \/>\n\t<meta property=\"og:image:height\" content=\"370\" \/>\n\t<meta property=\"og:image:type\" content=\"image\/webp\" \/>\n<meta name=\"author\" content=\"admin\" \/>\n<meta name=\"twitter:card\" content=\"summary_large_image\" \/>\n<meta name=\"twitter:label1\" content=\"Yazan:\" \/>\n\t<meta name=\"twitter:data1\" content=\"admin\" \/>\n\t<meta name=\"twitter:label2\" content=\"Tahmini okuma s\u00fcresi\" \/>\n\t<meta name=\"twitter:data2\" content=\"2 dakika\" \/>\n<script type=\"application\/ld+json\" class=\"yoast-schema-graph\">{\"@context\":\"https:\\\/\\\/schema.org\",\"@graph\":[{\"@type\":\"Article\",\"@id\":\"https:\\\/\\\/kibrisdakik.com\\\/?p=33861#article\",\"isPartOf\":{\"@id\":\"https:\\\/\\\/kibrisdakik.com\\\/?p=33861\"},\"author\":{\"name\":\"admin\",\"@id\":\"https:\\\/\\\/kibrisdakik.com\\\/#\\\/schema\\\/person\\\/9cd9d437bbb44f72b73ba127e06d8e79\"},\"headline\":\"Kimin odas\u0131na girip \u00e7\u0131kaca\u011f\u0131m\u0131 sana m\u0131 soraca\u011f\u0131m?\",\"datePublished\":\"2024-03-12T20:03:55+00:00\",\"mainEntityOfPage\":{\"@id\":\"https:\\\/\\\/kibrisdakik.com\\\/?p=33861\"},\"wordCount\":394,\"commentCount\":0,\"image\":{\"@id\":\"https:\\\/\\\/kibrisdakik.com\\\/?p=33861#primaryimage\"},\"thumbnailUrl\":\"https:\\\/\\\/kibrisdakik.com\\\/wp-content\\\/uploads\\\/2024\\\/03\\\/kimin-odasina-girip-cikacagimi-sana-mi-soracagim-1710273019.webp.webp\",\"articleSection\":[\"Ekonomi\"],\"inLanguage\":\"tr\",\"potentialAction\":[{\"@type\":\"CommentAction\",\"name\":\"Comment\",\"target\":[\"https:\\\/\\\/kibrisdakik.com\\\/?p=33861#respond\"]}]},{\"@type\":\"WebPage\",\"@id\":\"https:\\\/\\\/kibrisdakik.com\\\/?p=33861\",\"url\":\"https:\\\/\\\/kibrisdakik.com\\\/?p=33861\",\"name\":\"Kimin odas\u0131na girip \u00e7\u0131kaca\u011f\u0131m\u0131 sana m\u0131 soraca\u011f\u0131m? -\",\"isPartOf\":{\"@id\":\"https:\\\/\\\/kibrisdakik.com\\\/#website\"},\"primaryImageOfPage\":{\"@id\":\"https:\\\/\\\/kibrisdakik.com\\\/?p=33861#primaryimage\"},\"image\":{\"@id\":\"https:\\\/\\\/kibrisdakik.com\\\/?p=33861#primaryimage\"},\"thumbnailUrl\":\"https:\\\/\\\/kibrisdakik.com\\\/wp-content\\\/uploads\\\/2024\\\/03\\\/kimin-odasina-girip-cikacagimi-sana-mi-soracagim-1710273019.webp.webp\",\"datePublished\":\"2024-03-12T20:03:55+00:00\",\"author\":{\"@id\":\"https:\\\/\\\/kibrisdakik.com\\\/#\\\/schema\\\/person\\\/9cd9d437bbb44f72b73ba127e06d8e79\"},\"breadcrumb\":{\"@id\":\"https:\\\/\\\/kibrisdakik.com\\\/?p=33861#breadcrumb\"},\"inLanguage\":\"tr\",\"potentialAction\":[{\"@type\":\"ReadAction\",\"target\":[\"https:\\\/\\\/kibrisdakik.com\\\/?p=33861\"]}]},{\"@type\":\"ImageObject\",\"inLanguage\":\"tr\",\"@id\":\"https:\\\/\\\/kibrisdakik.com\\\/?p=33861#primaryimage\",\"url\":\"https:\\\/\\\/kibrisdakik.com\\\/wp-content\\\/uploads\\\/2024\\\/03\\\/kimin-odasina-girip-cikacagimi-sana-mi-soracagim-1710273019.webp.webp\",\"contentUrl\":\"https:\\\/\\\/kibrisdakik.com\\\/wp-content\\\/uploads\\\/2024\\\/03\\\/kimin-odasina-girip-cikacagimi-sana-mi-soracagim-1710273019.webp.webp\",\"width\":710,\"height\":370},{\"@type\":\"BreadcrumbList\",\"@id\":\"https:\\\/\\\/kibrisdakik.com\\\/?p=33861#breadcrumb\",\"itemListElement\":[{\"@type\":\"ListItem\",\"position\":1,\"name\":\"Home\",\"item\":\"https:\\\/\\\/kibrisdakik.com\\\/\"},{\"@type\":\"ListItem\",\"position\":2,\"name\":\"Kimin odas\u0131na girip \u00e7\u0131kaca\u011f\u0131m\u0131 sana m\u0131 soraca\u011f\u0131m?\"}]},{\"@type\":\"WebSite\",\"@id\":\"https:\\\/\\\/kibrisdakik.com\\\/#website\",\"url\":\"https:\\\/\\\/kibrisdakik.com\\\/\",\"name\":\"\",\"description\":\"Tam vaktinde haber\",\"potentialAction\":[{\"@type\":\"SearchAction\",\"target\":{\"@type\":\"EntryPoint\",\"urlTemplate\":\"https:\\\/\\\/kibrisdakik.com\\\/?s={search_term_string}\"},\"query-input\":{\"@type\":\"PropertyValueSpecification\",\"valueRequired\":true,\"valueName\":\"search_term_string\"}}],\"inLanguage\":\"tr\"},{\"@type\":\"Person\",\"@id\":\"https:\\\/\\\/kibrisdakik.com\\\/#\\\/schema\\\/person\\\/9cd9d437bbb44f72b73ba127e06d8e79\",\"name\":\"admin\",\"image\":{\"@type\":\"ImageObject\",\"inLanguage\":\"tr\",\"@id\":\"https:\\\/\\\/secure.gravatar.com\\\/avatar\\\/ccc17943b9d660506c869530f897617f7cb1c21a4bf30023f252596d83e1f007?s=96&d=mm&r=g\",\"url\":\"https:\\\/\\\/secure.gravatar.com\\\/avatar\\\/ccc17943b9d660506c869530f897617f7cb1c21a4bf30023f252596d83e1f007?s=96&d=mm&r=g\",\"contentUrl\":\"https:\\\/\\\/secure.gravatar.com\\\/avatar\\\/ccc17943b9d660506c869530f897617f7cb1c21a4bf30023f252596d83e1f007?s=96&d=mm&r=g\",\"caption\":\"admin\"},\"sameAs\":[\"https:\\\/\\\/kibrisdakik.com\"],\"url\":\"https:\\\/\\\/kibrisdakik.com\\\/?author=1\"}]}<\/script>\n<!-- \/ Yoast SEO plugin. -->","yoast_head_json":{"title":"Kimin odas\u0131na girip \u00e7\u0131kaca\u011f\u0131m\u0131 sana m\u0131 soraca\u011f\u0131m? -","robots":{"index":"index","follow":"follow","max-snippet":"max-snippet:-1","max-image-preview":"max-image-preview:large","max-video-preview":"max-video-preview:-1"},"canonical":"https:\/\/kibrisdakik.com\/?p=33861","og_locale":"tr_TR","og_type":"article","og_title":"Kimin odas\u0131na girip \u00e7\u0131kaca\u011f\u0131m\u0131 sana m\u0131 soraca\u011f\u0131m? -","og_description":"Ankarag\u00fcc\u00fc teknik direkt\u00f6r\u00fc Emre Bel\u00f6zo\u011flu ile yorumculuk yapan eski futbolcu&nbsp;Serhat Ak\u0131n&nbsp;aras\u0131nda ba\u015flayan polemik devam ediyor.&nbsp;Bel\u00f6zo\u011flu&#8217;nun &#8220;Odam\u0131za o kadar rahat giremiyordu&#8221; s\u00f6zlerine yan\u0131t veren Ak\u0131n, &#8220;Ben kimin odas\u0131na girip \u00e7\u0131kaca\u011f\u0131m\u0131 sana m\u0131 soraca\u011f\u0131m o\u011flum? Sen bizim odam\u0131za geliyordun. Ben, Aziz Y\u0131ld\u0131r\u0131m&#8217;\u0131n odas\u0131na girip \u00e7\u0131kan adam\u0131m&#8221; dedi. Serhat Ak\u0131n ayr\u0131ca, &#8220;Biz seninle \u00fcmit milli tak\u0131m arkada\u015f\u0131y\u0131z, senin","og_url":"https:\/\/kibrisdakik.com\/?p=33861","article_published_time":"2024-03-12T20:03:55+00:00","og_image":[{"width":710,"height":370,"url":"https:\/\/kibrisdakik.com\/wp-content\/uploads\/2024\/03\/kimin-odasina-girip-cikacagimi-sana-mi-soracagim-1710273019.webp.webp","type":"image\/webp"}],"author":"admin","twitter_card":"summary_large_image","twitter_misc":{"Yazan:":"admin","Tahmini okuma s\u00fcresi":"2 dakika"},"schema":{"@context":"https:\/\/schema.org","@graph":[{"@type":"Article","@id":"https:\/\/kibrisdakik.com\/?p=33861#article","isPartOf":{"@id":"https:\/\/kibrisdakik.com\/?p=33861"},"author":{"name":"admin","@id":"https:\/\/kibrisdakik.com\/#\/schema\/person\/9cd9d437bbb44f72b73ba127e06d8e79"},"headline":"Kimin odas\u0131na girip \u00e7\u0131kaca\u011f\u0131m\u0131 sana m\u0131 soraca\u011f\u0131m?","datePublished":"2024-03-12T20:03:55+00:00","mainEntityOfPage":{"@id":"https:\/\/kibrisdakik.com\/?p=33861"},"wordCount":394,"commentCount":0,"image":{"@id":"https:\/\/kibrisdakik.com\/?p=33861#primaryimage"},"thumbnailUrl":"https:\/\/kibrisdakik.com\/wp-content\/uploads\/2024\/03\/kimin-odasina-girip-cikacagimi-sana-mi-soracagim-1710273019.webp.webp","articleSection":["Ekonomi"],"inLanguage":"tr","potentialAction":[{"@type":"CommentAction","name":"Comment","target":["https:\/\/kibrisdakik.com\/?p=33861#respond"]}]},{"@type":"WebPage","@id":"https:\/\/kibrisdakik.com\/?p=33861","url":"https:\/\/kibrisdakik.com\/?p=33861","name":"Kimin odas\u0131na girip \u00e7\u0131kaca\u011f\u0131m\u0131 sana m\u0131 soraca\u011f\u0131m? -","isPartOf":{"@id":"https:\/\/kibrisdakik.com\/#website"},"primaryImageOfPage":{"@id":"https:\/\/kibrisdakik.com\/?p=33861#primaryimage"},"image":{"@id":"https:\/\/kibrisdakik.com\/?p=33861#primaryimage"},"thumbnailUrl":"https:\/\/kibrisdakik.com\/wp-content\/uploads\/2024\/03\/kimin-odasina-girip-cikacagimi-sana-mi-soracagim-1710273019.webp.webp","datePublished":"2024-03-12T20:03:55+00:00","author":{"@id":"https:\/\/kibrisdakik.com\/#\/schema\/person\/9cd9d437bbb44f72b73ba127e06d8e79"},"breadcrumb":{"@id":"https:\/\/kibrisdakik.com\/?p=33861#breadcrumb"},"inLanguage":"tr","potentialAction":[{"@type":"ReadAction","target":["https:\/\/kibrisdakik.com\/?p=33861"]}]},{"@type":"ImageObject","inLanguage":"tr","@id":"https:\/\/kibrisdakik.com\/?p=33861#primaryimage","url":"https:\/\/kibrisdakik.com\/wp-content\/uploads\/2024\/03\/kimin-odasina-girip-cikacagimi-sana-mi-soracagim-1710273019.webp.webp","contentUrl":"https:\/\/kibrisdakik.com\/wp-content\/uploads\/2024\/03\/kimin-odasina-girip-cikacagimi-sana-mi-soracagim-1710273019.webp.webp","width":710,"height":370},{"@type":"BreadcrumbList","@id":"https:\/\/kibrisdakik.com\/?p=33861#breadcrumb","itemListElement":[{"@type":"ListItem","position":1,"name":"Home","item":"https:\/\/kibrisdakik.com\/"},{"@type":"ListItem","position":2,"name":"Kimin odas\u0131na girip \u00e7\u0131kaca\u011f\u0131m\u0131 sana m\u0131 soraca\u011f\u0131m?"}]},{"@type":"WebSite","@id":"https:\/\/kibrisdakik.com\/#website","url":"https:\/\/kibrisdakik.com\/","name":"","description":"Tam vaktinde haber","potentialAction":[{"@type":"SearchAction","target":{"@type":"EntryPoint","urlTemplate":"https:\/\/kibrisdakik.com\/?s={search_term_string}"},"query-input":{"@type":"PropertyValueSpecification","valueRequired":true,"valueName":"search_term_string"}}],"inLanguage":"tr"},{"@type":"Person","@id":"https:\/\/kibrisdakik.com\/#\/schema\/person\/9cd9d437bbb44f72b73ba127e06d8e79","name":"admin","image":{"@type":"ImageObject","inLanguage":"tr","@id":"https:\/\/secure.gravatar.com\/avatar\/ccc17943b9d660506c869530f897617f7cb1c21a4bf30023f252596d83e1f007?s=96&d=mm&r=g","url":"https:\/\/secure.gravatar.com\/avatar\/ccc17943b9d660506c869530f897617f7cb1c21a4bf30023f252596d83e1f007?s=96&d=mm&r=g","contentUrl":"https:\/\/secure.gravatar.com\/avatar\/ccc17943b9d660506c869530f897617f7cb1c21a4bf30023f252596d83e1f007?s=96&d=mm&r=g","caption":"admin"},"sameAs":["https:\/\/kibrisdakik.com"],"url":"https:\/\/kibrisdakik.com\/?author=1"}]}},"_links":{"self":[{"href":"https:\/\/kibrisdakik.com\/index.php?rest_route=\/wp\/v2\/posts\/33861","targetHints":{"allow":["GET"]}}],"collection":[{"href":"https:\/\/kibrisdakik.com\/index.php?rest_route=\/wp\/v2\/posts"}],"about":[{"href":"https:\/\/kibrisdakik.com\/index.php?rest_route=\/wp\/v2\/types\/post"}],"author":[{"embeddable":true,"href":"https:\/\/kibrisdakik.com\/index.php?rest_route=\/wp\/v2\/users\/1"}],"replies":[{"embeddable":true,"href":"https:\/\/kibrisdakik.com\/index.php?rest_route=%2Fwp%2Fv2%2Fcomments&post=33861"}],"version-history":[{"count":0,"href":"https:\/\/kibrisdakik.com\/index.php?rest_route=\/wp\/v2\/posts\/33861\/revisions"}],"wp:featuredmedia":[{"embeddable":true,"href":"https:\/\/kibrisdakik.com\/index.php?rest_route=\/wp\/v2\/media\/33862"}],"wp:attachment":[{"href":"https:\/\/kibrisdakik.com\/index.php?rest_route=%2Fwp%2Fv2%2Fmedia&parent=33861"}],"wp:term":[{"taxonomy":"category","embeddable":true,"href":"https:\/\/kibrisdakik.com\/index.php?rest_route=%2Fwp%2Fv2%2Fcategories&post=33861"},{"taxonomy":"post_tag","embeddable":true,"href":"https:\/\/kibrisdakik.com\/index.php?rest_route=%2Fwp%2Fv2%2Ftags&post=33861"}],"curies":[{"name":"wp","href":"https:\/\/api.w.org\/{rel}","templated":true}]}}