{"id":33895,"date":"2024-03-13T02:37:49","date_gmt":"2024-03-13T02:37:49","guid":{"rendered":"https:\/\/kibrisdakik.com\/index.php\/2024\/03\/13\/hande-ercel-hakan-sabanci-ile-iliskisi-hakkinda-ilk-kez-konustu\/"},"modified":"2024-03-13T02:37:49","modified_gmt":"2024-03-13T02:37:49","slug":"hande-ercel-hakan-sabanci-ile-iliskisi-hakkinda-ilk-kez-konustu","status":"publish","type":"post","link":"https:\/\/kibrisdakik.com\/?p=33895","title":{"rendered":"Hande Er\u00e7el, Hakan Sabanc\u0131 ile ili\u015fkisi hakk\u0131nda ilk kez konu\u015ftu"},"content":{"rendered":"<p><\/p>\n<p>Gerek oyunculuk performans\u0131 gerek \u00f6zel hayat\u0131yla g\u00fcndemden d\u00fc\u015fmeyen&nbsp;<strong>Hande Er\u00e7el<\/strong>, ge\u00e7ti\u011fimiz haftalarda&nbsp; Paris Moda Haftas\u0131&#8217;nda Balmain markas\u0131n\u0131n defilesine kat\u0131lm\u0131\u015ft\u0131.<\/p>\n<p><img decoding=\"async\" alt=\"Hande Er\u00e7el, Hakan Sabanc\u0131 ile ili\u015fkisi hakk\u0131nda ilk kez konu\u015ftu - 2\" src=\"https:\/\/cdn1.ntv.com.tr\/gorsel\/xfYF9Fm-EkeU28ujqa-sCg.jpg?width=1000&amp;mode=both&amp;scale=both&amp;v=1710245940741\" \/><\/p>\n<p>Defiledeki \u015f\u0131kl\u0131\u011f\u0131 ile g\u00f6z kama\u015ft\u0131ran Hande Er\u00e7el, Elle dergisinin son say\u0131s\u0131na kapak oldu.<\/p>\n<p><img decoding=\"async\" alt=\"Hande Er\u00e7el, Hakan Sabanc\u0131 ile ili\u015fkisi hakk\u0131nda ilk kez konu\u015ftu - 3\" src=\"https:\/\/cdn1.ntv.com.tr\/gorsel\/FixO-crmW0Wx7uPuIke2Fw.jpg?width=1000&amp;mode=both&amp;scale=both&amp;v=1710245940741\" \/><\/p>\n<p>\u00dcnl\u00fc oyuncu, bir s\u00fcredir a\u015fk ya\u015fad\u0131\u011f\u0131&nbsp;<strong>Hakan Sabanc\u0131<\/strong>&nbsp;ile ili\u015fkisi hakk\u0131nda sessizli\u011fini bozdu.<\/p>\n<p><img decoding=\"async\" alt=\"Hande Er\u00e7el, Hakan Sabanc\u0131 ile ili\u015fkisi hakk\u0131nda ilk kez konu\u015ftu - 4\" src=\"https:\/\/cdn1.ntv.com.tr\/gorsel\/G7Uz7FcF-kOFnxzjBCzn0Q.jpg?width=1000&amp;mode=both&amp;scale=both&amp;v=1710245940741\" \/><\/p>\n<h2>&#8220;AYNI NOKTADA BULU\u015eMAK \u00c7OK G\u00dcZEL&#8221;<\/h2>\n<p>&#8220;Hakan ile ayn\u0131 enerjide bulu\u015fmay\u0131 \u00e7ok seviyorum&#8221; diyen Er\u00e7el, &#8220;Birbirimizin alan\u0131na ve g\u00f6r\u00fc\u015f\u00fcne sayg\u0131 duyuyoruz. De\u011fi\u015ftirmeye \u00e7al\u0131\u015fmak gibi bir inad\u0131m\u0131z olmuyor. Ayn\u0131 noktada bulu\u015fma hali \u00e7ok \u00f6zel, \u00e7ok g\u00fczel&#8221; ifadelerini kulland\u0131.<\/p>\n<p><img decoding=\"async\" alt=\"Hande Er\u00e7el, Hakan Sabanc\u0131 ile ili\u015fkisi hakk\u0131nda ilk kez konu\u015ftu - 5\" src=\"https:\/\/cdn1.ntv.com.tr\/gorsel\/4qgjfax_DECzJlDIhZZqQw.jpg?width=1000&amp;mode=both&amp;scale=both&amp;v=1710245940741\" \/><\/p>\n<h2>&#8220;HAKAN \u00c7OK PLANLI B\u0130R\u0130&#8221;<\/h2>\n<p>Sabanc\u0131 ile tatil pozlar\u0131yla da s\u0131k s\u0131k g\u00fcndem olan Er\u00e7el, &#8220;Eskiden \u00e7ok plans\u0131z seyahat ederdim&#8230; Ama Hakan inan\u0131lmaz planl\u0131 biri&#8230; O y\u00fczden onunla seyahat etti\u011fimizde her \u015fey \u00e7ok belli oluyor&#8221; dedi.<\/p>\n<p><img decoding=\"async\" alt=\"Hande Er\u00e7el, Hakan Sabanc\u0131 ile ili\u015fkisi hakk\u0131nda ilk kez konu\u015ftu - 6\" src=\"https:\/\/cdn1.ntv.com.tr\/gorsel\/2Vc5smq2VEu718dg8xoOwg.jpg?width=1000&amp;mode=both&amp;scale=both&amp;v=1710245940741\" \/><\/p>\n<h2>&#8220;DAHA FAZLASI \u0130\u00c7\u0130N SABIRSIZLANIYORUM&#8221;<\/h2>\n<p>\u00d6te yandan Hande Er\u00e7el, Hakan Sabanc\u0131 ile birinci y\u0131llar\u0131n\u0131 sosyal medya hesab\u0131ndan romantik bir payla\u015f\u0131mla kutlam\u0131\u015ft\u0131.<\/p>\n<p><img decoding=\"async\" alt=\"Hande Er\u00e7el, Hakan Sabanc\u0131 ile ili\u015fkisi hakk\u0131nda ilk kez konu\u015ftu - 7\" src=\"https:\/\/cdn1.ntv.com.tr\/gorsel\/9NeypD23F0GDMxPnsh_0cQ.jpg?width=1000&amp;mode=both&amp;scale=both&amp;v=1710245940741\" \/><\/p>\n<p>Hande Er\u00e7el, Hakan Sabanc\u0131 ile Kuzey I\u015f\u0131klar\u0131&#8217;n\u0131 izlerken \u00e7ekilen pozuna \u015fu notu d\u00fc\u015fm\u00fc\u015ft\u00fc:<\/p>\n<p>&#8220;En sevdi\u011fim t\u00fcm an\u0131lar\u0131m seninle , daha fazlas\u0131n\u0131 yapmak i\u00e7in sab\u0131rs\u0131zlan\u0131yorum.&#8221;<\/p>\n","protected":false},"excerpt":{"rendered":"<p>Gerek oyunculuk performans\u0131 gerek \u00f6zel hayat\u0131yla g\u00fcndemden d\u00fc\u015fmeyen&nbsp;Hande Er\u00e7el, ge\u00e7ti\u011fimiz haftalarda&nbsp; Paris Moda Haftas\u0131&#8217;nda Balmain markas\u0131n\u0131n defilesine kat\u0131lm\u0131\u015ft\u0131. Defiledeki \u015f\u0131kl\u0131\u011f\u0131 ile g\u00f6z kama\u015ft\u0131ran Hande Er\u00e7el, Elle dergisinin son say\u0131s\u0131na kapak oldu. \u00dcnl\u00fc oyuncu, bir s\u00fcredir a\u015fk ya\u015fad\u0131\u011f\u0131&nbsp;Hakan Sabanc\u0131&nbsp;ile ili\u015fkisi hakk\u0131nda sessizli\u011fini bozdu. &#8220;AYNI NOKTADA BULU\u015eMAK \u00c7OK G\u00dcZEL&#8221; &#8220;Hakan ile ayn\u0131 enerjide bulu\u015fmay\u0131 \u00e7ok seviyorum&#8221; diyen<\/p>\n","protected":false},"author":1,"featured_media":33896,"comment_status":"open","ping_status":"open","sticky":false,"template":"","format":"standard","meta":{"footnotes":""},"categories":[85],"tags":[],"class_list":["post-33895","post","type-post","status-publish","format-standard","has-post-thumbnail","hentry","category-spor"],"yoast_head":"<!-- This site is optimized with the Yoast SEO plugin v27.5 - https:\/\/yoast.com\/product\/yoast-seo-wordpress\/ -->\n<title>Hande Er\u00e7el, Hakan Sabanc\u0131 ile ili\u015fkisi hakk\u0131nda ilk kez konu\u015ftu -<\/title>\n<meta name=\"robots\" content=\"index, follow, max-snippet:-1, max-image-preview:large, max-video-preview:-1\" \/>\n<link rel=\"canonical\" href=\"https:\/\/kibrisdakik.com\/?p=33895\" \/>\n<meta property=\"og:locale\" content=\"tr_TR\" \/>\n<meta property=\"og:type\" content=\"article\" \/>\n<meta property=\"og:title\" content=\"Hande Er\u00e7el, Hakan Sabanc\u0131 ile ili\u015fkisi hakk\u0131nda ilk kez konu\u015ftu -\" \/>\n<meta property=\"og:description\" content=\"Gerek oyunculuk performans\u0131 gerek \u00f6zel hayat\u0131yla g\u00fcndemden d\u00fc\u015fmeyen&nbsp;Hande Er\u00e7el, ge\u00e7ti\u011fimiz haftalarda&nbsp; Paris Moda Haftas\u0131&#8217;nda Balmain markas\u0131n\u0131n defilesine kat\u0131lm\u0131\u015ft\u0131. Defiledeki \u015f\u0131kl\u0131\u011f\u0131 ile g\u00f6z kama\u015ft\u0131ran Hande Er\u00e7el, Elle dergisinin son say\u0131s\u0131na kapak oldu. \u00dcnl\u00fc oyuncu, bir s\u00fcredir a\u015fk ya\u015fad\u0131\u011f\u0131&nbsp;Hakan Sabanc\u0131&nbsp;ile ili\u015fkisi hakk\u0131nda sessizli\u011fini bozdu. &#8220;AYNI NOKTADA BULU\u015eMAK \u00c7OK G\u00dcZEL&#8221; &#8220;Hakan ile ayn\u0131 enerjide bulu\u015fmay\u0131 \u00e7ok seviyorum&#8221; diyen\" \/>\n<meta property=\"og:url\" content=\"https:\/\/kibrisdakik.com\/?p=33895\" \/>\n<meta property=\"article:published_time\" content=\"2024-03-13T02:37:49+00:00\" \/>\n<meta property=\"og:image\" content=\"https:\/\/kibrisdakik.com\/wp-content\/uploads\/2024\/03\/xfYF9Fm-EkeU28ujqa-sCg-740x420.jpg\" \/>\n\t<meta property=\"og:image:width\" content=\"1000\" \/>\n\t<meta property=\"og:image:height\" content=\"1250\" \/>\n\t<meta property=\"og:image:type\" content=\"image\/jpeg\" \/>\n<meta name=\"author\" content=\"admin\" \/>\n<meta name=\"twitter:card\" content=\"summary_large_image\" \/>\n<meta name=\"twitter:label1\" content=\"Yazan:\" \/>\n\t<meta name=\"twitter:data1\" content=\"admin\" \/>\n\t<meta name=\"twitter:label2\" content=\"Tahmini okuma s\u00fcresi\" \/>\n\t<meta name=\"twitter:data2\" content=\"1 dakika\" \/>\n<script type=\"application\/ld+json\" class=\"yoast-schema-graph\">{\"@context\":\"https:\\\/\\\/schema.org\",\"@graph\":[{\"@type\":\"Article\",\"@id\":\"https:\\\/\\\/kibrisdakik.com\\\/?p=33895#article\",\"isPartOf\":{\"@id\":\"https:\\\/\\\/kibrisdakik.com\\\/?p=33895\"},\"author\":{\"name\":\"admin\",\"@id\":\"https:\\\/\\\/kibrisdakik.com\\\/#\\\/schema\\\/person\\\/9cd9d437bbb44f72b73ba127e06d8e79\"},\"headline\":\"Hande Er\u00e7el, Hakan Sabanc\u0131 ile ili\u015fkisi hakk\u0131nda ilk kez konu\u015ftu\",\"datePublished\":\"2024-03-13T02:37:49+00:00\",\"mainEntityOfPage\":{\"@id\":\"https:\\\/\\\/kibrisdakik.com\\\/?p=33895\"},\"wordCount\":244,\"commentCount\":0,\"image\":{\"@id\":\"https:\\\/\\\/kibrisdakik.com\\\/?p=33895#primaryimage\"},\"thumbnailUrl\":\"https:\\\/\\\/kibrisdakik.com\\\/wp-content\\\/uploads\\\/2024\\\/03\\\/xfYF9Fm-EkeU28ujqa-sCg-740x420.jpg\",\"articleSection\":[\"Spor\"],\"inLanguage\":\"tr\",\"potentialAction\":[{\"@type\":\"CommentAction\",\"name\":\"Comment\",\"target\":[\"https:\\\/\\\/kibrisdakik.com\\\/?p=33895#respond\"]}]},{\"@type\":\"WebPage\",\"@id\":\"https:\\\/\\\/kibrisdakik.com\\\/?p=33895\",\"url\":\"https:\\\/\\\/kibrisdakik.com\\\/?p=33895\",\"name\":\"Hande Er\u00e7el, Hakan Sabanc\u0131 ile ili\u015fkisi hakk\u0131nda ilk kez konu\u015ftu -\",\"isPartOf\":{\"@id\":\"https:\\\/\\\/kibrisdakik.com\\\/#website\"},\"primaryImageOfPage\":{\"@id\":\"https:\\\/\\\/kibrisdakik.com\\\/?p=33895#primaryimage\"},\"image\":{\"@id\":\"https:\\\/\\\/kibrisdakik.com\\\/?p=33895#primaryimage\"},\"thumbnailUrl\":\"https:\\\/\\\/kibrisdakik.com\\\/wp-content\\\/uploads\\\/2024\\\/03\\\/xfYF9Fm-EkeU28ujqa-sCg-740x420.jpg\",\"datePublished\":\"2024-03-13T02:37:49+00:00\",\"author\":{\"@id\":\"https:\\\/\\\/kibrisdakik.com\\\/#\\\/schema\\\/person\\\/9cd9d437bbb44f72b73ba127e06d8e79\"},\"breadcrumb\":{\"@id\":\"https:\\\/\\\/kibrisdakik.com\\\/?p=33895#breadcrumb\"},\"inLanguage\":\"tr\",\"potentialAction\":[{\"@type\":\"ReadAction\",\"target\":[\"https:\\\/\\\/kibrisdakik.com\\\/?p=33895\"]}]},{\"@type\":\"ImageObject\",\"inLanguage\":\"tr\",\"@id\":\"https:\\\/\\\/kibrisdakik.com\\\/?p=33895#primaryimage\",\"url\":\"https:\\\/\\\/kibrisdakik.com\\\/wp-content\\\/uploads\\\/2024\\\/03\\\/xfYF9Fm-EkeU28ujqa-sCg-740x420.jpg\",\"contentUrl\":\"https:\\\/\\\/kibrisdakik.com\\\/wp-content\\\/uploads\\\/2024\\\/03\\\/xfYF9Fm-EkeU28ujqa-sCg-740x420.jpg\",\"width\":1000,\"height\":1250},{\"@type\":\"BreadcrumbList\",\"@id\":\"https:\\\/\\\/kibrisdakik.com\\\/?p=33895#breadcrumb\",\"itemListElement\":[{\"@type\":\"ListItem\",\"position\":1,\"name\":\"Home\",\"item\":\"https:\\\/\\\/kibrisdakik.com\\\/\"},{\"@type\":\"ListItem\",\"position\":2,\"name\":\"Hande Er\u00e7el, Hakan Sabanc\u0131 ile ili\u015fkisi hakk\u0131nda ilk kez konu\u015ftu\"}]},{\"@type\":\"WebSite\",\"@id\":\"https:\\\/\\\/kibrisdakik.com\\\/#website\",\"url\":\"https:\\\/\\\/kibrisdakik.com\\\/\",\"name\":\"\",\"description\":\"Tam vaktinde haber\",\"potentialAction\":[{\"@type\":\"SearchAction\",\"target\":{\"@type\":\"EntryPoint\",\"urlTemplate\":\"https:\\\/\\\/kibrisdakik.com\\\/?s={search_term_string}\"},\"query-input\":{\"@type\":\"PropertyValueSpecification\",\"valueRequired\":true,\"valueName\":\"search_term_string\"}}],\"inLanguage\":\"tr\"},{\"@type\":\"Person\",\"@id\":\"https:\\\/\\\/kibrisdakik.com\\\/#\\\/schema\\\/person\\\/9cd9d437bbb44f72b73ba127e06d8e79\",\"name\":\"admin\",\"image\":{\"@type\":\"ImageObject\",\"inLanguage\":\"tr\",\"@id\":\"https:\\\/\\\/secure.gravatar.com\\\/avatar\\\/ccc17943b9d660506c869530f897617f7cb1c21a4bf30023f252596d83e1f007?s=96&d=mm&r=g\",\"url\":\"https:\\\/\\\/secure.gravatar.com\\\/avatar\\\/ccc17943b9d660506c869530f897617f7cb1c21a4bf30023f252596d83e1f007?s=96&d=mm&r=g\",\"contentUrl\":\"https:\\\/\\\/secure.gravatar.com\\\/avatar\\\/ccc17943b9d660506c869530f897617f7cb1c21a4bf30023f252596d83e1f007?s=96&d=mm&r=g\",\"caption\":\"admin\"},\"sameAs\":[\"https:\\\/\\\/kibrisdakik.com\"],\"url\":\"https:\\\/\\\/kibrisdakik.com\\\/?author=1\"}]}<\/script>\n<!-- \/ Yoast SEO plugin. -->","yoast_head_json":{"title":"Hande Er\u00e7el, Hakan Sabanc\u0131 ile ili\u015fkisi hakk\u0131nda ilk kez konu\u015ftu -","robots":{"index":"index","follow":"follow","max-snippet":"max-snippet:-1","max-image-preview":"max-image-preview:large","max-video-preview":"max-video-preview:-1"},"canonical":"https:\/\/kibrisdakik.com\/?p=33895","og_locale":"tr_TR","og_type":"article","og_title":"Hande Er\u00e7el, Hakan Sabanc\u0131 ile ili\u015fkisi hakk\u0131nda ilk kez konu\u015ftu -","og_description":"Gerek oyunculuk performans\u0131 gerek \u00f6zel hayat\u0131yla g\u00fcndemden d\u00fc\u015fmeyen&nbsp;Hande Er\u00e7el, ge\u00e7ti\u011fimiz haftalarda&nbsp; Paris Moda Haftas\u0131&#8217;nda Balmain markas\u0131n\u0131n defilesine kat\u0131lm\u0131\u015ft\u0131. Defiledeki \u015f\u0131kl\u0131\u011f\u0131 ile g\u00f6z kama\u015ft\u0131ran Hande Er\u00e7el, Elle dergisinin son say\u0131s\u0131na kapak oldu. \u00dcnl\u00fc oyuncu, bir s\u00fcredir a\u015fk ya\u015fad\u0131\u011f\u0131&nbsp;Hakan Sabanc\u0131&nbsp;ile ili\u015fkisi hakk\u0131nda sessizli\u011fini bozdu. &#8220;AYNI NOKTADA BULU\u015eMAK \u00c7OK G\u00dcZEL&#8221; &#8220;Hakan ile ayn\u0131 enerjide bulu\u015fmay\u0131 \u00e7ok seviyorum&#8221; diyen","og_url":"https:\/\/kibrisdakik.com\/?p=33895","article_published_time":"2024-03-13T02:37:49+00:00","og_image":[{"width":1000,"height":1250,"url":"https:\/\/kibrisdakik.com\/wp-content\/uploads\/2024\/03\/xfYF9Fm-EkeU28ujqa-sCg-740x420.jpg","type":"image\/jpeg"}],"author":"admin","twitter_card":"summary_large_image","twitter_misc":{"Yazan:":"admin","Tahmini okuma s\u00fcresi":"1 dakika"},"schema":{"@context":"https:\/\/schema.org","@graph":[{"@type":"Article","@id":"https:\/\/kibrisdakik.com\/?p=33895#article","isPartOf":{"@id":"https:\/\/kibrisdakik.com\/?p=33895"},"author":{"name":"admin","@id":"https:\/\/kibrisdakik.com\/#\/schema\/person\/9cd9d437bbb44f72b73ba127e06d8e79"},"headline":"Hande Er\u00e7el, Hakan Sabanc\u0131 ile ili\u015fkisi hakk\u0131nda ilk kez konu\u015ftu","datePublished":"2024-03-13T02:37:49+00:00","mainEntityOfPage":{"@id":"https:\/\/kibrisdakik.com\/?p=33895"},"wordCount":244,"commentCount":0,"image":{"@id":"https:\/\/kibrisdakik.com\/?p=33895#primaryimage"},"thumbnailUrl":"https:\/\/kibrisdakik.com\/wp-content\/uploads\/2024\/03\/xfYF9Fm-EkeU28ujqa-sCg-740x420.jpg","articleSection":["Spor"],"inLanguage":"tr","potentialAction":[{"@type":"CommentAction","name":"Comment","target":["https:\/\/kibrisdakik.com\/?p=33895#respond"]}]},{"@type":"WebPage","@id":"https:\/\/kibrisdakik.com\/?p=33895","url":"https:\/\/kibrisdakik.com\/?p=33895","name":"Hande Er\u00e7el, Hakan Sabanc\u0131 ile ili\u015fkisi hakk\u0131nda ilk kez konu\u015ftu -","isPartOf":{"@id":"https:\/\/kibrisdakik.com\/#website"},"primaryImageOfPage":{"@id":"https:\/\/kibrisdakik.com\/?p=33895#primaryimage"},"image":{"@id":"https:\/\/kibrisdakik.com\/?p=33895#primaryimage"},"thumbnailUrl":"https:\/\/kibrisdakik.com\/wp-content\/uploads\/2024\/03\/xfYF9Fm-EkeU28ujqa-sCg-740x420.jpg","datePublished":"2024-03-13T02:37:49+00:00","author":{"@id":"https:\/\/kibrisdakik.com\/#\/schema\/person\/9cd9d437bbb44f72b73ba127e06d8e79"},"breadcrumb":{"@id":"https:\/\/kibrisdakik.com\/?p=33895#breadcrumb"},"inLanguage":"tr","potentialAction":[{"@type":"ReadAction","target":["https:\/\/kibrisdakik.com\/?p=33895"]}]},{"@type":"ImageObject","inLanguage":"tr","@id":"https:\/\/kibrisdakik.com\/?p=33895#primaryimage","url":"https:\/\/kibrisdakik.com\/wp-content\/uploads\/2024\/03\/xfYF9Fm-EkeU28ujqa-sCg-740x420.jpg","contentUrl":"https:\/\/kibrisdakik.com\/wp-content\/uploads\/2024\/03\/xfYF9Fm-EkeU28ujqa-sCg-740x420.jpg","width":1000,"height":1250},{"@type":"BreadcrumbList","@id":"https:\/\/kibrisdakik.com\/?p=33895#breadcrumb","itemListElement":[{"@type":"ListItem","position":1,"name":"Home","item":"https:\/\/kibrisdakik.com\/"},{"@type":"ListItem","position":2,"name":"Hande Er\u00e7el, Hakan Sabanc\u0131 ile ili\u015fkisi hakk\u0131nda ilk kez konu\u015ftu"}]},{"@type":"WebSite","@id":"https:\/\/kibrisdakik.com\/#website","url":"https:\/\/kibrisdakik.com\/","name":"","description":"Tam vaktinde haber","potentialAction":[{"@type":"SearchAction","target":{"@type":"EntryPoint","urlTemplate":"https:\/\/kibrisdakik.com\/?s={search_term_string}"},"query-input":{"@type":"PropertyValueSpecification","valueRequired":true,"valueName":"search_term_string"}}],"inLanguage":"tr"},{"@type":"Person","@id":"https:\/\/kibrisdakik.com\/#\/schema\/person\/9cd9d437bbb44f72b73ba127e06d8e79","name":"admin","image":{"@type":"ImageObject","inLanguage":"tr","@id":"https:\/\/secure.gravatar.com\/avatar\/ccc17943b9d660506c869530f897617f7cb1c21a4bf30023f252596d83e1f007?s=96&d=mm&r=g","url":"https:\/\/secure.gravatar.com\/avatar\/ccc17943b9d660506c869530f897617f7cb1c21a4bf30023f252596d83e1f007?s=96&d=mm&r=g","contentUrl":"https:\/\/secure.gravatar.com\/avatar\/ccc17943b9d660506c869530f897617f7cb1c21a4bf30023f252596d83e1f007?s=96&d=mm&r=g","caption":"admin"},"sameAs":["https:\/\/kibrisdakik.com"],"url":"https:\/\/kibrisdakik.com\/?author=1"}]}},"_links":{"self":[{"href":"https:\/\/kibrisdakik.com\/index.php?rest_route=\/wp\/v2\/posts\/33895","targetHints":{"allow":["GET"]}}],"collection":[{"href":"https:\/\/kibrisdakik.com\/index.php?rest_route=\/wp\/v2\/posts"}],"about":[{"href":"https:\/\/kibrisdakik.com\/index.php?rest_route=\/wp\/v2\/types\/post"}],"author":[{"embeddable":true,"href":"https:\/\/kibrisdakik.com\/index.php?rest_route=\/wp\/v2\/users\/1"}],"replies":[{"embeddable":true,"href":"https:\/\/kibrisdakik.com\/index.php?rest_route=%2Fwp%2Fv2%2Fcomments&post=33895"}],"version-history":[{"count":0,"href":"https:\/\/kibrisdakik.com\/index.php?rest_route=\/wp\/v2\/posts\/33895\/revisions"}],"wp:featuredmedia":[{"embeddable":true,"href":"https:\/\/kibrisdakik.com\/index.php?rest_route=\/wp\/v2\/media\/33896"}],"wp:attachment":[{"href":"https:\/\/kibrisdakik.com\/index.php?rest_route=%2Fwp%2Fv2%2Fmedia&parent=33895"}],"wp:term":[{"taxonomy":"category","embeddable":true,"href":"https:\/\/kibrisdakik.com\/index.php?rest_route=%2Fwp%2Fv2%2Fcategories&post=33895"},{"taxonomy":"post_tag","embeddable":true,"href":"https:\/\/kibrisdakik.com\/index.php?rest_route=%2Fwp%2Fv2%2Ftags&post=33895"}],"curies":[{"name":"wp","href":"https:\/\/api.w.org\/{rel}","templated":true}]}}