{"id":33923,"date":"2024-03-13T08:43:52","date_gmt":"2024-03-13T08:43:52","guid":{"rendered":"https:\/\/kibrisdakik.com\/index.php\/2024\/03\/13\/lbo-cocuk-ve-cok-sesli-genclik-korosu-10-yil-konseri-begeni-ile-izlendi\/"},"modified":"2024-03-13T08:43:52","modified_gmt":"2024-03-13T08:43:52","slug":"lbo-cocuk-ve-cok-sesli-genclik-korosu-10-yil-konseri-begeni-ile-izlendi","status":"publish","type":"post","link":"https:\/\/kibrisdakik.com\/?p=33923","title":{"rendered":"LBO \u00c7ocuk ve \u00c7ok Sesli Gen\u00e7lik Korosu 10. Y\u0131l Konseri be\u011feni ile izlendi"},"content":{"rendered":"<p><img decoding=\"async\" src=\"https:\/\/www.kibristurk.com\/images\/haberler\/2024\/03\/lbo-cocuk-ve-cok-sesli-genclik-korosu-10-yil-konseri-begeni-ile-izlendi-1710317890.webp\" \/><\/p>\n<p>\u015eef Hare Yakula y\u00f6netiminde sahne alan koroya Erc\u00fcment \u015eeker de piyanosuyla e\u015flik etti.&nbsp;<br \/>\nKoronun 10. y\u0131l\u0131na \u00f6zel olarak Lefko\u015fa Atat\u00fcrk K\u00fclt\u00fcr Merkezi\u2019nde d\u00fczenlenen konserde seslendirilen m\u00fczikallerden \u015fark\u0131lar ve \u00e7ok sesli klasik ezgiler izleyenlerin b\u00fcy\u00fck be\u011fenisini kazand\u0131.&nbsp;<\/p>\n<p>LTB Ba\u015fkan\u0131 Harmanc\u0131: \u201cGelecek \u00e7ocuklar\u0131m\u0131z gibi ayd\u0131nl\u0131k olacak\u201d<br \/>\nLTB Ba\u015fkan\u0131 Mehmet Harmanc\u0131 konser ba\u015flang\u0131c\u0131ndaki konu\u015fmas\u0131nda \u015funlar\u0131 kaydetti: \u201cOnlarla da, \u00f6\u011fretmenleri ile de gurur duyuyorum. Bu y\u0131l koronun 10. gurur y\u0131l\u0131n\u0131 ya\u015f\u0131yoruz. \u015eefimiz Hare Yakula ile Erc\u00fcment \u015eeker\u2019e ve yeniliklere a\u00e7\u0131k olan Diren\u00e7 Sar\u0131ca\u2019ya &nbsp;\u00e7ok te\u015fekk\u00fcr ediyorum. \u0130yi ki varlar. Bug\u00fcn ya\u015fananlara \u00fcz\u00fclmeye gerek yok, gelecek onlar gibi ayd\u0131nl\u0131k ve p\u0131r\u0131l p\u0131r\u0131l olacak.Bizlere g\u00fcvendi\u011finiz ve \u00e7ocuklar\u0131n\u0131z\u0131 e\u011fitmenlerimize emanet etti\u011finiz i\u00e7in hepinize te\u015fekk\u00fcr&nbsp;ediyorum\u201d<\/p>\n","protected":false},"excerpt":{"rendered":"<p>\u015eef Hare Yakula y\u00f6netiminde sahne alan koroya Erc\u00fcment \u015eeker de piyanosuyla e\u015flik etti.&nbsp; Koronun 10. y\u0131l\u0131na \u00f6zel olarak Lefko\u015fa Atat\u00fcrk K\u00fclt\u00fcr Merkezi\u2019nde d\u00fczenlenen konserde seslendirilen m\u00fczikallerden \u015fark\u0131lar ve \u00e7ok sesli klasik ezgiler izleyenlerin b\u00fcy\u00fck be\u011fenisini kazand\u0131.&nbsp; LTB Ba\u015fkan\u0131 Harmanc\u0131: \u201cGelecek \u00e7ocuklar\u0131m\u0131z gibi ayd\u0131nl\u0131k olacak\u201d LTB Ba\u015fkan\u0131 Mehmet Harmanc\u0131 konser ba\u015flang\u0131c\u0131ndaki konu\u015fmas\u0131nda \u015funlar\u0131 kaydetti: \u201cOnlarla da,<\/p>\n","protected":false},"author":1,"featured_media":33924,"comment_status":"open","ping_status":"open","sticky":false,"template":"","format":"standard","meta":{"footnotes":""},"categories":[85],"tags":[],"class_list":["post-33923","post","type-post","status-publish","format-standard","has-post-thumbnail","hentry","category-spor"],"yoast_head":"<!-- This site is optimized with the Yoast SEO plugin v27.5 - https:\/\/yoast.com\/product\/yoast-seo-wordpress\/ -->\n<title>LBO \u00c7ocuk ve \u00c7ok Sesli Gen\u00e7lik Korosu 10. Y\u0131l Konseri be\u011feni ile izlendi -<\/title>\n<meta name=\"robots\" content=\"index, follow, max-snippet:-1, max-image-preview:large, max-video-preview:-1\" \/>\n<link rel=\"canonical\" href=\"https:\/\/kibrisdakik.com\/?p=33923\" \/>\n<meta property=\"og:locale\" content=\"tr_TR\" \/>\n<meta property=\"og:type\" content=\"article\" \/>\n<meta property=\"og:title\" content=\"LBO \u00c7ocuk ve \u00c7ok Sesli Gen\u00e7lik Korosu 10. Y\u0131l Konseri be\u011feni ile izlendi -\" \/>\n<meta property=\"og:description\" content=\"\u015eef Hare Yakula y\u00f6netiminde sahne alan koroya Erc\u00fcment \u015eeker de piyanosuyla e\u015flik etti.&nbsp; Koronun 10. y\u0131l\u0131na \u00f6zel olarak Lefko\u015fa Atat\u00fcrk K\u00fclt\u00fcr Merkezi\u2019nde d\u00fczenlenen konserde seslendirilen m\u00fczikallerden \u015fark\u0131lar ve \u00e7ok sesli klasik ezgiler izleyenlerin b\u00fcy\u00fck be\u011fenisini kazand\u0131.&nbsp; LTB Ba\u015fkan\u0131 Harmanc\u0131: \u201cGelecek \u00e7ocuklar\u0131m\u0131z gibi ayd\u0131nl\u0131k olacak\u201d LTB Ba\u015fkan\u0131 Mehmet Harmanc\u0131 konser ba\u015flang\u0131c\u0131ndaki konu\u015fmas\u0131nda \u015funlar\u0131 kaydetti: \u201cOnlarla da,\" \/>\n<meta property=\"og:url\" content=\"https:\/\/kibrisdakik.com\/?p=33923\" \/>\n<meta property=\"article:published_time\" content=\"2024-03-13T08:43:52+00:00\" \/>\n<meta property=\"og:image\" content=\"https:\/\/kibrisdakik.com\/wp-content\/uploads\/2024\/03\/lbo-cocuk-ve-cok-sesli-genclik-korosu-10-yil-konseri-begeni-ile-izlendi-1710317890.webp.webp\" \/>\n\t<meta property=\"og:image:width\" content=\"710\" \/>\n\t<meta property=\"og:image:height\" content=\"370\" \/>\n\t<meta property=\"og:image:type\" content=\"image\/webp\" \/>\n<meta name=\"author\" content=\"admin\" \/>\n<meta name=\"twitter:card\" content=\"summary_large_image\" \/>\n<meta name=\"twitter:label1\" content=\"Yazan:\" \/>\n\t<meta name=\"twitter:data1\" content=\"admin\" \/>\n\t<meta name=\"twitter:label2\" content=\"Tahmini okuma s\u00fcresi\" \/>\n\t<meta name=\"twitter:data2\" content=\"1 dakika\" \/>\n<script type=\"application\/ld+json\" class=\"yoast-schema-graph\">{\"@context\":\"https:\\\/\\\/schema.org\",\"@graph\":[{\"@type\":\"Article\",\"@id\":\"https:\\\/\\\/kibrisdakik.com\\\/?p=33923#article\",\"isPartOf\":{\"@id\":\"https:\\\/\\\/kibrisdakik.com\\\/?p=33923\"},\"author\":{\"name\":\"admin\",\"@id\":\"https:\\\/\\\/kibrisdakik.com\\\/#\\\/schema\\\/person\\\/9cd9d437bbb44f72b73ba127e06d8e79\"},\"headline\":\"LBO \u00c7ocuk ve \u00c7ok Sesli Gen\u00e7lik Korosu 10. Y\u0131l Konseri be\u011feni ile izlendi\",\"datePublished\":\"2024-03-13T08:43:52+00:00\",\"mainEntityOfPage\":{\"@id\":\"https:\\\/\\\/kibrisdakik.com\\\/?p=33923\"},\"wordCount\":182,\"commentCount\":0,\"image\":{\"@id\":\"https:\\\/\\\/kibrisdakik.com\\\/?p=33923#primaryimage\"},\"thumbnailUrl\":\"https:\\\/\\\/kibrisdakik.com\\\/wp-content\\\/uploads\\\/2024\\\/03\\\/lbo-cocuk-ve-cok-sesli-genclik-korosu-10-yil-konseri-begeni-ile-izlendi-1710317890.webp.webp\",\"articleSection\":[\"Spor\"],\"inLanguage\":\"tr\",\"potentialAction\":[{\"@type\":\"CommentAction\",\"name\":\"Comment\",\"target\":[\"https:\\\/\\\/kibrisdakik.com\\\/?p=33923#respond\"]}]},{\"@type\":\"WebPage\",\"@id\":\"https:\\\/\\\/kibrisdakik.com\\\/?p=33923\",\"url\":\"https:\\\/\\\/kibrisdakik.com\\\/?p=33923\",\"name\":\"LBO \u00c7ocuk ve \u00c7ok Sesli Gen\u00e7lik Korosu 10. Y\u0131l Konseri be\u011feni ile izlendi -\",\"isPartOf\":{\"@id\":\"https:\\\/\\\/kibrisdakik.com\\\/#website\"},\"primaryImageOfPage\":{\"@id\":\"https:\\\/\\\/kibrisdakik.com\\\/?p=33923#primaryimage\"},\"image\":{\"@id\":\"https:\\\/\\\/kibrisdakik.com\\\/?p=33923#primaryimage\"},\"thumbnailUrl\":\"https:\\\/\\\/kibrisdakik.com\\\/wp-content\\\/uploads\\\/2024\\\/03\\\/lbo-cocuk-ve-cok-sesli-genclik-korosu-10-yil-konseri-begeni-ile-izlendi-1710317890.webp.webp\",\"datePublished\":\"2024-03-13T08:43:52+00:00\",\"author\":{\"@id\":\"https:\\\/\\\/kibrisdakik.com\\\/#\\\/schema\\\/person\\\/9cd9d437bbb44f72b73ba127e06d8e79\"},\"breadcrumb\":{\"@id\":\"https:\\\/\\\/kibrisdakik.com\\\/?p=33923#breadcrumb\"},\"inLanguage\":\"tr\",\"potentialAction\":[{\"@type\":\"ReadAction\",\"target\":[\"https:\\\/\\\/kibrisdakik.com\\\/?p=33923\"]}]},{\"@type\":\"ImageObject\",\"inLanguage\":\"tr\",\"@id\":\"https:\\\/\\\/kibrisdakik.com\\\/?p=33923#primaryimage\",\"url\":\"https:\\\/\\\/kibrisdakik.com\\\/wp-content\\\/uploads\\\/2024\\\/03\\\/lbo-cocuk-ve-cok-sesli-genclik-korosu-10-yil-konseri-begeni-ile-izlendi-1710317890.webp.webp\",\"contentUrl\":\"https:\\\/\\\/kibrisdakik.com\\\/wp-content\\\/uploads\\\/2024\\\/03\\\/lbo-cocuk-ve-cok-sesli-genclik-korosu-10-yil-konseri-begeni-ile-izlendi-1710317890.webp.webp\",\"width\":710,\"height\":370},{\"@type\":\"BreadcrumbList\",\"@id\":\"https:\\\/\\\/kibrisdakik.com\\\/?p=33923#breadcrumb\",\"itemListElement\":[{\"@type\":\"ListItem\",\"position\":1,\"name\":\"Home\",\"item\":\"https:\\\/\\\/kibrisdakik.com\\\/\"},{\"@type\":\"ListItem\",\"position\":2,\"name\":\"LBO \u00c7ocuk ve \u00c7ok Sesli Gen\u00e7lik Korosu 10. Y\u0131l Konseri be\u011feni ile izlendi\"}]},{\"@type\":\"WebSite\",\"@id\":\"https:\\\/\\\/kibrisdakik.com\\\/#website\",\"url\":\"https:\\\/\\\/kibrisdakik.com\\\/\",\"name\":\"\",\"description\":\"Tam vaktinde haber\",\"potentialAction\":[{\"@type\":\"SearchAction\",\"target\":{\"@type\":\"EntryPoint\",\"urlTemplate\":\"https:\\\/\\\/kibrisdakik.com\\\/?s={search_term_string}\"},\"query-input\":{\"@type\":\"PropertyValueSpecification\",\"valueRequired\":true,\"valueName\":\"search_term_string\"}}],\"inLanguage\":\"tr\"},{\"@type\":\"Person\",\"@id\":\"https:\\\/\\\/kibrisdakik.com\\\/#\\\/schema\\\/person\\\/9cd9d437bbb44f72b73ba127e06d8e79\",\"name\":\"admin\",\"image\":{\"@type\":\"ImageObject\",\"inLanguage\":\"tr\",\"@id\":\"https:\\\/\\\/secure.gravatar.com\\\/avatar\\\/ccc17943b9d660506c869530f897617f7cb1c21a4bf30023f252596d83e1f007?s=96&d=mm&r=g\",\"url\":\"https:\\\/\\\/secure.gravatar.com\\\/avatar\\\/ccc17943b9d660506c869530f897617f7cb1c21a4bf30023f252596d83e1f007?s=96&d=mm&r=g\",\"contentUrl\":\"https:\\\/\\\/secure.gravatar.com\\\/avatar\\\/ccc17943b9d660506c869530f897617f7cb1c21a4bf30023f252596d83e1f007?s=96&d=mm&r=g\",\"caption\":\"admin\"},\"sameAs\":[\"https:\\\/\\\/kibrisdakik.com\"],\"url\":\"https:\\\/\\\/kibrisdakik.com\\\/?author=1\"}]}<\/script>\n<!-- \/ Yoast SEO plugin. -->","yoast_head_json":{"title":"LBO \u00c7ocuk ve \u00c7ok Sesli Gen\u00e7lik Korosu 10. Y\u0131l Konseri be\u011feni ile izlendi -","robots":{"index":"index","follow":"follow","max-snippet":"max-snippet:-1","max-image-preview":"max-image-preview:large","max-video-preview":"max-video-preview:-1"},"canonical":"https:\/\/kibrisdakik.com\/?p=33923","og_locale":"tr_TR","og_type":"article","og_title":"LBO \u00c7ocuk ve \u00c7ok Sesli Gen\u00e7lik Korosu 10. Y\u0131l Konseri be\u011feni ile izlendi -","og_description":"\u015eef Hare Yakula y\u00f6netiminde sahne alan koroya Erc\u00fcment \u015eeker de piyanosuyla e\u015flik etti.&nbsp; Koronun 10. y\u0131l\u0131na \u00f6zel olarak Lefko\u015fa Atat\u00fcrk K\u00fclt\u00fcr Merkezi\u2019nde d\u00fczenlenen konserde seslendirilen m\u00fczikallerden \u015fark\u0131lar ve \u00e7ok sesli klasik ezgiler izleyenlerin b\u00fcy\u00fck be\u011fenisini kazand\u0131.&nbsp; LTB Ba\u015fkan\u0131 Harmanc\u0131: \u201cGelecek \u00e7ocuklar\u0131m\u0131z gibi ayd\u0131nl\u0131k olacak\u201d LTB Ba\u015fkan\u0131 Mehmet Harmanc\u0131 konser ba\u015flang\u0131c\u0131ndaki konu\u015fmas\u0131nda \u015funlar\u0131 kaydetti: \u201cOnlarla da,","og_url":"https:\/\/kibrisdakik.com\/?p=33923","article_published_time":"2024-03-13T08:43:52+00:00","og_image":[{"width":710,"height":370,"url":"https:\/\/kibrisdakik.com\/wp-content\/uploads\/2024\/03\/lbo-cocuk-ve-cok-sesli-genclik-korosu-10-yil-konseri-begeni-ile-izlendi-1710317890.webp.webp","type":"image\/webp"}],"author":"admin","twitter_card":"summary_large_image","twitter_misc":{"Yazan:":"admin","Tahmini okuma s\u00fcresi":"1 dakika"},"schema":{"@context":"https:\/\/schema.org","@graph":[{"@type":"Article","@id":"https:\/\/kibrisdakik.com\/?p=33923#article","isPartOf":{"@id":"https:\/\/kibrisdakik.com\/?p=33923"},"author":{"name":"admin","@id":"https:\/\/kibrisdakik.com\/#\/schema\/person\/9cd9d437bbb44f72b73ba127e06d8e79"},"headline":"LBO \u00c7ocuk ve \u00c7ok Sesli Gen\u00e7lik Korosu 10. Y\u0131l Konseri be\u011feni ile izlendi","datePublished":"2024-03-13T08:43:52+00:00","mainEntityOfPage":{"@id":"https:\/\/kibrisdakik.com\/?p=33923"},"wordCount":182,"commentCount":0,"image":{"@id":"https:\/\/kibrisdakik.com\/?p=33923#primaryimage"},"thumbnailUrl":"https:\/\/kibrisdakik.com\/wp-content\/uploads\/2024\/03\/lbo-cocuk-ve-cok-sesli-genclik-korosu-10-yil-konseri-begeni-ile-izlendi-1710317890.webp.webp","articleSection":["Spor"],"inLanguage":"tr","potentialAction":[{"@type":"CommentAction","name":"Comment","target":["https:\/\/kibrisdakik.com\/?p=33923#respond"]}]},{"@type":"WebPage","@id":"https:\/\/kibrisdakik.com\/?p=33923","url":"https:\/\/kibrisdakik.com\/?p=33923","name":"LBO \u00c7ocuk ve \u00c7ok Sesli Gen\u00e7lik Korosu 10. Y\u0131l Konseri be\u011feni ile izlendi -","isPartOf":{"@id":"https:\/\/kibrisdakik.com\/#website"},"primaryImageOfPage":{"@id":"https:\/\/kibrisdakik.com\/?p=33923#primaryimage"},"image":{"@id":"https:\/\/kibrisdakik.com\/?p=33923#primaryimage"},"thumbnailUrl":"https:\/\/kibrisdakik.com\/wp-content\/uploads\/2024\/03\/lbo-cocuk-ve-cok-sesli-genclik-korosu-10-yil-konseri-begeni-ile-izlendi-1710317890.webp.webp","datePublished":"2024-03-13T08:43:52+00:00","author":{"@id":"https:\/\/kibrisdakik.com\/#\/schema\/person\/9cd9d437bbb44f72b73ba127e06d8e79"},"breadcrumb":{"@id":"https:\/\/kibrisdakik.com\/?p=33923#breadcrumb"},"inLanguage":"tr","potentialAction":[{"@type":"ReadAction","target":["https:\/\/kibrisdakik.com\/?p=33923"]}]},{"@type":"ImageObject","inLanguage":"tr","@id":"https:\/\/kibrisdakik.com\/?p=33923#primaryimage","url":"https:\/\/kibrisdakik.com\/wp-content\/uploads\/2024\/03\/lbo-cocuk-ve-cok-sesli-genclik-korosu-10-yil-konseri-begeni-ile-izlendi-1710317890.webp.webp","contentUrl":"https:\/\/kibrisdakik.com\/wp-content\/uploads\/2024\/03\/lbo-cocuk-ve-cok-sesli-genclik-korosu-10-yil-konseri-begeni-ile-izlendi-1710317890.webp.webp","width":710,"height":370},{"@type":"BreadcrumbList","@id":"https:\/\/kibrisdakik.com\/?p=33923#breadcrumb","itemListElement":[{"@type":"ListItem","position":1,"name":"Home","item":"https:\/\/kibrisdakik.com\/"},{"@type":"ListItem","position":2,"name":"LBO \u00c7ocuk ve \u00c7ok Sesli Gen\u00e7lik Korosu 10. Y\u0131l Konseri be\u011feni ile izlendi"}]},{"@type":"WebSite","@id":"https:\/\/kibrisdakik.com\/#website","url":"https:\/\/kibrisdakik.com\/","name":"","description":"Tam vaktinde haber","potentialAction":[{"@type":"SearchAction","target":{"@type":"EntryPoint","urlTemplate":"https:\/\/kibrisdakik.com\/?s={search_term_string}"},"query-input":{"@type":"PropertyValueSpecification","valueRequired":true,"valueName":"search_term_string"}}],"inLanguage":"tr"},{"@type":"Person","@id":"https:\/\/kibrisdakik.com\/#\/schema\/person\/9cd9d437bbb44f72b73ba127e06d8e79","name":"admin","image":{"@type":"ImageObject","inLanguage":"tr","@id":"https:\/\/secure.gravatar.com\/avatar\/ccc17943b9d660506c869530f897617f7cb1c21a4bf30023f252596d83e1f007?s=96&d=mm&r=g","url":"https:\/\/secure.gravatar.com\/avatar\/ccc17943b9d660506c869530f897617f7cb1c21a4bf30023f252596d83e1f007?s=96&d=mm&r=g","contentUrl":"https:\/\/secure.gravatar.com\/avatar\/ccc17943b9d660506c869530f897617f7cb1c21a4bf30023f252596d83e1f007?s=96&d=mm&r=g","caption":"admin"},"sameAs":["https:\/\/kibrisdakik.com"],"url":"https:\/\/kibrisdakik.com\/?author=1"}]}},"_links":{"self":[{"href":"https:\/\/kibrisdakik.com\/index.php?rest_route=\/wp\/v2\/posts\/33923","targetHints":{"allow":["GET"]}}],"collection":[{"href":"https:\/\/kibrisdakik.com\/index.php?rest_route=\/wp\/v2\/posts"}],"about":[{"href":"https:\/\/kibrisdakik.com\/index.php?rest_route=\/wp\/v2\/types\/post"}],"author":[{"embeddable":true,"href":"https:\/\/kibrisdakik.com\/index.php?rest_route=\/wp\/v2\/users\/1"}],"replies":[{"embeddable":true,"href":"https:\/\/kibrisdakik.com\/index.php?rest_route=%2Fwp%2Fv2%2Fcomments&post=33923"}],"version-history":[{"count":0,"href":"https:\/\/kibrisdakik.com\/index.php?rest_route=\/wp\/v2\/posts\/33923\/revisions"}],"wp:featuredmedia":[{"embeddable":true,"href":"https:\/\/kibrisdakik.com\/index.php?rest_route=\/wp\/v2\/media\/33924"}],"wp:attachment":[{"href":"https:\/\/kibrisdakik.com\/index.php?rest_route=%2Fwp%2Fv2%2Fmedia&parent=33923"}],"wp:term":[{"taxonomy":"category","embeddable":true,"href":"https:\/\/kibrisdakik.com\/index.php?rest_route=%2Fwp%2Fv2%2Fcategories&post=33923"},{"taxonomy":"post_tag","embeddable":true,"href":"https:\/\/kibrisdakik.com\/index.php?rest_route=%2Fwp%2Fv2%2Ftags&post=33923"}],"curies":[{"name":"wp","href":"https:\/\/api.w.org\/{rel}","templated":true}]}}