{"id":34008,"date":"2024-03-13T21:31:55","date_gmt":"2024-03-13T21:31:55","guid":{"rendered":"https:\/\/kibrisdakik.com\/index.php\/2024\/03\/13\/fenerbahce-ceyrek-final-icin-sahaya-cikacak-son-hazirliklar-tamamlandi\/"},"modified":"2024-03-13T21:31:55","modified_gmt":"2024-03-13T21:31:55","slug":"fenerbahce-ceyrek-final-icin-sahaya-cikacak-son-hazirliklar-tamamlandi","status":"publish","type":"post","link":"https:\/\/kibrisdakik.com\/?p=34008","title":{"rendered":"Fenerbah\u00e7e \u00e7eyrek final i\u00e7in sahaya \u00e7\u0131kacak! Son haz\u0131rl\u0131klar tamamland\u0131"},"content":{"rendered":"<p><\/p>\n<p>Fenerbah\u00e7e, UEFA Avrupa Konferans Ligi&#8217;nin son 16 turu r\u00f6van\u015f ma\u00e7\u0131nda Bel\u00e7ika&#8217;n\u0131n Union Saint-Gilloise ekibiyle yar\u0131n yapaca\u011f\u0131 kar\u015f\u0131la\u015fma i\u00e7in haz\u0131rl\u0131klar\u0131n\u0131 tamamlad\u0131.<\/p>\n<p>\u0130smail Kartal&#8217;\u0131n y\u00f6netiminde, Fenerbah\u00e7e Can Bartu Tesisleri&#8217;nde yap\u0131lan antrenman\u0131n ilk 15 dakikas\u0131 medya mensuplar\u0131na a\u00e7\u0131k olarak ger\u00e7ekle\u015fti ve \u0131s\u0131nma egzersizleriyle ba\u015flad\u0131.<\/p>\n<p>Antrenmana, sakatl\u0131klar\u0131 nedeniyle \u00c7a\u011flar S\u00f6y\u00fcnc\u00fc ve Joshua King kat\u0131lmazken, a\u011fr\u0131lar\u0131 sebebiyle tak\u0131mdan ayr\u0131 kalan ve antrenman \u00f6ncesinde MR \u00e7ektiren Leonardo Bonucci, ekip \u00e7al\u0131\u015fmalar\u0131na geri d\u00f6nd\u00fc. Sakatl\u0131\u011f\u0131n\u0131 geride b\u0131rakan Rodrigo Becao, tak\u0131mdan ayr\u0131 bireysel antrenman yapt\u0131.&nbsp;<\/p>\n<p><img decoding=\"async\" alt=\"Fenerbah\u00e7e \u00e7eyrek final i\u00e7in sahaya \u00e7\u0131kacak! Son haz\u0131rl\u0131klar tamamland\u0131\u00a0 - 1. Resim\" src=\"https:\/\/i.tgrthaber.com.tr\/images\/haberler\/24-03\/13\/fenerbahce-ceyrek-final-icin-sahaya-cikacak-son-hazirliklar-tamamlandi-17103628572086_1.jpg\" style=\"width:850px\" title=\"Fenerbah\u00e7e \u00e7eyrek final i\u00e7in sahaya \u00e7\u0131kacak! Son haz\u0131rl\u0131klar tamamland\u0131\u00a0\" \/><\/p>\n<h3>TAKT\u0130K \u00c7ALI\u015eMALARINI TAMAMLADI&nbsp;<\/h3>\n<p>Bas\u0131na kapal\u0131 b\u00f6l\u00fcmde, tak\u0131m\u0131n koordinasyon ve pas \u00e7al\u0131\u015fmalar\u0131n\u0131n ard\u0131ndan taktik odakl\u0131 \u00e7al\u0131\u015fmalar ger\u00e7ekle\u015ftirdi\u011fi belirtildi.<\/p>\n<p>Fenerbah\u00e7e, bu antrenman\u0131n ard\u0131ndan kampa girerek yar\u0131nki kar\u015f\u0131la\u015fman\u0131n saatini beklemeye ba\u015flad\u0131.<\/p>\n","protected":false},"excerpt":{"rendered":"<p>Fenerbah\u00e7e, UEFA Avrupa Konferans Ligi&#8217;nin son 16 turu r\u00f6van\u015f ma\u00e7\u0131nda Bel\u00e7ika&#8217;n\u0131n Union Saint-Gilloise ekibiyle yar\u0131n yapaca\u011f\u0131 kar\u015f\u0131la\u015fma i\u00e7in haz\u0131rl\u0131klar\u0131n\u0131 tamamlad\u0131. \u0130smail Kartal&#8217;\u0131n y\u00f6netiminde, Fenerbah\u00e7e Can Bartu Tesisleri&#8217;nde yap\u0131lan antrenman\u0131n ilk 15 dakikas\u0131 medya mensuplar\u0131na a\u00e7\u0131k olarak ger\u00e7ekle\u015fti ve \u0131s\u0131nma egzersizleriyle ba\u015flad\u0131. Antrenmana, sakatl\u0131klar\u0131 nedeniyle \u00c7a\u011flar S\u00f6y\u00fcnc\u00fc ve Joshua King kat\u0131lmazken, a\u011fr\u0131lar\u0131 sebebiyle tak\u0131mdan ayr\u0131 kalan<\/p>\n","protected":false},"author":1,"featured_media":34009,"comment_status":"open","ping_status":"open","sticky":false,"template":"","format":"standard","meta":{"footnotes":""},"categories":[79],"tags":[],"class_list":["post-34008","post","type-post","status-publish","format-standard","has-post-thumbnail","hentry","category-ekonomi"],"yoast_head":"<!-- This site is optimized with the Yoast SEO plugin v27.5 - https:\/\/yoast.com\/product\/yoast-seo-wordpress\/ -->\n<title>Fenerbah\u00e7e \u00e7eyrek final i\u00e7in sahaya \u00e7\u0131kacak! Son haz\u0131rl\u0131klar tamamland\u0131 -<\/title>\n<meta name=\"robots\" content=\"index, follow, max-snippet:-1, max-image-preview:large, max-video-preview:-1\" \/>\n<link rel=\"canonical\" href=\"https:\/\/kibrisdakik.com\/?p=34008\" \/>\n<meta property=\"og:locale\" content=\"tr_TR\" \/>\n<meta property=\"og:type\" content=\"article\" \/>\n<meta property=\"og:title\" content=\"Fenerbah\u00e7e \u00e7eyrek final i\u00e7in sahaya \u00e7\u0131kacak! Son haz\u0131rl\u0131klar tamamland\u0131 -\" \/>\n<meta property=\"og:description\" content=\"Fenerbah\u00e7e, UEFA Avrupa Konferans Ligi&#8217;nin son 16 turu r\u00f6van\u015f ma\u00e7\u0131nda Bel\u00e7ika&#8217;n\u0131n Union Saint-Gilloise ekibiyle yar\u0131n yapaca\u011f\u0131 kar\u015f\u0131la\u015fma i\u00e7in haz\u0131rl\u0131klar\u0131n\u0131 tamamlad\u0131. \u0130smail Kartal&#8217;\u0131n y\u00f6netiminde, Fenerbah\u00e7e Can Bartu Tesisleri&#8217;nde yap\u0131lan antrenman\u0131n ilk 15 dakikas\u0131 medya mensuplar\u0131na a\u00e7\u0131k olarak ger\u00e7ekle\u015fti ve \u0131s\u0131nma egzersizleriyle ba\u015flad\u0131. Antrenmana, sakatl\u0131klar\u0131 nedeniyle \u00c7a\u011flar S\u00f6y\u00fcnc\u00fc ve Joshua King kat\u0131lmazken, a\u011fr\u0131lar\u0131 sebebiyle tak\u0131mdan ayr\u0131 kalan\" \/>\n<meta property=\"og:url\" content=\"https:\/\/kibrisdakik.com\/?p=34008\" \/>\n<meta property=\"article:published_time\" content=\"2024-03-13T21:31:55+00:00\" \/>\n<meta property=\"og:image\" content=\"https:\/\/kibrisdakik.com\/wp-content\/uploads\/2024\/03\/fenerbahce-ceyrek-final-icin-sahaya-cikacak-son-hazirliklar-tamamlandi-17103628572086_1-740x420.jpg\" \/>\n\t<meta property=\"og:image:width\" content=\"1280\" \/>\n\t<meta property=\"og:image:height\" content=\"720\" \/>\n\t<meta property=\"og:image:type\" content=\"image\/jpeg\" \/>\n<meta name=\"author\" content=\"admin\" \/>\n<meta name=\"twitter:card\" content=\"summary_large_image\" \/>\n<meta name=\"twitter:label1\" content=\"Yazan:\" \/>\n\t<meta name=\"twitter:data1\" content=\"admin\" \/>\n\t<meta name=\"twitter:label2\" content=\"Tahmini okuma s\u00fcresi\" \/>\n\t<meta name=\"twitter:data2\" content=\"1 dakika\" \/>\n<script type=\"application\/ld+json\" class=\"yoast-schema-graph\">{\"@context\":\"https:\\\/\\\/schema.org\",\"@graph\":[{\"@type\":\"Article\",\"@id\":\"https:\\\/\\\/kibrisdakik.com\\\/?p=34008#article\",\"isPartOf\":{\"@id\":\"https:\\\/\\\/kibrisdakik.com\\\/?p=34008\"},\"author\":{\"name\":\"admin\",\"@id\":\"https:\\\/\\\/kibrisdakik.com\\\/#\\\/schema\\\/person\\\/9cd9d437bbb44f72b73ba127e06d8e79\"},\"headline\":\"Fenerbah\u00e7e \u00e7eyrek final i\u00e7in sahaya \u00e7\u0131kacak! Son haz\u0131rl\u0131klar tamamland\u0131\",\"datePublished\":\"2024-03-13T21:31:55+00:00\",\"mainEntityOfPage\":{\"@id\":\"https:\\\/\\\/kibrisdakik.com\\\/?p=34008\"},\"wordCount\":177,\"commentCount\":0,\"image\":{\"@id\":\"https:\\\/\\\/kibrisdakik.com\\\/?p=34008#primaryimage\"},\"thumbnailUrl\":\"https:\\\/\\\/kibrisdakik.com\\\/wp-content\\\/uploads\\\/2024\\\/03\\\/fenerbahce-ceyrek-final-icin-sahaya-cikacak-son-hazirliklar-tamamlandi-17103628572086_1-740x420.jpg\",\"articleSection\":[\"Ekonomi\"],\"inLanguage\":\"tr\",\"potentialAction\":[{\"@type\":\"CommentAction\",\"name\":\"Comment\",\"target\":[\"https:\\\/\\\/kibrisdakik.com\\\/?p=34008#respond\"]}]},{\"@type\":\"WebPage\",\"@id\":\"https:\\\/\\\/kibrisdakik.com\\\/?p=34008\",\"url\":\"https:\\\/\\\/kibrisdakik.com\\\/?p=34008\",\"name\":\"Fenerbah\u00e7e \u00e7eyrek final i\u00e7in sahaya \u00e7\u0131kacak! Son haz\u0131rl\u0131klar tamamland\u0131 -\",\"isPartOf\":{\"@id\":\"https:\\\/\\\/kibrisdakik.com\\\/#website\"},\"primaryImageOfPage\":{\"@id\":\"https:\\\/\\\/kibrisdakik.com\\\/?p=34008#primaryimage\"},\"image\":{\"@id\":\"https:\\\/\\\/kibrisdakik.com\\\/?p=34008#primaryimage\"},\"thumbnailUrl\":\"https:\\\/\\\/kibrisdakik.com\\\/wp-content\\\/uploads\\\/2024\\\/03\\\/fenerbahce-ceyrek-final-icin-sahaya-cikacak-son-hazirliklar-tamamlandi-17103628572086_1-740x420.jpg\",\"datePublished\":\"2024-03-13T21:31:55+00:00\",\"author\":{\"@id\":\"https:\\\/\\\/kibrisdakik.com\\\/#\\\/schema\\\/person\\\/9cd9d437bbb44f72b73ba127e06d8e79\"},\"breadcrumb\":{\"@id\":\"https:\\\/\\\/kibrisdakik.com\\\/?p=34008#breadcrumb\"},\"inLanguage\":\"tr\",\"potentialAction\":[{\"@type\":\"ReadAction\",\"target\":[\"https:\\\/\\\/kibrisdakik.com\\\/?p=34008\"]}]},{\"@type\":\"ImageObject\",\"inLanguage\":\"tr\",\"@id\":\"https:\\\/\\\/kibrisdakik.com\\\/?p=34008#primaryimage\",\"url\":\"https:\\\/\\\/kibrisdakik.com\\\/wp-content\\\/uploads\\\/2024\\\/03\\\/fenerbahce-ceyrek-final-icin-sahaya-cikacak-son-hazirliklar-tamamlandi-17103628572086_1-740x420.jpg\",\"contentUrl\":\"https:\\\/\\\/kibrisdakik.com\\\/wp-content\\\/uploads\\\/2024\\\/03\\\/fenerbahce-ceyrek-final-icin-sahaya-cikacak-son-hazirliklar-tamamlandi-17103628572086_1-740x420.jpg\",\"width\":1280,\"height\":720},{\"@type\":\"BreadcrumbList\",\"@id\":\"https:\\\/\\\/kibrisdakik.com\\\/?p=34008#breadcrumb\",\"itemListElement\":[{\"@type\":\"ListItem\",\"position\":1,\"name\":\"Home\",\"item\":\"https:\\\/\\\/kibrisdakik.com\\\/\"},{\"@type\":\"ListItem\",\"position\":2,\"name\":\"Fenerbah\u00e7e \u00e7eyrek final i\u00e7in sahaya \u00e7\u0131kacak! Son haz\u0131rl\u0131klar tamamland\u0131\"}]},{\"@type\":\"WebSite\",\"@id\":\"https:\\\/\\\/kibrisdakik.com\\\/#website\",\"url\":\"https:\\\/\\\/kibrisdakik.com\\\/\",\"name\":\"\",\"description\":\"Tam vaktinde haber\",\"potentialAction\":[{\"@type\":\"SearchAction\",\"target\":{\"@type\":\"EntryPoint\",\"urlTemplate\":\"https:\\\/\\\/kibrisdakik.com\\\/?s={search_term_string}\"},\"query-input\":{\"@type\":\"PropertyValueSpecification\",\"valueRequired\":true,\"valueName\":\"search_term_string\"}}],\"inLanguage\":\"tr\"},{\"@type\":\"Person\",\"@id\":\"https:\\\/\\\/kibrisdakik.com\\\/#\\\/schema\\\/person\\\/9cd9d437bbb44f72b73ba127e06d8e79\",\"name\":\"admin\",\"image\":{\"@type\":\"ImageObject\",\"inLanguage\":\"tr\",\"@id\":\"https:\\\/\\\/secure.gravatar.com\\\/avatar\\\/ccc17943b9d660506c869530f897617f7cb1c21a4bf30023f252596d83e1f007?s=96&d=mm&r=g\",\"url\":\"https:\\\/\\\/secure.gravatar.com\\\/avatar\\\/ccc17943b9d660506c869530f897617f7cb1c21a4bf30023f252596d83e1f007?s=96&d=mm&r=g\",\"contentUrl\":\"https:\\\/\\\/secure.gravatar.com\\\/avatar\\\/ccc17943b9d660506c869530f897617f7cb1c21a4bf30023f252596d83e1f007?s=96&d=mm&r=g\",\"caption\":\"admin\"},\"sameAs\":[\"https:\\\/\\\/kibrisdakik.com\"],\"url\":\"https:\\\/\\\/kibrisdakik.com\\\/?author=1\"}]}<\/script>\n<!-- \/ Yoast SEO plugin. -->","yoast_head_json":{"title":"Fenerbah\u00e7e \u00e7eyrek final i\u00e7in sahaya \u00e7\u0131kacak! Son haz\u0131rl\u0131klar tamamland\u0131 -","robots":{"index":"index","follow":"follow","max-snippet":"max-snippet:-1","max-image-preview":"max-image-preview:large","max-video-preview":"max-video-preview:-1"},"canonical":"https:\/\/kibrisdakik.com\/?p=34008","og_locale":"tr_TR","og_type":"article","og_title":"Fenerbah\u00e7e \u00e7eyrek final i\u00e7in sahaya \u00e7\u0131kacak! Son haz\u0131rl\u0131klar tamamland\u0131 -","og_description":"Fenerbah\u00e7e, UEFA Avrupa Konferans Ligi&#8217;nin son 16 turu r\u00f6van\u015f ma\u00e7\u0131nda Bel\u00e7ika&#8217;n\u0131n Union Saint-Gilloise ekibiyle yar\u0131n yapaca\u011f\u0131 kar\u015f\u0131la\u015fma i\u00e7in haz\u0131rl\u0131klar\u0131n\u0131 tamamlad\u0131. \u0130smail Kartal&#8217;\u0131n y\u00f6netiminde, Fenerbah\u00e7e Can Bartu Tesisleri&#8217;nde yap\u0131lan antrenman\u0131n ilk 15 dakikas\u0131 medya mensuplar\u0131na a\u00e7\u0131k olarak ger\u00e7ekle\u015fti ve \u0131s\u0131nma egzersizleriyle ba\u015flad\u0131. Antrenmana, sakatl\u0131klar\u0131 nedeniyle \u00c7a\u011flar S\u00f6y\u00fcnc\u00fc ve Joshua King kat\u0131lmazken, a\u011fr\u0131lar\u0131 sebebiyle tak\u0131mdan ayr\u0131 kalan","og_url":"https:\/\/kibrisdakik.com\/?p=34008","article_published_time":"2024-03-13T21:31:55+00:00","og_image":[{"width":1280,"height":720,"url":"https:\/\/kibrisdakik.com\/wp-content\/uploads\/2024\/03\/fenerbahce-ceyrek-final-icin-sahaya-cikacak-son-hazirliklar-tamamlandi-17103628572086_1-740x420.jpg","type":"image\/jpeg"}],"author":"admin","twitter_card":"summary_large_image","twitter_misc":{"Yazan:":"admin","Tahmini okuma s\u00fcresi":"1 dakika"},"schema":{"@context":"https:\/\/schema.org","@graph":[{"@type":"Article","@id":"https:\/\/kibrisdakik.com\/?p=34008#article","isPartOf":{"@id":"https:\/\/kibrisdakik.com\/?p=34008"},"author":{"name":"admin","@id":"https:\/\/kibrisdakik.com\/#\/schema\/person\/9cd9d437bbb44f72b73ba127e06d8e79"},"headline":"Fenerbah\u00e7e \u00e7eyrek final i\u00e7in sahaya \u00e7\u0131kacak! Son haz\u0131rl\u0131klar tamamland\u0131","datePublished":"2024-03-13T21:31:55+00:00","mainEntityOfPage":{"@id":"https:\/\/kibrisdakik.com\/?p=34008"},"wordCount":177,"commentCount":0,"image":{"@id":"https:\/\/kibrisdakik.com\/?p=34008#primaryimage"},"thumbnailUrl":"https:\/\/kibrisdakik.com\/wp-content\/uploads\/2024\/03\/fenerbahce-ceyrek-final-icin-sahaya-cikacak-son-hazirliklar-tamamlandi-17103628572086_1-740x420.jpg","articleSection":["Ekonomi"],"inLanguage":"tr","potentialAction":[{"@type":"CommentAction","name":"Comment","target":["https:\/\/kibrisdakik.com\/?p=34008#respond"]}]},{"@type":"WebPage","@id":"https:\/\/kibrisdakik.com\/?p=34008","url":"https:\/\/kibrisdakik.com\/?p=34008","name":"Fenerbah\u00e7e \u00e7eyrek final i\u00e7in sahaya \u00e7\u0131kacak! Son haz\u0131rl\u0131klar tamamland\u0131 -","isPartOf":{"@id":"https:\/\/kibrisdakik.com\/#website"},"primaryImageOfPage":{"@id":"https:\/\/kibrisdakik.com\/?p=34008#primaryimage"},"image":{"@id":"https:\/\/kibrisdakik.com\/?p=34008#primaryimage"},"thumbnailUrl":"https:\/\/kibrisdakik.com\/wp-content\/uploads\/2024\/03\/fenerbahce-ceyrek-final-icin-sahaya-cikacak-son-hazirliklar-tamamlandi-17103628572086_1-740x420.jpg","datePublished":"2024-03-13T21:31:55+00:00","author":{"@id":"https:\/\/kibrisdakik.com\/#\/schema\/person\/9cd9d437bbb44f72b73ba127e06d8e79"},"breadcrumb":{"@id":"https:\/\/kibrisdakik.com\/?p=34008#breadcrumb"},"inLanguage":"tr","potentialAction":[{"@type":"ReadAction","target":["https:\/\/kibrisdakik.com\/?p=34008"]}]},{"@type":"ImageObject","inLanguage":"tr","@id":"https:\/\/kibrisdakik.com\/?p=34008#primaryimage","url":"https:\/\/kibrisdakik.com\/wp-content\/uploads\/2024\/03\/fenerbahce-ceyrek-final-icin-sahaya-cikacak-son-hazirliklar-tamamlandi-17103628572086_1-740x420.jpg","contentUrl":"https:\/\/kibrisdakik.com\/wp-content\/uploads\/2024\/03\/fenerbahce-ceyrek-final-icin-sahaya-cikacak-son-hazirliklar-tamamlandi-17103628572086_1-740x420.jpg","width":1280,"height":720},{"@type":"BreadcrumbList","@id":"https:\/\/kibrisdakik.com\/?p=34008#breadcrumb","itemListElement":[{"@type":"ListItem","position":1,"name":"Home","item":"https:\/\/kibrisdakik.com\/"},{"@type":"ListItem","position":2,"name":"Fenerbah\u00e7e \u00e7eyrek final i\u00e7in sahaya \u00e7\u0131kacak! Son haz\u0131rl\u0131klar tamamland\u0131"}]},{"@type":"WebSite","@id":"https:\/\/kibrisdakik.com\/#website","url":"https:\/\/kibrisdakik.com\/","name":"","description":"Tam vaktinde haber","potentialAction":[{"@type":"SearchAction","target":{"@type":"EntryPoint","urlTemplate":"https:\/\/kibrisdakik.com\/?s={search_term_string}"},"query-input":{"@type":"PropertyValueSpecification","valueRequired":true,"valueName":"search_term_string"}}],"inLanguage":"tr"},{"@type":"Person","@id":"https:\/\/kibrisdakik.com\/#\/schema\/person\/9cd9d437bbb44f72b73ba127e06d8e79","name":"admin","image":{"@type":"ImageObject","inLanguage":"tr","@id":"https:\/\/secure.gravatar.com\/avatar\/ccc17943b9d660506c869530f897617f7cb1c21a4bf30023f252596d83e1f007?s=96&d=mm&r=g","url":"https:\/\/secure.gravatar.com\/avatar\/ccc17943b9d660506c869530f897617f7cb1c21a4bf30023f252596d83e1f007?s=96&d=mm&r=g","contentUrl":"https:\/\/secure.gravatar.com\/avatar\/ccc17943b9d660506c869530f897617f7cb1c21a4bf30023f252596d83e1f007?s=96&d=mm&r=g","caption":"admin"},"sameAs":["https:\/\/kibrisdakik.com"],"url":"https:\/\/kibrisdakik.com\/?author=1"}]}},"_links":{"self":[{"href":"https:\/\/kibrisdakik.com\/index.php?rest_route=\/wp\/v2\/posts\/34008","targetHints":{"allow":["GET"]}}],"collection":[{"href":"https:\/\/kibrisdakik.com\/index.php?rest_route=\/wp\/v2\/posts"}],"about":[{"href":"https:\/\/kibrisdakik.com\/index.php?rest_route=\/wp\/v2\/types\/post"}],"author":[{"embeddable":true,"href":"https:\/\/kibrisdakik.com\/index.php?rest_route=\/wp\/v2\/users\/1"}],"replies":[{"embeddable":true,"href":"https:\/\/kibrisdakik.com\/index.php?rest_route=%2Fwp%2Fv2%2Fcomments&post=34008"}],"version-history":[{"count":0,"href":"https:\/\/kibrisdakik.com\/index.php?rest_route=\/wp\/v2\/posts\/34008\/revisions"}],"wp:featuredmedia":[{"embeddable":true,"href":"https:\/\/kibrisdakik.com\/index.php?rest_route=\/wp\/v2\/media\/34009"}],"wp:attachment":[{"href":"https:\/\/kibrisdakik.com\/index.php?rest_route=%2Fwp%2Fv2%2Fmedia&parent=34008"}],"wp:term":[{"taxonomy":"category","embeddable":true,"href":"https:\/\/kibrisdakik.com\/index.php?rest_route=%2Fwp%2Fv2%2Fcategories&post=34008"},{"taxonomy":"post_tag","embeddable":true,"href":"https:\/\/kibrisdakik.com\/index.php?rest_route=%2Fwp%2Fv2%2Ftags&post=34008"}],"curies":[{"name":"wp","href":"https:\/\/api.w.org\/{rel}","templated":true}]}}