{"id":34046,"date":"2024-03-14T03:37:51","date_gmt":"2024-03-14T03:37:51","guid":{"rendered":"https:\/\/kibrisdakik.com\/index.php\/2024\/03\/14\/tore-mormenekse-kadinlari-birligi-heyetini-kabul-etti\/"},"modified":"2024-03-14T03:37:51","modified_gmt":"2024-03-14T03:37:51","slug":"tore-mormenekse-kadinlari-birligi-heyetini-kabul-etti","status":"publish","type":"post","link":"https:\/\/kibrisdakik.com\/?p=34046","title":{"rendered":"T\u00f6re, Mormenek\u015fe Kad\u0131nlar\u0131 Birli\u011fi heyetini kabul etti"},"content":{"rendered":"<p><img decoding=\"async\" src=\"https:\/\/www.kibristurk.com\/images\/haberler\/2024\/03\/tore-mormenekse-kadinlari-birligi-heyetini-kabul-etti-1710341661.webp\" \/><\/p>\n<p style=\"text-align:left\"><span style=\"font-size:16px\"><span style=\"font-family:Merriweather,serif !important\"><span style=\"color:#000000\"><span style=\"background-color:#ffffff\">Meclisten yap\u0131lan a\u00e7\u0131klamaya g\u00f6re T\u00f6re, Mormenek\u015fe Kad\u0131nlar\u0131 Birli\u011fi heyetini Meclis \u015eeref Salonu\u2019nda kabul etti.<\/span><\/span><\/span><\/span><\/p>\n<p style=\"text-align:left\"><span style=\"font-size:16px\"><span style=\"font-family:Merriweather,serif !important\"><span style=\"color:#000000\"><span style=\"background-color:#ffffff\">Kabulde, Mormenek\u015fe Kad\u0131nlar Birli\u011fi Ba\u015fkan\u0131 Er\u015fen Ummanel T\u00f6re\u2019yi 3-5 May\u0131s tarihlerinde yap\u0131lacak olan Mormenek\u015fe Enginar Festivali\u2019ne davet etti. Ba\u015fkan T\u00f6re ise, yurt d\u0131\u015f\u0131nda olmad\u0131\u011f\u0131 takdirde festivale kat\u0131laca\u011f\u0131n\u0131 s\u00f6yledi. Mornek\u015feli kad\u0131nlar\u0131n \u00e7al\u0131\u015fkanl\u0131\u011f\u0131ndan bahseden T\u00f6re, heyete \u00e7al\u0131\u015fmalar\u0131nda ba\u015far\u0131lar diledi.<\/span><\/span><\/span><\/span><\/p>\n<p style=\"text-align:left\"><span style=\"font-size:16px\"><span style=\"font-family:Merriweather,serif !important\"><span style=\"color:#000000\"><span style=\"background-color:#ffffff\">Kabulde, Ba\u015fkan T\u00f6re\u2019ye Mornek\u015fe\u2019nin sembol\u00fc enginar hediye edildi.<\/span><\/span><\/span><\/span><\/p>\n","protected":false},"excerpt":{"rendered":"<p>Meclisten yap\u0131lan a\u00e7\u0131klamaya g\u00f6re T\u00f6re, Mormenek\u015fe Kad\u0131nlar\u0131 Birli\u011fi heyetini Meclis \u015eeref Salonu\u2019nda kabul etti. Kabulde, Mormenek\u015fe Kad\u0131nlar Birli\u011fi Ba\u015fkan\u0131 Er\u015fen Ummanel T\u00f6re\u2019yi 3-5 May\u0131s tarihlerinde yap\u0131lacak olan Mormenek\u015fe Enginar Festivali\u2019ne davet etti. Ba\u015fkan T\u00f6re ise, yurt d\u0131\u015f\u0131nda olmad\u0131\u011f\u0131 takdirde festivale kat\u0131laca\u011f\u0131n\u0131 s\u00f6yledi. Mornek\u015feli kad\u0131nlar\u0131n \u00e7al\u0131\u015fkanl\u0131\u011f\u0131ndan bahseden T\u00f6re, heyete \u00e7al\u0131\u015fmalar\u0131nda ba\u015far\u0131lar diledi. Kabulde, Ba\u015fkan T\u00f6re\u2019ye Mornek\u015fe\u2019nin<\/p>\n","protected":false},"author":1,"featured_media":34047,"comment_status":"open","ping_status":"open","sticky":false,"template":"","format":"standard","meta":{"footnotes":""},"categories":[79],"tags":[],"class_list":["post-34046","post","type-post","status-publish","format-standard","has-post-thumbnail","hentry","category-ekonomi"],"yoast_head":"<!-- This site is optimized with the Yoast SEO plugin v27.5 - https:\/\/yoast.com\/product\/yoast-seo-wordpress\/ -->\n<title>T\u00f6re, Mormenek\u015fe Kad\u0131nlar\u0131 Birli\u011fi heyetini kabul etti -<\/title>\n<meta name=\"robots\" content=\"index, follow, max-snippet:-1, max-image-preview:large, max-video-preview:-1\" \/>\n<link rel=\"canonical\" href=\"https:\/\/kibrisdakik.com\/?p=34046\" \/>\n<meta property=\"og:locale\" content=\"tr_TR\" \/>\n<meta property=\"og:type\" content=\"article\" \/>\n<meta property=\"og:title\" content=\"T\u00f6re, Mormenek\u015fe Kad\u0131nlar\u0131 Birli\u011fi heyetini kabul etti -\" \/>\n<meta property=\"og:description\" content=\"Meclisten yap\u0131lan a\u00e7\u0131klamaya g\u00f6re T\u00f6re, Mormenek\u015fe Kad\u0131nlar\u0131 Birli\u011fi heyetini Meclis \u015eeref Salonu\u2019nda kabul etti. Kabulde, Mormenek\u015fe Kad\u0131nlar Birli\u011fi Ba\u015fkan\u0131 Er\u015fen Ummanel T\u00f6re\u2019yi 3-5 May\u0131s tarihlerinde yap\u0131lacak olan Mormenek\u015fe Enginar Festivali\u2019ne davet etti. Ba\u015fkan T\u00f6re ise, yurt d\u0131\u015f\u0131nda olmad\u0131\u011f\u0131 takdirde festivale kat\u0131laca\u011f\u0131n\u0131 s\u00f6yledi. Mornek\u015feli kad\u0131nlar\u0131n \u00e7al\u0131\u015fkanl\u0131\u011f\u0131ndan bahseden T\u00f6re, heyete \u00e7al\u0131\u015fmalar\u0131nda ba\u015far\u0131lar diledi. Kabulde, Ba\u015fkan T\u00f6re\u2019ye Mornek\u015fe\u2019nin\" \/>\n<meta property=\"og:url\" content=\"https:\/\/kibrisdakik.com\/?p=34046\" \/>\n<meta property=\"article:published_time\" content=\"2024-03-14T03:37:51+00:00\" \/>\n<meta property=\"og:image\" content=\"https:\/\/kibrisdakik.com\/wp-content\/uploads\/2024\/03\/tore-mormenekse-kadinlari-birligi-heyetini-kabul-etti-1710341661.webp.webp\" \/>\n\t<meta property=\"og:image:width\" content=\"710\" \/>\n\t<meta property=\"og:image:height\" content=\"370\" \/>\n\t<meta property=\"og:image:type\" content=\"image\/webp\" \/>\n<meta name=\"author\" content=\"admin\" \/>\n<meta name=\"twitter:card\" content=\"summary_large_image\" \/>\n<meta name=\"twitter:label1\" content=\"Yazan:\" \/>\n\t<meta name=\"twitter:data1\" content=\"admin\" \/>\n<script type=\"application\/ld+json\" class=\"yoast-schema-graph\">{\"@context\":\"https:\\\/\\\/schema.org\",\"@graph\":[{\"@type\":\"Article\",\"@id\":\"https:\\\/\\\/kibrisdakik.com\\\/?p=34046#article\",\"isPartOf\":{\"@id\":\"https:\\\/\\\/kibrisdakik.com\\\/?p=34046\"},\"author\":{\"name\":\"admin\",\"@id\":\"https:\\\/\\\/kibrisdakik.com\\\/#\\\/schema\\\/person\\\/9cd9d437bbb44f72b73ba127e06d8e79\"},\"headline\":\"T\u00f6re, Mormenek\u015fe Kad\u0131nlar\u0131 Birli\u011fi heyetini kabul etti\",\"datePublished\":\"2024-03-14T03:37:51+00:00\",\"mainEntityOfPage\":{\"@id\":\"https:\\\/\\\/kibrisdakik.com\\\/?p=34046\"},\"wordCount\":110,\"commentCount\":0,\"image\":{\"@id\":\"https:\\\/\\\/kibrisdakik.com\\\/?p=34046#primaryimage\"},\"thumbnailUrl\":\"https:\\\/\\\/kibrisdakik.com\\\/wp-content\\\/uploads\\\/2024\\\/03\\\/tore-mormenekse-kadinlari-birligi-heyetini-kabul-etti-1710341661.webp.webp\",\"articleSection\":[\"Ekonomi\"],\"inLanguage\":\"tr\",\"potentialAction\":[{\"@type\":\"CommentAction\",\"name\":\"Comment\",\"target\":[\"https:\\\/\\\/kibrisdakik.com\\\/?p=34046#respond\"]}]},{\"@type\":\"WebPage\",\"@id\":\"https:\\\/\\\/kibrisdakik.com\\\/?p=34046\",\"url\":\"https:\\\/\\\/kibrisdakik.com\\\/?p=34046\",\"name\":\"T\u00f6re, Mormenek\u015fe Kad\u0131nlar\u0131 Birli\u011fi heyetini kabul etti -\",\"isPartOf\":{\"@id\":\"https:\\\/\\\/kibrisdakik.com\\\/#website\"},\"primaryImageOfPage\":{\"@id\":\"https:\\\/\\\/kibrisdakik.com\\\/?p=34046#primaryimage\"},\"image\":{\"@id\":\"https:\\\/\\\/kibrisdakik.com\\\/?p=34046#primaryimage\"},\"thumbnailUrl\":\"https:\\\/\\\/kibrisdakik.com\\\/wp-content\\\/uploads\\\/2024\\\/03\\\/tore-mormenekse-kadinlari-birligi-heyetini-kabul-etti-1710341661.webp.webp\",\"datePublished\":\"2024-03-14T03:37:51+00:00\",\"author\":{\"@id\":\"https:\\\/\\\/kibrisdakik.com\\\/#\\\/schema\\\/person\\\/9cd9d437bbb44f72b73ba127e06d8e79\"},\"breadcrumb\":{\"@id\":\"https:\\\/\\\/kibrisdakik.com\\\/?p=34046#breadcrumb\"},\"inLanguage\":\"tr\",\"potentialAction\":[{\"@type\":\"ReadAction\",\"target\":[\"https:\\\/\\\/kibrisdakik.com\\\/?p=34046\"]}]},{\"@type\":\"ImageObject\",\"inLanguage\":\"tr\",\"@id\":\"https:\\\/\\\/kibrisdakik.com\\\/?p=34046#primaryimage\",\"url\":\"https:\\\/\\\/kibrisdakik.com\\\/wp-content\\\/uploads\\\/2024\\\/03\\\/tore-mormenekse-kadinlari-birligi-heyetini-kabul-etti-1710341661.webp.webp\",\"contentUrl\":\"https:\\\/\\\/kibrisdakik.com\\\/wp-content\\\/uploads\\\/2024\\\/03\\\/tore-mormenekse-kadinlari-birligi-heyetini-kabul-etti-1710341661.webp.webp\",\"width\":710,\"height\":370},{\"@type\":\"BreadcrumbList\",\"@id\":\"https:\\\/\\\/kibrisdakik.com\\\/?p=34046#breadcrumb\",\"itemListElement\":[{\"@type\":\"ListItem\",\"position\":1,\"name\":\"Home\",\"item\":\"https:\\\/\\\/kibrisdakik.com\\\/\"},{\"@type\":\"ListItem\",\"position\":2,\"name\":\"T\u00f6re, Mormenek\u015fe Kad\u0131nlar\u0131 Birli\u011fi heyetini kabul etti\"}]},{\"@type\":\"WebSite\",\"@id\":\"https:\\\/\\\/kibrisdakik.com\\\/#website\",\"url\":\"https:\\\/\\\/kibrisdakik.com\\\/\",\"name\":\"\",\"description\":\"Tam vaktinde haber\",\"potentialAction\":[{\"@type\":\"SearchAction\",\"target\":{\"@type\":\"EntryPoint\",\"urlTemplate\":\"https:\\\/\\\/kibrisdakik.com\\\/?s={search_term_string}\"},\"query-input\":{\"@type\":\"PropertyValueSpecification\",\"valueRequired\":true,\"valueName\":\"search_term_string\"}}],\"inLanguage\":\"tr\"},{\"@type\":\"Person\",\"@id\":\"https:\\\/\\\/kibrisdakik.com\\\/#\\\/schema\\\/person\\\/9cd9d437bbb44f72b73ba127e06d8e79\",\"name\":\"admin\",\"image\":{\"@type\":\"ImageObject\",\"inLanguage\":\"tr\",\"@id\":\"https:\\\/\\\/secure.gravatar.com\\\/avatar\\\/ccc17943b9d660506c869530f897617f7cb1c21a4bf30023f252596d83e1f007?s=96&d=mm&r=g\",\"url\":\"https:\\\/\\\/secure.gravatar.com\\\/avatar\\\/ccc17943b9d660506c869530f897617f7cb1c21a4bf30023f252596d83e1f007?s=96&d=mm&r=g\",\"contentUrl\":\"https:\\\/\\\/secure.gravatar.com\\\/avatar\\\/ccc17943b9d660506c869530f897617f7cb1c21a4bf30023f252596d83e1f007?s=96&d=mm&r=g\",\"caption\":\"admin\"},\"sameAs\":[\"https:\\\/\\\/kibrisdakik.com\"],\"url\":\"https:\\\/\\\/kibrisdakik.com\\\/?author=1\"}]}<\/script>\n<!-- \/ Yoast SEO plugin. -->","yoast_head_json":{"title":"T\u00f6re, Mormenek\u015fe Kad\u0131nlar\u0131 Birli\u011fi heyetini kabul etti -","robots":{"index":"index","follow":"follow","max-snippet":"max-snippet:-1","max-image-preview":"max-image-preview:large","max-video-preview":"max-video-preview:-1"},"canonical":"https:\/\/kibrisdakik.com\/?p=34046","og_locale":"tr_TR","og_type":"article","og_title":"T\u00f6re, Mormenek\u015fe Kad\u0131nlar\u0131 Birli\u011fi heyetini kabul etti -","og_description":"Meclisten yap\u0131lan a\u00e7\u0131klamaya g\u00f6re T\u00f6re, Mormenek\u015fe Kad\u0131nlar\u0131 Birli\u011fi heyetini Meclis \u015eeref Salonu\u2019nda kabul etti. Kabulde, Mormenek\u015fe Kad\u0131nlar Birli\u011fi Ba\u015fkan\u0131 Er\u015fen Ummanel T\u00f6re\u2019yi 3-5 May\u0131s tarihlerinde yap\u0131lacak olan Mormenek\u015fe Enginar Festivali\u2019ne davet etti. Ba\u015fkan T\u00f6re ise, yurt d\u0131\u015f\u0131nda olmad\u0131\u011f\u0131 takdirde festivale kat\u0131laca\u011f\u0131n\u0131 s\u00f6yledi. Mornek\u015feli kad\u0131nlar\u0131n \u00e7al\u0131\u015fkanl\u0131\u011f\u0131ndan bahseden T\u00f6re, heyete \u00e7al\u0131\u015fmalar\u0131nda ba\u015far\u0131lar diledi. Kabulde, Ba\u015fkan T\u00f6re\u2019ye Mornek\u015fe\u2019nin","og_url":"https:\/\/kibrisdakik.com\/?p=34046","article_published_time":"2024-03-14T03:37:51+00:00","og_image":[{"width":710,"height":370,"url":"https:\/\/kibrisdakik.com\/wp-content\/uploads\/2024\/03\/tore-mormenekse-kadinlari-birligi-heyetini-kabul-etti-1710341661.webp.webp","type":"image\/webp"}],"author":"admin","twitter_card":"summary_large_image","twitter_misc":{"Yazan:":"admin"},"schema":{"@context":"https:\/\/schema.org","@graph":[{"@type":"Article","@id":"https:\/\/kibrisdakik.com\/?p=34046#article","isPartOf":{"@id":"https:\/\/kibrisdakik.com\/?p=34046"},"author":{"name":"admin","@id":"https:\/\/kibrisdakik.com\/#\/schema\/person\/9cd9d437bbb44f72b73ba127e06d8e79"},"headline":"T\u00f6re, Mormenek\u015fe Kad\u0131nlar\u0131 Birli\u011fi heyetini kabul etti","datePublished":"2024-03-14T03:37:51+00:00","mainEntityOfPage":{"@id":"https:\/\/kibrisdakik.com\/?p=34046"},"wordCount":110,"commentCount":0,"image":{"@id":"https:\/\/kibrisdakik.com\/?p=34046#primaryimage"},"thumbnailUrl":"https:\/\/kibrisdakik.com\/wp-content\/uploads\/2024\/03\/tore-mormenekse-kadinlari-birligi-heyetini-kabul-etti-1710341661.webp.webp","articleSection":["Ekonomi"],"inLanguage":"tr","potentialAction":[{"@type":"CommentAction","name":"Comment","target":["https:\/\/kibrisdakik.com\/?p=34046#respond"]}]},{"@type":"WebPage","@id":"https:\/\/kibrisdakik.com\/?p=34046","url":"https:\/\/kibrisdakik.com\/?p=34046","name":"T\u00f6re, Mormenek\u015fe Kad\u0131nlar\u0131 Birli\u011fi heyetini kabul etti -","isPartOf":{"@id":"https:\/\/kibrisdakik.com\/#website"},"primaryImageOfPage":{"@id":"https:\/\/kibrisdakik.com\/?p=34046#primaryimage"},"image":{"@id":"https:\/\/kibrisdakik.com\/?p=34046#primaryimage"},"thumbnailUrl":"https:\/\/kibrisdakik.com\/wp-content\/uploads\/2024\/03\/tore-mormenekse-kadinlari-birligi-heyetini-kabul-etti-1710341661.webp.webp","datePublished":"2024-03-14T03:37:51+00:00","author":{"@id":"https:\/\/kibrisdakik.com\/#\/schema\/person\/9cd9d437bbb44f72b73ba127e06d8e79"},"breadcrumb":{"@id":"https:\/\/kibrisdakik.com\/?p=34046#breadcrumb"},"inLanguage":"tr","potentialAction":[{"@type":"ReadAction","target":["https:\/\/kibrisdakik.com\/?p=34046"]}]},{"@type":"ImageObject","inLanguage":"tr","@id":"https:\/\/kibrisdakik.com\/?p=34046#primaryimage","url":"https:\/\/kibrisdakik.com\/wp-content\/uploads\/2024\/03\/tore-mormenekse-kadinlari-birligi-heyetini-kabul-etti-1710341661.webp.webp","contentUrl":"https:\/\/kibrisdakik.com\/wp-content\/uploads\/2024\/03\/tore-mormenekse-kadinlari-birligi-heyetini-kabul-etti-1710341661.webp.webp","width":710,"height":370},{"@type":"BreadcrumbList","@id":"https:\/\/kibrisdakik.com\/?p=34046#breadcrumb","itemListElement":[{"@type":"ListItem","position":1,"name":"Home","item":"https:\/\/kibrisdakik.com\/"},{"@type":"ListItem","position":2,"name":"T\u00f6re, Mormenek\u015fe Kad\u0131nlar\u0131 Birli\u011fi heyetini kabul etti"}]},{"@type":"WebSite","@id":"https:\/\/kibrisdakik.com\/#website","url":"https:\/\/kibrisdakik.com\/","name":"","description":"Tam vaktinde haber","potentialAction":[{"@type":"SearchAction","target":{"@type":"EntryPoint","urlTemplate":"https:\/\/kibrisdakik.com\/?s={search_term_string}"},"query-input":{"@type":"PropertyValueSpecification","valueRequired":true,"valueName":"search_term_string"}}],"inLanguage":"tr"},{"@type":"Person","@id":"https:\/\/kibrisdakik.com\/#\/schema\/person\/9cd9d437bbb44f72b73ba127e06d8e79","name":"admin","image":{"@type":"ImageObject","inLanguage":"tr","@id":"https:\/\/secure.gravatar.com\/avatar\/ccc17943b9d660506c869530f897617f7cb1c21a4bf30023f252596d83e1f007?s=96&d=mm&r=g","url":"https:\/\/secure.gravatar.com\/avatar\/ccc17943b9d660506c869530f897617f7cb1c21a4bf30023f252596d83e1f007?s=96&d=mm&r=g","contentUrl":"https:\/\/secure.gravatar.com\/avatar\/ccc17943b9d660506c869530f897617f7cb1c21a4bf30023f252596d83e1f007?s=96&d=mm&r=g","caption":"admin"},"sameAs":["https:\/\/kibrisdakik.com"],"url":"https:\/\/kibrisdakik.com\/?author=1"}]}},"_links":{"self":[{"href":"https:\/\/kibrisdakik.com\/index.php?rest_route=\/wp\/v2\/posts\/34046","targetHints":{"allow":["GET"]}}],"collection":[{"href":"https:\/\/kibrisdakik.com\/index.php?rest_route=\/wp\/v2\/posts"}],"about":[{"href":"https:\/\/kibrisdakik.com\/index.php?rest_route=\/wp\/v2\/types\/post"}],"author":[{"embeddable":true,"href":"https:\/\/kibrisdakik.com\/index.php?rest_route=\/wp\/v2\/users\/1"}],"replies":[{"embeddable":true,"href":"https:\/\/kibrisdakik.com\/index.php?rest_route=%2Fwp%2Fv2%2Fcomments&post=34046"}],"version-history":[{"count":0,"href":"https:\/\/kibrisdakik.com\/index.php?rest_route=\/wp\/v2\/posts\/34046\/revisions"}],"wp:featuredmedia":[{"embeddable":true,"href":"https:\/\/kibrisdakik.com\/index.php?rest_route=\/wp\/v2\/media\/34047"}],"wp:attachment":[{"href":"https:\/\/kibrisdakik.com\/index.php?rest_route=%2Fwp%2Fv2%2Fmedia&parent=34046"}],"wp:term":[{"taxonomy":"category","embeddable":true,"href":"https:\/\/kibrisdakik.com\/index.php?rest_route=%2Fwp%2Fv2%2Fcategories&post=34046"},{"taxonomy":"post_tag","embeddable":true,"href":"https:\/\/kibrisdakik.com\/index.php?rest_route=%2Fwp%2Fv2%2Ftags&post=34046"}],"curies":[{"name":"wp","href":"https:\/\/api.w.org\/{rel}","templated":true}]}}