{"id":34070,"date":"2024-03-14T07:59:50","date_gmt":"2024-03-14T07:59:50","guid":{"rendered":"https:\/\/kibrisdakik.com\/index.php\/2024\/03\/14\/gau-siyasal-bilimler-fakultesi-ogrencileri-cumhuriyet-meclisini-ziyaret-etti-2\/"},"modified":"2024-03-14T07:59:50","modified_gmt":"2024-03-14T07:59:50","slug":"gau-siyasal-bilimler-fakultesi-ogrencileri-cumhuriyet-meclisini-ziyaret-etti-2","status":"publish","type":"post","link":"https:\/\/kibrisdakik.com\/?p=34070","title":{"rendered":"GA\u00dc Siyasal Bilimler Fak\u00fcltesi \u00f6\u011frencileri Cumhuriyet Meclisi\u2019ni ziyaret etti"},"content":{"rendered":"<p><\/p>\n<div>\n<div class=\"mariselle-image-container center\">\n                <img loading=\"lazy\" decoding=\"async\" width=\"2560\" height=\"1018\" class=\"lazy-image\" alt=\"\" sizes=\"auto, (max-width: 2560px) 100vw, 2560px\" src=\"https:\/\/brtk.net\/wp-content\/uploads\/2024\/03\/14\/23123.jpeg?ver=c1fdaa3a0ce8f9e3b47de6bb60ff03b1\" srcset=\"https:\/\/brtk.net\/wp-content\/uploads\/2024\/03\/14\/23123.jpeg?ver=c1fdaa3a0ce8f9e3b47de6bb60ff03b1 2560w, https:\/\/brtk.net\/wp-content\/uploads\/2024\/03\/14\/23123-300x119.jpeg?ver=9dd3a1aa456b0f93027bbf1ba773756a 300w, https:\/\/brtk.net\/wp-content\/uploads\/2024\/03\/14\/23123-1024x407.jpeg?ver=9dd3a1aa456b0f93027bbf1ba773756a 1024w, https:\/\/brtk.net\/wp-content\/uploads\/2024\/03\/14\/23123-768x305.jpeg?ver=17f6075214f673d32141c30868cacd2e 768w, https:\/\/brtk.net\/wp-content\/uploads\/2024\/03\/14\/23123-1536x611.jpeg?ver=17f6075214f673d32141c30868cacd2e 1536w, https:\/\/brtk.net\/wp-content\/uploads\/2024\/03\/14\/23123-2048x814.jpeg?ver=4049cfc2aae4419cf12ca8d1166b7403 2048w\"\/>                            <\/div>\n<p> Girne Amerikan \u00dcniversitesi (GA\u00dc) Siyasal Bilimler Fak\u00fcltesi \u00f6\u011frencileri Cumhuriyet Meclisi\u2019ni ziyaret etti.<\/p>\n<p>Meclisten yap\u0131lan yaz\u0131l\u0131 a\u00e7\u0131klamaya g\u00f6re, GA\u00dc heyetinde Siyasal Bilimler Fak\u00fcltesi Dekan Vekili Do\u00e7. Dr. Hasibe Vehbi \u015eaho\u011flu, Do\u00e7. Dr. Enver G\u00fclseven ile  Yrd. Do\u00e7.Dr. M. Sad\u0131k Akyar da yer ald\u0131.<\/p>\n<p>Meclis Zalihe \u00c7avu\u015fo\u011flu Toplant\u0131 Salonunda \u00f6\u011frenciler ile bir araya gelen T\u00f6re, siyaset bilimi okuyan \u00f6\u011frencilerin d\u00fcnya siyasetine ve devlet y\u00f6netimine ilgi duymalar\u0131n\u0131n g\u00fczel oldu\u011funu bu alanda da yap\u0131lan ziyaretlerin \u00f6\u011frenciler a\u00e7\u0131s\u0131ndan \u00f6nemli oldu\u011funu s\u00f6yledi.<\/p>\n<p>Kuzey K\u0131br\u0131s T\u00fcrk Cumhuriyeti\u2019nde okuman\u0131n b\u00fcy\u00fck bir avantaj oldu\u011funu ifade eden T\u00f6re, \u00f6\u011frencilerden mezuniyetlerinin ard\u0131ndan ya\u015fad\u0131klar\u0131 \u00fclkeyi ve e\u011fitim ald\u0131klar\u0131 \u00fcniversitelerini unutmamalar\u0131n\u0131 istedi.<\/p>\n<p>T\u00f6re, <a href=\"https:\/\/brtk.net\/\">KKTC<\/a>\u2019nin sadece T\u00fcrkiye taraf\u0131ndan tan\u0131nd\u0131\u011f\u0131n\u0131, \u00fcniversiteler sayesinde ise 140\u2019dan fazla \u00fclke ile i\u015f birli\u011fi i\u00e7erisinde olduklar\u0131n\u0131 dile getirdi.<\/p>\n<p>\u00d6\u011frencilere \u00e7e\u015fitli tavsiyelerde bulunan T\u00f6re, \u201cHangi \u00fclkeden olursan\u0131z olun \u00f6ncelikle cesur, hakl\u0131 ve inand\u0131\u011f\u0131n\u0131z davada dik durun.\u201d dedi.<\/p>\n<p>Filistin\u2019de ya\u015fananlar\u0131n\u0131n bir benzerini K\u0131br\u0131s T\u00fcrk Halk\u0131\u2019n\u0131n da ya\u015fad\u0131\u011f\u0131n\u0131 belirten T\u00f6re, \u201cBug\u00fcn d\u00fcnyan\u0131n ne kadar adaletsiz oldu\u011funu d\u00fcn de biz g\u00f6rm\u00fc\u015ft\u00fck.\u201d ifadelerini kulland\u0131.<\/p>\n<p>\u201cD\u00fcnyada b\u00fcy\u00fck emperyalizm g\u00fc\u00e7 yar\u0131\u015f\u0131 ya\u015fan\u0131yor, Filistin ve Ukrayna\u2019da siviller katlediliyor.\u201d diyen T\u00f6re, \u201cUkrayna ve Filistin halklar\u0131 ile dayan\u0131\u015fma i\u00e7erisindeyiz.\u201d \u015feklinde konu\u015ftu.<\/p>\n<p>T\u00f6re, \u201c\u0130nsanlar\u0131n dini, dili ve rengine bakm\u0131yoruz bizim i\u00e7in \u00f6nemli olan insan olmas\u0131 ve i\u00e7erisinde insan sevgisi ta\u015f\u0131mas\u0131d\u0131r.\u201d dedi.<\/p>\n<p>Cumhuriyet Meclisi Ba\u015fkan\u0131 Zorlu T\u00f6re, \u00f6\u011frencilere Cumhuriyet Meclisi Genel Kurulu\u2019nu gezdirdi.<\/p>\n<\/p><\/div>\n<p><script async\n                    defer\n                    crossorigin=\"anonymous\"\n                    src=\"https:\/\/connect.facebook.net\/tr_TR\/sdk.js#xfbml=1&#038;version=v3.3\"\n            ><\/script><\/p>\n","protected":false},"excerpt":{"rendered":"<p>Girne Amerikan \u00dcniversitesi (GA\u00dc) Siyasal Bilimler Fak\u00fcltesi \u00f6\u011frencileri Cumhuriyet Meclisi\u2019ni ziyaret etti. Meclisten yap\u0131lan yaz\u0131l\u0131 a\u00e7\u0131klamaya g\u00f6re, GA\u00dc heyetinde Siyasal Bilimler Fak\u00fcltesi Dekan Vekili Do\u00e7. Dr. Hasibe Vehbi \u015eaho\u011flu, Do\u00e7. Dr. Enver G\u00fclseven ile Yrd. Do\u00e7.Dr. M. Sad\u0131k Akyar da yer ald\u0131. Meclis Zalihe \u00c7avu\u015fo\u011flu Toplant\u0131 Salonunda \u00f6\u011frenciler ile bir araya gelen T\u00f6re, siyaset bilimi<\/p>\n","protected":false},"author":1,"featured_media":34071,"comment_status":"open","ping_status":"open","sticky":false,"template":"","format":"standard","meta":{"footnotes":""},"categories":[1],"tags":[],"class_list":["post-34070","post","type-post","status-publish","format-standard","has-post-thumbnail","hentry","category-gundem"],"yoast_head":"<!-- This site is optimized with the Yoast SEO plugin v27.5 - https:\/\/yoast.com\/product\/yoast-seo-wordpress\/ -->\n<title>GA\u00dc Siyasal Bilimler Fak\u00fcltesi \u00f6\u011frencileri Cumhuriyet Meclisi\u2019ni ziyaret etti -<\/title>\n<meta name=\"robots\" content=\"index, follow, max-snippet:-1, max-image-preview:large, max-video-preview:-1\" \/>\n<link rel=\"canonical\" href=\"https:\/\/kibrisdakik.com\/?p=34070\" \/>\n<meta property=\"og:locale\" content=\"tr_TR\" \/>\n<meta property=\"og:type\" content=\"article\" \/>\n<meta property=\"og:title\" content=\"GA\u00dc Siyasal Bilimler Fak\u00fcltesi \u00f6\u011frencileri Cumhuriyet Meclisi\u2019ni ziyaret etti -\" \/>\n<meta property=\"og:description\" content=\"Girne Amerikan \u00dcniversitesi (GA\u00dc) Siyasal Bilimler Fak\u00fcltesi \u00f6\u011frencileri Cumhuriyet Meclisi\u2019ni ziyaret etti. Meclisten yap\u0131lan yaz\u0131l\u0131 a\u00e7\u0131klamaya g\u00f6re, GA\u00dc heyetinde Siyasal Bilimler Fak\u00fcltesi Dekan Vekili Do\u00e7. Dr. Hasibe Vehbi \u015eaho\u011flu, Do\u00e7. Dr. Enver G\u00fclseven ile Yrd. Do\u00e7.Dr. M. Sad\u0131k Akyar da yer ald\u0131. Meclis Zalihe \u00c7avu\u015fo\u011flu Toplant\u0131 Salonunda \u00f6\u011frenciler ile bir araya gelen T\u00f6re, siyaset bilimi\" \/>\n<meta property=\"og:url\" content=\"https:\/\/kibrisdakik.com\/?p=34070\" \/>\n<meta property=\"article:published_time\" content=\"2024-03-14T07:59:50+00:00\" \/>\n<meta property=\"og:image\" content=\"https:\/\/kibrisdakik.com\/wp-content\/uploads\/2024\/03\/23123-740x420.jpeg\" \/>\n\t<meta property=\"og:image:width\" content=\"2560\" \/>\n\t<meta property=\"og:image:height\" content=\"1018\" \/>\n\t<meta property=\"og:image:type\" content=\"image\/jpeg\" \/>\n<meta name=\"author\" content=\"admin\" \/>\n<meta name=\"twitter:card\" content=\"summary_large_image\" \/>\n<meta name=\"twitter:label1\" content=\"Yazan:\" \/>\n\t<meta name=\"twitter:data1\" content=\"admin\" \/>\n\t<meta name=\"twitter:label2\" content=\"Tahmini okuma s\u00fcresi\" \/>\n\t<meta name=\"twitter:data2\" content=\"2 dakika\" \/>\n<script type=\"application\/ld+json\" class=\"yoast-schema-graph\">{\"@context\":\"https:\\\/\\\/schema.org\",\"@graph\":[{\"@type\":\"Article\",\"@id\":\"https:\\\/\\\/kibrisdakik.com\\\/?p=34070#article\",\"isPartOf\":{\"@id\":\"https:\\\/\\\/kibrisdakik.com\\\/?p=34070\"},\"author\":{\"name\":\"admin\",\"@id\":\"https:\\\/\\\/kibrisdakik.com\\\/#\\\/schema\\\/person\\\/9cd9d437bbb44f72b73ba127e06d8e79\"},\"headline\":\"GA\u00dc Siyasal Bilimler Fak\u00fcltesi \u00f6\u011frencileri Cumhuriyet Meclisi\u2019ni ziyaret etti\",\"datePublished\":\"2024-03-14T07:59:50+00:00\",\"mainEntityOfPage\":{\"@id\":\"https:\\\/\\\/kibrisdakik.com\\\/?p=34070\"},\"wordCount\":317,\"commentCount\":0,\"image\":{\"@id\":\"https:\\\/\\\/kibrisdakik.com\\\/?p=34070#primaryimage\"},\"thumbnailUrl\":\"https:\\\/\\\/kibrisdakik.com\\\/wp-content\\\/uploads\\\/2024\\\/03\\\/23123-740x420.jpeg\",\"articleSection\":[\"G\u00fcndem\"],\"inLanguage\":\"tr\",\"potentialAction\":[{\"@type\":\"CommentAction\",\"name\":\"Comment\",\"target\":[\"https:\\\/\\\/kibrisdakik.com\\\/?p=34070#respond\"]}]},{\"@type\":\"WebPage\",\"@id\":\"https:\\\/\\\/kibrisdakik.com\\\/?p=34070\",\"url\":\"https:\\\/\\\/kibrisdakik.com\\\/?p=34070\",\"name\":\"GA\u00dc Siyasal Bilimler Fak\u00fcltesi \u00f6\u011frencileri Cumhuriyet Meclisi\u2019ni ziyaret etti -\",\"isPartOf\":{\"@id\":\"https:\\\/\\\/kibrisdakik.com\\\/#website\"},\"primaryImageOfPage\":{\"@id\":\"https:\\\/\\\/kibrisdakik.com\\\/?p=34070#primaryimage\"},\"image\":{\"@id\":\"https:\\\/\\\/kibrisdakik.com\\\/?p=34070#primaryimage\"},\"thumbnailUrl\":\"https:\\\/\\\/kibrisdakik.com\\\/wp-content\\\/uploads\\\/2024\\\/03\\\/23123-740x420.jpeg\",\"datePublished\":\"2024-03-14T07:59:50+00:00\",\"author\":{\"@id\":\"https:\\\/\\\/kibrisdakik.com\\\/#\\\/schema\\\/person\\\/9cd9d437bbb44f72b73ba127e06d8e79\"},\"breadcrumb\":{\"@id\":\"https:\\\/\\\/kibrisdakik.com\\\/?p=34070#breadcrumb\"},\"inLanguage\":\"tr\",\"potentialAction\":[{\"@type\":\"ReadAction\",\"target\":[\"https:\\\/\\\/kibrisdakik.com\\\/?p=34070\"]}]},{\"@type\":\"ImageObject\",\"inLanguage\":\"tr\",\"@id\":\"https:\\\/\\\/kibrisdakik.com\\\/?p=34070#primaryimage\",\"url\":\"https:\\\/\\\/kibrisdakik.com\\\/wp-content\\\/uploads\\\/2024\\\/03\\\/23123-740x420.jpeg\",\"contentUrl\":\"https:\\\/\\\/kibrisdakik.com\\\/wp-content\\\/uploads\\\/2024\\\/03\\\/23123-740x420.jpeg\",\"width\":2560,\"height\":1018},{\"@type\":\"BreadcrumbList\",\"@id\":\"https:\\\/\\\/kibrisdakik.com\\\/?p=34070#breadcrumb\",\"itemListElement\":[{\"@type\":\"ListItem\",\"position\":1,\"name\":\"Home\",\"item\":\"https:\\\/\\\/kibrisdakik.com\\\/\"},{\"@type\":\"ListItem\",\"position\":2,\"name\":\"GA\u00dc Siyasal Bilimler Fak\u00fcltesi \u00f6\u011frencileri Cumhuriyet Meclisi\u2019ni ziyaret etti\"}]},{\"@type\":\"WebSite\",\"@id\":\"https:\\\/\\\/kibrisdakik.com\\\/#website\",\"url\":\"https:\\\/\\\/kibrisdakik.com\\\/\",\"name\":\"\",\"description\":\"Tam vaktinde haber\",\"potentialAction\":[{\"@type\":\"SearchAction\",\"target\":{\"@type\":\"EntryPoint\",\"urlTemplate\":\"https:\\\/\\\/kibrisdakik.com\\\/?s={search_term_string}\"},\"query-input\":{\"@type\":\"PropertyValueSpecification\",\"valueRequired\":true,\"valueName\":\"search_term_string\"}}],\"inLanguage\":\"tr\"},{\"@type\":\"Person\",\"@id\":\"https:\\\/\\\/kibrisdakik.com\\\/#\\\/schema\\\/person\\\/9cd9d437bbb44f72b73ba127e06d8e79\",\"name\":\"admin\",\"image\":{\"@type\":\"ImageObject\",\"inLanguage\":\"tr\",\"@id\":\"https:\\\/\\\/secure.gravatar.com\\\/avatar\\\/ccc17943b9d660506c869530f897617f7cb1c21a4bf30023f252596d83e1f007?s=96&d=mm&r=g\",\"url\":\"https:\\\/\\\/secure.gravatar.com\\\/avatar\\\/ccc17943b9d660506c869530f897617f7cb1c21a4bf30023f252596d83e1f007?s=96&d=mm&r=g\",\"contentUrl\":\"https:\\\/\\\/secure.gravatar.com\\\/avatar\\\/ccc17943b9d660506c869530f897617f7cb1c21a4bf30023f252596d83e1f007?s=96&d=mm&r=g\",\"caption\":\"admin\"},\"sameAs\":[\"https:\\\/\\\/kibrisdakik.com\"],\"url\":\"https:\\\/\\\/kibrisdakik.com\\\/?author=1\"}]}<\/script>\n<!-- \/ Yoast SEO plugin. -->","yoast_head_json":{"title":"GA\u00dc Siyasal Bilimler Fak\u00fcltesi \u00f6\u011frencileri Cumhuriyet Meclisi\u2019ni ziyaret etti -","robots":{"index":"index","follow":"follow","max-snippet":"max-snippet:-1","max-image-preview":"max-image-preview:large","max-video-preview":"max-video-preview:-1"},"canonical":"https:\/\/kibrisdakik.com\/?p=34070","og_locale":"tr_TR","og_type":"article","og_title":"GA\u00dc Siyasal Bilimler Fak\u00fcltesi \u00f6\u011frencileri Cumhuriyet Meclisi\u2019ni ziyaret etti -","og_description":"Girne Amerikan \u00dcniversitesi (GA\u00dc) Siyasal Bilimler Fak\u00fcltesi \u00f6\u011frencileri Cumhuriyet Meclisi\u2019ni ziyaret etti. Meclisten yap\u0131lan yaz\u0131l\u0131 a\u00e7\u0131klamaya g\u00f6re, GA\u00dc heyetinde Siyasal Bilimler Fak\u00fcltesi Dekan Vekili Do\u00e7. Dr. Hasibe Vehbi \u015eaho\u011flu, Do\u00e7. Dr. Enver G\u00fclseven ile Yrd. Do\u00e7.Dr. M. Sad\u0131k Akyar da yer ald\u0131. Meclis Zalihe \u00c7avu\u015fo\u011flu Toplant\u0131 Salonunda \u00f6\u011frenciler ile bir araya gelen T\u00f6re, siyaset bilimi","og_url":"https:\/\/kibrisdakik.com\/?p=34070","article_published_time":"2024-03-14T07:59:50+00:00","og_image":[{"width":2560,"height":1018,"url":"https:\/\/kibrisdakik.com\/wp-content\/uploads\/2024\/03\/23123-740x420.jpeg","type":"image\/jpeg"}],"author":"admin","twitter_card":"summary_large_image","twitter_misc":{"Yazan:":"admin","Tahmini okuma s\u00fcresi":"2 dakika"},"schema":{"@context":"https:\/\/schema.org","@graph":[{"@type":"Article","@id":"https:\/\/kibrisdakik.com\/?p=34070#article","isPartOf":{"@id":"https:\/\/kibrisdakik.com\/?p=34070"},"author":{"name":"admin","@id":"https:\/\/kibrisdakik.com\/#\/schema\/person\/9cd9d437bbb44f72b73ba127e06d8e79"},"headline":"GA\u00dc Siyasal Bilimler Fak\u00fcltesi \u00f6\u011frencileri Cumhuriyet Meclisi\u2019ni ziyaret etti","datePublished":"2024-03-14T07:59:50+00:00","mainEntityOfPage":{"@id":"https:\/\/kibrisdakik.com\/?p=34070"},"wordCount":317,"commentCount":0,"image":{"@id":"https:\/\/kibrisdakik.com\/?p=34070#primaryimage"},"thumbnailUrl":"https:\/\/kibrisdakik.com\/wp-content\/uploads\/2024\/03\/23123-740x420.jpeg","articleSection":["G\u00fcndem"],"inLanguage":"tr","potentialAction":[{"@type":"CommentAction","name":"Comment","target":["https:\/\/kibrisdakik.com\/?p=34070#respond"]}]},{"@type":"WebPage","@id":"https:\/\/kibrisdakik.com\/?p=34070","url":"https:\/\/kibrisdakik.com\/?p=34070","name":"GA\u00dc Siyasal Bilimler Fak\u00fcltesi \u00f6\u011frencileri Cumhuriyet Meclisi\u2019ni ziyaret etti -","isPartOf":{"@id":"https:\/\/kibrisdakik.com\/#website"},"primaryImageOfPage":{"@id":"https:\/\/kibrisdakik.com\/?p=34070#primaryimage"},"image":{"@id":"https:\/\/kibrisdakik.com\/?p=34070#primaryimage"},"thumbnailUrl":"https:\/\/kibrisdakik.com\/wp-content\/uploads\/2024\/03\/23123-740x420.jpeg","datePublished":"2024-03-14T07:59:50+00:00","author":{"@id":"https:\/\/kibrisdakik.com\/#\/schema\/person\/9cd9d437bbb44f72b73ba127e06d8e79"},"breadcrumb":{"@id":"https:\/\/kibrisdakik.com\/?p=34070#breadcrumb"},"inLanguage":"tr","potentialAction":[{"@type":"ReadAction","target":["https:\/\/kibrisdakik.com\/?p=34070"]}]},{"@type":"ImageObject","inLanguage":"tr","@id":"https:\/\/kibrisdakik.com\/?p=34070#primaryimage","url":"https:\/\/kibrisdakik.com\/wp-content\/uploads\/2024\/03\/23123-740x420.jpeg","contentUrl":"https:\/\/kibrisdakik.com\/wp-content\/uploads\/2024\/03\/23123-740x420.jpeg","width":2560,"height":1018},{"@type":"BreadcrumbList","@id":"https:\/\/kibrisdakik.com\/?p=34070#breadcrumb","itemListElement":[{"@type":"ListItem","position":1,"name":"Home","item":"https:\/\/kibrisdakik.com\/"},{"@type":"ListItem","position":2,"name":"GA\u00dc Siyasal Bilimler Fak\u00fcltesi \u00f6\u011frencileri Cumhuriyet Meclisi\u2019ni ziyaret etti"}]},{"@type":"WebSite","@id":"https:\/\/kibrisdakik.com\/#website","url":"https:\/\/kibrisdakik.com\/","name":"","description":"Tam vaktinde haber","potentialAction":[{"@type":"SearchAction","target":{"@type":"EntryPoint","urlTemplate":"https:\/\/kibrisdakik.com\/?s={search_term_string}"},"query-input":{"@type":"PropertyValueSpecification","valueRequired":true,"valueName":"search_term_string"}}],"inLanguage":"tr"},{"@type":"Person","@id":"https:\/\/kibrisdakik.com\/#\/schema\/person\/9cd9d437bbb44f72b73ba127e06d8e79","name":"admin","image":{"@type":"ImageObject","inLanguage":"tr","@id":"https:\/\/secure.gravatar.com\/avatar\/ccc17943b9d660506c869530f897617f7cb1c21a4bf30023f252596d83e1f007?s=96&d=mm&r=g","url":"https:\/\/secure.gravatar.com\/avatar\/ccc17943b9d660506c869530f897617f7cb1c21a4bf30023f252596d83e1f007?s=96&d=mm&r=g","contentUrl":"https:\/\/secure.gravatar.com\/avatar\/ccc17943b9d660506c869530f897617f7cb1c21a4bf30023f252596d83e1f007?s=96&d=mm&r=g","caption":"admin"},"sameAs":["https:\/\/kibrisdakik.com"],"url":"https:\/\/kibrisdakik.com\/?author=1"}]}},"_links":{"self":[{"href":"https:\/\/kibrisdakik.com\/index.php?rest_route=\/wp\/v2\/posts\/34070","targetHints":{"allow":["GET"]}}],"collection":[{"href":"https:\/\/kibrisdakik.com\/index.php?rest_route=\/wp\/v2\/posts"}],"about":[{"href":"https:\/\/kibrisdakik.com\/index.php?rest_route=\/wp\/v2\/types\/post"}],"author":[{"embeddable":true,"href":"https:\/\/kibrisdakik.com\/index.php?rest_route=\/wp\/v2\/users\/1"}],"replies":[{"embeddable":true,"href":"https:\/\/kibrisdakik.com\/index.php?rest_route=%2Fwp%2Fv2%2Fcomments&post=34070"}],"version-history":[{"count":0,"href":"https:\/\/kibrisdakik.com\/index.php?rest_route=\/wp\/v2\/posts\/34070\/revisions"}],"wp:featuredmedia":[{"embeddable":true,"href":"https:\/\/kibrisdakik.com\/index.php?rest_route=\/wp\/v2\/media\/34071"}],"wp:attachment":[{"href":"https:\/\/kibrisdakik.com\/index.php?rest_route=%2Fwp%2Fv2%2Fmedia&parent=34070"}],"wp:term":[{"taxonomy":"category","embeddable":true,"href":"https:\/\/kibrisdakik.com\/index.php?rest_route=%2Fwp%2Fv2%2Fcategories&post=34070"},{"taxonomy":"post_tag","embeddable":true,"href":"https:\/\/kibrisdakik.com\/index.php?rest_route=%2Fwp%2Fv2%2Ftags&post=34070"}],"curies":[{"name":"wp","href":"https:\/\/api.w.org\/{rel}","templated":true}]}}