{"id":3412,"date":"2023-03-16T15:40:08","date_gmt":"2023-03-16T15:40:08","guid":{"rendered":"https:\/\/kibrisdakik.com\/index.php\/2023\/03\/16\/lefkosada-meydana-gelen-iki-ayri-kazada-iki-yaya-yaralandi\/"},"modified":"2023-03-16T15:40:08","modified_gmt":"2023-03-16T15:40:08","slug":"lefkosada-meydana-gelen-iki-ayri-kazada-iki-yaya-yaralandi","status":"publish","type":"post","link":"https:\/\/kibrisdakik.com\/?p=3412","title":{"rendered":"Lefko\u015fa\u2019da meydana gelen iki ayr\u0131 kazada iki yaya yaraland\u0131"},"content":{"rendered":"<p><\/p>\n<div>\n<div class=\"mariselle-image-container none\">\n                <img width=\"190\" height=\"203\" class=\"lazy-image\" alt=\"\" decoding=\"async\" loading=\"lazy\" src=\"https:\/\/brtk.net\/wp-content\/uploads\/2023\/02\/27\/polis53.png?ver=7cc64a5c732753c89d6e6fc53396566f\"\/>                            <\/div>\n<p>Lefko\u015fa\u2019da meydana gelen iki ayr\u0131 trafik kazas\u0131nda arac\u0131n \u00e7arpmas\u0131 sonucu iki yaya yaraland\u0131\u2026<\/p>\n<p>Bedrettin Demirel Caddesi \u00fczerinde U\u011fur Zeytin, y\u00f6netimindeki CH 878 plakal\u0131 salon ara\u00e7 ile kuzey istikametine do\u011fru seyretti\u011fi s\u0131rada dikkatsizli\u011fi sonucu o esnada cadde \u00fczerindeki yaya ge\u00e7inde yolu kar\u015f\u0131dan kar\u015f\u0131ya ge\u00e7meye \u00e7al\u0131\u015fan yaya 16 ya\u015f\u0131ndaki Ay\u00e7a Bah\u015fi\u015f\u2019e \u00e7arpt\u0131.<\/p>\n<p>Kaza sonucu yaralanan Ay\u00e7a Bah\u015fi\u015f\u2019in, kald\u0131r\u0131ld\u0131\u011f\u0131 Lefko\u015fa Dr. Burhan Nalbanto\u011flu Devlet Hastanesi\u2019ndeki tedavisi s\u00fcr\u00fcyor.<\/p>\n<p>Ali R\u0131za Efendi Caddesi \u00fczerinde, Hatice Kartal, y\u00f6netimindeki KU 645 plakal\u0131 salon ara\u00e7 ile g\u00fcney istikametine do\u011fru seyretti\u011fi s\u0131rada, dikkatsizli\u011fi sonucu o esnada cadde \u00fczerinde yolu kar\u015f\u0131dan kar\u015f\u0131ya ge\u00e7meye \u00e7al\u0131\u015fan yaya 23 ya\u015f\u0131ndaki Arda G\u00fcle\u00e7\u2019e \u00e7arpt\u0131\u2026<\/p>\n<p>Kaza sonucu yaralanan yaya Arda G\u00fcle\u00e7\u2019in de kald\u0131r\u0131ld\u0131\u011f\u0131 Lefko\u015fa Dr. Burhan Nalbanto\u011flu Devlet Hastanesi\u2019ndeki tedavisi devam ediyor\u2026.<\/p>\n<p>Her iki kazayla ilgili soru\u015fturma devam ediyor\u2026<\/p>\n<p>PGM\/<a href=\"https:\/\/brtk.net\/\">BRT<\/a><\/p>\n<\/p><\/div>\n<p><script async\n                    defer\n                    crossorigin=\"anonymous\"\n                    src=\"https:\/\/connect.facebook.net\/tr_TR\/sdk.js#xfbml=1&#038;version=v3.3\"\n            ><\/script><\/p>\n","protected":false},"excerpt":{"rendered":"<p>Lefko\u015fa\u2019da meydana gelen iki ayr\u0131 trafik kazas\u0131nda arac\u0131n \u00e7arpmas\u0131 sonucu iki yaya yaraland\u0131\u2026 Bedrettin Demirel Caddesi \u00fczerinde U\u011fur Zeytin, y\u00f6netimindeki CH 878 plakal\u0131 salon ara\u00e7 ile kuzey istikametine do\u011fru seyretti\u011fi s\u0131rada dikkatsizli\u011fi sonucu o esnada cadde \u00fczerindeki yaya ge\u00e7inde yolu kar\u015f\u0131dan kar\u015f\u0131ya ge\u00e7meye \u00e7al\u0131\u015fan yaya 16 ya\u015f\u0131ndaki Ay\u00e7a Bah\u015fi\u015f\u2019e \u00e7arpt\u0131. Kaza sonucu yaralanan Ay\u00e7a Bah\u015fi\u015f\u2019in,<\/p>\n","protected":false},"author":1,"featured_media":3413,"comment_status":"open","ping_status":"open","sticky":false,"template":"","format":"standard","meta":{"footnotes":""},"categories":[1],"tags":[],"class_list":["post-3412","post","type-post","status-publish","format-standard","has-post-thumbnail","hentry","category-gundem"],"yoast_head":"<!-- This site is optimized with the Yoast SEO plugin v27.5 - https:\/\/yoast.com\/product\/yoast-seo-wordpress\/ -->\n<title>Lefko\u015fa\u2019da meydana gelen iki ayr\u0131 kazada iki yaya yaraland\u0131 -<\/title>\n<meta name=\"robots\" content=\"index, follow, max-snippet:-1, max-image-preview:large, max-video-preview:-1\" \/>\n<link rel=\"canonical\" href=\"https:\/\/kibrisdakik.com\/?p=3412\" \/>\n<meta property=\"og:locale\" content=\"tr_TR\" \/>\n<meta property=\"og:type\" content=\"article\" \/>\n<meta property=\"og:title\" content=\"Lefko\u015fa\u2019da meydana gelen iki ayr\u0131 kazada iki yaya yaraland\u0131 -\" \/>\n<meta property=\"og:description\" content=\"Lefko\u015fa\u2019da meydana gelen iki ayr\u0131 trafik kazas\u0131nda arac\u0131n \u00e7arpmas\u0131 sonucu iki yaya yaraland\u0131\u2026 Bedrettin Demirel Caddesi \u00fczerinde U\u011fur Zeytin, y\u00f6netimindeki CH 878 plakal\u0131 salon ara\u00e7 ile kuzey istikametine do\u011fru seyretti\u011fi s\u0131rada dikkatsizli\u011fi sonucu o esnada cadde \u00fczerindeki yaya ge\u00e7inde yolu kar\u015f\u0131dan kar\u015f\u0131ya ge\u00e7meye \u00e7al\u0131\u015fan yaya 16 ya\u015f\u0131ndaki Ay\u00e7a Bah\u015fi\u015f\u2019e \u00e7arpt\u0131. Kaza sonucu yaralanan Ay\u00e7a Bah\u015fi\u015f\u2019in,\" \/>\n<meta property=\"og:url\" content=\"https:\/\/kibrisdakik.com\/?p=3412\" \/>\n<meta property=\"article:published_time\" content=\"2023-03-16T15:40:08+00:00\" \/>\n<meta property=\"og:image\" content=\"https:\/\/kibrisdakik.com\/wp-content\/uploads\/2023\/03\/trafik-kazasi-123-740x420.jpg\" \/>\n\t<meta property=\"og:image:width\" content=\"850\" \/>\n\t<meta property=\"og:image:height\" content=\"458\" \/>\n\t<meta property=\"og:image:type\" content=\"image\/jpeg\" \/>\n<meta name=\"author\" content=\"admin\" \/>\n<meta name=\"twitter:card\" content=\"summary_large_image\" \/>\n<meta name=\"twitter:label1\" content=\"Yazan:\" \/>\n\t<meta name=\"twitter:data1\" content=\"admin\" \/>\n\t<meta name=\"twitter:label2\" content=\"Tahmini okuma s\u00fcresi\" \/>\n\t<meta name=\"twitter:data2\" content=\"1 dakika\" \/>\n<script type=\"application\/ld+json\" class=\"yoast-schema-graph\">{\"@context\":\"https:\\\/\\\/schema.org\",\"@graph\":[{\"@type\":\"Article\",\"@id\":\"https:\\\/\\\/kibrisdakik.com\\\/?p=3412#article\",\"isPartOf\":{\"@id\":\"https:\\\/\\\/kibrisdakik.com\\\/?p=3412\"},\"author\":{\"name\":\"admin\",\"@id\":\"https:\\\/\\\/kibrisdakik.com\\\/#\\\/schema\\\/person\\\/9cd9d437bbb44f72b73ba127e06d8e79\"},\"headline\":\"Lefko\u015fa\u2019da meydana gelen iki ayr\u0131 kazada iki yaya yaraland\u0131\",\"datePublished\":\"2023-03-16T15:40:08+00:00\",\"mainEntityOfPage\":{\"@id\":\"https:\\\/\\\/kibrisdakik.com\\\/?p=3412\"},\"wordCount\":184,\"commentCount\":0,\"image\":{\"@id\":\"https:\\\/\\\/kibrisdakik.com\\\/?p=3412#primaryimage\"},\"thumbnailUrl\":\"https:\\\/\\\/kibrisdakik.com\\\/wp-content\\\/uploads\\\/2023\\\/03\\\/trafik-kazasi-123-740x420.jpg\",\"articleSection\":[\"G\u00fcndem\"],\"inLanguage\":\"tr\",\"potentialAction\":[{\"@type\":\"CommentAction\",\"name\":\"Comment\",\"target\":[\"https:\\\/\\\/kibrisdakik.com\\\/?p=3412#respond\"]}]},{\"@type\":\"WebPage\",\"@id\":\"https:\\\/\\\/kibrisdakik.com\\\/?p=3412\",\"url\":\"https:\\\/\\\/kibrisdakik.com\\\/?p=3412\",\"name\":\"Lefko\u015fa\u2019da meydana gelen iki ayr\u0131 kazada iki yaya yaraland\u0131 -\",\"isPartOf\":{\"@id\":\"https:\\\/\\\/kibrisdakik.com\\\/#website\"},\"primaryImageOfPage\":{\"@id\":\"https:\\\/\\\/kibrisdakik.com\\\/?p=3412#primaryimage\"},\"image\":{\"@id\":\"https:\\\/\\\/kibrisdakik.com\\\/?p=3412#primaryimage\"},\"thumbnailUrl\":\"https:\\\/\\\/kibrisdakik.com\\\/wp-content\\\/uploads\\\/2023\\\/03\\\/trafik-kazasi-123-740x420.jpg\",\"datePublished\":\"2023-03-16T15:40:08+00:00\",\"author\":{\"@id\":\"https:\\\/\\\/kibrisdakik.com\\\/#\\\/schema\\\/person\\\/9cd9d437bbb44f72b73ba127e06d8e79\"},\"breadcrumb\":{\"@id\":\"https:\\\/\\\/kibrisdakik.com\\\/?p=3412#breadcrumb\"},\"inLanguage\":\"tr\",\"potentialAction\":[{\"@type\":\"ReadAction\",\"target\":[\"https:\\\/\\\/kibrisdakik.com\\\/?p=3412\"]}]},{\"@type\":\"ImageObject\",\"inLanguage\":\"tr\",\"@id\":\"https:\\\/\\\/kibrisdakik.com\\\/?p=3412#primaryimage\",\"url\":\"https:\\\/\\\/kibrisdakik.com\\\/wp-content\\\/uploads\\\/2023\\\/03\\\/trafik-kazasi-123-740x420.jpg\",\"contentUrl\":\"https:\\\/\\\/kibrisdakik.com\\\/wp-content\\\/uploads\\\/2023\\\/03\\\/trafik-kazasi-123-740x420.jpg\",\"width\":850,\"height\":458},{\"@type\":\"BreadcrumbList\",\"@id\":\"https:\\\/\\\/kibrisdakik.com\\\/?p=3412#breadcrumb\",\"itemListElement\":[{\"@type\":\"ListItem\",\"position\":1,\"name\":\"Home\",\"item\":\"https:\\\/\\\/kibrisdakik.com\\\/\"},{\"@type\":\"ListItem\",\"position\":2,\"name\":\"Lefko\u015fa\u2019da meydana gelen iki ayr\u0131 kazada iki yaya yaraland\u0131\"}]},{\"@type\":\"WebSite\",\"@id\":\"https:\\\/\\\/kibrisdakik.com\\\/#website\",\"url\":\"https:\\\/\\\/kibrisdakik.com\\\/\",\"name\":\"\",\"description\":\"Tam vaktinde haber\",\"potentialAction\":[{\"@type\":\"SearchAction\",\"target\":{\"@type\":\"EntryPoint\",\"urlTemplate\":\"https:\\\/\\\/kibrisdakik.com\\\/?s={search_term_string}\"},\"query-input\":{\"@type\":\"PropertyValueSpecification\",\"valueRequired\":true,\"valueName\":\"search_term_string\"}}],\"inLanguage\":\"tr\"},{\"@type\":\"Person\",\"@id\":\"https:\\\/\\\/kibrisdakik.com\\\/#\\\/schema\\\/person\\\/9cd9d437bbb44f72b73ba127e06d8e79\",\"name\":\"admin\",\"image\":{\"@type\":\"ImageObject\",\"inLanguage\":\"tr\",\"@id\":\"https:\\\/\\\/secure.gravatar.com\\\/avatar\\\/ccc17943b9d660506c869530f897617f7cb1c21a4bf30023f252596d83e1f007?s=96&d=mm&r=g\",\"url\":\"https:\\\/\\\/secure.gravatar.com\\\/avatar\\\/ccc17943b9d660506c869530f897617f7cb1c21a4bf30023f252596d83e1f007?s=96&d=mm&r=g\",\"contentUrl\":\"https:\\\/\\\/secure.gravatar.com\\\/avatar\\\/ccc17943b9d660506c869530f897617f7cb1c21a4bf30023f252596d83e1f007?s=96&d=mm&r=g\",\"caption\":\"admin\"},\"sameAs\":[\"https:\\\/\\\/kibrisdakik.com\"],\"url\":\"https:\\\/\\\/kibrisdakik.com\\\/?author=1\"}]}<\/script>\n<!-- \/ Yoast SEO plugin. -->","yoast_head_json":{"title":"Lefko\u015fa\u2019da meydana gelen iki ayr\u0131 kazada iki yaya yaraland\u0131 -","robots":{"index":"index","follow":"follow","max-snippet":"max-snippet:-1","max-image-preview":"max-image-preview:large","max-video-preview":"max-video-preview:-1"},"canonical":"https:\/\/kibrisdakik.com\/?p=3412","og_locale":"tr_TR","og_type":"article","og_title":"Lefko\u015fa\u2019da meydana gelen iki ayr\u0131 kazada iki yaya yaraland\u0131 -","og_description":"Lefko\u015fa\u2019da meydana gelen iki ayr\u0131 trafik kazas\u0131nda arac\u0131n \u00e7arpmas\u0131 sonucu iki yaya yaraland\u0131\u2026 Bedrettin Demirel Caddesi \u00fczerinde U\u011fur Zeytin, y\u00f6netimindeki CH 878 plakal\u0131 salon ara\u00e7 ile kuzey istikametine do\u011fru seyretti\u011fi s\u0131rada dikkatsizli\u011fi sonucu o esnada cadde \u00fczerindeki yaya ge\u00e7inde yolu kar\u015f\u0131dan kar\u015f\u0131ya ge\u00e7meye \u00e7al\u0131\u015fan yaya 16 ya\u015f\u0131ndaki Ay\u00e7a Bah\u015fi\u015f\u2019e \u00e7arpt\u0131. Kaza sonucu yaralanan Ay\u00e7a Bah\u015fi\u015f\u2019in,","og_url":"https:\/\/kibrisdakik.com\/?p=3412","article_published_time":"2023-03-16T15:40:08+00:00","og_image":[{"width":850,"height":458,"url":"https:\/\/kibrisdakik.com\/wp-content\/uploads\/2023\/03\/trafik-kazasi-123-740x420.jpg","type":"image\/jpeg"}],"author":"admin","twitter_card":"summary_large_image","twitter_misc":{"Yazan:":"admin","Tahmini okuma s\u00fcresi":"1 dakika"},"schema":{"@context":"https:\/\/schema.org","@graph":[{"@type":"Article","@id":"https:\/\/kibrisdakik.com\/?p=3412#article","isPartOf":{"@id":"https:\/\/kibrisdakik.com\/?p=3412"},"author":{"name":"admin","@id":"https:\/\/kibrisdakik.com\/#\/schema\/person\/9cd9d437bbb44f72b73ba127e06d8e79"},"headline":"Lefko\u015fa\u2019da meydana gelen iki ayr\u0131 kazada iki yaya yaraland\u0131","datePublished":"2023-03-16T15:40:08+00:00","mainEntityOfPage":{"@id":"https:\/\/kibrisdakik.com\/?p=3412"},"wordCount":184,"commentCount":0,"image":{"@id":"https:\/\/kibrisdakik.com\/?p=3412#primaryimage"},"thumbnailUrl":"https:\/\/kibrisdakik.com\/wp-content\/uploads\/2023\/03\/trafik-kazasi-123-740x420.jpg","articleSection":["G\u00fcndem"],"inLanguage":"tr","potentialAction":[{"@type":"CommentAction","name":"Comment","target":["https:\/\/kibrisdakik.com\/?p=3412#respond"]}]},{"@type":"WebPage","@id":"https:\/\/kibrisdakik.com\/?p=3412","url":"https:\/\/kibrisdakik.com\/?p=3412","name":"Lefko\u015fa\u2019da meydana gelen iki ayr\u0131 kazada iki yaya yaraland\u0131 -","isPartOf":{"@id":"https:\/\/kibrisdakik.com\/#website"},"primaryImageOfPage":{"@id":"https:\/\/kibrisdakik.com\/?p=3412#primaryimage"},"image":{"@id":"https:\/\/kibrisdakik.com\/?p=3412#primaryimage"},"thumbnailUrl":"https:\/\/kibrisdakik.com\/wp-content\/uploads\/2023\/03\/trafik-kazasi-123-740x420.jpg","datePublished":"2023-03-16T15:40:08+00:00","author":{"@id":"https:\/\/kibrisdakik.com\/#\/schema\/person\/9cd9d437bbb44f72b73ba127e06d8e79"},"breadcrumb":{"@id":"https:\/\/kibrisdakik.com\/?p=3412#breadcrumb"},"inLanguage":"tr","potentialAction":[{"@type":"ReadAction","target":["https:\/\/kibrisdakik.com\/?p=3412"]}]},{"@type":"ImageObject","inLanguage":"tr","@id":"https:\/\/kibrisdakik.com\/?p=3412#primaryimage","url":"https:\/\/kibrisdakik.com\/wp-content\/uploads\/2023\/03\/trafik-kazasi-123-740x420.jpg","contentUrl":"https:\/\/kibrisdakik.com\/wp-content\/uploads\/2023\/03\/trafik-kazasi-123-740x420.jpg","width":850,"height":458},{"@type":"BreadcrumbList","@id":"https:\/\/kibrisdakik.com\/?p=3412#breadcrumb","itemListElement":[{"@type":"ListItem","position":1,"name":"Home","item":"https:\/\/kibrisdakik.com\/"},{"@type":"ListItem","position":2,"name":"Lefko\u015fa\u2019da meydana gelen iki ayr\u0131 kazada iki yaya yaraland\u0131"}]},{"@type":"WebSite","@id":"https:\/\/kibrisdakik.com\/#website","url":"https:\/\/kibrisdakik.com\/","name":"","description":"Tam vaktinde haber","potentialAction":[{"@type":"SearchAction","target":{"@type":"EntryPoint","urlTemplate":"https:\/\/kibrisdakik.com\/?s={search_term_string}"},"query-input":{"@type":"PropertyValueSpecification","valueRequired":true,"valueName":"search_term_string"}}],"inLanguage":"tr"},{"@type":"Person","@id":"https:\/\/kibrisdakik.com\/#\/schema\/person\/9cd9d437bbb44f72b73ba127e06d8e79","name":"admin","image":{"@type":"ImageObject","inLanguage":"tr","@id":"https:\/\/secure.gravatar.com\/avatar\/ccc17943b9d660506c869530f897617f7cb1c21a4bf30023f252596d83e1f007?s=96&d=mm&r=g","url":"https:\/\/secure.gravatar.com\/avatar\/ccc17943b9d660506c869530f897617f7cb1c21a4bf30023f252596d83e1f007?s=96&d=mm&r=g","contentUrl":"https:\/\/secure.gravatar.com\/avatar\/ccc17943b9d660506c869530f897617f7cb1c21a4bf30023f252596d83e1f007?s=96&d=mm&r=g","caption":"admin"},"sameAs":["https:\/\/kibrisdakik.com"],"url":"https:\/\/kibrisdakik.com\/?author=1"}]}},"_links":{"self":[{"href":"https:\/\/kibrisdakik.com\/index.php?rest_route=\/wp\/v2\/posts\/3412","targetHints":{"allow":["GET"]}}],"collection":[{"href":"https:\/\/kibrisdakik.com\/index.php?rest_route=\/wp\/v2\/posts"}],"about":[{"href":"https:\/\/kibrisdakik.com\/index.php?rest_route=\/wp\/v2\/types\/post"}],"author":[{"embeddable":true,"href":"https:\/\/kibrisdakik.com\/index.php?rest_route=\/wp\/v2\/users\/1"}],"replies":[{"embeddable":true,"href":"https:\/\/kibrisdakik.com\/index.php?rest_route=%2Fwp%2Fv2%2Fcomments&post=3412"}],"version-history":[{"count":0,"href":"https:\/\/kibrisdakik.com\/index.php?rest_route=\/wp\/v2\/posts\/3412\/revisions"}],"wp:featuredmedia":[{"embeddable":true,"href":"https:\/\/kibrisdakik.com\/index.php?rest_route=\/wp\/v2\/media\/3413"}],"wp:attachment":[{"href":"https:\/\/kibrisdakik.com\/index.php?rest_route=%2Fwp%2Fv2%2Fmedia&parent=3412"}],"wp:term":[{"taxonomy":"category","embeddable":true,"href":"https:\/\/kibrisdakik.com\/index.php?rest_route=%2Fwp%2Fv2%2Fcategories&post=3412"},{"taxonomy":"post_tag","embeddable":true,"href":"https:\/\/kibrisdakik.com\/index.php?rest_route=%2Fwp%2Fv2%2Ftags&post=3412"}],"curies":[{"name":"wp","href":"https:\/\/api.w.org\/{rel}","templated":true}]}}