{"id":34157,"date":"2024-03-14T21:03:47","date_gmt":"2024-03-14T21:03:47","guid":{"rendered":"https:\/\/kibrisdakik.com\/index.php\/2024\/03\/14\/lefkosa-ve-gonyelide-kaza-yaya-ve-motosiklet-surucusu-yaralandi\/"},"modified":"2024-03-14T21:03:47","modified_gmt":"2024-03-14T21:03:47","slug":"lefkosa-ve-gonyelide-kaza-yaya-ve-motosiklet-surucusu-yaralandi","status":"publish","type":"post","link":"https:\/\/kibrisdakik.com\/?p=34157","title":{"rendered":"Lefko\u015fa ve G\u00f6nyeli\u2019de kaza: Yaya ve motosiklet s\u00fcr\u00fcc\u00fcs\u00fc yaraland\u0131"},"content":{"rendered":"<p><\/p>\n<div>\n<div class=\"mariselle-image-container center\">\n                <img loading=\"lazy\" decoding=\"async\" width=\"300\" height=\"168\" class=\"lazy-image\" alt=\"\" src=\"https:\/\/brtk.net\/wp-content\/uploads\/2023\/01\/20\/trafik-kazasi-gece.jpg?ver=2842bbe5b74cc4a054e795050c4121fc\"\/>                            <\/div>\n<p>Lefko\u015fa\u2019da ve G\u00f6nyeli\u2019de meydana gelen trafik kazalar\u0131nda yaya ve motosiklet s\u00fcr\u00fcc\u00fcs\u00fc yaraland\u0131.<\/p>\n<p>Polis Bas\u0131n Subayl\u0131\u011f\u0131\u2019ndan verilen bilgiye g\u00f6re bu sk\u1e63am saat 21.45 s\u0131ralar\u0131nda, Lefko\u015fa\u2019da Bolu Sokak \u00fczerinde Kadir Kaan YILMAZ (E-22) y\u00f6netimindeki KC 820 plakal\u0131 ara\u00e7 ile kuzey istikametinden g\u00fcney istikametine do\u011fru seyretti\u011fi s\u0131rada Emirgan S\u00fcpermarket \u00f6nlerine geldi\u011finde dikkatsizce sa\u011fa d\u00f6n\u00fc\u015fe ge\u00e7mesi sonucu o esnada yolda yaya olarak bulunan Abdurrahman SUKARI (E-21)\u2019ye \u00e7arpm\u0131\u015ft\u0131r. Kaza sonucu yaralanan yaya kald\u0131r\u0131ld\u0131\u011f\u0131 Lefko\u015fa Dr Burhan Nalbanto\u011flu Devlet Hastanesinde tedavisi halen s\u00fcr\u00fcyor. <\/p>\n<p>\u0150te yandan , saat 22.00 s\u0131ralar\u0131nda, G\u00f6nyeli\u2019de Belediye Bulvar\u0131 \u00fczerinde, Ezgi \u015ea\u015fkara Sayar (K-33) y\u00f6netimindeki RS 662 plakal\u0131 ara\u00e7 ile do\u011fu istikametine do\u011fru seyretti\u011fi s\u0131rada, Espressolab isimli i\u015f yeri \u00f6nlerine geldi\u011finde dikkatsizli\u011fi sonucu \u00f6n\u00fcnde ayn\u0131 istikamete do\u011fru seyreden ve \u00f6n\u00fcndeki trafi\u011fin durmas\u0131 sonucu durmak zorunda kalan Dervi\u015f Aplak (E-57) y\u00f6netimindeki SZ 337 plakal\u0131 motosiklete \u00e7arpm\u0131\u015ft\u0131r. Kaza sonucu yaralanan motosiklet s\u00fcr\u00fcc\u00fcs\u00fc kald\u0131r\u0131ld\u0131\u011f\u0131 Lefko\u015fa Dr Burhan Nalbanto\u011flu Devlet Hastanesinde tedavisi halen s\u00fcr\u00fcyor. <\/p>\n<p>Polisin her iki kazayla ilgili soru\u015fturmas\u0131 devam ediyor.<\/p>\n<\/p><\/div>\n<p><script async\n                    defer\n                    crossorigin=\"anonymous\"\n                    src=\"https:\/\/connect.facebook.net\/tr_TR\/sdk.js#xfbml=1&#038;version=v3.3\"\n            ><\/script><\/p>\n","protected":false},"excerpt":{"rendered":"<p>Lefko\u015fa\u2019da ve G\u00f6nyeli\u2019de meydana gelen trafik kazalar\u0131nda yaya ve motosiklet s\u00fcr\u00fcc\u00fcs\u00fc yaraland\u0131. Polis Bas\u0131n Subayl\u0131\u011f\u0131\u2019ndan verilen bilgiye g\u00f6re bu sk\u1e63am saat 21.45 s\u0131ralar\u0131nda, Lefko\u015fa\u2019da Bolu Sokak \u00fczerinde Kadir Kaan YILMAZ (E-22) y\u00f6netimindeki KC 820 plakal\u0131 ara\u00e7 ile kuzey istikametinden g\u00fcney istikametine do\u011fru seyretti\u011fi s\u0131rada Emirgan S\u00fcpermarket \u00f6nlerine geldi\u011finde dikkatsizce sa\u011fa d\u00f6n\u00fc\u015fe ge\u00e7mesi sonucu o esnada<\/p>\n","protected":false},"author":1,"featured_media":3150,"comment_status":"open","ping_status":"open","sticky":false,"template":"","format":"standard","meta":{"footnotes":""},"categories":[1],"tags":[],"class_list":["post-34157","post","type-post","status-publish","format-standard","has-post-thumbnail","hentry","category-gundem"],"yoast_head":"<!-- This site is optimized with the Yoast SEO plugin v27.5 - https:\/\/yoast.com\/product\/yoast-seo-wordpress\/ -->\n<title>Lefko\u015fa ve G\u00f6nyeli\u2019de kaza: Yaya ve motosiklet s\u00fcr\u00fcc\u00fcs\u00fc yaraland\u0131 -<\/title>\n<meta name=\"robots\" content=\"index, follow, max-snippet:-1, max-image-preview:large, max-video-preview:-1\" \/>\n<link rel=\"canonical\" href=\"https:\/\/kibrisdakik.com\/?p=34157\" \/>\n<meta property=\"og:locale\" content=\"tr_TR\" \/>\n<meta property=\"og:type\" content=\"article\" \/>\n<meta property=\"og:title\" content=\"Lefko\u015fa ve G\u00f6nyeli\u2019de kaza: Yaya ve motosiklet s\u00fcr\u00fcc\u00fcs\u00fc yaraland\u0131 -\" \/>\n<meta property=\"og:description\" content=\"Lefko\u015fa\u2019da ve G\u00f6nyeli\u2019de meydana gelen trafik kazalar\u0131nda yaya ve motosiklet s\u00fcr\u00fcc\u00fcs\u00fc yaraland\u0131. Polis Bas\u0131n Subayl\u0131\u011f\u0131\u2019ndan verilen bilgiye g\u00f6re bu sk\u1e63am saat 21.45 s\u0131ralar\u0131nda, Lefko\u015fa\u2019da Bolu Sokak \u00fczerinde Kadir Kaan YILMAZ (E-22) y\u00f6netimindeki KC 820 plakal\u0131 ara\u00e7 ile kuzey istikametinden g\u00fcney istikametine do\u011fru seyretti\u011fi s\u0131rada Emirgan S\u00fcpermarket \u00f6nlerine geldi\u011finde dikkatsizce sa\u011fa d\u00f6n\u00fc\u015fe ge\u00e7mesi sonucu o esnada\" \/>\n<meta property=\"og:url\" content=\"https:\/\/kibrisdakik.com\/?p=34157\" \/>\n<meta property=\"article:published_time\" content=\"2024-03-14T21:03:47+00:00\" \/>\n<meta property=\"og:image\" content=\"https:\/\/kibrisdakik.com\/wp-content\/uploads\/2023\/03\/trafik-kazasi-gece.jpg\" \/>\n\t<meta property=\"og:image:width\" content=\"300\" \/>\n\t<meta property=\"og:image:height\" content=\"168\" \/>\n\t<meta property=\"og:image:type\" content=\"image\/jpeg\" \/>\n<meta name=\"author\" content=\"admin\" \/>\n<meta name=\"twitter:card\" content=\"summary_large_image\" \/>\n<meta name=\"twitter:label1\" content=\"Yazan:\" \/>\n\t<meta name=\"twitter:data1\" content=\"admin\" \/>\n\t<meta name=\"twitter:label2\" content=\"Tahmini okuma s\u00fcresi\" \/>\n\t<meta name=\"twitter:data2\" content=\"1 dakika\" \/>\n<script type=\"application\/ld+json\" class=\"yoast-schema-graph\">{\"@context\":\"https:\\\/\\\/schema.org\",\"@graph\":[{\"@type\":\"Article\",\"@id\":\"https:\\\/\\\/kibrisdakik.com\\\/?p=34157#article\",\"isPartOf\":{\"@id\":\"https:\\\/\\\/kibrisdakik.com\\\/?p=34157\"},\"author\":{\"name\":\"admin\",\"@id\":\"https:\\\/\\\/kibrisdakik.com\\\/#\\\/schema\\\/person\\\/9cd9d437bbb44f72b73ba127e06d8e79\"},\"headline\":\"Lefko\u015fa ve G\u00f6nyeli\u2019de kaza: Yaya ve motosiklet s\u00fcr\u00fcc\u00fcs\u00fc yaraland\u0131\",\"datePublished\":\"2024-03-14T21:03:47+00:00\",\"mainEntityOfPage\":{\"@id\":\"https:\\\/\\\/kibrisdakik.com\\\/?p=34157\"},\"wordCount\":229,\"commentCount\":0,\"image\":{\"@id\":\"https:\\\/\\\/kibrisdakik.com\\\/?p=34157#primaryimage\"},\"thumbnailUrl\":\"https:\\\/\\\/kibrisdakik.com\\\/wp-content\\\/uploads\\\/2023\\\/03\\\/trafik-kazasi-gece.jpg\",\"articleSection\":[\"G\u00fcndem\"],\"inLanguage\":\"tr\",\"potentialAction\":[{\"@type\":\"CommentAction\",\"name\":\"Comment\",\"target\":[\"https:\\\/\\\/kibrisdakik.com\\\/?p=34157#respond\"]}]},{\"@type\":\"WebPage\",\"@id\":\"https:\\\/\\\/kibrisdakik.com\\\/?p=34157\",\"url\":\"https:\\\/\\\/kibrisdakik.com\\\/?p=34157\",\"name\":\"Lefko\u015fa ve G\u00f6nyeli\u2019de kaza: Yaya ve motosiklet s\u00fcr\u00fcc\u00fcs\u00fc yaraland\u0131 -\",\"isPartOf\":{\"@id\":\"https:\\\/\\\/kibrisdakik.com\\\/#website\"},\"primaryImageOfPage\":{\"@id\":\"https:\\\/\\\/kibrisdakik.com\\\/?p=34157#primaryimage\"},\"image\":{\"@id\":\"https:\\\/\\\/kibrisdakik.com\\\/?p=34157#primaryimage\"},\"thumbnailUrl\":\"https:\\\/\\\/kibrisdakik.com\\\/wp-content\\\/uploads\\\/2023\\\/03\\\/trafik-kazasi-gece.jpg\",\"datePublished\":\"2024-03-14T21:03:47+00:00\",\"author\":{\"@id\":\"https:\\\/\\\/kibrisdakik.com\\\/#\\\/schema\\\/person\\\/9cd9d437bbb44f72b73ba127e06d8e79\"},\"breadcrumb\":{\"@id\":\"https:\\\/\\\/kibrisdakik.com\\\/?p=34157#breadcrumb\"},\"inLanguage\":\"tr\",\"potentialAction\":[{\"@type\":\"ReadAction\",\"target\":[\"https:\\\/\\\/kibrisdakik.com\\\/?p=34157\"]}]},{\"@type\":\"ImageObject\",\"inLanguage\":\"tr\",\"@id\":\"https:\\\/\\\/kibrisdakik.com\\\/?p=34157#primaryimage\",\"url\":\"https:\\\/\\\/kibrisdakik.com\\\/wp-content\\\/uploads\\\/2023\\\/03\\\/trafik-kazasi-gece.jpg\",\"contentUrl\":\"https:\\\/\\\/kibrisdakik.com\\\/wp-content\\\/uploads\\\/2023\\\/03\\\/trafik-kazasi-gece.jpg\",\"width\":300,\"height\":168},{\"@type\":\"BreadcrumbList\",\"@id\":\"https:\\\/\\\/kibrisdakik.com\\\/?p=34157#breadcrumb\",\"itemListElement\":[{\"@type\":\"ListItem\",\"position\":1,\"name\":\"Home\",\"item\":\"https:\\\/\\\/kibrisdakik.com\\\/\"},{\"@type\":\"ListItem\",\"position\":2,\"name\":\"Lefko\u015fa ve G\u00f6nyeli\u2019de kaza: Yaya ve motosiklet s\u00fcr\u00fcc\u00fcs\u00fc yaraland\u0131\"}]},{\"@type\":\"WebSite\",\"@id\":\"https:\\\/\\\/kibrisdakik.com\\\/#website\",\"url\":\"https:\\\/\\\/kibrisdakik.com\\\/\",\"name\":\"\",\"description\":\"Tam vaktinde haber\",\"potentialAction\":[{\"@type\":\"SearchAction\",\"target\":{\"@type\":\"EntryPoint\",\"urlTemplate\":\"https:\\\/\\\/kibrisdakik.com\\\/?s={search_term_string}\"},\"query-input\":{\"@type\":\"PropertyValueSpecification\",\"valueRequired\":true,\"valueName\":\"search_term_string\"}}],\"inLanguage\":\"tr\"},{\"@type\":\"Person\",\"@id\":\"https:\\\/\\\/kibrisdakik.com\\\/#\\\/schema\\\/person\\\/9cd9d437bbb44f72b73ba127e06d8e79\",\"name\":\"admin\",\"image\":{\"@type\":\"ImageObject\",\"inLanguage\":\"tr\",\"@id\":\"https:\\\/\\\/secure.gravatar.com\\\/avatar\\\/ccc17943b9d660506c869530f897617f7cb1c21a4bf30023f252596d83e1f007?s=96&d=mm&r=g\",\"url\":\"https:\\\/\\\/secure.gravatar.com\\\/avatar\\\/ccc17943b9d660506c869530f897617f7cb1c21a4bf30023f252596d83e1f007?s=96&d=mm&r=g\",\"contentUrl\":\"https:\\\/\\\/secure.gravatar.com\\\/avatar\\\/ccc17943b9d660506c869530f897617f7cb1c21a4bf30023f252596d83e1f007?s=96&d=mm&r=g\",\"caption\":\"admin\"},\"sameAs\":[\"https:\\\/\\\/kibrisdakik.com\"],\"url\":\"https:\\\/\\\/kibrisdakik.com\\\/?author=1\"}]}<\/script>\n<!-- \/ Yoast SEO plugin. -->","yoast_head_json":{"title":"Lefko\u015fa ve G\u00f6nyeli\u2019de kaza: Yaya ve motosiklet s\u00fcr\u00fcc\u00fcs\u00fc yaraland\u0131 -","robots":{"index":"index","follow":"follow","max-snippet":"max-snippet:-1","max-image-preview":"max-image-preview:large","max-video-preview":"max-video-preview:-1"},"canonical":"https:\/\/kibrisdakik.com\/?p=34157","og_locale":"tr_TR","og_type":"article","og_title":"Lefko\u015fa ve G\u00f6nyeli\u2019de kaza: Yaya ve motosiklet s\u00fcr\u00fcc\u00fcs\u00fc yaraland\u0131 -","og_description":"Lefko\u015fa\u2019da ve G\u00f6nyeli\u2019de meydana gelen trafik kazalar\u0131nda yaya ve motosiklet s\u00fcr\u00fcc\u00fcs\u00fc yaraland\u0131. Polis Bas\u0131n Subayl\u0131\u011f\u0131\u2019ndan verilen bilgiye g\u00f6re bu sk\u1e63am saat 21.45 s\u0131ralar\u0131nda, Lefko\u015fa\u2019da Bolu Sokak \u00fczerinde Kadir Kaan YILMAZ (E-22) y\u00f6netimindeki KC 820 plakal\u0131 ara\u00e7 ile kuzey istikametinden g\u00fcney istikametine do\u011fru seyretti\u011fi s\u0131rada Emirgan S\u00fcpermarket \u00f6nlerine geldi\u011finde dikkatsizce sa\u011fa d\u00f6n\u00fc\u015fe ge\u00e7mesi sonucu o esnada","og_url":"https:\/\/kibrisdakik.com\/?p=34157","article_published_time":"2024-03-14T21:03:47+00:00","og_image":[{"width":300,"height":168,"url":"https:\/\/kibrisdakik.com\/wp-content\/uploads\/2023\/03\/trafik-kazasi-gece.jpg","type":"image\/jpeg"}],"author":"admin","twitter_card":"summary_large_image","twitter_misc":{"Yazan:":"admin","Tahmini okuma s\u00fcresi":"1 dakika"},"schema":{"@context":"https:\/\/schema.org","@graph":[{"@type":"Article","@id":"https:\/\/kibrisdakik.com\/?p=34157#article","isPartOf":{"@id":"https:\/\/kibrisdakik.com\/?p=34157"},"author":{"name":"admin","@id":"https:\/\/kibrisdakik.com\/#\/schema\/person\/9cd9d437bbb44f72b73ba127e06d8e79"},"headline":"Lefko\u015fa ve G\u00f6nyeli\u2019de kaza: Yaya ve motosiklet s\u00fcr\u00fcc\u00fcs\u00fc yaraland\u0131","datePublished":"2024-03-14T21:03:47+00:00","mainEntityOfPage":{"@id":"https:\/\/kibrisdakik.com\/?p=34157"},"wordCount":229,"commentCount":0,"image":{"@id":"https:\/\/kibrisdakik.com\/?p=34157#primaryimage"},"thumbnailUrl":"https:\/\/kibrisdakik.com\/wp-content\/uploads\/2023\/03\/trafik-kazasi-gece.jpg","articleSection":["G\u00fcndem"],"inLanguage":"tr","potentialAction":[{"@type":"CommentAction","name":"Comment","target":["https:\/\/kibrisdakik.com\/?p=34157#respond"]}]},{"@type":"WebPage","@id":"https:\/\/kibrisdakik.com\/?p=34157","url":"https:\/\/kibrisdakik.com\/?p=34157","name":"Lefko\u015fa ve G\u00f6nyeli\u2019de kaza: Yaya ve motosiklet s\u00fcr\u00fcc\u00fcs\u00fc yaraland\u0131 -","isPartOf":{"@id":"https:\/\/kibrisdakik.com\/#website"},"primaryImageOfPage":{"@id":"https:\/\/kibrisdakik.com\/?p=34157#primaryimage"},"image":{"@id":"https:\/\/kibrisdakik.com\/?p=34157#primaryimage"},"thumbnailUrl":"https:\/\/kibrisdakik.com\/wp-content\/uploads\/2023\/03\/trafik-kazasi-gece.jpg","datePublished":"2024-03-14T21:03:47+00:00","author":{"@id":"https:\/\/kibrisdakik.com\/#\/schema\/person\/9cd9d437bbb44f72b73ba127e06d8e79"},"breadcrumb":{"@id":"https:\/\/kibrisdakik.com\/?p=34157#breadcrumb"},"inLanguage":"tr","potentialAction":[{"@type":"ReadAction","target":["https:\/\/kibrisdakik.com\/?p=34157"]}]},{"@type":"ImageObject","inLanguage":"tr","@id":"https:\/\/kibrisdakik.com\/?p=34157#primaryimage","url":"https:\/\/kibrisdakik.com\/wp-content\/uploads\/2023\/03\/trafik-kazasi-gece.jpg","contentUrl":"https:\/\/kibrisdakik.com\/wp-content\/uploads\/2023\/03\/trafik-kazasi-gece.jpg","width":300,"height":168},{"@type":"BreadcrumbList","@id":"https:\/\/kibrisdakik.com\/?p=34157#breadcrumb","itemListElement":[{"@type":"ListItem","position":1,"name":"Home","item":"https:\/\/kibrisdakik.com\/"},{"@type":"ListItem","position":2,"name":"Lefko\u015fa ve G\u00f6nyeli\u2019de kaza: Yaya ve motosiklet s\u00fcr\u00fcc\u00fcs\u00fc yaraland\u0131"}]},{"@type":"WebSite","@id":"https:\/\/kibrisdakik.com\/#website","url":"https:\/\/kibrisdakik.com\/","name":"","description":"Tam vaktinde haber","potentialAction":[{"@type":"SearchAction","target":{"@type":"EntryPoint","urlTemplate":"https:\/\/kibrisdakik.com\/?s={search_term_string}"},"query-input":{"@type":"PropertyValueSpecification","valueRequired":true,"valueName":"search_term_string"}}],"inLanguage":"tr"},{"@type":"Person","@id":"https:\/\/kibrisdakik.com\/#\/schema\/person\/9cd9d437bbb44f72b73ba127e06d8e79","name":"admin","image":{"@type":"ImageObject","inLanguage":"tr","@id":"https:\/\/secure.gravatar.com\/avatar\/ccc17943b9d660506c869530f897617f7cb1c21a4bf30023f252596d83e1f007?s=96&d=mm&r=g","url":"https:\/\/secure.gravatar.com\/avatar\/ccc17943b9d660506c869530f897617f7cb1c21a4bf30023f252596d83e1f007?s=96&d=mm&r=g","contentUrl":"https:\/\/secure.gravatar.com\/avatar\/ccc17943b9d660506c869530f897617f7cb1c21a4bf30023f252596d83e1f007?s=96&d=mm&r=g","caption":"admin"},"sameAs":["https:\/\/kibrisdakik.com"],"url":"https:\/\/kibrisdakik.com\/?author=1"}]}},"_links":{"self":[{"href":"https:\/\/kibrisdakik.com\/index.php?rest_route=\/wp\/v2\/posts\/34157","targetHints":{"allow":["GET"]}}],"collection":[{"href":"https:\/\/kibrisdakik.com\/index.php?rest_route=\/wp\/v2\/posts"}],"about":[{"href":"https:\/\/kibrisdakik.com\/index.php?rest_route=\/wp\/v2\/types\/post"}],"author":[{"embeddable":true,"href":"https:\/\/kibrisdakik.com\/index.php?rest_route=\/wp\/v2\/users\/1"}],"replies":[{"embeddable":true,"href":"https:\/\/kibrisdakik.com\/index.php?rest_route=%2Fwp%2Fv2%2Fcomments&post=34157"}],"version-history":[{"count":0,"href":"https:\/\/kibrisdakik.com\/index.php?rest_route=\/wp\/v2\/posts\/34157\/revisions"}],"wp:featuredmedia":[{"embeddable":true,"href":"https:\/\/kibrisdakik.com\/index.php?rest_route=\/wp\/v2\/media\/3150"}],"wp:attachment":[{"href":"https:\/\/kibrisdakik.com\/index.php?rest_route=%2Fwp%2Fv2%2Fmedia&parent=34157"}],"wp:term":[{"taxonomy":"category","embeddable":true,"href":"https:\/\/kibrisdakik.com\/index.php?rest_route=%2Fwp%2Fv2%2Fcategories&post=34157"},{"taxonomy":"post_tag","embeddable":true,"href":"https:\/\/kibrisdakik.com\/index.php?rest_route=%2Fwp%2Fv2%2Ftags&post=34157"}],"curies":[{"name":"wp","href":"https:\/\/api.w.org\/{rel}","templated":true}]}}