{"id":34168,"date":"2024-03-14T22:21:52","date_gmt":"2024-03-14T22:21:52","guid":{"rendered":"https:\/\/kibrisdakik.com\/index.php\/2024\/03\/14\/asit-yuklu-tir-yandi-zehirli-gaz-yayildi\/"},"modified":"2024-03-14T22:21:52","modified_gmt":"2024-03-14T22:21:52","slug":"asit-yuklu-tir-yandi-zehirli-gaz-yayildi","status":"publish","type":"post","link":"https:\/\/kibrisdakik.com\/?p=34168","title":{"rendered":"Asit y\u00fckl\u00fc t\u0131r yand\u0131 zehirli gaz yay\u0131ld\u0131"},"content":{"rendered":"<p><\/p>\n<p>Kuzey Marmara Otoyolu&#8217;nun Kocaeli ge\u00e7i\u015finde fosforik asit y\u00fckl\u00fc t\u0131r\u0131n kupa k\u0131sm\u0131 alev alev yanmas\u0131yla ortal\u0131\u011fa zehirli gaz sa\u00e7\u0131ld\u0131.<\/p>\n<p>Olay, Kuzey Marmara Otoyolu Dilovas\u0131 il\u00e7esi ge\u00e7i\u015fi Ya\u011fc\u0131lar mevkiinde meydana geldi. Edinilen bilgiye g\u00f6re, Ankara istikametinde seyir halinde olan \u0130.N. idaresindeki 46 ADK 114 plakal\u0131 fosforik asit y\u00fckl\u00fc t\u0131r\u0131n kupa k\u0131sm\u0131nda bilinmeyen bir sebeple yang\u0131n \u00e7\u0131kt\u0131. Y\u00fckselen alevleri fark eden s\u00fcr\u00fcc\u00fc t\u0131r\u0131 emniyet \u015feridinde durdurup 112 Acil \u00c7a\u011fr\u0131 Merkezine ihbarda bulundu. \u0130hbar \u00fczerine adrese Kocaeli B\u00fcy\u00fck\u015fehir Belediyesi Dilovas\u0131 \u0130tfaiye Grup Amirli\u011fi, sa\u011fl\u0131k ve jandarma ekipleri sevk edildi. \u0130tfaiye ekiplerinin m\u00fcdahalesiyle kupan\u0131n tamam\u0131na sirayet eden yang\u0131n s\u00f6nd\u00fcr\u00fcld\u00fc.<\/p>\n<p>\u00d6te yandan, \u00e7evreye yay\u0131lan zehirli gaz itfaiye ekiplerinin \u00e7al\u0131\u015fmas\u0131yla bertaraf edildi. Yang\u0131n sebebiyle t\u0131r\u0131n kupa k\u0131sm\u0131ndan geriye demir y\u0131\u011f\u0131n\u0131 kald\u0131. Otoyolun 2 \u015feridi trafi\u011fe kapan\u0131rken, jandarma ekiplerince tek \u015feritten kontroll\u00fc ge\u00e7i\u015fler sa\u011fland\u0131.<\/p>\n<p><img decoding=\"async\" alt=\"Kuzey Marmara Otoyolu'nda g\u00f6ren nereye ka\u00e7aca\u011f\u0131n\u0131 \u015fa\u015f\u0131rd\u0131! Asit y\u00fckl\u00fc t\u0131r yand\u0131 zehirli gaz yay\u0131ld\u0131 - 1. Resim\" src=\"https:\/\/i.tgrthaber.com.tr\/images\/haberler\/24-03\/15\/kuzey-marmara-otoyolunda-goren-nereye-kacacagini-sasirdi-asit-yuklu-tir-yandi-zehirli-gaz-yayildi-17104509928786_1.jpg\" title=\"Kuzey Marmara Otoyolu'nda g\u00f6ren nereye ka\u00e7aca\u011f\u0131n\u0131 \u015fa\u015f\u0131rd\u0131! Asit y\u00fckl\u00fc t\u0131r yand\u0131 zehirli gaz yay\u0131ld\u0131\" \/><\/p>\n<p>Jandarma ekipleri s\u00fcr\u00fcc\u00fc \u0130.N.&#8217;nin ifadesine ba\u015fvururken, yang\u0131nla ilgili inceleme ba\u015flatt\u0131.<\/p>\n<p>&nbsp;<\/p>\n<p><img decoding=\"async\" alt=\"Kuzey Marmara Otoyolu'nda g\u00f6ren nereye ka\u00e7aca\u011f\u0131n\u0131 \u015fa\u015f\u0131rd\u0131! Asit y\u00fckl\u00fc t\u0131r yand\u0131 zehirli gaz yay\u0131ld\u0131 - 2. Resim\" src=\"https:\/\/i.tgrthaber.com.tr\/images\/haberler\/24-03\/15\/kuzey-marmara-otoyolunda-goren-nereye-kacacagini-sasirdi-asit-yuklu-tir-yandi-zehirli-gaz-yayildi-17104509921334_2.jpg\" title=\"Kuzey Marmara Otoyolu'nda g\u00f6ren nereye ka\u00e7aca\u011f\u0131n\u0131 \u015fa\u015f\u0131rd\u0131! Asit y\u00fckl\u00fc t\u0131r yand\u0131 zehirli gaz yay\u0131ld\u0131\" \/><\/p>\n","protected":false},"excerpt":{"rendered":"<p>Kuzey Marmara Otoyolu&#8217;nun Kocaeli ge\u00e7i\u015finde fosforik asit y\u00fckl\u00fc t\u0131r\u0131n kupa k\u0131sm\u0131 alev alev yanmas\u0131yla ortal\u0131\u011fa zehirli gaz sa\u00e7\u0131ld\u0131. Olay, Kuzey Marmara Otoyolu Dilovas\u0131 il\u00e7esi ge\u00e7i\u015fi Ya\u011fc\u0131lar mevkiinde meydana geldi. Edinilen bilgiye g\u00f6re, Ankara istikametinde seyir halinde olan \u0130.N. idaresindeki 46 ADK 114 plakal\u0131 fosforik asit y\u00fckl\u00fc t\u0131r\u0131n kupa k\u0131sm\u0131nda bilinmeyen bir sebeple yang\u0131n \u00e7\u0131kt\u0131. Y\u00fckselen<\/p>\n","protected":false},"author":1,"featured_media":34169,"comment_status":"open","ping_status":"open","sticky":false,"template":"","format":"standard","meta":{"footnotes":""},"categories":[85],"tags":[],"class_list":["post-34168","post","type-post","status-publish","format-standard","has-post-thumbnail","hentry","category-spor"],"yoast_head":"<!-- This site is optimized with the Yoast SEO plugin v27.4 - https:\/\/yoast.com\/product\/yoast-seo-wordpress\/ -->\n<title>Asit y\u00fckl\u00fc t\u0131r yand\u0131 zehirli gaz yay\u0131ld\u0131 -<\/title>\n<meta name=\"robots\" content=\"index, follow, max-snippet:-1, max-image-preview:large, max-video-preview:-1\" \/>\n<link rel=\"canonical\" href=\"https:\/\/kibrisdakik.com\/?p=34168\" \/>\n<meta property=\"og:locale\" content=\"tr_TR\" \/>\n<meta property=\"og:type\" content=\"article\" \/>\n<meta property=\"og:title\" content=\"Asit y\u00fckl\u00fc t\u0131r yand\u0131 zehirli gaz yay\u0131ld\u0131 -\" \/>\n<meta property=\"og:description\" content=\"Kuzey Marmara Otoyolu&#8217;nun Kocaeli ge\u00e7i\u015finde fosforik asit y\u00fckl\u00fc t\u0131r\u0131n kupa k\u0131sm\u0131 alev alev yanmas\u0131yla ortal\u0131\u011fa zehirli gaz sa\u00e7\u0131ld\u0131. Olay, Kuzey Marmara Otoyolu Dilovas\u0131 il\u00e7esi ge\u00e7i\u015fi Ya\u011fc\u0131lar mevkiinde meydana geldi. Edinilen bilgiye g\u00f6re, Ankara istikametinde seyir halinde olan \u0130.N. idaresindeki 46 ADK 114 plakal\u0131 fosforik asit y\u00fckl\u00fc t\u0131r\u0131n kupa k\u0131sm\u0131nda bilinmeyen bir sebeple yang\u0131n \u00e7\u0131kt\u0131. Y\u00fckselen\" \/>\n<meta property=\"og:url\" content=\"https:\/\/kibrisdakik.com\/?p=34168\" \/>\n<meta property=\"article:published_time\" content=\"2024-03-14T22:21:52+00:00\" \/>\n<meta property=\"og:image\" content=\"https:\/\/kibrisdakik.com\/wp-content\/uploads\/2024\/03\/kuzey-marmara-otoyolunda-goren-nereye-kacacagini-sasirdi-asit-yuklu-tir-yandi-zehirli-gaz-yayildi-17104509928786_1-740x420.jpg\" \/>\n\t<meta property=\"og:image:width\" content=\"1280\" \/>\n\t<meta property=\"og:image:height\" content=\"960\" \/>\n\t<meta property=\"og:image:type\" content=\"image\/jpeg\" \/>\n<meta name=\"author\" content=\"admin\" \/>\n<meta name=\"twitter:card\" content=\"summary_large_image\" \/>\n<meta name=\"twitter:label1\" content=\"Yazan:\" \/>\n\t<meta name=\"twitter:data1\" content=\"admin\" \/>\n\t<meta name=\"twitter:label2\" content=\"Tahmini okuma s\u00fcresi\" \/>\n\t<meta name=\"twitter:data2\" content=\"1 dakika\" \/>\n<script type=\"application\/ld+json\" class=\"yoast-schema-graph\">{\"@context\":\"https:\\\/\\\/schema.org\",\"@graph\":[{\"@type\":\"Article\",\"@id\":\"https:\\\/\\\/kibrisdakik.com\\\/?p=34168#article\",\"isPartOf\":{\"@id\":\"https:\\\/\\\/kibrisdakik.com\\\/?p=34168\"},\"author\":{\"name\":\"admin\",\"@id\":\"https:\\\/\\\/kibrisdakik.com\\\/#\\\/schema\\\/person\\\/9cd9d437bbb44f72b73ba127e06d8e79\"},\"headline\":\"Asit y\u00fckl\u00fc t\u0131r yand\u0131 zehirli gaz yay\u0131ld\u0131\",\"datePublished\":\"2024-03-14T22:21:52+00:00\",\"mainEntityOfPage\":{\"@id\":\"https:\\\/\\\/kibrisdakik.com\\\/?p=34168\"},\"wordCount\":202,\"commentCount\":0,\"image\":{\"@id\":\"https:\\\/\\\/kibrisdakik.com\\\/?p=34168#primaryimage\"},\"thumbnailUrl\":\"https:\\\/\\\/kibrisdakik.com\\\/wp-content\\\/uploads\\\/2024\\\/03\\\/kuzey-marmara-otoyolunda-goren-nereye-kacacagini-sasirdi-asit-yuklu-tir-yandi-zehirli-gaz-yayildi-17104509928786_1-740x420.jpg\",\"articleSection\":[\"Spor\"],\"inLanguage\":\"tr\",\"potentialAction\":[{\"@type\":\"CommentAction\",\"name\":\"Comment\",\"target\":[\"https:\\\/\\\/kibrisdakik.com\\\/?p=34168#respond\"]}]},{\"@type\":\"WebPage\",\"@id\":\"https:\\\/\\\/kibrisdakik.com\\\/?p=34168\",\"url\":\"https:\\\/\\\/kibrisdakik.com\\\/?p=34168\",\"name\":\"Asit y\u00fckl\u00fc t\u0131r yand\u0131 zehirli gaz yay\u0131ld\u0131 -\",\"isPartOf\":{\"@id\":\"https:\\\/\\\/kibrisdakik.com\\\/#website\"},\"primaryImageOfPage\":{\"@id\":\"https:\\\/\\\/kibrisdakik.com\\\/?p=34168#primaryimage\"},\"image\":{\"@id\":\"https:\\\/\\\/kibrisdakik.com\\\/?p=34168#primaryimage\"},\"thumbnailUrl\":\"https:\\\/\\\/kibrisdakik.com\\\/wp-content\\\/uploads\\\/2024\\\/03\\\/kuzey-marmara-otoyolunda-goren-nereye-kacacagini-sasirdi-asit-yuklu-tir-yandi-zehirli-gaz-yayildi-17104509928786_1-740x420.jpg\",\"datePublished\":\"2024-03-14T22:21:52+00:00\",\"author\":{\"@id\":\"https:\\\/\\\/kibrisdakik.com\\\/#\\\/schema\\\/person\\\/9cd9d437bbb44f72b73ba127e06d8e79\"},\"breadcrumb\":{\"@id\":\"https:\\\/\\\/kibrisdakik.com\\\/?p=34168#breadcrumb\"},\"inLanguage\":\"tr\",\"potentialAction\":[{\"@type\":\"ReadAction\",\"target\":[\"https:\\\/\\\/kibrisdakik.com\\\/?p=34168\"]}]},{\"@type\":\"ImageObject\",\"inLanguage\":\"tr\",\"@id\":\"https:\\\/\\\/kibrisdakik.com\\\/?p=34168#primaryimage\",\"url\":\"https:\\\/\\\/kibrisdakik.com\\\/wp-content\\\/uploads\\\/2024\\\/03\\\/kuzey-marmara-otoyolunda-goren-nereye-kacacagini-sasirdi-asit-yuklu-tir-yandi-zehirli-gaz-yayildi-17104509928786_1-740x420.jpg\",\"contentUrl\":\"https:\\\/\\\/kibrisdakik.com\\\/wp-content\\\/uploads\\\/2024\\\/03\\\/kuzey-marmara-otoyolunda-goren-nereye-kacacagini-sasirdi-asit-yuklu-tir-yandi-zehirli-gaz-yayildi-17104509928786_1-740x420.jpg\",\"width\":1280,\"height\":960},{\"@type\":\"BreadcrumbList\",\"@id\":\"https:\\\/\\\/kibrisdakik.com\\\/?p=34168#breadcrumb\",\"itemListElement\":[{\"@type\":\"ListItem\",\"position\":1,\"name\":\"Home\",\"item\":\"https:\\\/\\\/kibrisdakik.com\\\/\"},{\"@type\":\"ListItem\",\"position\":2,\"name\":\"Asit y\u00fckl\u00fc t\u0131r yand\u0131 zehirli gaz yay\u0131ld\u0131\"}]},{\"@type\":\"WebSite\",\"@id\":\"https:\\\/\\\/kibrisdakik.com\\\/#website\",\"url\":\"https:\\\/\\\/kibrisdakik.com\\\/\",\"name\":\"\",\"description\":\"Tam vaktinde haber\",\"potentialAction\":[{\"@type\":\"SearchAction\",\"target\":{\"@type\":\"EntryPoint\",\"urlTemplate\":\"https:\\\/\\\/kibrisdakik.com\\\/?s={search_term_string}\"},\"query-input\":{\"@type\":\"PropertyValueSpecification\",\"valueRequired\":true,\"valueName\":\"search_term_string\"}}],\"inLanguage\":\"tr\"},{\"@type\":\"Person\",\"@id\":\"https:\\\/\\\/kibrisdakik.com\\\/#\\\/schema\\\/person\\\/9cd9d437bbb44f72b73ba127e06d8e79\",\"name\":\"admin\",\"image\":{\"@type\":\"ImageObject\",\"inLanguage\":\"tr\",\"@id\":\"https:\\\/\\\/secure.gravatar.com\\\/avatar\\\/ccc17943b9d660506c869530f897617f7cb1c21a4bf30023f252596d83e1f007?s=96&d=mm&r=g\",\"url\":\"https:\\\/\\\/secure.gravatar.com\\\/avatar\\\/ccc17943b9d660506c869530f897617f7cb1c21a4bf30023f252596d83e1f007?s=96&d=mm&r=g\",\"contentUrl\":\"https:\\\/\\\/secure.gravatar.com\\\/avatar\\\/ccc17943b9d660506c869530f897617f7cb1c21a4bf30023f252596d83e1f007?s=96&d=mm&r=g\",\"caption\":\"admin\"},\"sameAs\":[\"https:\\\/\\\/kibrisdakik.com\"],\"url\":\"https:\\\/\\\/kibrisdakik.com\\\/?author=1\"}]}<\/script>\n<!-- \/ Yoast SEO plugin. -->","yoast_head_json":{"title":"Asit y\u00fckl\u00fc t\u0131r yand\u0131 zehirli gaz yay\u0131ld\u0131 -","robots":{"index":"index","follow":"follow","max-snippet":"max-snippet:-1","max-image-preview":"max-image-preview:large","max-video-preview":"max-video-preview:-1"},"canonical":"https:\/\/kibrisdakik.com\/?p=34168","og_locale":"tr_TR","og_type":"article","og_title":"Asit y\u00fckl\u00fc t\u0131r yand\u0131 zehirli gaz yay\u0131ld\u0131 -","og_description":"Kuzey Marmara Otoyolu&#8217;nun Kocaeli ge\u00e7i\u015finde fosforik asit y\u00fckl\u00fc t\u0131r\u0131n kupa k\u0131sm\u0131 alev alev yanmas\u0131yla ortal\u0131\u011fa zehirli gaz sa\u00e7\u0131ld\u0131. Olay, Kuzey Marmara Otoyolu Dilovas\u0131 il\u00e7esi ge\u00e7i\u015fi Ya\u011fc\u0131lar mevkiinde meydana geldi. Edinilen bilgiye g\u00f6re, Ankara istikametinde seyir halinde olan \u0130.N. idaresindeki 46 ADK 114 plakal\u0131 fosforik asit y\u00fckl\u00fc t\u0131r\u0131n kupa k\u0131sm\u0131nda bilinmeyen bir sebeple yang\u0131n \u00e7\u0131kt\u0131. Y\u00fckselen","og_url":"https:\/\/kibrisdakik.com\/?p=34168","article_published_time":"2024-03-14T22:21:52+00:00","og_image":[{"width":1280,"height":960,"url":"https:\/\/kibrisdakik.com\/wp-content\/uploads\/2024\/03\/kuzey-marmara-otoyolunda-goren-nereye-kacacagini-sasirdi-asit-yuklu-tir-yandi-zehirli-gaz-yayildi-17104509928786_1-740x420.jpg","type":"image\/jpeg"}],"author":"admin","twitter_card":"summary_large_image","twitter_misc":{"Yazan:":"admin","Tahmini okuma s\u00fcresi":"1 dakika"},"schema":{"@context":"https:\/\/schema.org","@graph":[{"@type":"Article","@id":"https:\/\/kibrisdakik.com\/?p=34168#article","isPartOf":{"@id":"https:\/\/kibrisdakik.com\/?p=34168"},"author":{"name":"admin","@id":"https:\/\/kibrisdakik.com\/#\/schema\/person\/9cd9d437bbb44f72b73ba127e06d8e79"},"headline":"Asit y\u00fckl\u00fc t\u0131r yand\u0131 zehirli gaz yay\u0131ld\u0131","datePublished":"2024-03-14T22:21:52+00:00","mainEntityOfPage":{"@id":"https:\/\/kibrisdakik.com\/?p=34168"},"wordCount":202,"commentCount":0,"image":{"@id":"https:\/\/kibrisdakik.com\/?p=34168#primaryimage"},"thumbnailUrl":"https:\/\/kibrisdakik.com\/wp-content\/uploads\/2024\/03\/kuzey-marmara-otoyolunda-goren-nereye-kacacagini-sasirdi-asit-yuklu-tir-yandi-zehirli-gaz-yayildi-17104509928786_1-740x420.jpg","articleSection":["Spor"],"inLanguage":"tr","potentialAction":[{"@type":"CommentAction","name":"Comment","target":["https:\/\/kibrisdakik.com\/?p=34168#respond"]}]},{"@type":"WebPage","@id":"https:\/\/kibrisdakik.com\/?p=34168","url":"https:\/\/kibrisdakik.com\/?p=34168","name":"Asit y\u00fckl\u00fc t\u0131r yand\u0131 zehirli gaz yay\u0131ld\u0131 -","isPartOf":{"@id":"https:\/\/kibrisdakik.com\/#website"},"primaryImageOfPage":{"@id":"https:\/\/kibrisdakik.com\/?p=34168#primaryimage"},"image":{"@id":"https:\/\/kibrisdakik.com\/?p=34168#primaryimage"},"thumbnailUrl":"https:\/\/kibrisdakik.com\/wp-content\/uploads\/2024\/03\/kuzey-marmara-otoyolunda-goren-nereye-kacacagini-sasirdi-asit-yuklu-tir-yandi-zehirli-gaz-yayildi-17104509928786_1-740x420.jpg","datePublished":"2024-03-14T22:21:52+00:00","author":{"@id":"https:\/\/kibrisdakik.com\/#\/schema\/person\/9cd9d437bbb44f72b73ba127e06d8e79"},"breadcrumb":{"@id":"https:\/\/kibrisdakik.com\/?p=34168#breadcrumb"},"inLanguage":"tr","potentialAction":[{"@type":"ReadAction","target":["https:\/\/kibrisdakik.com\/?p=34168"]}]},{"@type":"ImageObject","inLanguage":"tr","@id":"https:\/\/kibrisdakik.com\/?p=34168#primaryimage","url":"https:\/\/kibrisdakik.com\/wp-content\/uploads\/2024\/03\/kuzey-marmara-otoyolunda-goren-nereye-kacacagini-sasirdi-asit-yuklu-tir-yandi-zehirli-gaz-yayildi-17104509928786_1-740x420.jpg","contentUrl":"https:\/\/kibrisdakik.com\/wp-content\/uploads\/2024\/03\/kuzey-marmara-otoyolunda-goren-nereye-kacacagini-sasirdi-asit-yuklu-tir-yandi-zehirli-gaz-yayildi-17104509928786_1-740x420.jpg","width":1280,"height":960},{"@type":"BreadcrumbList","@id":"https:\/\/kibrisdakik.com\/?p=34168#breadcrumb","itemListElement":[{"@type":"ListItem","position":1,"name":"Home","item":"https:\/\/kibrisdakik.com\/"},{"@type":"ListItem","position":2,"name":"Asit y\u00fckl\u00fc t\u0131r yand\u0131 zehirli gaz yay\u0131ld\u0131"}]},{"@type":"WebSite","@id":"https:\/\/kibrisdakik.com\/#website","url":"https:\/\/kibrisdakik.com\/","name":"","description":"Tam vaktinde haber","potentialAction":[{"@type":"SearchAction","target":{"@type":"EntryPoint","urlTemplate":"https:\/\/kibrisdakik.com\/?s={search_term_string}"},"query-input":{"@type":"PropertyValueSpecification","valueRequired":true,"valueName":"search_term_string"}}],"inLanguage":"tr"},{"@type":"Person","@id":"https:\/\/kibrisdakik.com\/#\/schema\/person\/9cd9d437bbb44f72b73ba127e06d8e79","name":"admin","image":{"@type":"ImageObject","inLanguage":"tr","@id":"https:\/\/secure.gravatar.com\/avatar\/ccc17943b9d660506c869530f897617f7cb1c21a4bf30023f252596d83e1f007?s=96&d=mm&r=g","url":"https:\/\/secure.gravatar.com\/avatar\/ccc17943b9d660506c869530f897617f7cb1c21a4bf30023f252596d83e1f007?s=96&d=mm&r=g","contentUrl":"https:\/\/secure.gravatar.com\/avatar\/ccc17943b9d660506c869530f897617f7cb1c21a4bf30023f252596d83e1f007?s=96&d=mm&r=g","caption":"admin"},"sameAs":["https:\/\/kibrisdakik.com"],"url":"https:\/\/kibrisdakik.com\/?author=1"}]}},"_links":{"self":[{"href":"https:\/\/kibrisdakik.com\/index.php?rest_route=\/wp\/v2\/posts\/34168","targetHints":{"allow":["GET"]}}],"collection":[{"href":"https:\/\/kibrisdakik.com\/index.php?rest_route=\/wp\/v2\/posts"}],"about":[{"href":"https:\/\/kibrisdakik.com\/index.php?rest_route=\/wp\/v2\/types\/post"}],"author":[{"embeddable":true,"href":"https:\/\/kibrisdakik.com\/index.php?rest_route=\/wp\/v2\/users\/1"}],"replies":[{"embeddable":true,"href":"https:\/\/kibrisdakik.com\/index.php?rest_route=%2Fwp%2Fv2%2Fcomments&post=34168"}],"version-history":[{"count":0,"href":"https:\/\/kibrisdakik.com\/index.php?rest_route=\/wp\/v2\/posts\/34168\/revisions"}],"wp:featuredmedia":[{"embeddable":true,"href":"https:\/\/kibrisdakik.com\/index.php?rest_route=\/wp\/v2\/media\/34169"}],"wp:attachment":[{"href":"https:\/\/kibrisdakik.com\/index.php?rest_route=%2Fwp%2Fv2%2Fmedia&parent=34168"}],"wp:term":[{"taxonomy":"category","embeddable":true,"href":"https:\/\/kibrisdakik.com\/index.php?rest_route=%2Fwp%2Fv2%2Fcategories&post=34168"},{"taxonomy":"post_tag","embeddable":true,"href":"https:\/\/kibrisdakik.com\/index.php?rest_route=%2Fwp%2Fv2%2Ftags&post=34168"}],"curies":[{"name":"wp","href":"https:\/\/api.w.org\/{rel}","templated":true}]}}