{"id":34244,"date":"2024-03-15T13:36:49","date_gmt":"2024-03-15T13:36:49","guid":{"rendered":"https:\/\/kibrisdakik.com\/index.php\/2024\/03\/15\/mehmet-ali-erbilden-sok-iddia-acun-ilicali-buna-ne-cevap-verecek\/"},"modified":"2024-03-15T13:36:49","modified_gmt":"2024-03-15T13:36:49","slug":"mehmet-ali-erbilden-sok-iddia-acun-ilicali-buna-ne-cevap-verecek","status":"publish","type":"post","link":"https:\/\/kibrisdakik.com\/?p=34244","title":{"rendered":"Mehmet Ali Erbil&#039;den \u015fok iddia! Acun Il\u0131cal\u0131 buna ne cevap verecek?"},"content":{"rendered":"<p><\/p>\n<p>Survivor&#8217;da art arda ald\u0131\u011f\u0131 cezalarla g\u00fcndemden d\u00fc\u015fmeyen Yunus Emre \u00f6zden, canl\u0131 yay\u0131nda baba olaca\u011f\u0131n\u0131 \u00f6\u011frenmi\u015fti.<br \/>\n<img decoding=\"async\" alt=\"Mehmet Ali Erbil'den \u015fok iddia! Acun Il\u0131cal\u0131 buna ne cevap verecek? &quot;Yunus Emre'nin baba olaca\u011f\u0131n\u0131 \u00f6\u011frendi\u011fi g\u00f6r\u00fcnt\u00fclerde...&quot;\" src=\"https:\/\/imgrosetta.mynet.com.tr\/file\/18596763\/18596763-728xauto.jpg\" \/><br \/>\nYunus Emre&#8217;nin e\u015fi Beria \u00d6zden&nbsp;sosyal medya&nbsp;hesab\u0131ndan \u00fcz\u00fcc\u00fc haberi payla\u015ft\u0131. \u00d6zden, kulland\u0131\u011f\u0131 ila\u00e7lar sebebiyle gebelik durumunun sonland\u0131\u011f\u0131n\u0131&nbsp;s\u00f6yledi.<\/p>\n<p>&#8216;S\u00f6ylemezsen Olmaz&#8217; program\u0131nda Yunus Emre ve e\u015finin a\u00e7\u0131klamalar\u0131 ele al\u0131nd\u0131. Konuyla ilgili programa canl\u0131 yay\u0131nla ba\u011flanan Mehmet Ali Erbil, Yunus Emre&#8217;nin canl\u0131 yay\u0131nda baba oldu\u011funu \u00f6\u011frendi\u011fi g\u00f6r\u00fcnt\u00fclerdeki bir detay\u0131n dikkatini \u00e7ekti\u011fini s\u00f6yledi.<br \/>\n&nbsp;<\/p>\n<h2>&#8220;BU T\u0130P KURGULAR YAPILIYOR&#8221;<\/h2>\n<p>Erbil&#8217;in g\u00f6r\u00fcnt\u00fclerle ilgili iddias\u0131 \u015f\u00f6yle:<\/p>\n<p>&#8220;Arkada sakall\u0131 bir yar\u0131\u015fmac\u0131 var, ben ona dikkat ettim. \u0130smini bilmiyorum. G\u00f6r\u00fcnt\u00fclerde sa\u011fdan bir komut al\u0131yor. Oraya da s\u00f6yl\u00fcyor. Yapal\u0131m m\u0131? ba\u011f\u0131ral\u0131m m\u0131? gibi bir ifadesi var. Bak\u0131n g\u00f6r\u00fcnt\u00fclerde sa\u011fa bak\u0131yor. Bu tip kurgular yap\u0131l\u0131yor televizyon programlar\u0131nda.&#8221;<br \/>\nErbil&#8217;in &#8220;\u0130smini bilmiyorum&#8221; dedi\u011fi sakall\u0131 ki\u015fi en arkada bulunan Sercan&#8217;d\u0131.<br \/>\n&nbsp;<\/p>\n","protected":false},"excerpt":{"rendered":"<p>Survivor&#8217;da art arda ald\u0131\u011f\u0131 cezalarla g\u00fcndemden d\u00fc\u015fmeyen Yunus Emre \u00f6zden, canl\u0131 yay\u0131nda baba olaca\u011f\u0131n\u0131 \u00f6\u011frenmi\u015fti. Yunus Emre&#8217;nin e\u015fi Beria \u00d6zden&nbsp;sosyal medya&nbsp;hesab\u0131ndan \u00fcz\u00fcc\u00fc haberi payla\u015ft\u0131. \u00d6zden, kulland\u0131\u011f\u0131 ila\u00e7lar sebebiyle gebelik durumunun sonland\u0131\u011f\u0131n\u0131&nbsp;s\u00f6yledi. &#8216;S\u00f6ylemezsen Olmaz&#8217; program\u0131nda Yunus Emre ve e\u015finin a\u00e7\u0131klamalar\u0131 ele al\u0131nd\u0131. Konuyla ilgili programa canl\u0131 yay\u0131nla ba\u011flanan Mehmet Ali Erbil, Yunus Emre&#8217;nin canl\u0131 yay\u0131nda baba<\/p>\n","protected":false},"author":1,"featured_media":34245,"comment_status":"open","ping_status":"open","sticky":false,"template":"","format":"standard","meta":{"footnotes":""},"categories":[85],"tags":[],"class_list":["post-34244","post","type-post","status-publish","format-standard","has-post-thumbnail","hentry","category-spor"],"yoast_head":"<!-- This site is optimized with the Yoast SEO plugin v27.5 - https:\/\/yoast.com\/product\/yoast-seo-wordpress\/ -->\n<title>Mehmet Ali Erbil&#039;den \u015fok iddia! Acun Il\u0131cal\u0131 buna ne cevap verecek? -<\/title>\n<meta name=\"robots\" content=\"index, follow, max-snippet:-1, max-image-preview:large, max-video-preview:-1\" \/>\n<link rel=\"canonical\" href=\"https:\/\/kibrisdakik.com\/?p=34244\" \/>\n<meta property=\"og:locale\" content=\"tr_TR\" \/>\n<meta property=\"og:type\" content=\"article\" \/>\n<meta property=\"og:title\" content=\"Mehmet Ali Erbil&#039;den \u015fok iddia! Acun Il\u0131cal\u0131 buna ne cevap verecek? -\" \/>\n<meta property=\"og:description\" content=\"Survivor&#8217;da art arda ald\u0131\u011f\u0131 cezalarla g\u00fcndemden d\u00fc\u015fmeyen Yunus Emre \u00f6zden, canl\u0131 yay\u0131nda baba olaca\u011f\u0131n\u0131 \u00f6\u011frenmi\u015fti. Yunus Emre&#8217;nin e\u015fi Beria \u00d6zden&nbsp;sosyal medya&nbsp;hesab\u0131ndan \u00fcz\u00fcc\u00fc haberi payla\u015ft\u0131. \u00d6zden, kulland\u0131\u011f\u0131 ila\u00e7lar sebebiyle gebelik durumunun sonland\u0131\u011f\u0131n\u0131&nbsp;s\u00f6yledi. &#8216;S\u00f6ylemezsen Olmaz&#8217; program\u0131nda Yunus Emre ve e\u015finin a\u00e7\u0131klamalar\u0131 ele al\u0131nd\u0131. Konuyla ilgili programa canl\u0131 yay\u0131nla ba\u011flanan Mehmet Ali Erbil, Yunus Emre&#8217;nin canl\u0131 yay\u0131nda baba\" \/>\n<meta property=\"og:url\" content=\"https:\/\/kibrisdakik.com\/?p=34244\" \/>\n<meta property=\"article:published_time\" content=\"2024-03-15T13:36:49+00:00\" \/>\n<meta property=\"og:image\" content=\"https:\/\/kibrisdakik.com\/wp-content\/uploads\/2024\/03\/18596763-728xauto-728x420.jpg\" \/>\n\t<meta property=\"og:image:width\" content=\"728\" \/>\n\t<meta property=\"og:image:height\" content=\"546\" \/>\n\t<meta property=\"og:image:type\" content=\"image\/jpeg\" \/>\n<meta name=\"author\" content=\"admin\" \/>\n<meta name=\"twitter:card\" content=\"summary_large_image\" \/>\n<meta name=\"twitter:label1\" content=\"Yazan:\" \/>\n\t<meta name=\"twitter:data1\" content=\"admin\" \/>\n\t<meta name=\"twitter:label2\" content=\"Tahmini okuma s\u00fcresi\" \/>\n\t<meta name=\"twitter:data2\" content=\"1 dakika\" \/>\n<script type=\"application\/ld+json\" class=\"yoast-schema-graph\">{\"@context\":\"https:\\\/\\\/schema.org\",\"@graph\":[{\"@type\":\"Article\",\"@id\":\"https:\\\/\\\/kibrisdakik.com\\\/?p=34244#article\",\"isPartOf\":{\"@id\":\"https:\\\/\\\/kibrisdakik.com\\\/?p=34244\"},\"author\":{\"name\":\"admin\",\"@id\":\"https:\\\/\\\/kibrisdakik.com\\\/#\\\/schema\\\/person\\\/9cd9d437bbb44f72b73ba127e06d8e79\"},\"headline\":\"Mehmet Ali Erbil&#039;den \u015fok iddia! Acun Il\u0131cal\u0131 buna ne cevap verecek?\",\"datePublished\":\"2024-03-15T13:36:49+00:00\",\"mainEntityOfPage\":{\"@id\":\"https:\\\/\\\/kibrisdakik.com\\\/?p=34244\"},\"wordCount\":194,\"commentCount\":0,\"image\":{\"@id\":\"https:\\\/\\\/kibrisdakik.com\\\/?p=34244#primaryimage\"},\"thumbnailUrl\":\"https:\\\/\\\/kibrisdakik.com\\\/wp-content\\\/uploads\\\/2024\\\/03\\\/18596763-728xauto-728x420.jpg\",\"articleSection\":[\"Spor\"],\"inLanguage\":\"tr\",\"potentialAction\":[{\"@type\":\"CommentAction\",\"name\":\"Comment\",\"target\":[\"https:\\\/\\\/kibrisdakik.com\\\/?p=34244#respond\"]}]},{\"@type\":\"WebPage\",\"@id\":\"https:\\\/\\\/kibrisdakik.com\\\/?p=34244\",\"url\":\"https:\\\/\\\/kibrisdakik.com\\\/?p=34244\",\"name\":\"Mehmet Ali Erbil&#039;den \u015fok iddia! Acun Il\u0131cal\u0131 buna ne cevap verecek? -\",\"isPartOf\":{\"@id\":\"https:\\\/\\\/kibrisdakik.com\\\/#website\"},\"primaryImageOfPage\":{\"@id\":\"https:\\\/\\\/kibrisdakik.com\\\/?p=34244#primaryimage\"},\"image\":{\"@id\":\"https:\\\/\\\/kibrisdakik.com\\\/?p=34244#primaryimage\"},\"thumbnailUrl\":\"https:\\\/\\\/kibrisdakik.com\\\/wp-content\\\/uploads\\\/2024\\\/03\\\/18596763-728xauto-728x420.jpg\",\"datePublished\":\"2024-03-15T13:36:49+00:00\",\"author\":{\"@id\":\"https:\\\/\\\/kibrisdakik.com\\\/#\\\/schema\\\/person\\\/9cd9d437bbb44f72b73ba127e06d8e79\"},\"breadcrumb\":{\"@id\":\"https:\\\/\\\/kibrisdakik.com\\\/?p=34244#breadcrumb\"},\"inLanguage\":\"tr\",\"potentialAction\":[{\"@type\":\"ReadAction\",\"target\":[\"https:\\\/\\\/kibrisdakik.com\\\/?p=34244\"]}]},{\"@type\":\"ImageObject\",\"inLanguage\":\"tr\",\"@id\":\"https:\\\/\\\/kibrisdakik.com\\\/?p=34244#primaryimage\",\"url\":\"https:\\\/\\\/kibrisdakik.com\\\/wp-content\\\/uploads\\\/2024\\\/03\\\/18596763-728xauto-728x420.jpg\",\"contentUrl\":\"https:\\\/\\\/kibrisdakik.com\\\/wp-content\\\/uploads\\\/2024\\\/03\\\/18596763-728xauto-728x420.jpg\",\"width\":728,\"height\":546},{\"@type\":\"BreadcrumbList\",\"@id\":\"https:\\\/\\\/kibrisdakik.com\\\/?p=34244#breadcrumb\",\"itemListElement\":[{\"@type\":\"ListItem\",\"position\":1,\"name\":\"Home\",\"item\":\"https:\\\/\\\/kibrisdakik.com\\\/\"},{\"@type\":\"ListItem\",\"position\":2,\"name\":\"Mehmet Ali Erbil&#039;den \u015fok iddia! Acun Il\u0131cal\u0131 buna ne cevap verecek?\"}]},{\"@type\":\"WebSite\",\"@id\":\"https:\\\/\\\/kibrisdakik.com\\\/#website\",\"url\":\"https:\\\/\\\/kibrisdakik.com\\\/\",\"name\":\"\",\"description\":\"Tam vaktinde haber\",\"potentialAction\":[{\"@type\":\"SearchAction\",\"target\":{\"@type\":\"EntryPoint\",\"urlTemplate\":\"https:\\\/\\\/kibrisdakik.com\\\/?s={search_term_string}\"},\"query-input\":{\"@type\":\"PropertyValueSpecification\",\"valueRequired\":true,\"valueName\":\"search_term_string\"}}],\"inLanguage\":\"tr\"},{\"@type\":\"Person\",\"@id\":\"https:\\\/\\\/kibrisdakik.com\\\/#\\\/schema\\\/person\\\/9cd9d437bbb44f72b73ba127e06d8e79\",\"name\":\"admin\",\"image\":{\"@type\":\"ImageObject\",\"inLanguage\":\"tr\",\"@id\":\"https:\\\/\\\/secure.gravatar.com\\\/avatar\\\/ccc17943b9d660506c869530f897617f7cb1c21a4bf30023f252596d83e1f007?s=96&d=mm&r=g\",\"url\":\"https:\\\/\\\/secure.gravatar.com\\\/avatar\\\/ccc17943b9d660506c869530f897617f7cb1c21a4bf30023f252596d83e1f007?s=96&d=mm&r=g\",\"contentUrl\":\"https:\\\/\\\/secure.gravatar.com\\\/avatar\\\/ccc17943b9d660506c869530f897617f7cb1c21a4bf30023f252596d83e1f007?s=96&d=mm&r=g\",\"caption\":\"admin\"},\"sameAs\":[\"https:\\\/\\\/kibrisdakik.com\"],\"url\":\"https:\\\/\\\/kibrisdakik.com\\\/?author=1\"}]}<\/script>\n<!-- \/ Yoast SEO plugin. -->","yoast_head_json":{"title":"Mehmet Ali Erbil&#039;den \u015fok iddia! Acun Il\u0131cal\u0131 buna ne cevap verecek? -","robots":{"index":"index","follow":"follow","max-snippet":"max-snippet:-1","max-image-preview":"max-image-preview:large","max-video-preview":"max-video-preview:-1"},"canonical":"https:\/\/kibrisdakik.com\/?p=34244","og_locale":"tr_TR","og_type":"article","og_title":"Mehmet Ali Erbil&#039;den \u015fok iddia! Acun Il\u0131cal\u0131 buna ne cevap verecek? -","og_description":"Survivor&#8217;da art arda ald\u0131\u011f\u0131 cezalarla g\u00fcndemden d\u00fc\u015fmeyen Yunus Emre \u00f6zden, canl\u0131 yay\u0131nda baba olaca\u011f\u0131n\u0131 \u00f6\u011frenmi\u015fti. Yunus Emre&#8217;nin e\u015fi Beria \u00d6zden&nbsp;sosyal medya&nbsp;hesab\u0131ndan \u00fcz\u00fcc\u00fc haberi payla\u015ft\u0131. \u00d6zden, kulland\u0131\u011f\u0131 ila\u00e7lar sebebiyle gebelik durumunun sonland\u0131\u011f\u0131n\u0131&nbsp;s\u00f6yledi. &#8216;S\u00f6ylemezsen Olmaz&#8217; program\u0131nda Yunus Emre ve e\u015finin a\u00e7\u0131klamalar\u0131 ele al\u0131nd\u0131. Konuyla ilgili programa canl\u0131 yay\u0131nla ba\u011flanan Mehmet Ali Erbil, Yunus Emre&#8217;nin canl\u0131 yay\u0131nda baba","og_url":"https:\/\/kibrisdakik.com\/?p=34244","article_published_time":"2024-03-15T13:36:49+00:00","og_image":[{"width":728,"height":546,"url":"https:\/\/kibrisdakik.com\/wp-content\/uploads\/2024\/03\/18596763-728xauto-728x420.jpg","type":"image\/jpeg"}],"author":"admin","twitter_card":"summary_large_image","twitter_misc":{"Yazan:":"admin","Tahmini okuma s\u00fcresi":"1 dakika"},"schema":{"@context":"https:\/\/schema.org","@graph":[{"@type":"Article","@id":"https:\/\/kibrisdakik.com\/?p=34244#article","isPartOf":{"@id":"https:\/\/kibrisdakik.com\/?p=34244"},"author":{"name":"admin","@id":"https:\/\/kibrisdakik.com\/#\/schema\/person\/9cd9d437bbb44f72b73ba127e06d8e79"},"headline":"Mehmet Ali Erbil&#039;den \u015fok iddia! Acun Il\u0131cal\u0131 buna ne cevap verecek?","datePublished":"2024-03-15T13:36:49+00:00","mainEntityOfPage":{"@id":"https:\/\/kibrisdakik.com\/?p=34244"},"wordCount":194,"commentCount":0,"image":{"@id":"https:\/\/kibrisdakik.com\/?p=34244#primaryimage"},"thumbnailUrl":"https:\/\/kibrisdakik.com\/wp-content\/uploads\/2024\/03\/18596763-728xauto-728x420.jpg","articleSection":["Spor"],"inLanguage":"tr","potentialAction":[{"@type":"CommentAction","name":"Comment","target":["https:\/\/kibrisdakik.com\/?p=34244#respond"]}]},{"@type":"WebPage","@id":"https:\/\/kibrisdakik.com\/?p=34244","url":"https:\/\/kibrisdakik.com\/?p=34244","name":"Mehmet Ali Erbil&#039;den \u015fok iddia! Acun Il\u0131cal\u0131 buna ne cevap verecek? -","isPartOf":{"@id":"https:\/\/kibrisdakik.com\/#website"},"primaryImageOfPage":{"@id":"https:\/\/kibrisdakik.com\/?p=34244#primaryimage"},"image":{"@id":"https:\/\/kibrisdakik.com\/?p=34244#primaryimage"},"thumbnailUrl":"https:\/\/kibrisdakik.com\/wp-content\/uploads\/2024\/03\/18596763-728xauto-728x420.jpg","datePublished":"2024-03-15T13:36:49+00:00","author":{"@id":"https:\/\/kibrisdakik.com\/#\/schema\/person\/9cd9d437bbb44f72b73ba127e06d8e79"},"breadcrumb":{"@id":"https:\/\/kibrisdakik.com\/?p=34244#breadcrumb"},"inLanguage":"tr","potentialAction":[{"@type":"ReadAction","target":["https:\/\/kibrisdakik.com\/?p=34244"]}]},{"@type":"ImageObject","inLanguage":"tr","@id":"https:\/\/kibrisdakik.com\/?p=34244#primaryimage","url":"https:\/\/kibrisdakik.com\/wp-content\/uploads\/2024\/03\/18596763-728xauto-728x420.jpg","contentUrl":"https:\/\/kibrisdakik.com\/wp-content\/uploads\/2024\/03\/18596763-728xauto-728x420.jpg","width":728,"height":546},{"@type":"BreadcrumbList","@id":"https:\/\/kibrisdakik.com\/?p=34244#breadcrumb","itemListElement":[{"@type":"ListItem","position":1,"name":"Home","item":"https:\/\/kibrisdakik.com\/"},{"@type":"ListItem","position":2,"name":"Mehmet Ali Erbil&#039;den \u015fok iddia! Acun Il\u0131cal\u0131 buna ne cevap verecek?"}]},{"@type":"WebSite","@id":"https:\/\/kibrisdakik.com\/#website","url":"https:\/\/kibrisdakik.com\/","name":"","description":"Tam vaktinde haber","potentialAction":[{"@type":"SearchAction","target":{"@type":"EntryPoint","urlTemplate":"https:\/\/kibrisdakik.com\/?s={search_term_string}"},"query-input":{"@type":"PropertyValueSpecification","valueRequired":true,"valueName":"search_term_string"}}],"inLanguage":"tr"},{"@type":"Person","@id":"https:\/\/kibrisdakik.com\/#\/schema\/person\/9cd9d437bbb44f72b73ba127e06d8e79","name":"admin","image":{"@type":"ImageObject","inLanguage":"tr","@id":"https:\/\/secure.gravatar.com\/avatar\/ccc17943b9d660506c869530f897617f7cb1c21a4bf30023f252596d83e1f007?s=96&d=mm&r=g","url":"https:\/\/secure.gravatar.com\/avatar\/ccc17943b9d660506c869530f897617f7cb1c21a4bf30023f252596d83e1f007?s=96&d=mm&r=g","contentUrl":"https:\/\/secure.gravatar.com\/avatar\/ccc17943b9d660506c869530f897617f7cb1c21a4bf30023f252596d83e1f007?s=96&d=mm&r=g","caption":"admin"},"sameAs":["https:\/\/kibrisdakik.com"],"url":"https:\/\/kibrisdakik.com\/?author=1"}]}},"_links":{"self":[{"href":"https:\/\/kibrisdakik.com\/index.php?rest_route=\/wp\/v2\/posts\/34244","targetHints":{"allow":["GET"]}}],"collection":[{"href":"https:\/\/kibrisdakik.com\/index.php?rest_route=\/wp\/v2\/posts"}],"about":[{"href":"https:\/\/kibrisdakik.com\/index.php?rest_route=\/wp\/v2\/types\/post"}],"author":[{"embeddable":true,"href":"https:\/\/kibrisdakik.com\/index.php?rest_route=\/wp\/v2\/users\/1"}],"replies":[{"embeddable":true,"href":"https:\/\/kibrisdakik.com\/index.php?rest_route=%2Fwp%2Fv2%2Fcomments&post=34244"}],"version-history":[{"count":0,"href":"https:\/\/kibrisdakik.com\/index.php?rest_route=\/wp\/v2\/posts\/34244\/revisions"}],"wp:featuredmedia":[{"embeddable":true,"href":"https:\/\/kibrisdakik.com\/index.php?rest_route=\/wp\/v2\/media\/34245"}],"wp:attachment":[{"href":"https:\/\/kibrisdakik.com\/index.php?rest_route=%2Fwp%2Fv2%2Fmedia&parent=34244"}],"wp:term":[{"taxonomy":"category","embeddable":true,"href":"https:\/\/kibrisdakik.com\/index.php?rest_route=%2Fwp%2Fv2%2Fcategories&post=34244"},{"taxonomy":"post_tag","embeddable":true,"href":"https:\/\/kibrisdakik.com\/index.php?rest_route=%2Fwp%2Fv2%2Ftags&post=34244"}],"curies":[{"name":"wp","href":"https:\/\/api.w.org\/{rel}","templated":true}]}}