{"id":34325,"date":"2024-03-16T02:49:54","date_gmt":"2024-03-16T02:49:54","guid":{"rendered":"https:\/\/kibrisdakik.com\/index.php\/2024\/03\/16\/besiktastan-tffye-tugba-karatas-itirazi\/"},"modified":"2024-03-16T02:49:54","modified_gmt":"2024-03-16T02:49:54","slug":"besiktastan-tffye-tugba-karatas-itirazi","status":"publish","type":"post","link":"https:\/\/kibrisdakik.com\/?p=34325","title":{"rendered":"Be\u015fikta\u015f&#039;tan TFF&#039;ye &quot;Tu\u011fba Karata\u015f&quot; itiraz\u0131"},"content":{"rendered":"<p><img decoding=\"async\" src=\"https:\/\/www.kibristurk.com\/images\/haberler\/2024\/03\/besiktastan-tffye-tugba-karatas-itirazi-1710522897.webp\" \/><\/p>\n<p>Kul\u00fcb\u00fcn internet sitesinden yap\u0131lan a\u00e7\u0131klamada, &#8220;Transfer yasa\u011f\u0131na ra\u011fmen ALG Spor, 10 Ocak 2024 tarihinde Tu\u011fba Karata\u015f\u2019\u0131 transfer etmi\u015f, ALG Spor\u2019a transfer yasa\u011f\u0131 gelmi\u015f olmas\u0131na ra\u011fmen TFF Adana B\u00f6lge M\u00fcd\u00fcrl\u00fc\u011f\u00fc Tu\u011fba Karata\u015f\u2019a lisans \u00e7\u0131karm\u0131\u015ft\u0131r.&#8221; ifadeleri kullan\u0131ld\u0131.<\/p>\n<p>ALG Spor ile 14 Ocak&#8217;ta yapt\u0131klar\u0131 ma\u00e7ta Tu\u011fba Karata\u015f&#8217;\u0131n g\u00f6rev ald\u0131\u011f\u0131 ve durumun tespitinin ard\u0131ndan TFF&#8217;ye itiraz edildi\u011fi, Amat\u00f6r Futbol Disiplin Kurulunun 2 ay sonra cevap vererek zaman a\u015f\u0131m\u0131 nedeniyle itiraz\u0131 reddetti\u011fi belirtilen a\u00e7\u0131klamada, \u015funlar kaydedildi:<\/p>\n<p>&#8220;FIFA taraf\u0131ndan ALG Spor\u2019a transfer yasa\u011f\u0131 gelmi\u015f olmas\u0131na ra\u011fmen Tu\u011fba Karata\u015f\u2019a hangi sebeple lisans verilmi\u015ftir? B\u00f6yle bir hukuksuzluk ya\u015fan\u0131rken sporcular\u0131n organizasyona sayg\u0131 duymas\u0131n\u0131 nas\u0131l beklersiniz? Daha da \u00f6nemlisi FIFA nezdinde \u00fclkenin d\u00fc\u015ft\u00fc\u011f\u00fc durumu izah edebilecek bir gerek\u00e7e \u00fcretebilir misiniz? S\u00f6z konusu hukuka ayk\u0131r\u0131 kararla ilgili olarak T\u00fcrkiye Futbol Federasyonu Tahkim Kuruluna ba\u015fvuraca\u011f\u0131m\u0131z\u0131 kamuoyunun bilgisine sunar\u0131z.&#8221;<\/p>\n","protected":false},"excerpt":{"rendered":"<p>Kul\u00fcb\u00fcn internet sitesinden yap\u0131lan a\u00e7\u0131klamada, &#8220;Transfer yasa\u011f\u0131na ra\u011fmen ALG Spor, 10 Ocak 2024 tarihinde Tu\u011fba Karata\u015f\u2019\u0131 transfer etmi\u015f, ALG Spor\u2019a transfer yasa\u011f\u0131 gelmi\u015f olmas\u0131na ra\u011fmen TFF Adana B\u00f6lge M\u00fcd\u00fcrl\u00fc\u011f\u00fc Tu\u011fba Karata\u015f\u2019a lisans \u00e7\u0131karm\u0131\u015ft\u0131r.&#8221; ifadeleri kullan\u0131ld\u0131. ALG Spor ile 14 Ocak&#8217;ta yapt\u0131klar\u0131 ma\u00e7ta Tu\u011fba Karata\u015f&#8217;\u0131n g\u00f6rev ald\u0131\u011f\u0131 ve durumun tespitinin ard\u0131ndan TFF&#8217;ye itiraz edildi\u011fi, Amat\u00f6r Futbol<\/p>\n","protected":false},"author":1,"featured_media":34326,"comment_status":"open","ping_status":"open","sticky":false,"template":"","format":"standard","meta":{"footnotes":""},"categories":[85],"tags":[],"class_list":["post-34325","post","type-post","status-publish","format-standard","has-post-thumbnail","hentry","category-spor"],"yoast_head":"<!-- This site is optimized with the Yoast SEO plugin v27.5 - https:\/\/yoast.com\/product\/yoast-seo-wordpress\/ -->\n<title>Be\u015fikta\u015f&#039;tan TFF&#039;ye &quot;Tu\u011fba Karata\u015f&quot; itiraz\u0131 -<\/title>\n<meta name=\"robots\" content=\"index, follow, max-snippet:-1, max-image-preview:large, max-video-preview:-1\" \/>\n<link rel=\"canonical\" href=\"https:\/\/kibrisdakik.com\/?p=34325\" \/>\n<meta property=\"og:locale\" content=\"tr_TR\" \/>\n<meta property=\"og:type\" content=\"article\" \/>\n<meta property=\"og:title\" content=\"Be\u015fikta\u015f&#039;tan TFF&#039;ye &quot;Tu\u011fba Karata\u015f&quot; itiraz\u0131 -\" \/>\n<meta property=\"og:description\" content=\"Kul\u00fcb\u00fcn internet sitesinden yap\u0131lan a\u00e7\u0131klamada, &#8220;Transfer yasa\u011f\u0131na ra\u011fmen ALG Spor, 10 Ocak 2024 tarihinde Tu\u011fba Karata\u015f\u2019\u0131 transfer etmi\u015f, ALG Spor\u2019a transfer yasa\u011f\u0131 gelmi\u015f olmas\u0131na ra\u011fmen TFF Adana B\u00f6lge M\u00fcd\u00fcrl\u00fc\u011f\u00fc Tu\u011fba Karata\u015f\u2019a lisans \u00e7\u0131karm\u0131\u015ft\u0131r.&#8221; ifadeleri kullan\u0131ld\u0131. ALG Spor ile 14 Ocak&#8217;ta yapt\u0131klar\u0131 ma\u00e7ta Tu\u011fba Karata\u015f&#8217;\u0131n g\u00f6rev ald\u0131\u011f\u0131 ve durumun tespitinin ard\u0131ndan TFF&#8217;ye itiraz edildi\u011fi, Amat\u00f6r Futbol\" \/>\n<meta property=\"og:url\" content=\"https:\/\/kibrisdakik.com\/?p=34325\" \/>\n<meta property=\"article:published_time\" content=\"2024-03-16T02:49:54+00:00\" \/>\n<meta property=\"og:image\" content=\"https:\/\/kibrisdakik.com\/wp-content\/uploads\/2024\/03\/besiktastan-tffye-tugba-karatas-itirazi-1710522897.webp.webp\" \/>\n\t<meta property=\"og:image:width\" content=\"710\" \/>\n\t<meta property=\"og:image:height\" content=\"370\" \/>\n\t<meta property=\"og:image:type\" content=\"image\/webp\" \/>\n<meta name=\"author\" content=\"admin\" \/>\n<meta name=\"twitter:card\" content=\"summary_large_image\" \/>\n<meta name=\"twitter:label1\" content=\"Yazan:\" \/>\n\t<meta name=\"twitter:data1\" content=\"admin\" \/>\n\t<meta name=\"twitter:label2\" content=\"Tahmini okuma s\u00fcresi\" \/>\n\t<meta name=\"twitter:data2\" content=\"1 dakika\" \/>\n<script type=\"application\/ld+json\" class=\"yoast-schema-graph\">{\"@context\":\"https:\\\/\\\/schema.org\",\"@graph\":[{\"@type\":\"Article\",\"@id\":\"https:\\\/\\\/kibrisdakik.com\\\/?p=34325#article\",\"isPartOf\":{\"@id\":\"https:\\\/\\\/kibrisdakik.com\\\/?p=34325\"},\"author\":{\"name\":\"admin\",\"@id\":\"https:\\\/\\\/kibrisdakik.com\\\/#\\\/schema\\\/person\\\/9cd9d437bbb44f72b73ba127e06d8e79\"},\"headline\":\"Be\u015fikta\u015f&#039;tan TFF&#039;ye &quot;Tu\u011fba Karata\u015f&quot; itiraz\u0131\",\"datePublished\":\"2024-03-16T02:49:54+00:00\",\"mainEntityOfPage\":{\"@id\":\"https:\\\/\\\/kibrisdakik.com\\\/?p=34325\"},\"wordCount\":185,\"commentCount\":0,\"image\":{\"@id\":\"https:\\\/\\\/kibrisdakik.com\\\/?p=34325#primaryimage\"},\"thumbnailUrl\":\"https:\\\/\\\/kibrisdakik.com\\\/wp-content\\\/uploads\\\/2024\\\/03\\\/besiktastan-tffye-tugba-karatas-itirazi-1710522897.webp.webp\",\"articleSection\":[\"Spor\"],\"inLanguage\":\"tr\",\"potentialAction\":[{\"@type\":\"CommentAction\",\"name\":\"Comment\",\"target\":[\"https:\\\/\\\/kibrisdakik.com\\\/?p=34325#respond\"]}]},{\"@type\":\"WebPage\",\"@id\":\"https:\\\/\\\/kibrisdakik.com\\\/?p=34325\",\"url\":\"https:\\\/\\\/kibrisdakik.com\\\/?p=34325\",\"name\":\"Be\u015fikta\u015f&#039;tan TFF&#039;ye &quot;Tu\u011fba Karata\u015f&quot; itiraz\u0131 -\",\"isPartOf\":{\"@id\":\"https:\\\/\\\/kibrisdakik.com\\\/#website\"},\"primaryImageOfPage\":{\"@id\":\"https:\\\/\\\/kibrisdakik.com\\\/?p=34325#primaryimage\"},\"image\":{\"@id\":\"https:\\\/\\\/kibrisdakik.com\\\/?p=34325#primaryimage\"},\"thumbnailUrl\":\"https:\\\/\\\/kibrisdakik.com\\\/wp-content\\\/uploads\\\/2024\\\/03\\\/besiktastan-tffye-tugba-karatas-itirazi-1710522897.webp.webp\",\"datePublished\":\"2024-03-16T02:49:54+00:00\",\"author\":{\"@id\":\"https:\\\/\\\/kibrisdakik.com\\\/#\\\/schema\\\/person\\\/9cd9d437bbb44f72b73ba127e06d8e79\"},\"breadcrumb\":{\"@id\":\"https:\\\/\\\/kibrisdakik.com\\\/?p=34325#breadcrumb\"},\"inLanguage\":\"tr\",\"potentialAction\":[{\"@type\":\"ReadAction\",\"target\":[\"https:\\\/\\\/kibrisdakik.com\\\/?p=34325\"]}]},{\"@type\":\"ImageObject\",\"inLanguage\":\"tr\",\"@id\":\"https:\\\/\\\/kibrisdakik.com\\\/?p=34325#primaryimage\",\"url\":\"https:\\\/\\\/kibrisdakik.com\\\/wp-content\\\/uploads\\\/2024\\\/03\\\/besiktastan-tffye-tugba-karatas-itirazi-1710522897.webp.webp\",\"contentUrl\":\"https:\\\/\\\/kibrisdakik.com\\\/wp-content\\\/uploads\\\/2024\\\/03\\\/besiktastan-tffye-tugba-karatas-itirazi-1710522897.webp.webp\",\"width\":710,\"height\":370},{\"@type\":\"BreadcrumbList\",\"@id\":\"https:\\\/\\\/kibrisdakik.com\\\/?p=34325#breadcrumb\",\"itemListElement\":[{\"@type\":\"ListItem\",\"position\":1,\"name\":\"Home\",\"item\":\"https:\\\/\\\/kibrisdakik.com\\\/\"},{\"@type\":\"ListItem\",\"position\":2,\"name\":\"Be\u015fikta\u015f&#039;tan TFF&#039;ye &quot;Tu\u011fba Karata\u015f&quot; itiraz\u0131\"}]},{\"@type\":\"WebSite\",\"@id\":\"https:\\\/\\\/kibrisdakik.com\\\/#website\",\"url\":\"https:\\\/\\\/kibrisdakik.com\\\/\",\"name\":\"\",\"description\":\"Tam vaktinde haber\",\"potentialAction\":[{\"@type\":\"SearchAction\",\"target\":{\"@type\":\"EntryPoint\",\"urlTemplate\":\"https:\\\/\\\/kibrisdakik.com\\\/?s={search_term_string}\"},\"query-input\":{\"@type\":\"PropertyValueSpecification\",\"valueRequired\":true,\"valueName\":\"search_term_string\"}}],\"inLanguage\":\"tr\"},{\"@type\":\"Person\",\"@id\":\"https:\\\/\\\/kibrisdakik.com\\\/#\\\/schema\\\/person\\\/9cd9d437bbb44f72b73ba127e06d8e79\",\"name\":\"admin\",\"image\":{\"@type\":\"ImageObject\",\"inLanguage\":\"tr\",\"@id\":\"https:\\\/\\\/secure.gravatar.com\\\/avatar\\\/ccc17943b9d660506c869530f897617f7cb1c21a4bf30023f252596d83e1f007?s=96&d=mm&r=g\",\"url\":\"https:\\\/\\\/secure.gravatar.com\\\/avatar\\\/ccc17943b9d660506c869530f897617f7cb1c21a4bf30023f252596d83e1f007?s=96&d=mm&r=g\",\"contentUrl\":\"https:\\\/\\\/secure.gravatar.com\\\/avatar\\\/ccc17943b9d660506c869530f897617f7cb1c21a4bf30023f252596d83e1f007?s=96&d=mm&r=g\",\"caption\":\"admin\"},\"sameAs\":[\"https:\\\/\\\/kibrisdakik.com\"],\"url\":\"https:\\\/\\\/kibrisdakik.com\\\/?author=1\"}]}<\/script>\n<!-- \/ Yoast SEO plugin. -->","yoast_head_json":{"title":"Be\u015fikta\u015f&#039;tan TFF&#039;ye &quot;Tu\u011fba Karata\u015f&quot; itiraz\u0131 -","robots":{"index":"index","follow":"follow","max-snippet":"max-snippet:-1","max-image-preview":"max-image-preview:large","max-video-preview":"max-video-preview:-1"},"canonical":"https:\/\/kibrisdakik.com\/?p=34325","og_locale":"tr_TR","og_type":"article","og_title":"Be\u015fikta\u015f&#039;tan TFF&#039;ye &quot;Tu\u011fba Karata\u015f&quot; itiraz\u0131 -","og_description":"Kul\u00fcb\u00fcn internet sitesinden yap\u0131lan a\u00e7\u0131klamada, &#8220;Transfer yasa\u011f\u0131na ra\u011fmen ALG Spor, 10 Ocak 2024 tarihinde Tu\u011fba Karata\u015f\u2019\u0131 transfer etmi\u015f, ALG Spor\u2019a transfer yasa\u011f\u0131 gelmi\u015f olmas\u0131na ra\u011fmen TFF Adana B\u00f6lge M\u00fcd\u00fcrl\u00fc\u011f\u00fc Tu\u011fba Karata\u015f\u2019a lisans \u00e7\u0131karm\u0131\u015ft\u0131r.&#8221; ifadeleri kullan\u0131ld\u0131. ALG Spor ile 14 Ocak&#8217;ta yapt\u0131klar\u0131 ma\u00e7ta Tu\u011fba Karata\u015f&#8217;\u0131n g\u00f6rev ald\u0131\u011f\u0131 ve durumun tespitinin ard\u0131ndan TFF&#8217;ye itiraz edildi\u011fi, Amat\u00f6r Futbol","og_url":"https:\/\/kibrisdakik.com\/?p=34325","article_published_time":"2024-03-16T02:49:54+00:00","og_image":[{"width":710,"height":370,"url":"https:\/\/kibrisdakik.com\/wp-content\/uploads\/2024\/03\/besiktastan-tffye-tugba-karatas-itirazi-1710522897.webp.webp","type":"image\/webp"}],"author":"admin","twitter_card":"summary_large_image","twitter_misc":{"Yazan:":"admin","Tahmini okuma s\u00fcresi":"1 dakika"},"schema":{"@context":"https:\/\/schema.org","@graph":[{"@type":"Article","@id":"https:\/\/kibrisdakik.com\/?p=34325#article","isPartOf":{"@id":"https:\/\/kibrisdakik.com\/?p=34325"},"author":{"name":"admin","@id":"https:\/\/kibrisdakik.com\/#\/schema\/person\/9cd9d437bbb44f72b73ba127e06d8e79"},"headline":"Be\u015fikta\u015f&#039;tan TFF&#039;ye &quot;Tu\u011fba Karata\u015f&quot; itiraz\u0131","datePublished":"2024-03-16T02:49:54+00:00","mainEntityOfPage":{"@id":"https:\/\/kibrisdakik.com\/?p=34325"},"wordCount":185,"commentCount":0,"image":{"@id":"https:\/\/kibrisdakik.com\/?p=34325#primaryimage"},"thumbnailUrl":"https:\/\/kibrisdakik.com\/wp-content\/uploads\/2024\/03\/besiktastan-tffye-tugba-karatas-itirazi-1710522897.webp.webp","articleSection":["Spor"],"inLanguage":"tr","potentialAction":[{"@type":"CommentAction","name":"Comment","target":["https:\/\/kibrisdakik.com\/?p=34325#respond"]}]},{"@type":"WebPage","@id":"https:\/\/kibrisdakik.com\/?p=34325","url":"https:\/\/kibrisdakik.com\/?p=34325","name":"Be\u015fikta\u015f&#039;tan TFF&#039;ye &quot;Tu\u011fba Karata\u015f&quot; itiraz\u0131 -","isPartOf":{"@id":"https:\/\/kibrisdakik.com\/#website"},"primaryImageOfPage":{"@id":"https:\/\/kibrisdakik.com\/?p=34325#primaryimage"},"image":{"@id":"https:\/\/kibrisdakik.com\/?p=34325#primaryimage"},"thumbnailUrl":"https:\/\/kibrisdakik.com\/wp-content\/uploads\/2024\/03\/besiktastan-tffye-tugba-karatas-itirazi-1710522897.webp.webp","datePublished":"2024-03-16T02:49:54+00:00","author":{"@id":"https:\/\/kibrisdakik.com\/#\/schema\/person\/9cd9d437bbb44f72b73ba127e06d8e79"},"breadcrumb":{"@id":"https:\/\/kibrisdakik.com\/?p=34325#breadcrumb"},"inLanguage":"tr","potentialAction":[{"@type":"ReadAction","target":["https:\/\/kibrisdakik.com\/?p=34325"]}]},{"@type":"ImageObject","inLanguage":"tr","@id":"https:\/\/kibrisdakik.com\/?p=34325#primaryimage","url":"https:\/\/kibrisdakik.com\/wp-content\/uploads\/2024\/03\/besiktastan-tffye-tugba-karatas-itirazi-1710522897.webp.webp","contentUrl":"https:\/\/kibrisdakik.com\/wp-content\/uploads\/2024\/03\/besiktastan-tffye-tugba-karatas-itirazi-1710522897.webp.webp","width":710,"height":370},{"@type":"BreadcrumbList","@id":"https:\/\/kibrisdakik.com\/?p=34325#breadcrumb","itemListElement":[{"@type":"ListItem","position":1,"name":"Home","item":"https:\/\/kibrisdakik.com\/"},{"@type":"ListItem","position":2,"name":"Be\u015fikta\u015f&#039;tan TFF&#039;ye &quot;Tu\u011fba Karata\u015f&quot; itiraz\u0131"}]},{"@type":"WebSite","@id":"https:\/\/kibrisdakik.com\/#website","url":"https:\/\/kibrisdakik.com\/","name":"","description":"Tam vaktinde haber","potentialAction":[{"@type":"SearchAction","target":{"@type":"EntryPoint","urlTemplate":"https:\/\/kibrisdakik.com\/?s={search_term_string}"},"query-input":{"@type":"PropertyValueSpecification","valueRequired":true,"valueName":"search_term_string"}}],"inLanguage":"tr"},{"@type":"Person","@id":"https:\/\/kibrisdakik.com\/#\/schema\/person\/9cd9d437bbb44f72b73ba127e06d8e79","name":"admin","image":{"@type":"ImageObject","inLanguage":"tr","@id":"https:\/\/secure.gravatar.com\/avatar\/ccc17943b9d660506c869530f897617f7cb1c21a4bf30023f252596d83e1f007?s=96&d=mm&r=g","url":"https:\/\/secure.gravatar.com\/avatar\/ccc17943b9d660506c869530f897617f7cb1c21a4bf30023f252596d83e1f007?s=96&d=mm&r=g","contentUrl":"https:\/\/secure.gravatar.com\/avatar\/ccc17943b9d660506c869530f897617f7cb1c21a4bf30023f252596d83e1f007?s=96&d=mm&r=g","caption":"admin"},"sameAs":["https:\/\/kibrisdakik.com"],"url":"https:\/\/kibrisdakik.com\/?author=1"}]}},"_links":{"self":[{"href":"https:\/\/kibrisdakik.com\/index.php?rest_route=\/wp\/v2\/posts\/34325","targetHints":{"allow":["GET"]}}],"collection":[{"href":"https:\/\/kibrisdakik.com\/index.php?rest_route=\/wp\/v2\/posts"}],"about":[{"href":"https:\/\/kibrisdakik.com\/index.php?rest_route=\/wp\/v2\/types\/post"}],"author":[{"embeddable":true,"href":"https:\/\/kibrisdakik.com\/index.php?rest_route=\/wp\/v2\/users\/1"}],"replies":[{"embeddable":true,"href":"https:\/\/kibrisdakik.com\/index.php?rest_route=%2Fwp%2Fv2%2Fcomments&post=34325"}],"version-history":[{"count":0,"href":"https:\/\/kibrisdakik.com\/index.php?rest_route=\/wp\/v2\/posts\/34325\/revisions"}],"wp:featuredmedia":[{"embeddable":true,"href":"https:\/\/kibrisdakik.com\/index.php?rest_route=\/wp\/v2\/media\/34326"}],"wp:attachment":[{"href":"https:\/\/kibrisdakik.com\/index.php?rest_route=%2Fwp%2Fv2%2Fmedia&parent=34325"}],"wp:term":[{"taxonomy":"category","embeddable":true,"href":"https:\/\/kibrisdakik.com\/index.php?rest_route=%2Fwp%2Fv2%2Fcategories&post=34325"},{"taxonomy":"post_tag","embeddable":true,"href":"https:\/\/kibrisdakik.com\/index.php?rest_route=%2Fwp%2Fv2%2Ftags&post=34325"}],"curies":[{"name":"wp","href":"https:\/\/api.w.org\/{rel}","templated":true}]}}