{"id":34359,"date":"2024-03-16T09:56:48","date_gmt":"2024-03-16T09:56:48","guid":{"rendered":"https:\/\/kibrisdakik.com\/index.php\/2024\/03\/16\/vebal-beddua-adli-kisa-filmin-galasi-yapildi\/"},"modified":"2024-03-16T09:56:48","modified_gmt":"2024-03-16T09:56:48","slug":"vebal-beddua-adli-kisa-filmin-galasi-yapildi","status":"publish","type":"post","link":"https:\/\/kibrisdakik.com\/?p=34359","title":{"rendered":"\u201cVebal \u2013 Beddua\u201d adl\u0131 k\u0131sa filmin galas\u0131 yap\u0131ld\u0131"},"content":{"rendered":"<p><img decoding=\"async\" src=\"https:\/\/www.kibristurk.com\/images\/haberler\/2024\/03\/vebal-beddua-adli-kisa-filmin-galasi-yapildi-1710579858.webp\" \/><\/p>\n<p style=\"text-align:left\"><span style=\"font-size:16px\"><span style=\"font-family:Merriweather,serif !important\"><span style=\"color:#000000\"><span style=\"background-color:#ffffff\">Dernek Y\u00f6netim Kurulu Ba\u015fkan\u0131 M\u00fcge G\u00fcnay imzas\u0131yla yap\u0131lan a\u00e7\u0131klamaya g\u00f6re film, Osmanl\u0131 D\u00f6neminde \u00e7\u0131kan \u201cTehcir Kanunu\u201d dolay\u0131s\u0131yla iki k\u0131z karde\u015fin evlerinden at\u0131lmas\u0131n\u0131 konu al\u0131yor. Evsiz kalan karde\u015flerin etti\u011fi beddua, eve yeni gelen aile ve o ailenin t\u00fcm nesillerine aktar\u0131l\u0131yor.<\/span><\/span><\/span><\/span><\/p>\n<p style=\"text-align:left\"><span style=\"font-size:16px\"><span style=\"font-family:Merriweather,serif !important\"><span style=\"color:#000000\"><span style=\"background-color:#ffffff\">Yap\u0131mc\u0131l\u0131\u011f\u0131n\u0131 SineSmart Film ve Yusuf Darbukac\u0131\u2019n\u0131n, y\u00f6netmenli\u011fini M\u00fcge G\u00fcnay\u2019\u0131n \u00fcstlendi\u011fi siyah \u2013 beyaz \u00e7ekilen ve sessiz bir k\u0131sa film olan \u201cVebal \u2013 Beddua\u201d filminin oyuncu kadrosunda Ye\u015fim Kumral, Mehmet Y\u00f6r\u00fcko\u011flu, Aydan Aydo\u011fan yer ald\u0131.<\/span><\/span><\/span><\/span><\/p>\n<p style=\"text-align:left\"><span style=\"font-size:16px\"><span style=\"font-family:Merriweather,serif !important\"><span style=\"color:#000000\"><span style=\"background-color:#ffffff\">Filmin senaryosunu, roman\u0131n yazar\u0131 \u015eafak Yolcu, y\u00f6netmen yard\u0131mc\u0131l\u0131\u011f\u0131n\u0131 Erg\u00fcn Kemaneciler, sanat y\u00f6netmenli\u011fini Ay\u015fe \u015eirin Ta\u015fg\u0131n, g\u00f6r\u00fcnt\u00fc y\u00f6netmenli\u011fini Stephan Tamuno yaparken, sette sa\u011fl\u0131k g\u00fcvenli\u011fini \u00f6\u011fretim g\u00f6revlisi Uzm.Tu\u011f\u00e7e Akg\u00fcl sa\u011flad\u0131.<\/span><\/span><\/span><\/span><\/p>\n<p style=\"text-align:left\"><span style=\"font-size:16px\"><span style=\"font-family:Merriweather,serif !important\"><span style=\"color:#000000\"><span style=\"background-color:#ffffff\">G\u00fcnay a\u00e7\u0131klamas\u0131nda, uzun metraj \u00e7ekimlerine yazda ba\u015flanmas\u0131 planlanan \u201cVebal- Beddua\u201d filminin galas\u0131nda kendilerini yaln\u0131z b\u0131rakmayan t\u00fcm sinemaseverlere te\u015fekk\u00fcr etti.<\/span><\/span><\/span><\/span><\/p>\n","protected":false},"excerpt":{"rendered":"<p>Dernek Y\u00f6netim Kurulu Ba\u015fkan\u0131 M\u00fcge G\u00fcnay imzas\u0131yla yap\u0131lan a\u00e7\u0131klamaya g\u00f6re film, Osmanl\u0131 D\u00f6neminde \u00e7\u0131kan \u201cTehcir Kanunu\u201d dolay\u0131s\u0131yla iki k\u0131z karde\u015fin evlerinden at\u0131lmas\u0131n\u0131 konu al\u0131yor. Evsiz kalan karde\u015flerin etti\u011fi beddua, eve yeni gelen aile ve o ailenin t\u00fcm nesillerine aktar\u0131l\u0131yor. Yap\u0131mc\u0131l\u0131\u011f\u0131n\u0131 SineSmart Film ve Yusuf Darbukac\u0131\u2019n\u0131n, y\u00f6netmenli\u011fini M\u00fcge G\u00fcnay\u2019\u0131n \u00fcstlendi\u011fi siyah \u2013 beyaz \u00e7ekilen ve sessiz<\/p>\n","protected":false},"author":1,"featured_media":34360,"comment_status":"open","ping_status":"open","sticky":false,"template":"","format":"standard","meta":{"footnotes":""},"categories":[85],"tags":[],"class_list":["post-34359","post","type-post","status-publish","format-standard","has-post-thumbnail","hentry","category-spor"],"yoast_head":"<!-- This site is optimized with the Yoast SEO plugin v27.4 - https:\/\/yoast.com\/product\/yoast-seo-wordpress\/ -->\n<title>\u201cVebal \u2013 Beddua\u201d adl\u0131 k\u0131sa filmin galas\u0131 yap\u0131ld\u0131 -<\/title>\n<meta name=\"robots\" content=\"index, follow, max-snippet:-1, max-image-preview:large, max-video-preview:-1\" \/>\n<link rel=\"canonical\" href=\"https:\/\/kibrisdakik.com\/?p=34359\" \/>\n<meta property=\"og:locale\" content=\"tr_TR\" \/>\n<meta property=\"og:type\" content=\"article\" \/>\n<meta property=\"og:title\" content=\"\u201cVebal \u2013 Beddua\u201d adl\u0131 k\u0131sa filmin galas\u0131 yap\u0131ld\u0131 -\" \/>\n<meta property=\"og:description\" content=\"Dernek Y\u00f6netim Kurulu Ba\u015fkan\u0131 M\u00fcge G\u00fcnay imzas\u0131yla yap\u0131lan a\u00e7\u0131klamaya g\u00f6re film, Osmanl\u0131 D\u00f6neminde \u00e7\u0131kan \u201cTehcir Kanunu\u201d dolay\u0131s\u0131yla iki k\u0131z karde\u015fin evlerinden at\u0131lmas\u0131n\u0131 konu al\u0131yor. Evsiz kalan karde\u015flerin etti\u011fi beddua, eve yeni gelen aile ve o ailenin t\u00fcm nesillerine aktar\u0131l\u0131yor. Yap\u0131mc\u0131l\u0131\u011f\u0131n\u0131 SineSmart Film ve Yusuf Darbukac\u0131\u2019n\u0131n, y\u00f6netmenli\u011fini M\u00fcge G\u00fcnay\u2019\u0131n \u00fcstlendi\u011fi siyah \u2013 beyaz \u00e7ekilen ve sessiz\" \/>\n<meta property=\"og:url\" content=\"https:\/\/kibrisdakik.com\/?p=34359\" \/>\n<meta property=\"article:published_time\" content=\"2024-03-16T09:56:48+00:00\" \/>\n<meta property=\"og:image\" content=\"https:\/\/kibrisdakik.com\/wp-content\/uploads\/2024\/03\/vebal-beddua-adli-kisa-filmin-galasi-yapildi-1710579858.webp.webp\" \/>\n\t<meta property=\"og:image:width\" content=\"710\" \/>\n\t<meta property=\"og:image:height\" content=\"370\" \/>\n\t<meta property=\"og:image:type\" content=\"image\/webp\" \/>\n<meta name=\"author\" content=\"admin\" \/>\n<meta name=\"twitter:card\" content=\"summary_large_image\" \/>\n<meta name=\"twitter:label1\" content=\"Yazan:\" \/>\n\t<meta name=\"twitter:data1\" content=\"admin\" \/>\n\t<meta name=\"twitter:label2\" content=\"Tahmini okuma s\u00fcresi\" \/>\n\t<meta name=\"twitter:data2\" content=\"1 dakika\" \/>\n<script type=\"application\/ld+json\" class=\"yoast-schema-graph\">{\"@context\":\"https:\\\/\\\/schema.org\",\"@graph\":[{\"@type\":\"Article\",\"@id\":\"https:\\\/\\\/kibrisdakik.com\\\/?p=34359#article\",\"isPartOf\":{\"@id\":\"https:\\\/\\\/kibrisdakik.com\\\/?p=34359\"},\"author\":{\"name\":\"admin\",\"@id\":\"https:\\\/\\\/kibrisdakik.com\\\/#\\\/schema\\\/person\\\/9cd9d437bbb44f72b73ba127e06d8e79\"},\"headline\":\"\u201cVebal \u2013 Beddua\u201d adl\u0131 k\u0131sa filmin galas\u0131 yap\u0131ld\u0131\",\"datePublished\":\"2024-03-16T09:56:48+00:00\",\"mainEntityOfPage\":{\"@id\":\"https:\\\/\\\/kibrisdakik.com\\\/?p=34359\"},\"wordCount\":199,\"commentCount\":0,\"image\":{\"@id\":\"https:\\\/\\\/kibrisdakik.com\\\/?p=34359#primaryimage\"},\"thumbnailUrl\":\"https:\\\/\\\/kibrisdakik.com\\\/wp-content\\\/uploads\\\/2024\\\/03\\\/vebal-beddua-adli-kisa-filmin-galasi-yapildi-1710579858.webp.webp\",\"articleSection\":[\"Spor\"],\"inLanguage\":\"tr\",\"potentialAction\":[{\"@type\":\"CommentAction\",\"name\":\"Comment\",\"target\":[\"https:\\\/\\\/kibrisdakik.com\\\/?p=34359#respond\"]}]},{\"@type\":\"WebPage\",\"@id\":\"https:\\\/\\\/kibrisdakik.com\\\/?p=34359\",\"url\":\"https:\\\/\\\/kibrisdakik.com\\\/?p=34359\",\"name\":\"\u201cVebal \u2013 Beddua\u201d adl\u0131 k\u0131sa filmin galas\u0131 yap\u0131ld\u0131 -\",\"isPartOf\":{\"@id\":\"https:\\\/\\\/kibrisdakik.com\\\/#website\"},\"primaryImageOfPage\":{\"@id\":\"https:\\\/\\\/kibrisdakik.com\\\/?p=34359#primaryimage\"},\"image\":{\"@id\":\"https:\\\/\\\/kibrisdakik.com\\\/?p=34359#primaryimage\"},\"thumbnailUrl\":\"https:\\\/\\\/kibrisdakik.com\\\/wp-content\\\/uploads\\\/2024\\\/03\\\/vebal-beddua-adli-kisa-filmin-galasi-yapildi-1710579858.webp.webp\",\"datePublished\":\"2024-03-16T09:56:48+00:00\",\"author\":{\"@id\":\"https:\\\/\\\/kibrisdakik.com\\\/#\\\/schema\\\/person\\\/9cd9d437bbb44f72b73ba127e06d8e79\"},\"breadcrumb\":{\"@id\":\"https:\\\/\\\/kibrisdakik.com\\\/?p=34359#breadcrumb\"},\"inLanguage\":\"tr\",\"potentialAction\":[{\"@type\":\"ReadAction\",\"target\":[\"https:\\\/\\\/kibrisdakik.com\\\/?p=34359\"]}]},{\"@type\":\"ImageObject\",\"inLanguage\":\"tr\",\"@id\":\"https:\\\/\\\/kibrisdakik.com\\\/?p=34359#primaryimage\",\"url\":\"https:\\\/\\\/kibrisdakik.com\\\/wp-content\\\/uploads\\\/2024\\\/03\\\/vebal-beddua-adli-kisa-filmin-galasi-yapildi-1710579858.webp.webp\",\"contentUrl\":\"https:\\\/\\\/kibrisdakik.com\\\/wp-content\\\/uploads\\\/2024\\\/03\\\/vebal-beddua-adli-kisa-filmin-galasi-yapildi-1710579858.webp.webp\",\"width\":710,\"height\":370},{\"@type\":\"BreadcrumbList\",\"@id\":\"https:\\\/\\\/kibrisdakik.com\\\/?p=34359#breadcrumb\",\"itemListElement\":[{\"@type\":\"ListItem\",\"position\":1,\"name\":\"Home\",\"item\":\"https:\\\/\\\/kibrisdakik.com\\\/\"},{\"@type\":\"ListItem\",\"position\":2,\"name\":\"\u201cVebal \u2013 Beddua\u201d adl\u0131 k\u0131sa filmin galas\u0131 yap\u0131ld\u0131\"}]},{\"@type\":\"WebSite\",\"@id\":\"https:\\\/\\\/kibrisdakik.com\\\/#website\",\"url\":\"https:\\\/\\\/kibrisdakik.com\\\/\",\"name\":\"\",\"description\":\"Tam vaktinde haber\",\"potentialAction\":[{\"@type\":\"SearchAction\",\"target\":{\"@type\":\"EntryPoint\",\"urlTemplate\":\"https:\\\/\\\/kibrisdakik.com\\\/?s={search_term_string}\"},\"query-input\":{\"@type\":\"PropertyValueSpecification\",\"valueRequired\":true,\"valueName\":\"search_term_string\"}}],\"inLanguage\":\"tr\"},{\"@type\":\"Person\",\"@id\":\"https:\\\/\\\/kibrisdakik.com\\\/#\\\/schema\\\/person\\\/9cd9d437bbb44f72b73ba127e06d8e79\",\"name\":\"admin\",\"image\":{\"@type\":\"ImageObject\",\"inLanguage\":\"tr\",\"@id\":\"https:\\\/\\\/secure.gravatar.com\\\/avatar\\\/ccc17943b9d660506c869530f897617f7cb1c21a4bf30023f252596d83e1f007?s=96&d=mm&r=g\",\"url\":\"https:\\\/\\\/secure.gravatar.com\\\/avatar\\\/ccc17943b9d660506c869530f897617f7cb1c21a4bf30023f252596d83e1f007?s=96&d=mm&r=g\",\"contentUrl\":\"https:\\\/\\\/secure.gravatar.com\\\/avatar\\\/ccc17943b9d660506c869530f897617f7cb1c21a4bf30023f252596d83e1f007?s=96&d=mm&r=g\",\"caption\":\"admin\"},\"sameAs\":[\"https:\\\/\\\/kibrisdakik.com\"],\"url\":\"https:\\\/\\\/kibrisdakik.com\\\/?author=1\"}]}<\/script>\n<!-- \/ Yoast SEO plugin. -->","yoast_head_json":{"title":"\u201cVebal \u2013 Beddua\u201d adl\u0131 k\u0131sa filmin galas\u0131 yap\u0131ld\u0131 -","robots":{"index":"index","follow":"follow","max-snippet":"max-snippet:-1","max-image-preview":"max-image-preview:large","max-video-preview":"max-video-preview:-1"},"canonical":"https:\/\/kibrisdakik.com\/?p=34359","og_locale":"tr_TR","og_type":"article","og_title":"\u201cVebal \u2013 Beddua\u201d adl\u0131 k\u0131sa filmin galas\u0131 yap\u0131ld\u0131 -","og_description":"Dernek Y\u00f6netim Kurulu Ba\u015fkan\u0131 M\u00fcge G\u00fcnay imzas\u0131yla yap\u0131lan a\u00e7\u0131klamaya g\u00f6re film, Osmanl\u0131 D\u00f6neminde \u00e7\u0131kan \u201cTehcir Kanunu\u201d dolay\u0131s\u0131yla iki k\u0131z karde\u015fin evlerinden at\u0131lmas\u0131n\u0131 konu al\u0131yor. Evsiz kalan karde\u015flerin etti\u011fi beddua, eve yeni gelen aile ve o ailenin t\u00fcm nesillerine aktar\u0131l\u0131yor. Yap\u0131mc\u0131l\u0131\u011f\u0131n\u0131 SineSmart Film ve Yusuf Darbukac\u0131\u2019n\u0131n, y\u00f6netmenli\u011fini M\u00fcge G\u00fcnay\u2019\u0131n \u00fcstlendi\u011fi siyah \u2013 beyaz \u00e7ekilen ve sessiz","og_url":"https:\/\/kibrisdakik.com\/?p=34359","article_published_time":"2024-03-16T09:56:48+00:00","og_image":[{"width":710,"height":370,"url":"https:\/\/kibrisdakik.com\/wp-content\/uploads\/2024\/03\/vebal-beddua-adli-kisa-filmin-galasi-yapildi-1710579858.webp.webp","type":"image\/webp"}],"author":"admin","twitter_card":"summary_large_image","twitter_misc":{"Yazan:":"admin","Tahmini okuma s\u00fcresi":"1 dakika"},"schema":{"@context":"https:\/\/schema.org","@graph":[{"@type":"Article","@id":"https:\/\/kibrisdakik.com\/?p=34359#article","isPartOf":{"@id":"https:\/\/kibrisdakik.com\/?p=34359"},"author":{"name":"admin","@id":"https:\/\/kibrisdakik.com\/#\/schema\/person\/9cd9d437bbb44f72b73ba127e06d8e79"},"headline":"\u201cVebal \u2013 Beddua\u201d adl\u0131 k\u0131sa filmin galas\u0131 yap\u0131ld\u0131","datePublished":"2024-03-16T09:56:48+00:00","mainEntityOfPage":{"@id":"https:\/\/kibrisdakik.com\/?p=34359"},"wordCount":199,"commentCount":0,"image":{"@id":"https:\/\/kibrisdakik.com\/?p=34359#primaryimage"},"thumbnailUrl":"https:\/\/kibrisdakik.com\/wp-content\/uploads\/2024\/03\/vebal-beddua-adli-kisa-filmin-galasi-yapildi-1710579858.webp.webp","articleSection":["Spor"],"inLanguage":"tr","potentialAction":[{"@type":"CommentAction","name":"Comment","target":["https:\/\/kibrisdakik.com\/?p=34359#respond"]}]},{"@type":"WebPage","@id":"https:\/\/kibrisdakik.com\/?p=34359","url":"https:\/\/kibrisdakik.com\/?p=34359","name":"\u201cVebal \u2013 Beddua\u201d adl\u0131 k\u0131sa filmin galas\u0131 yap\u0131ld\u0131 -","isPartOf":{"@id":"https:\/\/kibrisdakik.com\/#website"},"primaryImageOfPage":{"@id":"https:\/\/kibrisdakik.com\/?p=34359#primaryimage"},"image":{"@id":"https:\/\/kibrisdakik.com\/?p=34359#primaryimage"},"thumbnailUrl":"https:\/\/kibrisdakik.com\/wp-content\/uploads\/2024\/03\/vebal-beddua-adli-kisa-filmin-galasi-yapildi-1710579858.webp.webp","datePublished":"2024-03-16T09:56:48+00:00","author":{"@id":"https:\/\/kibrisdakik.com\/#\/schema\/person\/9cd9d437bbb44f72b73ba127e06d8e79"},"breadcrumb":{"@id":"https:\/\/kibrisdakik.com\/?p=34359#breadcrumb"},"inLanguage":"tr","potentialAction":[{"@type":"ReadAction","target":["https:\/\/kibrisdakik.com\/?p=34359"]}]},{"@type":"ImageObject","inLanguage":"tr","@id":"https:\/\/kibrisdakik.com\/?p=34359#primaryimage","url":"https:\/\/kibrisdakik.com\/wp-content\/uploads\/2024\/03\/vebal-beddua-adli-kisa-filmin-galasi-yapildi-1710579858.webp.webp","contentUrl":"https:\/\/kibrisdakik.com\/wp-content\/uploads\/2024\/03\/vebal-beddua-adli-kisa-filmin-galasi-yapildi-1710579858.webp.webp","width":710,"height":370},{"@type":"BreadcrumbList","@id":"https:\/\/kibrisdakik.com\/?p=34359#breadcrumb","itemListElement":[{"@type":"ListItem","position":1,"name":"Home","item":"https:\/\/kibrisdakik.com\/"},{"@type":"ListItem","position":2,"name":"\u201cVebal \u2013 Beddua\u201d adl\u0131 k\u0131sa filmin galas\u0131 yap\u0131ld\u0131"}]},{"@type":"WebSite","@id":"https:\/\/kibrisdakik.com\/#website","url":"https:\/\/kibrisdakik.com\/","name":"","description":"Tam vaktinde haber","potentialAction":[{"@type":"SearchAction","target":{"@type":"EntryPoint","urlTemplate":"https:\/\/kibrisdakik.com\/?s={search_term_string}"},"query-input":{"@type":"PropertyValueSpecification","valueRequired":true,"valueName":"search_term_string"}}],"inLanguage":"tr"},{"@type":"Person","@id":"https:\/\/kibrisdakik.com\/#\/schema\/person\/9cd9d437bbb44f72b73ba127e06d8e79","name":"admin","image":{"@type":"ImageObject","inLanguage":"tr","@id":"https:\/\/secure.gravatar.com\/avatar\/ccc17943b9d660506c869530f897617f7cb1c21a4bf30023f252596d83e1f007?s=96&d=mm&r=g","url":"https:\/\/secure.gravatar.com\/avatar\/ccc17943b9d660506c869530f897617f7cb1c21a4bf30023f252596d83e1f007?s=96&d=mm&r=g","contentUrl":"https:\/\/secure.gravatar.com\/avatar\/ccc17943b9d660506c869530f897617f7cb1c21a4bf30023f252596d83e1f007?s=96&d=mm&r=g","caption":"admin"},"sameAs":["https:\/\/kibrisdakik.com"],"url":"https:\/\/kibrisdakik.com\/?author=1"}]}},"_links":{"self":[{"href":"https:\/\/kibrisdakik.com\/index.php?rest_route=\/wp\/v2\/posts\/34359","targetHints":{"allow":["GET"]}}],"collection":[{"href":"https:\/\/kibrisdakik.com\/index.php?rest_route=\/wp\/v2\/posts"}],"about":[{"href":"https:\/\/kibrisdakik.com\/index.php?rest_route=\/wp\/v2\/types\/post"}],"author":[{"embeddable":true,"href":"https:\/\/kibrisdakik.com\/index.php?rest_route=\/wp\/v2\/users\/1"}],"replies":[{"embeddable":true,"href":"https:\/\/kibrisdakik.com\/index.php?rest_route=%2Fwp%2Fv2%2Fcomments&post=34359"}],"version-history":[{"count":0,"href":"https:\/\/kibrisdakik.com\/index.php?rest_route=\/wp\/v2\/posts\/34359\/revisions"}],"wp:featuredmedia":[{"embeddable":true,"href":"https:\/\/kibrisdakik.com\/index.php?rest_route=\/wp\/v2\/media\/34360"}],"wp:attachment":[{"href":"https:\/\/kibrisdakik.com\/index.php?rest_route=%2Fwp%2Fv2%2Fmedia&parent=34359"}],"wp:term":[{"taxonomy":"category","embeddable":true,"href":"https:\/\/kibrisdakik.com\/index.php?rest_route=%2Fwp%2Fv2%2Fcategories&post=34359"},{"taxonomy":"post_tag","embeddable":true,"href":"https:\/\/kibrisdakik.com\/index.php?rest_route=%2Fwp%2Fv2%2Ftags&post=34359"}],"curies":[{"name":"wp","href":"https:\/\/api.w.org\/{rel}","templated":true}]}}