{"id":34371,"date":"2024-03-16T11:58:50","date_gmt":"2024-03-16T11:58:50","guid":{"rendered":"https:\/\/kibrisdakik.com\/index.php\/2024\/03\/16\/emek-ve-alin-teri-ile-bu-topraklara-sahip-cikiyoruz\/"},"modified":"2024-03-16T11:58:50","modified_gmt":"2024-03-16T11:58:50","slug":"emek-ve-alin-teri-ile-bu-topraklara-sahip-cikiyoruz","status":"publish","type":"post","link":"https:\/\/kibrisdakik.com\/?p=34371","title":{"rendered":"\u201cEmek ve al\u0131n teri ile bu topraklara sahip \u00e7\u0131k\u0131yoruz\u201d"},"content":{"rendered":"<p><img decoding=\"async\" src=\"https:\/\/www.kibristurk.com\/images\/haberler\/2024\/03\/emek-ve-alin-teri-ile-bu-topraklara-sahip-cikiyoruz-1710589692.webp\" \/><\/p>\n<p style=\"text-align:left\"><span style=\"font-size:16px\"><span style=\"font-family:Merriweather,serif !important\"><span style=\"color:#000000\"><span style=\"background-color:#ffffff\">Meclisten yap\u0131lan a\u00e7\u0131klamaya g\u00f6re, Tepeba\u015f\u0131 k\u00f6y meydan\u0131nda ger\u00e7ekle\u015fen etkinlikte Ba\u015fkan T\u00f6re, kat\u0131l\u0131mc\u0131lara hitaben bir konu\u015fma yapt\u0131.<\/span><\/span><\/span><\/span><\/p>\n<p style=\"text-align:left\"><span style=\"font-size:16px\"><span style=\"font-family:Merriweather,serif !important\"><span style=\"color:#000000\"><span style=\"background-color:#ffffff\">T\u00f6re, Tepeba\u015f\u0131\u2019n\u0131n lalesi ile oldu\u011fu kadar \u00fcretimi ile de tan\u0131nan ve bilinen bir k\u00f6y oldu\u011funa i\u015faret &nbsp;ederek s\u0131k\u0131nt\u0131lar\u0131n da olabilece\u011fini ama bunlar\u0131n da devlet ve h\u00fck\u00fcmetin gayretleri ile \u00e7\u00f6z\u00fclebilece\u011fini s\u00f6yledi.<\/span><\/span><\/span><\/span><\/p>\n<p style=\"text-align:left\"><span style=\"font-size:16px\"><span style=\"font-family:Merriweather,serif !important\"><span style=\"color:#000000\"><span style=\"background-color:#ffffff\">T\u00f6re: \u201cHepimiz Kuzey K\u0131br\u0131s T\u00fcrk Cumhuriyeti\u2019nin k\u00f6kle\u015fmesi i\u00e7in ayn\u0131 yolda y\u00fcr\u00fcyoruz\u201d dedi.<\/span><\/span><\/span><\/span><\/p>\n<p style=\"text-align:left\"><span style=\"font-size:16px\"><span style=\"font-family:Merriweather,serif !important\"><span style=\"color:#000000\"><span style=\"background-color:#ffffff\">Emek ve al\u0131n teri ile bu topraklara sahip \u00e7\u0131kt\u0131klar\u0131n\u0131 vurgulayan T\u00f6re, festivali d\u00fczenleyenleri kutlad\u0131 ve ba\u015far\u0131l\u0131 ge\u00e7mesini temenni etti.<\/span><\/span><\/span><\/span><\/p>\n<p style=\"text-align:left\"><span style=\"font-size:16px\"><span style=\"font-family:Merriweather,serif !important\"><span style=\"color:#000000\"><span style=\"background-color:#ffffff\">T\u00f6re, ayr\u0131ca festival \u00e7er\u00e7evesinde kurulan stantlar\u0131 gezdi, esnaf ve al\u0131\u015fveri\u015f yapan vatanda\u015flarla sohbet etti.<\/span><\/span><\/span><\/span><\/p>\n","protected":false},"excerpt":{"rendered":"<p>Meclisten yap\u0131lan a\u00e7\u0131klamaya g\u00f6re, Tepeba\u015f\u0131 k\u00f6y meydan\u0131nda ger\u00e7ekle\u015fen etkinlikte Ba\u015fkan T\u00f6re, kat\u0131l\u0131mc\u0131lara hitaben bir konu\u015fma yapt\u0131. T\u00f6re, Tepeba\u015f\u0131\u2019n\u0131n lalesi ile oldu\u011fu kadar \u00fcretimi ile de tan\u0131nan ve bilinen bir k\u00f6y oldu\u011funa i\u015faret &nbsp;ederek s\u0131k\u0131nt\u0131lar\u0131n da olabilece\u011fini ama bunlar\u0131n da devlet ve h\u00fck\u00fcmetin gayretleri ile \u00e7\u00f6z\u00fclebilece\u011fini s\u00f6yledi. T\u00f6re: \u201cHepimiz Kuzey K\u0131br\u0131s T\u00fcrk Cumhuriyeti\u2019nin k\u00f6kle\u015fmesi i\u00e7in ayn\u0131<\/p>\n","protected":false},"author":1,"featured_media":34372,"comment_status":"open","ping_status":"open","sticky":false,"template":"","format":"standard","meta":{"footnotes":""},"categories":[85],"tags":[],"class_list":["post-34371","post","type-post","status-publish","format-standard","has-post-thumbnail","hentry","category-spor"],"yoast_head":"<!-- This site is optimized with the Yoast SEO plugin v27.5 - https:\/\/yoast.com\/product\/yoast-seo-wordpress\/ -->\n<title>\u201cEmek ve al\u0131n teri ile bu topraklara sahip \u00e7\u0131k\u0131yoruz\u201d -<\/title>\n<meta name=\"robots\" content=\"index, follow, max-snippet:-1, max-image-preview:large, max-video-preview:-1\" \/>\n<link rel=\"canonical\" href=\"https:\/\/kibrisdakik.com\/?p=34371\" \/>\n<meta property=\"og:locale\" content=\"tr_TR\" \/>\n<meta property=\"og:type\" content=\"article\" \/>\n<meta property=\"og:title\" content=\"\u201cEmek ve al\u0131n teri ile bu topraklara sahip \u00e7\u0131k\u0131yoruz\u201d -\" \/>\n<meta property=\"og:description\" content=\"Meclisten yap\u0131lan a\u00e7\u0131klamaya g\u00f6re, Tepeba\u015f\u0131 k\u00f6y meydan\u0131nda ger\u00e7ekle\u015fen etkinlikte Ba\u015fkan T\u00f6re, kat\u0131l\u0131mc\u0131lara hitaben bir konu\u015fma yapt\u0131. T\u00f6re, Tepeba\u015f\u0131\u2019n\u0131n lalesi ile oldu\u011fu kadar \u00fcretimi ile de tan\u0131nan ve bilinen bir k\u00f6y oldu\u011funa i\u015faret &nbsp;ederek s\u0131k\u0131nt\u0131lar\u0131n da olabilece\u011fini ama bunlar\u0131n da devlet ve h\u00fck\u00fcmetin gayretleri ile \u00e7\u00f6z\u00fclebilece\u011fini s\u00f6yledi. T\u00f6re: \u201cHepimiz Kuzey K\u0131br\u0131s T\u00fcrk Cumhuriyeti\u2019nin k\u00f6kle\u015fmesi i\u00e7in ayn\u0131\" \/>\n<meta property=\"og:url\" content=\"https:\/\/kibrisdakik.com\/?p=34371\" \/>\n<meta property=\"article:published_time\" content=\"2024-03-16T11:58:50+00:00\" \/>\n<meta property=\"og:image\" content=\"https:\/\/kibrisdakik.com\/wp-content\/uploads\/2024\/03\/emek-ve-alin-teri-ile-bu-topraklara-sahip-cikiyoruz-1710589692.webp.webp\" \/>\n\t<meta property=\"og:image:width\" content=\"710\" \/>\n\t<meta property=\"og:image:height\" content=\"370\" \/>\n\t<meta property=\"og:image:type\" content=\"image\/webp\" \/>\n<meta name=\"author\" content=\"admin\" \/>\n<meta name=\"twitter:card\" content=\"summary_large_image\" \/>\n<meta name=\"twitter:label1\" content=\"Yazan:\" \/>\n\t<meta name=\"twitter:data1\" content=\"admin\" \/>\n\t<meta name=\"twitter:label2\" content=\"Tahmini okuma s\u00fcresi\" \/>\n\t<meta name=\"twitter:data2\" content=\"1 dakika\" \/>\n<script type=\"application\/ld+json\" class=\"yoast-schema-graph\">{\"@context\":\"https:\\\/\\\/schema.org\",\"@graph\":[{\"@type\":\"Article\",\"@id\":\"https:\\\/\\\/kibrisdakik.com\\\/?p=34371#article\",\"isPartOf\":{\"@id\":\"https:\\\/\\\/kibrisdakik.com\\\/?p=34371\"},\"author\":{\"name\":\"admin\",\"@id\":\"https:\\\/\\\/kibrisdakik.com\\\/#\\\/schema\\\/person\\\/9cd9d437bbb44f72b73ba127e06d8e79\"},\"headline\":\"\u201cEmek ve al\u0131n teri ile bu topraklara sahip \u00e7\u0131k\u0131yoruz\u201d\",\"datePublished\":\"2024-03-16T11:58:50+00:00\",\"mainEntityOfPage\":{\"@id\":\"https:\\\/\\\/kibrisdakik.com\\\/?p=34371\"},\"wordCount\":158,\"commentCount\":0,\"image\":{\"@id\":\"https:\\\/\\\/kibrisdakik.com\\\/?p=34371#primaryimage\"},\"thumbnailUrl\":\"https:\\\/\\\/kibrisdakik.com\\\/wp-content\\\/uploads\\\/2024\\\/03\\\/emek-ve-alin-teri-ile-bu-topraklara-sahip-cikiyoruz-1710589692.webp.webp\",\"articleSection\":[\"Spor\"],\"inLanguage\":\"tr\",\"potentialAction\":[{\"@type\":\"CommentAction\",\"name\":\"Comment\",\"target\":[\"https:\\\/\\\/kibrisdakik.com\\\/?p=34371#respond\"]}]},{\"@type\":\"WebPage\",\"@id\":\"https:\\\/\\\/kibrisdakik.com\\\/?p=34371\",\"url\":\"https:\\\/\\\/kibrisdakik.com\\\/?p=34371\",\"name\":\"\u201cEmek ve al\u0131n teri ile bu topraklara sahip \u00e7\u0131k\u0131yoruz\u201d -\",\"isPartOf\":{\"@id\":\"https:\\\/\\\/kibrisdakik.com\\\/#website\"},\"primaryImageOfPage\":{\"@id\":\"https:\\\/\\\/kibrisdakik.com\\\/?p=34371#primaryimage\"},\"image\":{\"@id\":\"https:\\\/\\\/kibrisdakik.com\\\/?p=34371#primaryimage\"},\"thumbnailUrl\":\"https:\\\/\\\/kibrisdakik.com\\\/wp-content\\\/uploads\\\/2024\\\/03\\\/emek-ve-alin-teri-ile-bu-topraklara-sahip-cikiyoruz-1710589692.webp.webp\",\"datePublished\":\"2024-03-16T11:58:50+00:00\",\"author\":{\"@id\":\"https:\\\/\\\/kibrisdakik.com\\\/#\\\/schema\\\/person\\\/9cd9d437bbb44f72b73ba127e06d8e79\"},\"breadcrumb\":{\"@id\":\"https:\\\/\\\/kibrisdakik.com\\\/?p=34371#breadcrumb\"},\"inLanguage\":\"tr\",\"potentialAction\":[{\"@type\":\"ReadAction\",\"target\":[\"https:\\\/\\\/kibrisdakik.com\\\/?p=34371\"]}]},{\"@type\":\"ImageObject\",\"inLanguage\":\"tr\",\"@id\":\"https:\\\/\\\/kibrisdakik.com\\\/?p=34371#primaryimage\",\"url\":\"https:\\\/\\\/kibrisdakik.com\\\/wp-content\\\/uploads\\\/2024\\\/03\\\/emek-ve-alin-teri-ile-bu-topraklara-sahip-cikiyoruz-1710589692.webp.webp\",\"contentUrl\":\"https:\\\/\\\/kibrisdakik.com\\\/wp-content\\\/uploads\\\/2024\\\/03\\\/emek-ve-alin-teri-ile-bu-topraklara-sahip-cikiyoruz-1710589692.webp.webp\",\"width\":710,\"height\":370},{\"@type\":\"BreadcrumbList\",\"@id\":\"https:\\\/\\\/kibrisdakik.com\\\/?p=34371#breadcrumb\",\"itemListElement\":[{\"@type\":\"ListItem\",\"position\":1,\"name\":\"Home\",\"item\":\"https:\\\/\\\/kibrisdakik.com\\\/\"},{\"@type\":\"ListItem\",\"position\":2,\"name\":\"\u201cEmek ve al\u0131n teri ile bu topraklara sahip \u00e7\u0131k\u0131yoruz\u201d\"}]},{\"@type\":\"WebSite\",\"@id\":\"https:\\\/\\\/kibrisdakik.com\\\/#website\",\"url\":\"https:\\\/\\\/kibrisdakik.com\\\/\",\"name\":\"\",\"description\":\"Tam vaktinde haber\",\"potentialAction\":[{\"@type\":\"SearchAction\",\"target\":{\"@type\":\"EntryPoint\",\"urlTemplate\":\"https:\\\/\\\/kibrisdakik.com\\\/?s={search_term_string}\"},\"query-input\":{\"@type\":\"PropertyValueSpecification\",\"valueRequired\":true,\"valueName\":\"search_term_string\"}}],\"inLanguage\":\"tr\"},{\"@type\":\"Person\",\"@id\":\"https:\\\/\\\/kibrisdakik.com\\\/#\\\/schema\\\/person\\\/9cd9d437bbb44f72b73ba127e06d8e79\",\"name\":\"admin\",\"image\":{\"@type\":\"ImageObject\",\"inLanguage\":\"tr\",\"@id\":\"https:\\\/\\\/secure.gravatar.com\\\/avatar\\\/ccc17943b9d660506c869530f897617f7cb1c21a4bf30023f252596d83e1f007?s=96&d=mm&r=g\",\"url\":\"https:\\\/\\\/secure.gravatar.com\\\/avatar\\\/ccc17943b9d660506c869530f897617f7cb1c21a4bf30023f252596d83e1f007?s=96&d=mm&r=g\",\"contentUrl\":\"https:\\\/\\\/secure.gravatar.com\\\/avatar\\\/ccc17943b9d660506c869530f897617f7cb1c21a4bf30023f252596d83e1f007?s=96&d=mm&r=g\",\"caption\":\"admin\"},\"sameAs\":[\"https:\\\/\\\/kibrisdakik.com\"],\"url\":\"https:\\\/\\\/kibrisdakik.com\\\/?author=1\"}]}<\/script>\n<!-- \/ Yoast SEO plugin. -->","yoast_head_json":{"title":"\u201cEmek ve al\u0131n teri ile bu topraklara sahip \u00e7\u0131k\u0131yoruz\u201d -","robots":{"index":"index","follow":"follow","max-snippet":"max-snippet:-1","max-image-preview":"max-image-preview:large","max-video-preview":"max-video-preview:-1"},"canonical":"https:\/\/kibrisdakik.com\/?p=34371","og_locale":"tr_TR","og_type":"article","og_title":"\u201cEmek ve al\u0131n teri ile bu topraklara sahip \u00e7\u0131k\u0131yoruz\u201d -","og_description":"Meclisten yap\u0131lan a\u00e7\u0131klamaya g\u00f6re, Tepeba\u015f\u0131 k\u00f6y meydan\u0131nda ger\u00e7ekle\u015fen etkinlikte Ba\u015fkan T\u00f6re, kat\u0131l\u0131mc\u0131lara hitaben bir konu\u015fma yapt\u0131. T\u00f6re, Tepeba\u015f\u0131\u2019n\u0131n lalesi ile oldu\u011fu kadar \u00fcretimi ile de tan\u0131nan ve bilinen bir k\u00f6y oldu\u011funa i\u015faret &nbsp;ederek s\u0131k\u0131nt\u0131lar\u0131n da olabilece\u011fini ama bunlar\u0131n da devlet ve h\u00fck\u00fcmetin gayretleri ile \u00e7\u00f6z\u00fclebilece\u011fini s\u00f6yledi. T\u00f6re: \u201cHepimiz Kuzey K\u0131br\u0131s T\u00fcrk Cumhuriyeti\u2019nin k\u00f6kle\u015fmesi i\u00e7in ayn\u0131","og_url":"https:\/\/kibrisdakik.com\/?p=34371","article_published_time":"2024-03-16T11:58:50+00:00","og_image":[{"width":710,"height":370,"url":"https:\/\/kibrisdakik.com\/wp-content\/uploads\/2024\/03\/emek-ve-alin-teri-ile-bu-topraklara-sahip-cikiyoruz-1710589692.webp.webp","type":"image\/webp"}],"author":"admin","twitter_card":"summary_large_image","twitter_misc":{"Yazan:":"admin","Tahmini okuma s\u00fcresi":"1 dakika"},"schema":{"@context":"https:\/\/schema.org","@graph":[{"@type":"Article","@id":"https:\/\/kibrisdakik.com\/?p=34371#article","isPartOf":{"@id":"https:\/\/kibrisdakik.com\/?p=34371"},"author":{"name":"admin","@id":"https:\/\/kibrisdakik.com\/#\/schema\/person\/9cd9d437bbb44f72b73ba127e06d8e79"},"headline":"\u201cEmek ve al\u0131n teri ile bu topraklara sahip \u00e7\u0131k\u0131yoruz\u201d","datePublished":"2024-03-16T11:58:50+00:00","mainEntityOfPage":{"@id":"https:\/\/kibrisdakik.com\/?p=34371"},"wordCount":158,"commentCount":0,"image":{"@id":"https:\/\/kibrisdakik.com\/?p=34371#primaryimage"},"thumbnailUrl":"https:\/\/kibrisdakik.com\/wp-content\/uploads\/2024\/03\/emek-ve-alin-teri-ile-bu-topraklara-sahip-cikiyoruz-1710589692.webp.webp","articleSection":["Spor"],"inLanguage":"tr","potentialAction":[{"@type":"CommentAction","name":"Comment","target":["https:\/\/kibrisdakik.com\/?p=34371#respond"]}]},{"@type":"WebPage","@id":"https:\/\/kibrisdakik.com\/?p=34371","url":"https:\/\/kibrisdakik.com\/?p=34371","name":"\u201cEmek ve al\u0131n teri ile bu topraklara sahip \u00e7\u0131k\u0131yoruz\u201d -","isPartOf":{"@id":"https:\/\/kibrisdakik.com\/#website"},"primaryImageOfPage":{"@id":"https:\/\/kibrisdakik.com\/?p=34371#primaryimage"},"image":{"@id":"https:\/\/kibrisdakik.com\/?p=34371#primaryimage"},"thumbnailUrl":"https:\/\/kibrisdakik.com\/wp-content\/uploads\/2024\/03\/emek-ve-alin-teri-ile-bu-topraklara-sahip-cikiyoruz-1710589692.webp.webp","datePublished":"2024-03-16T11:58:50+00:00","author":{"@id":"https:\/\/kibrisdakik.com\/#\/schema\/person\/9cd9d437bbb44f72b73ba127e06d8e79"},"breadcrumb":{"@id":"https:\/\/kibrisdakik.com\/?p=34371#breadcrumb"},"inLanguage":"tr","potentialAction":[{"@type":"ReadAction","target":["https:\/\/kibrisdakik.com\/?p=34371"]}]},{"@type":"ImageObject","inLanguage":"tr","@id":"https:\/\/kibrisdakik.com\/?p=34371#primaryimage","url":"https:\/\/kibrisdakik.com\/wp-content\/uploads\/2024\/03\/emek-ve-alin-teri-ile-bu-topraklara-sahip-cikiyoruz-1710589692.webp.webp","contentUrl":"https:\/\/kibrisdakik.com\/wp-content\/uploads\/2024\/03\/emek-ve-alin-teri-ile-bu-topraklara-sahip-cikiyoruz-1710589692.webp.webp","width":710,"height":370},{"@type":"BreadcrumbList","@id":"https:\/\/kibrisdakik.com\/?p=34371#breadcrumb","itemListElement":[{"@type":"ListItem","position":1,"name":"Home","item":"https:\/\/kibrisdakik.com\/"},{"@type":"ListItem","position":2,"name":"\u201cEmek ve al\u0131n teri ile bu topraklara sahip \u00e7\u0131k\u0131yoruz\u201d"}]},{"@type":"WebSite","@id":"https:\/\/kibrisdakik.com\/#website","url":"https:\/\/kibrisdakik.com\/","name":"","description":"Tam vaktinde haber","potentialAction":[{"@type":"SearchAction","target":{"@type":"EntryPoint","urlTemplate":"https:\/\/kibrisdakik.com\/?s={search_term_string}"},"query-input":{"@type":"PropertyValueSpecification","valueRequired":true,"valueName":"search_term_string"}}],"inLanguage":"tr"},{"@type":"Person","@id":"https:\/\/kibrisdakik.com\/#\/schema\/person\/9cd9d437bbb44f72b73ba127e06d8e79","name":"admin","image":{"@type":"ImageObject","inLanguage":"tr","@id":"https:\/\/secure.gravatar.com\/avatar\/ccc17943b9d660506c869530f897617f7cb1c21a4bf30023f252596d83e1f007?s=96&d=mm&r=g","url":"https:\/\/secure.gravatar.com\/avatar\/ccc17943b9d660506c869530f897617f7cb1c21a4bf30023f252596d83e1f007?s=96&d=mm&r=g","contentUrl":"https:\/\/secure.gravatar.com\/avatar\/ccc17943b9d660506c869530f897617f7cb1c21a4bf30023f252596d83e1f007?s=96&d=mm&r=g","caption":"admin"},"sameAs":["https:\/\/kibrisdakik.com"],"url":"https:\/\/kibrisdakik.com\/?author=1"}]}},"_links":{"self":[{"href":"https:\/\/kibrisdakik.com\/index.php?rest_route=\/wp\/v2\/posts\/34371","targetHints":{"allow":["GET"]}}],"collection":[{"href":"https:\/\/kibrisdakik.com\/index.php?rest_route=\/wp\/v2\/posts"}],"about":[{"href":"https:\/\/kibrisdakik.com\/index.php?rest_route=\/wp\/v2\/types\/post"}],"author":[{"embeddable":true,"href":"https:\/\/kibrisdakik.com\/index.php?rest_route=\/wp\/v2\/users\/1"}],"replies":[{"embeddable":true,"href":"https:\/\/kibrisdakik.com\/index.php?rest_route=%2Fwp%2Fv2%2Fcomments&post=34371"}],"version-history":[{"count":0,"href":"https:\/\/kibrisdakik.com\/index.php?rest_route=\/wp\/v2\/posts\/34371\/revisions"}],"wp:featuredmedia":[{"embeddable":true,"href":"https:\/\/kibrisdakik.com\/index.php?rest_route=\/wp\/v2\/media\/34372"}],"wp:attachment":[{"href":"https:\/\/kibrisdakik.com\/index.php?rest_route=%2Fwp%2Fv2%2Fmedia&parent=34371"}],"wp:term":[{"taxonomy":"category","embeddable":true,"href":"https:\/\/kibrisdakik.com\/index.php?rest_route=%2Fwp%2Fv2%2Fcategories&post=34371"},{"taxonomy":"post_tag","embeddable":true,"href":"https:\/\/kibrisdakik.com\/index.php?rest_route=%2Fwp%2Fv2%2Ftags&post=34371"}],"curies":[{"name":"wp","href":"https:\/\/api.w.org\/{rel}","templated":true}]}}