{"id":34381,"date":"2024-03-16T12:59:53","date_gmt":"2024-03-16T12:59:53","guid":{"rendered":"https:\/\/kibrisdakik.com\/index.php\/2024\/03\/16\/cumhurbaskani-ersin-tatar-16-tepebasi-yorgoz-lale-festivalinin-acilis-torenine-katildi\/"},"modified":"2024-03-16T12:59:53","modified_gmt":"2024-03-16T12:59:53","slug":"cumhurbaskani-ersin-tatar-16-tepebasi-yorgoz-lale-festivalinin-acilis-torenine-katildi","status":"publish","type":"post","link":"https:\/\/kibrisdakik.com\/?p=34381","title":{"rendered":"Cumhurba\u015fkan\u0131 Ersin Tatar, 16. Tepeba\u015f\u0131 (Yorgoz) Lale Festivali\u2019nin A\u00e7\u0131l\u0131\u015f T\u00f6renine kat\u0131ld\u0131"},"content":{"rendered":"<p><img decoding=\"async\" src=\"https:\/\/www.kibristurk.com\/images\/haberler\/2024\/03\/cumhurbaskani-ersin-tatar-16-tepebasi-yorgoz-lale-festivalinin-acilis-torenine-katildi-1710592897.webp\" \/><\/p>\n<p>\nDo\u011fal g\u00fczellikleri bar\u0131nd\u0131ran Tepeba\u015f\u0131 ve civar k\u00f6ylerinin bu g\u00fczelliklerinin korunmas\u0131 gerekti\u011fini anlatan Cumhurba\u015fkan\u0131 Tatar, yap\u0131la\u015fman\u0131n ilgili kurumlar ile koordineli bir \u015fekilde yasal mevzuatlara uygun olarak s\u00fcrd\u00fcr\u00fclmesi gerekti\u011fine vurgu yapt\u0131.<\/p>\n<p>K\u0131br\u0131s T\u00fcrk\u00fc\u2019n\u00fcn; kendi kimli\u011fi, ya\u015fam bi\u00e7imi, \u00f6rf, adet gelenek ve vatan sevgisiyle varoldu\u011funu vurgulayan Cumhurba\u015fkan\u0131 Tatar, \u201cDo\u011fam\u0131za, k\u00fclt\u00fcr\u00fcm\u00fcze ve devletimize sahip \u00e7\u0131kmal\u0131y\u0131z\u201d dedi.<\/p>\n<p>Bir\u00e7ok g\u00fczelli\u011fi bar\u0131ndan ender bir \u00fclkede ya\u015fan\u0131ld\u0131\u011f\u0131na i\u015faret eden Cumhurba\u015fkan\u0131 Tatar, Lale \u00e7i\u00e7e\u011fine sahip \u00e7\u0131karken, topra\u011fa, bitkilere ve do\u011faya da sahip \u00e7\u0131k\u0131lmas\u0131 gerekti\u011fine dikkat \u00e7ekti.<\/p>\n","protected":false},"excerpt":{"rendered":"<p>Do\u011fal g\u00fczellikleri bar\u0131nd\u0131ran Tepeba\u015f\u0131 ve civar k\u00f6ylerinin bu g\u00fczelliklerinin korunmas\u0131 gerekti\u011fini anlatan Cumhurba\u015fkan\u0131 Tatar, yap\u0131la\u015fman\u0131n ilgili kurumlar ile koordineli bir \u015fekilde yasal mevzuatlara uygun olarak s\u00fcrd\u00fcr\u00fclmesi gerekti\u011fine vurgu yapt\u0131. K\u0131br\u0131s T\u00fcrk\u00fc\u2019n\u00fcn; kendi kimli\u011fi, ya\u015fam bi\u00e7imi, \u00f6rf, adet gelenek ve vatan sevgisiyle varoldu\u011funu vurgulayan Cumhurba\u015fkan\u0131 Tatar, \u201cDo\u011fam\u0131za, k\u00fclt\u00fcr\u00fcm\u00fcze ve devletimize sahip \u00e7\u0131kmal\u0131y\u0131z\u201d dedi. Bir\u00e7ok g\u00fczelli\u011fi bar\u0131ndan<\/p>\n","protected":false},"author":1,"featured_media":34382,"comment_status":"open","ping_status":"open","sticky":false,"template":"","format":"standard","meta":{"footnotes":""},"categories":[85],"tags":[],"class_list":["post-34381","post","type-post","status-publish","format-standard","has-post-thumbnail","hentry","category-spor"],"yoast_head":"<!-- This site is optimized with the Yoast SEO plugin v27.5 - https:\/\/yoast.com\/product\/yoast-seo-wordpress\/ -->\n<title>Cumhurba\u015fkan\u0131 Ersin Tatar, 16. Tepeba\u015f\u0131 (Yorgoz) Lale Festivali\u2019nin A\u00e7\u0131l\u0131\u015f T\u00f6renine kat\u0131ld\u0131 -<\/title>\n<meta name=\"robots\" content=\"index, follow, max-snippet:-1, max-image-preview:large, max-video-preview:-1\" \/>\n<link rel=\"canonical\" href=\"https:\/\/kibrisdakik.com\/?p=34381\" \/>\n<meta property=\"og:locale\" content=\"tr_TR\" \/>\n<meta property=\"og:type\" content=\"article\" \/>\n<meta property=\"og:title\" content=\"Cumhurba\u015fkan\u0131 Ersin Tatar, 16. Tepeba\u015f\u0131 (Yorgoz) Lale Festivali\u2019nin A\u00e7\u0131l\u0131\u015f T\u00f6renine kat\u0131ld\u0131 -\" \/>\n<meta property=\"og:description\" content=\"Do\u011fal g\u00fczellikleri bar\u0131nd\u0131ran Tepeba\u015f\u0131 ve civar k\u00f6ylerinin bu g\u00fczelliklerinin korunmas\u0131 gerekti\u011fini anlatan Cumhurba\u015fkan\u0131 Tatar, yap\u0131la\u015fman\u0131n ilgili kurumlar ile koordineli bir \u015fekilde yasal mevzuatlara uygun olarak s\u00fcrd\u00fcr\u00fclmesi gerekti\u011fine vurgu yapt\u0131. K\u0131br\u0131s T\u00fcrk\u00fc\u2019n\u00fcn; kendi kimli\u011fi, ya\u015fam bi\u00e7imi, \u00f6rf, adet gelenek ve vatan sevgisiyle varoldu\u011funu vurgulayan Cumhurba\u015fkan\u0131 Tatar, \u201cDo\u011fam\u0131za, k\u00fclt\u00fcr\u00fcm\u00fcze ve devletimize sahip \u00e7\u0131kmal\u0131y\u0131z\u201d dedi. Bir\u00e7ok g\u00fczelli\u011fi bar\u0131ndan\" \/>\n<meta property=\"og:url\" content=\"https:\/\/kibrisdakik.com\/?p=34381\" \/>\n<meta property=\"article:published_time\" content=\"2024-03-16T12:59:53+00:00\" \/>\n<meta property=\"og:image\" content=\"https:\/\/kibrisdakik.com\/wp-content\/uploads\/2024\/03\/cumhurbaskani-ersin-tatar-16-tepebasi-yorgoz-lale-festivalinin-acilis-torenine-katildi-1710592897.webp.webp\" \/>\n\t<meta property=\"og:image:width\" content=\"710\" \/>\n\t<meta property=\"og:image:height\" content=\"370\" \/>\n\t<meta property=\"og:image:type\" content=\"image\/webp\" \/>\n<meta name=\"author\" content=\"admin\" \/>\n<meta name=\"twitter:card\" content=\"summary_large_image\" \/>\n<meta name=\"twitter:label1\" content=\"Yazan:\" \/>\n\t<meta name=\"twitter:data1\" content=\"admin\" \/>\n\t<meta name=\"twitter:label2\" content=\"Tahmini okuma s\u00fcresi\" \/>\n\t<meta name=\"twitter:data2\" content=\"1 dakika\" \/>\n<script type=\"application\/ld+json\" class=\"yoast-schema-graph\">{\"@context\":\"https:\\\/\\\/schema.org\",\"@graph\":[{\"@type\":\"Article\",\"@id\":\"https:\\\/\\\/kibrisdakik.com\\\/?p=34381#article\",\"isPartOf\":{\"@id\":\"https:\\\/\\\/kibrisdakik.com\\\/?p=34381\"},\"author\":{\"name\":\"admin\",\"@id\":\"https:\\\/\\\/kibrisdakik.com\\\/#\\\/schema\\\/person\\\/9cd9d437bbb44f72b73ba127e06d8e79\"},\"headline\":\"Cumhurba\u015fkan\u0131 Ersin Tatar, 16. Tepeba\u015f\u0131 (Yorgoz) Lale Festivali\u2019nin A\u00e7\u0131l\u0131\u015f T\u00f6renine kat\u0131ld\u0131\",\"datePublished\":\"2024-03-16T12:59:53+00:00\",\"mainEntityOfPage\":{\"@id\":\"https:\\\/\\\/kibrisdakik.com\\\/?p=34381\"},\"wordCount\":140,\"commentCount\":0,\"image\":{\"@id\":\"https:\\\/\\\/kibrisdakik.com\\\/?p=34381#primaryimage\"},\"thumbnailUrl\":\"https:\\\/\\\/kibrisdakik.com\\\/wp-content\\\/uploads\\\/2024\\\/03\\\/cumhurbaskani-ersin-tatar-16-tepebasi-yorgoz-lale-festivalinin-acilis-torenine-katildi-1710592897.webp.webp\",\"articleSection\":[\"Spor\"],\"inLanguage\":\"tr\",\"potentialAction\":[{\"@type\":\"CommentAction\",\"name\":\"Comment\",\"target\":[\"https:\\\/\\\/kibrisdakik.com\\\/?p=34381#respond\"]}]},{\"@type\":\"WebPage\",\"@id\":\"https:\\\/\\\/kibrisdakik.com\\\/?p=34381\",\"url\":\"https:\\\/\\\/kibrisdakik.com\\\/?p=34381\",\"name\":\"Cumhurba\u015fkan\u0131 Ersin Tatar, 16. Tepeba\u015f\u0131 (Yorgoz) Lale Festivali\u2019nin A\u00e7\u0131l\u0131\u015f T\u00f6renine kat\u0131ld\u0131 -\",\"isPartOf\":{\"@id\":\"https:\\\/\\\/kibrisdakik.com\\\/#website\"},\"primaryImageOfPage\":{\"@id\":\"https:\\\/\\\/kibrisdakik.com\\\/?p=34381#primaryimage\"},\"image\":{\"@id\":\"https:\\\/\\\/kibrisdakik.com\\\/?p=34381#primaryimage\"},\"thumbnailUrl\":\"https:\\\/\\\/kibrisdakik.com\\\/wp-content\\\/uploads\\\/2024\\\/03\\\/cumhurbaskani-ersin-tatar-16-tepebasi-yorgoz-lale-festivalinin-acilis-torenine-katildi-1710592897.webp.webp\",\"datePublished\":\"2024-03-16T12:59:53+00:00\",\"author\":{\"@id\":\"https:\\\/\\\/kibrisdakik.com\\\/#\\\/schema\\\/person\\\/9cd9d437bbb44f72b73ba127e06d8e79\"},\"breadcrumb\":{\"@id\":\"https:\\\/\\\/kibrisdakik.com\\\/?p=34381#breadcrumb\"},\"inLanguage\":\"tr\",\"potentialAction\":[{\"@type\":\"ReadAction\",\"target\":[\"https:\\\/\\\/kibrisdakik.com\\\/?p=34381\"]}]},{\"@type\":\"ImageObject\",\"inLanguage\":\"tr\",\"@id\":\"https:\\\/\\\/kibrisdakik.com\\\/?p=34381#primaryimage\",\"url\":\"https:\\\/\\\/kibrisdakik.com\\\/wp-content\\\/uploads\\\/2024\\\/03\\\/cumhurbaskani-ersin-tatar-16-tepebasi-yorgoz-lale-festivalinin-acilis-torenine-katildi-1710592897.webp.webp\",\"contentUrl\":\"https:\\\/\\\/kibrisdakik.com\\\/wp-content\\\/uploads\\\/2024\\\/03\\\/cumhurbaskani-ersin-tatar-16-tepebasi-yorgoz-lale-festivalinin-acilis-torenine-katildi-1710592897.webp.webp\",\"width\":710,\"height\":370},{\"@type\":\"BreadcrumbList\",\"@id\":\"https:\\\/\\\/kibrisdakik.com\\\/?p=34381#breadcrumb\",\"itemListElement\":[{\"@type\":\"ListItem\",\"position\":1,\"name\":\"Home\",\"item\":\"https:\\\/\\\/kibrisdakik.com\\\/\"},{\"@type\":\"ListItem\",\"position\":2,\"name\":\"Cumhurba\u015fkan\u0131 Ersin Tatar, 16. Tepeba\u015f\u0131 (Yorgoz) Lale Festivali\u2019nin A\u00e7\u0131l\u0131\u015f T\u00f6renine kat\u0131ld\u0131\"}]},{\"@type\":\"WebSite\",\"@id\":\"https:\\\/\\\/kibrisdakik.com\\\/#website\",\"url\":\"https:\\\/\\\/kibrisdakik.com\\\/\",\"name\":\"\",\"description\":\"Tam vaktinde haber\",\"potentialAction\":[{\"@type\":\"SearchAction\",\"target\":{\"@type\":\"EntryPoint\",\"urlTemplate\":\"https:\\\/\\\/kibrisdakik.com\\\/?s={search_term_string}\"},\"query-input\":{\"@type\":\"PropertyValueSpecification\",\"valueRequired\":true,\"valueName\":\"search_term_string\"}}],\"inLanguage\":\"tr\"},{\"@type\":\"Person\",\"@id\":\"https:\\\/\\\/kibrisdakik.com\\\/#\\\/schema\\\/person\\\/9cd9d437bbb44f72b73ba127e06d8e79\",\"name\":\"admin\",\"image\":{\"@type\":\"ImageObject\",\"inLanguage\":\"tr\",\"@id\":\"https:\\\/\\\/secure.gravatar.com\\\/avatar\\\/ccc17943b9d660506c869530f897617f7cb1c21a4bf30023f252596d83e1f007?s=96&d=mm&r=g\",\"url\":\"https:\\\/\\\/secure.gravatar.com\\\/avatar\\\/ccc17943b9d660506c869530f897617f7cb1c21a4bf30023f252596d83e1f007?s=96&d=mm&r=g\",\"contentUrl\":\"https:\\\/\\\/secure.gravatar.com\\\/avatar\\\/ccc17943b9d660506c869530f897617f7cb1c21a4bf30023f252596d83e1f007?s=96&d=mm&r=g\",\"caption\":\"admin\"},\"sameAs\":[\"https:\\\/\\\/kibrisdakik.com\"],\"url\":\"https:\\\/\\\/kibrisdakik.com\\\/?author=1\"}]}<\/script>\n<!-- \/ Yoast SEO plugin. -->","yoast_head_json":{"title":"Cumhurba\u015fkan\u0131 Ersin Tatar, 16. Tepeba\u015f\u0131 (Yorgoz) Lale Festivali\u2019nin A\u00e7\u0131l\u0131\u015f T\u00f6renine kat\u0131ld\u0131 -","robots":{"index":"index","follow":"follow","max-snippet":"max-snippet:-1","max-image-preview":"max-image-preview:large","max-video-preview":"max-video-preview:-1"},"canonical":"https:\/\/kibrisdakik.com\/?p=34381","og_locale":"tr_TR","og_type":"article","og_title":"Cumhurba\u015fkan\u0131 Ersin Tatar, 16. Tepeba\u015f\u0131 (Yorgoz) Lale Festivali\u2019nin A\u00e7\u0131l\u0131\u015f T\u00f6renine kat\u0131ld\u0131 -","og_description":"Do\u011fal g\u00fczellikleri bar\u0131nd\u0131ran Tepeba\u015f\u0131 ve civar k\u00f6ylerinin bu g\u00fczelliklerinin korunmas\u0131 gerekti\u011fini anlatan Cumhurba\u015fkan\u0131 Tatar, yap\u0131la\u015fman\u0131n ilgili kurumlar ile koordineli bir \u015fekilde yasal mevzuatlara uygun olarak s\u00fcrd\u00fcr\u00fclmesi gerekti\u011fine vurgu yapt\u0131. K\u0131br\u0131s T\u00fcrk\u00fc\u2019n\u00fcn; kendi kimli\u011fi, ya\u015fam bi\u00e7imi, \u00f6rf, adet gelenek ve vatan sevgisiyle varoldu\u011funu vurgulayan Cumhurba\u015fkan\u0131 Tatar, \u201cDo\u011fam\u0131za, k\u00fclt\u00fcr\u00fcm\u00fcze ve devletimize sahip \u00e7\u0131kmal\u0131y\u0131z\u201d dedi. Bir\u00e7ok g\u00fczelli\u011fi bar\u0131ndan","og_url":"https:\/\/kibrisdakik.com\/?p=34381","article_published_time":"2024-03-16T12:59:53+00:00","og_image":[{"width":710,"height":370,"url":"https:\/\/kibrisdakik.com\/wp-content\/uploads\/2024\/03\/cumhurbaskani-ersin-tatar-16-tepebasi-yorgoz-lale-festivalinin-acilis-torenine-katildi-1710592897.webp.webp","type":"image\/webp"}],"author":"admin","twitter_card":"summary_large_image","twitter_misc":{"Yazan:":"admin","Tahmini okuma s\u00fcresi":"1 dakika"},"schema":{"@context":"https:\/\/schema.org","@graph":[{"@type":"Article","@id":"https:\/\/kibrisdakik.com\/?p=34381#article","isPartOf":{"@id":"https:\/\/kibrisdakik.com\/?p=34381"},"author":{"name":"admin","@id":"https:\/\/kibrisdakik.com\/#\/schema\/person\/9cd9d437bbb44f72b73ba127e06d8e79"},"headline":"Cumhurba\u015fkan\u0131 Ersin Tatar, 16. Tepeba\u015f\u0131 (Yorgoz) Lale Festivali\u2019nin A\u00e7\u0131l\u0131\u015f T\u00f6renine kat\u0131ld\u0131","datePublished":"2024-03-16T12:59:53+00:00","mainEntityOfPage":{"@id":"https:\/\/kibrisdakik.com\/?p=34381"},"wordCount":140,"commentCount":0,"image":{"@id":"https:\/\/kibrisdakik.com\/?p=34381#primaryimage"},"thumbnailUrl":"https:\/\/kibrisdakik.com\/wp-content\/uploads\/2024\/03\/cumhurbaskani-ersin-tatar-16-tepebasi-yorgoz-lale-festivalinin-acilis-torenine-katildi-1710592897.webp.webp","articleSection":["Spor"],"inLanguage":"tr","potentialAction":[{"@type":"CommentAction","name":"Comment","target":["https:\/\/kibrisdakik.com\/?p=34381#respond"]}]},{"@type":"WebPage","@id":"https:\/\/kibrisdakik.com\/?p=34381","url":"https:\/\/kibrisdakik.com\/?p=34381","name":"Cumhurba\u015fkan\u0131 Ersin Tatar, 16. Tepeba\u015f\u0131 (Yorgoz) Lale Festivali\u2019nin A\u00e7\u0131l\u0131\u015f T\u00f6renine kat\u0131ld\u0131 -","isPartOf":{"@id":"https:\/\/kibrisdakik.com\/#website"},"primaryImageOfPage":{"@id":"https:\/\/kibrisdakik.com\/?p=34381#primaryimage"},"image":{"@id":"https:\/\/kibrisdakik.com\/?p=34381#primaryimage"},"thumbnailUrl":"https:\/\/kibrisdakik.com\/wp-content\/uploads\/2024\/03\/cumhurbaskani-ersin-tatar-16-tepebasi-yorgoz-lale-festivalinin-acilis-torenine-katildi-1710592897.webp.webp","datePublished":"2024-03-16T12:59:53+00:00","author":{"@id":"https:\/\/kibrisdakik.com\/#\/schema\/person\/9cd9d437bbb44f72b73ba127e06d8e79"},"breadcrumb":{"@id":"https:\/\/kibrisdakik.com\/?p=34381#breadcrumb"},"inLanguage":"tr","potentialAction":[{"@type":"ReadAction","target":["https:\/\/kibrisdakik.com\/?p=34381"]}]},{"@type":"ImageObject","inLanguage":"tr","@id":"https:\/\/kibrisdakik.com\/?p=34381#primaryimage","url":"https:\/\/kibrisdakik.com\/wp-content\/uploads\/2024\/03\/cumhurbaskani-ersin-tatar-16-tepebasi-yorgoz-lale-festivalinin-acilis-torenine-katildi-1710592897.webp.webp","contentUrl":"https:\/\/kibrisdakik.com\/wp-content\/uploads\/2024\/03\/cumhurbaskani-ersin-tatar-16-tepebasi-yorgoz-lale-festivalinin-acilis-torenine-katildi-1710592897.webp.webp","width":710,"height":370},{"@type":"BreadcrumbList","@id":"https:\/\/kibrisdakik.com\/?p=34381#breadcrumb","itemListElement":[{"@type":"ListItem","position":1,"name":"Home","item":"https:\/\/kibrisdakik.com\/"},{"@type":"ListItem","position":2,"name":"Cumhurba\u015fkan\u0131 Ersin Tatar, 16. Tepeba\u015f\u0131 (Yorgoz) Lale Festivali\u2019nin A\u00e7\u0131l\u0131\u015f T\u00f6renine kat\u0131ld\u0131"}]},{"@type":"WebSite","@id":"https:\/\/kibrisdakik.com\/#website","url":"https:\/\/kibrisdakik.com\/","name":"","description":"Tam vaktinde haber","potentialAction":[{"@type":"SearchAction","target":{"@type":"EntryPoint","urlTemplate":"https:\/\/kibrisdakik.com\/?s={search_term_string}"},"query-input":{"@type":"PropertyValueSpecification","valueRequired":true,"valueName":"search_term_string"}}],"inLanguage":"tr"},{"@type":"Person","@id":"https:\/\/kibrisdakik.com\/#\/schema\/person\/9cd9d437bbb44f72b73ba127e06d8e79","name":"admin","image":{"@type":"ImageObject","inLanguage":"tr","@id":"https:\/\/secure.gravatar.com\/avatar\/ccc17943b9d660506c869530f897617f7cb1c21a4bf30023f252596d83e1f007?s=96&d=mm&r=g","url":"https:\/\/secure.gravatar.com\/avatar\/ccc17943b9d660506c869530f897617f7cb1c21a4bf30023f252596d83e1f007?s=96&d=mm&r=g","contentUrl":"https:\/\/secure.gravatar.com\/avatar\/ccc17943b9d660506c869530f897617f7cb1c21a4bf30023f252596d83e1f007?s=96&d=mm&r=g","caption":"admin"},"sameAs":["https:\/\/kibrisdakik.com"],"url":"https:\/\/kibrisdakik.com\/?author=1"}]}},"_links":{"self":[{"href":"https:\/\/kibrisdakik.com\/index.php?rest_route=\/wp\/v2\/posts\/34381","targetHints":{"allow":["GET"]}}],"collection":[{"href":"https:\/\/kibrisdakik.com\/index.php?rest_route=\/wp\/v2\/posts"}],"about":[{"href":"https:\/\/kibrisdakik.com\/index.php?rest_route=\/wp\/v2\/types\/post"}],"author":[{"embeddable":true,"href":"https:\/\/kibrisdakik.com\/index.php?rest_route=\/wp\/v2\/users\/1"}],"replies":[{"embeddable":true,"href":"https:\/\/kibrisdakik.com\/index.php?rest_route=%2Fwp%2Fv2%2Fcomments&post=34381"}],"version-history":[{"count":0,"href":"https:\/\/kibrisdakik.com\/index.php?rest_route=\/wp\/v2\/posts\/34381\/revisions"}],"wp:featuredmedia":[{"embeddable":true,"href":"https:\/\/kibrisdakik.com\/index.php?rest_route=\/wp\/v2\/media\/34382"}],"wp:attachment":[{"href":"https:\/\/kibrisdakik.com\/index.php?rest_route=%2Fwp%2Fv2%2Fmedia&parent=34381"}],"wp:term":[{"taxonomy":"category","embeddable":true,"href":"https:\/\/kibrisdakik.com\/index.php?rest_route=%2Fwp%2Fv2%2Fcategories&post=34381"},{"taxonomy":"post_tag","embeddable":true,"href":"https:\/\/kibrisdakik.com\/index.php?rest_route=%2Fwp%2Fv2%2Ftags&post=34381"}],"curies":[{"name":"wp","href":"https:\/\/api.w.org\/{rel}","templated":true}]}}