{"id":34391,"date":"2024-03-16T14:54:48","date_gmt":"2024-03-16T14:54:48","guid":{"rendered":"https:\/\/kibrisdakik.com\/index.php\/2024\/03\/16\/ctp-guzelyurtta-eylem-yapti\/"},"modified":"2024-03-16T14:54:48","modified_gmt":"2024-03-16T14:54:48","slug":"ctp-guzelyurtta-eylem-yapti","status":"publish","type":"post","link":"https:\/\/kibrisdakik.com\/?p=34391","title":{"rendered":"CTP, G\u00fczelyurt\u2019ta eylem yapt\u0131"},"content":{"rendered":"<p><\/p>\n<div>\n<div class=\"mariselle-image-container center\">\n                <img loading=\"lazy\" decoding=\"async\" width=\"2048\" height=\"1536\" class=\"lazy-image\" alt=\"\" sizes=\"auto, (max-width: 2048px) 100vw, 2048px\" src=\"https:\/\/brtk.net\/wp-content\/uploads\/2024\/03\/16\/IMG-20240316-WA0015.jpg?ver=7da6d9d6a07717655824f210400c7f8b\" srcset=\"https:\/\/brtk.net\/wp-content\/uploads\/2024\/03\/16\/IMG-20240316-WA0015.jpg?ver=7da6d9d6a07717655824f210400c7f8b 2048w, https:\/\/brtk.net\/wp-content\/uploads\/2024\/03\/16\/IMG-20240316-WA0015-300x225.jpg?ver=7da6d9d6a07717655824f210400c7f8b 300w, https:\/\/brtk.net\/wp-content\/uploads\/2024\/03\/16\/IMG-20240316-WA0015-1024x768.jpg?ver=8d44805ffbefaa4296c97fc970be1f20 1024w, https:\/\/brtk.net\/wp-content\/uploads\/2024\/03\/16\/IMG-20240316-WA0015-768x576.jpg?ver=d888d5120288242468cedb1cf563f51c 768w, https:\/\/brtk.net\/wp-content\/uploads\/2024\/03\/16\/IMG-20240316-WA0015-1536x1152.jpg?ver=2447a0abda93a9757c577ddbd3505680 1536w\"\/>                            <\/div>\n<p>\u00a0<\/p>\n<p>Cumhuriyet\u00e7i T\u00fcrk Partisi G\u00fczelyurt \u0130l\u00e7e \u00d6rg\u00fct\u00fc organizasyonuyla,<br \/>G\u00fczelyurt\u2019un sorunlar\u0131na dikkat \u00e7ekmek amac\u0131yla eylem d\u00fczenlendi.<\/p>\n<p>\u201cYolsuzluk, Yoksulluk, Yozla\u015fma Yeter\u201d, \u201cG\u00fczelyurt Hastane in\u015faat\u0131 bitirilsin\u201d , \u201cG\u00fczelyurt\u2019taki \u00fcniversitelerin ya\u015fat\u0131lmas\u0131n\u0131 istiyoruz\u201d yaz\u0131l\u0131 pankartlar\u0131n a\u00e7\u0131ld\u0131\u011f\u0131 eyleme, baz\u0131 sendikalar ve sivil toplum \u00f6rg\u00fctleri ile b\u00f6lge muhtarlar\u0131 da destek verdi.<\/p>\n<p>\u201cG\u00fczelyurt\u2019ta y\u00fcr\u00fcyor ve art\u0131k yeter diyoruz\u201d slogan\u0131yla d\u00fczenlenen eylemde, kat\u0131l\u0131mc\u0131lar, G\u00fczelyurt Terminali\u2019nden, G\u00fczelyurt Kapal\u0131 \u00c7ar\u015f\u0131 \u00f6n\u00fcne kadar y\u00fcr\u00fcd\u00fc.<\/p>\n<p>\u00a0<\/p>\n<div class=\"mariselle-image-container center\">\n                <img loading=\"lazy\" decoding=\"async\" width=\"2048\" height=\"1536\" class=\"lazy-image\" alt=\"\" sizes=\"auto, (max-width: 2048px) 100vw, 2048px\" src=\"https:\/\/brtk.net\/wp-content\/uploads\/2024\/03\/16\/IMG-20240316-WA0018.jpg?ver=b160ce2b50977a9e7c82761f44c7fa63\" srcset=\"https:\/\/brtk.net\/wp-content\/uploads\/2024\/03\/16\/IMG-20240316-WA0018.jpg?ver=b160ce2b50977a9e7c82761f44c7fa63 2048w, https:\/\/brtk.net\/wp-content\/uploads\/2024\/03\/16\/IMG-20240316-WA0018-300x225.jpg?ver=e7b48bae15cf91d116351613b81ea227 300w, https:\/\/brtk.net\/wp-content\/uploads\/2024\/03\/16\/IMG-20240316-WA0018-1024x768.jpg?ver=e7b48bae15cf91d116351613b81ea227 1024w, https:\/\/brtk.net\/wp-content\/uploads\/2024\/03\/16\/IMG-20240316-WA0018-768x576.jpg?ver=a5d90791ce21d16207bf96e6dcaaa572 768w, https:\/\/brtk.net\/wp-content\/uploads\/2024\/03\/16\/IMG-20240316-WA0018-1536x1152.jpg?ver=f2b77a929c16785c1185ba5452040fee 1536w\"\/>                            <\/div>\n<p>\u00a0<\/p>\n<p><a href=\"https:\/\/brtk.net\/\">CTP<\/a> Genel Ba\u015fkan\u0131 Tufan Erh\u00fcrman, eylemde yapt\u0131\u011f\u0131 a\u00e7\u0131klamada,<br \/>\u00fclkenin 5 y\u0131ld\u0131r ya\u015fan\u0131lmaz k\u0131l\u0131nd\u0131\u011f\u0131n\u0131 savundu.<\/p>\n<p>Erh\u00fcrman, G\u00fczelyurt\u2019un iki \u00f6nemli can damar\u0131 olan narenciye ve \u00fcniversite sekt\u00f6r\u00fcn\u00fcn kopar\u0131larak, G\u00fczelyurt\u2019un \u00f6l\u00fc bir kasabaya \u00e7evrilmeye \u00e7al\u0131\u015f\u0131ld\u0131\u011f\u0131n\u0131 ileri s\u00fcrd\u00fc.<\/p>\n<p>G\u00fczelyurt hastane in\u015faat\u0131n\u0131n bitirilmedi\u011fini ve narenciyedeki<br \/>sorunlara da \u00e7are \u00fcretilmedi\u011fini kaydeden Erh\u00fcrman, G\u00fczelyurt\u2019a sahip<br \/>\u00e7\u0131k\u0131lmas\u0131 gerekti\u011finin alt\u0131n\u0131 \u00e7izdi.<\/p>\n<p>\u00a0<\/p>\n<div class=\"mariselle-image-container center\">\n                <img loading=\"lazy\" decoding=\"async\" width=\"2048\" height=\"1536\" class=\"lazy-image\" alt=\"\" sizes=\"auto, (max-width: 2048px) 100vw, 2048px\" src=\"https:\/\/brtk.net\/wp-content\/uploads\/2024\/03\/16\/IMG-20240316-WA0017.jpg?ver=c716cf020f8759612aa4e1ae42009d15\" srcset=\"https:\/\/brtk.net\/wp-content\/uploads\/2024\/03\/16\/IMG-20240316-WA0017.jpg?ver=c716cf020f8759612aa4e1ae42009d15 2048w, https:\/\/brtk.net\/wp-content\/uploads\/2024\/03\/16\/IMG-20240316-WA0017-300x225.jpg?ver=204efcc463b1b23bb34313d12ab62458 300w, https:\/\/brtk.net\/wp-content\/uploads\/2024\/03\/16\/IMG-20240316-WA0017-1024x768.jpg?ver=204efcc463b1b23bb34313d12ab62458 1024w, https:\/\/brtk.net\/wp-content\/uploads\/2024\/03\/16\/IMG-20240316-WA0017-768x576.jpg?ver=204efcc463b1b23bb34313d12ab62458 768w, https:\/\/brtk.net\/wp-content\/uploads\/2024\/03\/16\/IMG-20240316-WA0017-1536x1152.jpg?ver=eb9f66f7a7ec33fac20179306aba1d58 1536w\"\/>                            <\/div>\n<p>\u00dclkedeki yokluk, yolsuzluk ve yozla\u015fmaya \u2018hay\u0131r\u2019 dediklerini belirten Erh\u00fcrman, bundan sonraki nesillerin bu \u00fclkede insan onuruna yara\u015f\u0131r \u015fekilde ya\u015famas\u0131 i\u00e7in m\u00fccadelelerinin s\u00fcrece\u011fini s\u00f6zlerine ekledi.<\/p>\n<\/p><\/div>\n<p><script async\n                    defer\n                    crossorigin=\"anonymous\"\n                    src=\"https:\/\/connect.facebook.net\/tr_TR\/sdk.js#xfbml=1&#038;version=v3.3\"\n            ><\/script><\/p>\n","protected":false},"excerpt":{"rendered":"<p>\u00a0 Cumhuriyet\u00e7i T\u00fcrk Partisi G\u00fczelyurt \u0130l\u00e7e \u00d6rg\u00fct\u00fc organizasyonuyla,G\u00fczelyurt\u2019un sorunlar\u0131na dikkat \u00e7ekmek amac\u0131yla eylem d\u00fczenlendi. \u201cYolsuzluk, Yoksulluk, Yozla\u015fma Yeter\u201d, \u201cG\u00fczelyurt Hastane in\u015faat\u0131 bitirilsin\u201d , \u201cG\u00fczelyurt\u2019taki \u00fcniversitelerin ya\u015fat\u0131lmas\u0131n\u0131 istiyoruz\u201d yaz\u0131l\u0131 pankartlar\u0131n a\u00e7\u0131ld\u0131\u011f\u0131 eyleme, baz\u0131 sendikalar ve sivil toplum \u00f6rg\u00fctleri ile b\u00f6lge muhtarlar\u0131 da destek verdi. \u201cG\u00fczelyurt\u2019ta y\u00fcr\u00fcyor ve art\u0131k yeter diyoruz\u201d slogan\u0131yla d\u00fczenlenen eylemde, kat\u0131l\u0131mc\u0131lar, G\u00fczelyurt Terminali\u2019nden,<\/p>\n","protected":false},"author":1,"featured_media":34392,"comment_status":"open","ping_status":"open","sticky":false,"template":"","format":"standard","meta":{"footnotes":""},"categories":[1],"tags":[],"class_list":["post-34391","post","type-post","status-publish","format-standard","has-post-thumbnail","hentry","category-gundem"],"yoast_head":"<!-- This site is optimized with the Yoast SEO plugin v27.5 - https:\/\/yoast.com\/product\/yoast-seo-wordpress\/ -->\n<title>CTP, G\u00fczelyurt\u2019ta eylem yapt\u0131 -<\/title>\n<meta name=\"robots\" content=\"index, follow, max-snippet:-1, max-image-preview:large, max-video-preview:-1\" \/>\n<link rel=\"canonical\" href=\"https:\/\/kibrisdakik.com\/?p=34391\" \/>\n<meta property=\"og:locale\" content=\"tr_TR\" \/>\n<meta property=\"og:type\" content=\"article\" \/>\n<meta property=\"og:title\" content=\"CTP, G\u00fczelyurt\u2019ta eylem yapt\u0131 -\" \/>\n<meta property=\"og:description\" content=\"\u00a0 Cumhuriyet\u00e7i T\u00fcrk Partisi G\u00fczelyurt \u0130l\u00e7e \u00d6rg\u00fct\u00fc organizasyonuyla,G\u00fczelyurt\u2019un sorunlar\u0131na dikkat \u00e7ekmek amac\u0131yla eylem d\u00fczenlendi. \u201cYolsuzluk, Yoksulluk, Yozla\u015fma Yeter\u201d, \u201cG\u00fczelyurt Hastane in\u015faat\u0131 bitirilsin\u201d , \u201cG\u00fczelyurt\u2019taki \u00fcniversitelerin ya\u015fat\u0131lmas\u0131n\u0131 istiyoruz\u201d yaz\u0131l\u0131 pankartlar\u0131n a\u00e7\u0131ld\u0131\u011f\u0131 eyleme, baz\u0131 sendikalar ve sivil toplum \u00f6rg\u00fctleri ile b\u00f6lge muhtarlar\u0131 da destek verdi. \u201cG\u00fczelyurt\u2019ta y\u00fcr\u00fcyor ve art\u0131k yeter diyoruz\u201d slogan\u0131yla d\u00fczenlenen eylemde, kat\u0131l\u0131mc\u0131lar, G\u00fczelyurt Terminali\u2019nden,\" \/>\n<meta property=\"og:url\" content=\"https:\/\/kibrisdakik.com\/?p=34391\" \/>\n<meta property=\"article:published_time\" content=\"2024-03-16T14:54:48+00:00\" \/>\n<meta property=\"og:image\" content=\"https:\/\/kibrisdakik.com\/wp-content\/uploads\/2024\/03\/IMG-20240316-WA0015-740x420.jpg\" \/>\n\t<meta property=\"og:image:width\" content=\"2048\" \/>\n\t<meta property=\"og:image:height\" content=\"1536\" \/>\n\t<meta property=\"og:image:type\" content=\"image\/jpeg\" \/>\n<meta name=\"author\" content=\"admin\" \/>\n<meta name=\"twitter:card\" content=\"summary_large_image\" \/>\n<meta name=\"twitter:label1\" content=\"Yazan:\" \/>\n\t<meta name=\"twitter:data1\" content=\"admin\" \/>\n\t<meta name=\"twitter:label2\" content=\"Tahmini okuma s\u00fcresi\" \/>\n\t<meta name=\"twitter:data2\" content=\"1 dakika\" \/>\n<script type=\"application\/ld+json\" class=\"yoast-schema-graph\">{\"@context\":\"https:\\\/\\\/schema.org\",\"@graph\":[{\"@type\":\"Article\",\"@id\":\"https:\\\/\\\/kibrisdakik.com\\\/?p=34391#article\",\"isPartOf\":{\"@id\":\"https:\\\/\\\/kibrisdakik.com\\\/?p=34391\"},\"author\":{\"name\":\"admin\",\"@id\":\"https:\\\/\\\/kibrisdakik.com\\\/#\\\/schema\\\/person\\\/9cd9d437bbb44f72b73ba127e06d8e79\"},\"headline\":\"CTP, G\u00fczelyurt\u2019ta eylem yapt\u0131\",\"datePublished\":\"2024-03-16T14:54:48+00:00\",\"mainEntityOfPage\":{\"@id\":\"https:\\\/\\\/kibrisdakik.com\\\/?p=34391\"},\"wordCount\":223,\"commentCount\":0,\"image\":{\"@id\":\"https:\\\/\\\/kibrisdakik.com\\\/?p=34391#primaryimage\"},\"thumbnailUrl\":\"https:\\\/\\\/kibrisdakik.com\\\/wp-content\\\/uploads\\\/2024\\\/03\\\/IMG-20240316-WA0015-740x420.jpg\",\"articleSection\":[\"G\u00fcndem\"],\"inLanguage\":\"tr\",\"potentialAction\":[{\"@type\":\"CommentAction\",\"name\":\"Comment\",\"target\":[\"https:\\\/\\\/kibrisdakik.com\\\/?p=34391#respond\"]}]},{\"@type\":\"WebPage\",\"@id\":\"https:\\\/\\\/kibrisdakik.com\\\/?p=34391\",\"url\":\"https:\\\/\\\/kibrisdakik.com\\\/?p=34391\",\"name\":\"CTP, G\u00fczelyurt\u2019ta eylem yapt\u0131 -\",\"isPartOf\":{\"@id\":\"https:\\\/\\\/kibrisdakik.com\\\/#website\"},\"primaryImageOfPage\":{\"@id\":\"https:\\\/\\\/kibrisdakik.com\\\/?p=34391#primaryimage\"},\"image\":{\"@id\":\"https:\\\/\\\/kibrisdakik.com\\\/?p=34391#primaryimage\"},\"thumbnailUrl\":\"https:\\\/\\\/kibrisdakik.com\\\/wp-content\\\/uploads\\\/2024\\\/03\\\/IMG-20240316-WA0015-740x420.jpg\",\"datePublished\":\"2024-03-16T14:54:48+00:00\",\"author\":{\"@id\":\"https:\\\/\\\/kibrisdakik.com\\\/#\\\/schema\\\/person\\\/9cd9d437bbb44f72b73ba127e06d8e79\"},\"breadcrumb\":{\"@id\":\"https:\\\/\\\/kibrisdakik.com\\\/?p=34391#breadcrumb\"},\"inLanguage\":\"tr\",\"potentialAction\":[{\"@type\":\"ReadAction\",\"target\":[\"https:\\\/\\\/kibrisdakik.com\\\/?p=34391\"]}]},{\"@type\":\"ImageObject\",\"inLanguage\":\"tr\",\"@id\":\"https:\\\/\\\/kibrisdakik.com\\\/?p=34391#primaryimage\",\"url\":\"https:\\\/\\\/kibrisdakik.com\\\/wp-content\\\/uploads\\\/2024\\\/03\\\/IMG-20240316-WA0015-740x420.jpg\",\"contentUrl\":\"https:\\\/\\\/kibrisdakik.com\\\/wp-content\\\/uploads\\\/2024\\\/03\\\/IMG-20240316-WA0015-740x420.jpg\",\"width\":2048,\"height\":1536},{\"@type\":\"BreadcrumbList\",\"@id\":\"https:\\\/\\\/kibrisdakik.com\\\/?p=34391#breadcrumb\",\"itemListElement\":[{\"@type\":\"ListItem\",\"position\":1,\"name\":\"Home\",\"item\":\"https:\\\/\\\/kibrisdakik.com\\\/\"},{\"@type\":\"ListItem\",\"position\":2,\"name\":\"CTP, G\u00fczelyurt\u2019ta eylem yapt\u0131\"}]},{\"@type\":\"WebSite\",\"@id\":\"https:\\\/\\\/kibrisdakik.com\\\/#website\",\"url\":\"https:\\\/\\\/kibrisdakik.com\\\/\",\"name\":\"\",\"description\":\"Tam vaktinde haber\",\"potentialAction\":[{\"@type\":\"SearchAction\",\"target\":{\"@type\":\"EntryPoint\",\"urlTemplate\":\"https:\\\/\\\/kibrisdakik.com\\\/?s={search_term_string}\"},\"query-input\":{\"@type\":\"PropertyValueSpecification\",\"valueRequired\":true,\"valueName\":\"search_term_string\"}}],\"inLanguage\":\"tr\"},{\"@type\":\"Person\",\"@id\":\"https:\\\/\\\/kibrisdakik.com\\\/#\\\/schema\\\/person\\\/9cd9d437bbb44f72b73ba127e06d8e79\",\"name\":\"admin\",\"image\":{\"@type\":\"ImageObject\",\"inLanguage\":\"tr\",\"@id\":\"https:\\\/\\\/secure.gravatar.com\\\/avatar\\\/ccc17943b9d660506c869530f897617f7cb1c21a4bf30023f252596d83e1f007?s=96&d=mm&r=g\",\"url\":\"https:\\\/\\\/secure.gravatar.com\\\/avatar\\\/ccc17943b9d660506c869530f897617f7cb1c21a4bf30023f252596d83e1f007?s=96&d=mm&r=g\",\"contentUrl\":\"https:\\\/\\\/secure.gravatar.com\\\/avatar\\\/ccc17943b9d660506c869530f897617f7cb1c21a4bf30023f252596d83e1f007?s=96&d=mm&r=g\",\"caption\":\"admin\"},\"sameAs\":[\"https:\\\/\\\/kibrisdakik.com\"],\"url\":\"https:\\\/\\\/kibrisdakik.com\\\/?author=1\"}]}<\/script>\n<!-- \/ Yoast SEO plugin. -->","yoast_head_json":{"title":"CTP, G\u00fczelyurt\u2019ta eylem yapt\u0131 -","robots":{"index":"index","follow":"follow","max-snippet":"max-snippet:-1","max-image-preview":"max-image-preview:large","max-video-preview":"max-video-preview:-1"},"canonical":"https:\/\/kibrisdakik.com\/?p=34391","og_locale":"tr_TR","og_type":"article","og_title":"CTP, G\u00fczelyurt\u2019ta eylem yapt\u0131 -","og_description":"\u00a0 Cumhuriyet\u00e7i T\u00fcrk Partisi G\u00fczelyurt \u0130l\u00e7e \u00d6rg\u00fct\u00fc organizasyonuyla,G\u00fczelyurt\u2019un sorunlar\u0131na dikkat \u00e7ekmek amac\u0131yla eylem d\u00fczenlendi. \u201cYolsuzluk, Yoksulluk, Yozla\u015fma Yeter\u201d, \u201cG\u00fczelyurt Hastane in\u015faat\u0131 bitirilsin\u201d , \u201cG\u00fczelyurt\u2019taki \u00fcniversitelerin ya\u015fat\u0131lmas\u0131n\u0131 istiyoruz\u201d yaz\u0131l\u0131 pankartlar\u0131n a\u00e7\u0131ld\u0131\u011f\u0131 eyleme, baz\u0131 sendikalar ve sivil toplum \u00f6rg\u00fctleri ile b\u00f6lge muhtarlar\u0131 da destek verdi. \u201cG\u00fczelyurt\u2019ta y\u00fcr\u00fcyor ve art\u0131k yeter diyoruz\u201d slogan\u0131yla d\u00fczenlenen eylemde, kat\u0131l\u0131mc\u0131lar, G\u00fczelyurt Terminali\u2019nden,","og_url":"https:\/\/kibrisdakik.com\/?p=34391","article_published_time":"2024-03-16T14:54:48+00:00","og_image":[{"width":2048,"height":1536,"url":"https:\/\/kibrisdakik.com\/wp-content\/uploads\/2024\/03\/IMG-20240316-WA0015-740x420.jpg","type":"image\/jpeg"}],"author":"admin","twitter_card":"summary_large_image","twitter_misc":{"Yazan:":"admin","Tahmini okuma s\u00fcresi":"1 dakika"},"schema":{"@context":"https:\/\/schema.org","@graph":[{"@type":"Article","@id":"https:\/\/kibrisdakik.com\/?p=34391#article","isPartOf":{"@id":"https:\/\/kibrisdakik.com\/?p=34391"},"author":{"name":"admin","@id":"https:\/\/kibrisdakik.com\/#\/schema\/person\/9cd9d437bbb44f72b73ba127e06d8e79"},"headline":"CTP, G\u00fczelyurt\u2019ta eylem yapt\u0131","datePublished":"2024-03-16T14:54:48+00:00","mainEntityOfPage":{"@id":"https:\/\/kibrisdakik.com\/?p=34391"},"wordCount":223,"commentCount":0,"image":{"@id":"https:\/\/kibrisdakik.com\/?p=34391#primaryimage"},"thumbnailUrl":"https:\/\/kibrisdakik.com\/wp-content\/uploads\/2024\/03\/IMG-20240316-WA0015-740x420.jpg","articleSection":["G\u00fcndem"],"inLanguage":"tr","potentialAction":[{"@type":"CommentAction","name":"Comment","target":["https:\/\/kibrisdakik.com\/?p=34391#respond"]}]},{"@type":"WebPage","@id":"https:\/\/kibrisdakik.com\/?p=34391","url":"https:\/\/kibrisdakik.com\/?p=34391","name":"CTP, G\u00fczelyurt\u2019ta eylem yapt\u0131 -","isPartOf":{"@id":"https:\/\/kibrisdakik.com\/#website"},"primaryImageOfPage":{"@id":"https:\/\/kibrisdakik.com\/?p=34391#primaryimage"},"image":{"@id":"https:\/\/kibrisdakik.com\/?p=34391#primaryimage"},"thumbnailUrl":"https:\/\/kibrisdakik.com\/wp-content\/uploads\/2024\/03\/IMG-20240316-WA0015-740x420.jpg","datePublished":"2024-03-16T14:54:48+00:00","author":{"@id":"https:\/\/kibrisdakik.com\/#\/schema\/person\/9cd9d437bbb44f72b73ba127e06d8e79"},"breadcrumb":{"@id":"https:\/\/kibrisdakik.com\/?p=34391#breadcrumb"},"inLanguage":"tr","potentialAction":[{"@type":"ReadAction","target":["https:\/\/kibrisdakik.com\/?p=34391"]}]},{"@type":"ImageObject","inLanguage":"tr","@id":"https:\/\/kibrisdakik.com\/?p=34391#primaryimage","url":"https:\/\/kibrisdakik.com\/wp-content\/uploads\/2024\/03\/IMG-20240316-WA0015-740x420.jpg","contentUrl":"https:\/\/kibrisdakik.com\/wp-content\/uploads\/2024\/03\/IMG-20240316-WA0015-740x420.jpg","width":2048,"height":1536},{"@type":"BreadcrumbList","@id":"https:\/\/kibrisdakik.com\/?p=34391#breadcrumb","itemListElement":[{"@type":"ListItem","position":1,"name":"Home","item":"https:\/\/kibrisdakik.com\/"},{"@type":"ListItem","position":2,"name":"CTP, G\u00fczelyurt\u2019ta eylem yapt\u0131"}]},{"@type":"WebSite","@id":"https:\/\/kibrisdakik.com\/#website","url":"https:\/\/kibrisdakik.com\/","name":"","description":"Tam vaktinde haber","potentialAction":[{"@type":"SearchAction","target":{"@type":"EntryPoint","urlTemplate":"https:\/\/kibrisdakik.com\/?s={search_term_string}"},"query-input":{"@type":"PropertyValueSpecification","valueRequired":true,"valueName":"search_term_string"}}],"inLanguage":"tr"},{"@type":"Person","@id":"https:\/\/kibrisdakik.com\/#\/schema\/person\/9cd9d437bbb44f72b73ba127e06d8e79","name":"admin","image":{"@type":"ImageObject","inLanguage":"tr","@id":"https:\/\/secure.gravatar.com\/avatar\/ccc17943b9d660506c869530f897617f7cb1c21a4bf30023f252596d83e1f007?s=96&d=mm&r=g","url":"https:\/\/secure.gravatar.com\/avatar\/ccc17943b9d660506c869530f897617f7cb1c21a4bf30023f252596d83e1f007?s=96&d=mm&r=g","contentUrl":"https:\/\/secure.gravatar.com\/avatar\/ccc17943b9d660506c869530f897617f7cb1c21a4bf30023f252596d83e1f007?s=96&d=mm&r=g","caption":"admin"},"sameAs":["https:\/\/kibrisdakik.com"],"url":"https:\/\/kibrisdakik.com\/?author=1"}]}},"_links":{"self":[{"href":"https:\/\/kibrisdakik.com\/index.php?rest_route=\/wp\/v2\/posts\/34391","targetHints":{"allow":["GET"]}}],"collection":[{"href":"https:\/\/kibrisdakik.com\/index.php?rest_route=\/wp\/v2\/posts"}],"about":[{"href":"https:\/\/kibrisdakik.com\/index.php?rest_route=\/wp\/v2\/types\/post"}],"author":[{"embeddable":true,"href":"https:\/\/kibrisdakik.com\/index.php?rest_route=\/wp\/v2\/users\/1"}],"replies":[{"embeddable":true,"href":"https:\/\/kibrisdakik.com\/index.php?rest_route=%2Fwp%2Fv2%2Fcomments&post=34391"}],"version-history":[{"count":0,"href":"https:\/\/kibrisdakik.com\/index.php?rest_route=\/wp\/v2\/posts\/34391\/revisions"}],"wp:featuredmedia":[{"embeddable":true,"href":"https:\/\/kibrisdakik.com\/index.php?rest_route=\/wp\/v2\/media\/34392"}],"wp:attachment":[{"href":"https:\/\/kibrisdakik.com\/index.php?rest_route=%2Fwp%2Fv2%2Fmedia&parent=34391"}],"wp:term":[{"taxonomy":"category","embeddable":true,"href":"https:\/\/kibrisdakik.com\/index.php?rest_route=%2Fwp%2Fv2%2Fcategories&post=34391"},{"taxonomy":"post_tag","embeddable":true,"href":"https:\/\/kibrisdakik.com\/index.php?rest_route=%2Fwp%2Fv2%2Ftags&post=34391"}],"curies":[{"name":"wp","href":"https:\/\/api.w.org\/{rel}","templated":true}]}}