{"id":34432,"date":"2024-03-16T21:00:48","date_gmt":"2024-03-16T21:00:48","guid":{"rendered":"https:\/\/kibrisdakik.com\/index.php\/2024\/03\/16\/tatar-dogamiza-ve-cevremize-sahip-cikalim\/"},"modified":"2024-03-16T21:00:48","modified_gmt":"2024-03-16T21:00:48","slug":"tatar-dogamiza-ve-cevremize-sahip-cikalim","status":"publish","type":"post","link":"https:\/\/kibrisdakik.com\/?p=34432","title":{"rendered":"Tatar: \u201cDo\u011fam\u0131za ve \u00e7evremize sahip \u00e7\u0131kal\u0131m\u201d"},"content":{"rendered":"<p><\/p>\n<div>\n<div class=\"mariselle-image-container center\">\n                <img loading=\"lazy\" decoding=\"async\" width=\"1600\" height=\"1066\" class=\"lazy-image\" alt=\"\" sizes=\"auto, (max-width: 1600px) 100vw, 1600px\" src=\"https:\/\/brtk.net\/wp-content\/uploads\/2024\/03\/16\/festival-8-.jpg?ver=a8a7417f7cf3c7a724e188edb0205903\" srcset=\"https:\/\/brtk.net\/wp-content\/uploads\/2024\/03\/16\/festival-8-.jpg?ver=a8a7417f7cf3c7a724e188edb0205903 1600w, https:\/\/brtk.net\/wp-content\/uploads\/2024\/03\/16\/festival-8--300x200.jpg?ver=0bc69a8cba2c84d43e342fb7c1a60511 300w, https:\/\/brtk.net\/wp-content\/uploads\/2024\/03\/16\/festival-8--1024x682.jpg?ver=2f2a822ff3e10d69671b4711bd1c5aee 1024w, https:\/\/brtk.net\/wp-content\/uploads\/2024\/03\/16\/festival-8--768x512.jpg?ver=2f2a822ff3e10d69671b4711bd1c5aee 768w, https:\/\/brtk.net\/wp-content\/uploads\/2024\/03\/16\/festival-8--1536x1023.jpg?ver=2f2a822ff3e10d69671b4711bd1c5aee 1536w\"\/>                            <\/div>\n<p>Cumhurba\u015fkan\u0131 <a href=\"https:\/\/brtk.net\/\" target=\"_blank\" rel=\"noopener\"><a href=\"https:\/\/brtk.net\/\" target=\"_blank\" rel=\"noopener\">Ersin <\/a><a href=\"https:\/\/brtk.net\/\"\/><a href=\"https:\/\/brtk.net\/\"\/><a href=\"https:\/\/brtk.net\/\"\/><a href=\"https:\/\/brtk.net\/\">Tatar<\/a>, 16. Tepeba\u015f\u0131 (Yorgoz) Lale Festivali\u2019nin a\u00e7\u0131l\u0131\u015f t\u00f6renine kat\u0131ld\u0131, festival alan\u0131n\u0131 gezdi ve vatanda\u015flarla sohbet etti.<\/p>\n<p>Cumhurba\u015fkanl\u0131\u011f\u0131ndan yap\u0131lan a\u00e7\u0131klamaya g\u00f6re, Tepeba\u015f\u0131 K\u00f6y Meydan\u0131\u2019nda yer alan a\u00e7\u0131l\u0131\u015f t\u00f6reninde konu\u015fan Cumhurba\u015fkan\u0131 <a href=\"https:\/\/brtk.net\/\" target=\"_blank\" rel=\"noopener\"><a href=\"https:\/\/brtk.net\/\" target=\"_blank\" rel=\"noopener\">Ersin <\/a><a href=\"https:\/\/brtk.net\/\"\/><a href=\"https:\/\/brtk.net\/\"\/><a href=\"https:\/\/brtk.net\/\"\/><a href=\"https:\/\/brtk.net\/\">Tatar<\/a>, Tepeba\u015f\u0131\u2019nda tarih, do\u011fal g\u00fczellikler ve k\u00fclt\u00fcr\u00fcn bir arada oldu\u011funu belirterek, \u00e7evreyi koruyup ve gelecek nesillere aktarman\u0131n \u00f6nemine dikkat \u00e7ekti.<\/p>\n<p>Do\u011fal g\u00fczellikleri bar\u0131nd\u0131ran Tepeba\u015f\u0131 ve civar k\u00f6ylerinin bu g\u00fczelliklerinin korunmas\u0131 gerekti\u011fini anlatan Cumhurba\u015fkan\u0131 <a href=\"https:\/\/brtk.net\/\"\/><a href=\"https:\/\/brtk.net\/\"\/><a href=\"https:\/\/brtk.net\/\"\/><a href=\"https:\/\/brtk.net\/\">Tatar<\/a>, yap\u0131la\u015fman\u0131n ilgili kurumlar ile koordineli bir \u015fekilde yasal mevzuatlara uygun olarak s\u00fcrd\u00fcr\u00fclmesi gerekti\u011fine vurgu yapt\u0131.<\/p>\n<p>K\u0131br\u0131s T\u00fcrk\u00fc\u2019n\u00fcn; kendi kimli\u011fi, ya\u015fam bi\u00e7imi, \u00f6rf, adet gelenek ve vatan sevgisiyle var oldu\u011funu vurgulayan Cumhurba\u015fkan\u0131 <a href=\"https:\/\/brtk.net\/\"\/><a href=\"https:\/\/brtk.net\/\"\/><a href=\"https:\/\/brtk.net\/\"\/><a href=\"https:\/\/brtk.net\/\">Tatar<\/a>, \u201cDo\u011fam\u0131za, k\u00fclt\u00fcr\u00fcm\u00fcze ve devletimize sahip \u00e7\u0131kmal\u0131y\u0131z\u201d dedi.<\/p>\n<p>Bir\u00e7ok g\u00fczelli\u011fi bar\u0131ndan ender bir \u00fclkede ya\u015fan\u0131ld\u0131\u011f\u0131na i\u015faret eden Cumhurba\u015fkan\u0131 <a href=\"https:\/\/brtk.net\/\"\/><a href=\"https:\/\/brtk.net\/\"\/><a href=\"https:\/\/brtk.net\/\"\/><a href=\"https:\/\/brtk.net\/\">Tatar<\/a>, Lale \u00e7i\u00e7e\u011fine sahip \u00e7\u0131karken, topra\u011fa, bitkilere ve do\u011faya da sahip \u00e7\u0131k\u0131lmas\u0131 gerekti\u011fine dikkat \u00e7ekti.<\/p>\n<\/p><\/div>\n<p><script async\n                    defer\n                    crossorigin=\"anonymous\"\n                    src=\"https:\/\/connect.facebook.net\/tr_TR\/sdk.js#xfbml=1&#038;version=v3.3\"\n            ><\/script><\/p>\n","protected":false},"excerpt":{"rendered":"<p>Cumhurba\u015fkan\u0131 Ersin Tatar, 16. Tepeba\u015f\u0131 (Yorgoz) Lale Festivali\u2019nin a\u00e7\u0131l\u0131\u015f t\u00f6renine kat\u0131ld\u0131, festival alan\u0131n\u0131 gezdi ve vatanda\u015flarla sohbet etti. Cumhurba\u015fkanl\u0131\u011f\u0131ndan yap\u0131lan a\u00e7\u0131klamaya g\u00f6re, Tepeba\u015f\u0131 K\u00f6y Meydan\u0131\u2019nda yer alan a\u00e7\u0131l\u0131\u015f t\u00f6reninde konu\u015fan Cumhurba\u015fkan\u0131 Ersin Tatar, Tepeba\u015f\u0131\u2019nda tarih, do\u011fal g\u00fczellikler ve k\u00fclt\u00fcr\u00fcn bir arada oldu\u011funu belirterek, \u00e7evreyi koruyup ve gelecek nesillere aktarman\u0131n \u00f6nemine dikkat \u00e7ekti. Do\u011fal g\u00fczellikleri bar\u0131nd\u0131ran<\/p>\n","protected":false},"author":1,"featured_media":34433,"comment_status":"open","ping_status":"open","sticky":false,"template":"","format":"standard","meta":{"footnotes":""},"categories":[1],"tags":[],"class_list":["post-34432","post","type-post","status-publish","format-standard","has-post-thumbnail","hentry","category-gundem"],"yoast_head":"<!-- This site is optimized with the Yoast SEO plugin v27.5 - https:\/\/yoast.com\/product\/yoast-seo-wordpress\/ -->\n<title>Tatar: \u201cDo\u011fam\u0131za ve \u00e7evremize sahip \u00e7\u0131kal\u0131m\u201d -<\/title>\n<meta name=\"robots\" content=\"index, follow, max-snippet:-1, max-image-preview:large, max-video-preview:-1\" \/>\n<link rel=\"canonical\" href=\"https:\/\/kibrisdakik.com\/?p=34432\" \/>\n<meta property=\"og:locale\" content=\"tr_TR\" \/>\n<meta property=\"og:type\" content=\"article\" \/>\n<meta property=\"og:title\" content=\"Tatar: \u201cDo\u011fam\u0131za ve \u00e7evremize sahip \u00e7\u0131kal\u0131m\u201d -\" \/>\n<meta property=\"og:description\" content=\"Cumhurba\u015fkan\u0131 Ersin Tatar, 16. Tepeba\u015f\u0131 (Yorgoz) Lale Festivali\u2019nin a\u00e7\u0131l\u0131\u015f t\u00f6renine kat\u0131ld\u0131, festival alan\u0131n\u0131 gezdi ve vatanda\u015flarla sohbet etti. Cumhurba\u015fkanl\u0131\u011f\u0131ndan yap\u0131lan a\u00e7\u0131klamaya g\u00f6re, Tepeba\u015f\u0131 K\u00f6y Meydan\u0131\u2019nda yer alan a\u00e7\u0131l\u0131\u015f t\u00f6reninde konu\u015fan Cumhurba\u015fkan\u0131 Ersin Tatar, Tepeba\u015f\u0131\u2019nda tarih, do\u011fal g\u00fczellikler ve k\u00fclt\u00fcr\u00fcn bir arada oldu\u011funu belirterek, \u00e7evreyi koruyup ve gelecek nesillere aktarman\u0131n \u00f6nemine dikkat \u00e7ekti. Do\u011fal g\u00fczellikleri bar\u0131nd\u0131ran\" \/>\n<meta property=\"og:url\" content=\"https:\/\/kibrisdakik.com\/?p=34432\" \/>\n<meta property=\"article:published_time\" content=\"2024-03-16T21:00:48+00:00\" \/>\n<meta property=\"og:image\" content=\"https:\/\/kibrisdakik.com\/wp-content\/uploads\/2024\/03\/festival-2--740x420.jpg\" \/>\n\t<meta property=\"og:image:width\" content=\"1600\" \/>\n\t<meta property=\"og:image:height\" content=\"1066\" \/>\n\t<meta property=\"og:image:type\" content=\"image\/jpeg\" \/>\n<meta name=\"author\" content=\"admin\" \/>\n<meta name=\"twitter:card\" content=\"summary_large_image\" \/>\n<meta name=\"twitter:label1\" content=\"Yazan:\" \/>\n\t<meta name=\"twitter:data1\" content=\"admin\" \/>\n\t<meta name=\"twitter:label2\" content=\"Tahmini okuma s\u00fcresi\" \/>\n\t<meta name=\"twitter:data2\" content=\"1 dakika\" \/>\n<script type=\"application\/ld+json\" class=\"yoast-schema-graph\">{\"@context\":\"https:\\\/\\\/schema.org\",\"@graph\":[{\"@type\":\"Article\",\"@id\":\"https:\\\/\\\/kibrisdakik.com\\\/?p=34432#article\",\"isPartOf\":{\"@id\":\"https:\\\/\\\/kibrisdakik.com\\\/?p=34432\"},\"author\":{\"name\":\"admin\",\"@id\":\"https:\\\/\\\/kibrisdakik.com\\\/#\\\/schema\\\/person\\\/9cd9d437bbb44f72b73ba127e06d8e79\"},\"headline\":\"Tatar: \u201cDo\u011fam\u0131za ve \u00e7evremize sahip \u00e7\u0131kal\u0131m\u201d\",\"datePublished\":\"2024-03-16T21:00:48+00:00\",\"mainEntityOfPage\":{\"@id\":\"https:\\\/\\\/kibrisdakik.com\\\/?p=34432\"},\"wordCount\":212,\"commentCount\":0,\"image\":{\"@id\":\"https:\\\/\\\/kibrisdakik.com\\\/?p=34432#primaryimage\"},\"thumbnailUrl\":\"https:\\\/\\\/kibrisdakik.com\\\/wp-content\\\/uploads\\\/2024\\\/03\\\/festival-2--740x420.jpg\",\"articleSection\":[\"G\u00fcndem\"],\"inLanguage\":\"tr\",\"potentialAction\":[{\"@type\":\"CommentAction\",\"name\":\"Comment\",\"target\":[\"https:\\\/\\\/kibrisdakik.com\\\/?p=34432#respond\"]}]},{\"@type\":\"WebPage\",\"@id\":\"https:\\\/\\\/kibrisdakik.com\\\/?p=34432\",\"url\":\"https:\\\/\\\/kibrisdakik.com\\\/?p=34432\",\"name\":\"Tatar: \u201cDo\u011fam\u0131za ve \u00e7evremize sahip \u00e7\u0131kal\u0131m\u201d -\",\"isPartOf\":{\"@id\":\"https:\\\/\\\/kibrisdakik.com\\\/#website\"},\"primaryImageOfPage\":{\"@id\":\"https:\\\/\\\/kibrisdakik.com\\\/?p=34432#primaryimage\"},\"image\":{\"@id\":\"https:\\\/\\\/kibrisdakik.com\\\/?p=34432#primaryimage\"},\"thumbnailUrl\":\"https:\\\/\\\/kibrisdakik.com\\\/wp-content\\\/uploads\\\/2024\\\/03\\\/festival-2--740x420.jpg\",\"datePublished\":\"2024-03-16T21:00:48+00:00\",\"author\":{\"@id\":\"https:\\\/\\\/kibrisdakik.com\\\/#\\\/schema\\\/person\\\/9cd9d437bbb44f72b73ba127e06d8e79\"},\"breadcrumb\":{\"@id\":\"https:\\\/\\\/kibrisdakik.com\\\/?p=34432#breadcrumb\"},\"inLanguage\":\"tr\",\"potentialAction\":[{\"@type\":\"ReadAction\",\"target\":[\"https:\\\/\\\/kibrisdakik.com\\\/?p=34432\"]}]},{\"@type\":\"ImageObject\",\"inLanguage\":\"tr\",\"@id\":\"https:\\\/\\\/kibrisdakik.com\\\/?p=34432#primaryimage\",\"url\":\"https:\\\/\\\/kibrisdakik.com\\\/wp-content\\\/uploads\\\/2024\\\/03\\\/festival-2--740x420.jpg\",\"contentUrl\":\"https:\\\/\\\/kibrisdakik.com\\\/wp-content\\\/uploads\\\/2024\\\/03\\\/festival-2--740x420.jpg\",\"width\":1600,\"height\":1066},{\"@type\":\"BreadcrumbList\",\"@id\":\"https:\\\/\\\/kibrisdakik.com\\\/?p=34432#breadcrumb\",\"itemListElement\":[{\"@type\":\"ListItem\",\"position\":1,\"name\":\"Home\",\"item\":\"https:\\\/\\\/kibrisdakik.com\\\/\"},{\"@type\":\"ListItem\",\"position\":2,\"name\":\"Tatar: \u201cDo\u011fam\u0131za ve \u00e7evremize sahip \u00e7\u0131kal\u0131m\u201d\"}]},{\"@type\":\"WebSite\",\"@id\":\"https:\\\/\\\/kibrisdakik.com\\\/#website\",\"url\":\"https:\\\/\\\/kibrisdakik.com\\\/\",\"name\":\"\",\"description\":\"Tam vaktinde haber\",\"potentialAction\":[{\"@type\":\"SearchAction\",\"target\":{\"@type\":\"EntryPoint\",\"urlTemplate\":\"https:\\\/\\\/kibrisdakik.com\\\/?s={search_term_string}\"},\"query-input\":{\"@type\":\"PropertyValueSpecification\",\"valueRequired\":true,\"valueName\":\"search_term_string\"}}],\"inLanguage\":\"tr\"},{\"@type\":\"Person\",\"@id\":\"https:\\\/\\\/kibrisdakik.com\\\/#\\\/schema\\\/person\\\/9cd9d437bbb44f72b73ba127e06d8e79\",\"name\":\"admin\",\"image\":{\"@type\":\"ImageObject\",\"inLanguage\":\"tr\",\"@id\":\"https:\\\/\\\/secure.gravatar.com\\\/avatar\\\/ccc17943b9d660506c869530f897617f7cb1c21a4bf30023f252596d83e1f007?s=96&d=mm&r=g\",\"url\":\"https:\\\/\\\/secure.gravatar.com\\\/avatar\\\/ccc17943b9d660506c869530f897617f7cb1c21a4bf30023f252596d83e1f007?s=96&d=mm&r=g\",\"contentUrl\":\"https:\\\/\\\/secure.gravatar.com\\\/avatar\\\/ccc17943b9d660506c869530f897617f7cb1c21a4bf30023f252596d83e1f007?s=96&d=mm&r=g\",\"caption\":\"admin\"},\"sameAs\":[\"https:\\\/\\\/kibrisdakik.com\"],\"url\":\"https:\\\/\\\/kibrisdakik.com\\\/?author=1\"}]}<\/script>\n<!-- \/ Yoast SEO plugin. -->","yoast_head_json":{"title":"Tatar: \u201cDo\u011fam\u0131za ve \u00e7evremize sahip \u00e7\u0131kal\u0131m\u201d -","robots":{"index":"index","follow":"follow","max-snippet":"max-snippet:-1","max-image-preview":"max-image-preview:large","max-video-preview":"max-video-preview:-1"},"canonical":"https:\/\/kibrisdakik.com\/?p=34432","og_locale":"tr_TR","og_type":"article","og_title":"Tatar: \u201cDo\u011fam\u0131za ve \u00e7evremize sahip \u00e7\u0131kal\u0131m\u201d -","og_description":"Cumhurba\u015fkan\u0131 Ersin Tatar, 16. Tepeba\u015f\u0131 (Yorgoz) Lale Festivali\u2019nin a\u00e7\u0131l\u0131\u015f t\u00f6renine kat\u0131ld\u0131, festival alan\u0131n\u0131 gezdi ve vatanda\u015flarla sohbet etti. Cumhurba\u015fkanl\u0131\u011f\u0131ndan yap\u0131lan a\u00e7\u0131klamaya g\u00f6re, Tepeba\u015f\u0131 K\u00f6y Meydan\u0131\u2019nda yer alan a\u00e7\u0131l\u0131\u015f t\u00f6reninde konu\u015fan Cumhurba\u015fkan\u0131 Ersin Tatar, Tepeba\u015f\u0131\u2019nda tarih, do\u011fal g\u00fczellikler ve k\u00fclt\u00fcr\u00fcn bir arada oldu\u011funu belirterek, \u00e7evreyi koruyup ve gelecek nesillere aktarman\u0131n \u00f6nemine dikkat \u00e7ekti. Do\u011fal g\u00fczellikleri bar\u0131nd\u0131ran","og_url":"https:\/\/kibrisdakik.com\/?p=34432","article_published_time":"2024-03-16T21:00:48+00:00","og_image":[{"width":1600,"height":1066,"url":"https:\/\/kibrisdakik.com\/wp-content\/uploads\/2024\/03\/festival-2--740x420.jpg","type":"image\/jpeg"}],"author":"admin","twitter_card":"summary_large_image","twitter_misc":{"Yazan:":"admin","Tahmini okuma s\u00fcresi":"1 dakika"},"schema":{"@context":"https:\/\/schema.org","@graph":[{"@type":"Article","@id":"https:\/\/kibrisdakik.com\/?p=34432#article","isPartOf":{"@id":"https:\/\/kibrisdakik.com\/?p=34432"},"author":{"name":"admin","@id":"https:\/\/kibrisdakik.com\/#\/schema\/person\/9cd9d437bbb44f72b73ba127e06d8e79"},"headline":"Tatar: \u201cDo\u011fam\u0131za ve \u00e7evremize sahip \u00e7\u0131kal\u0131m\u201d","datePublished":"2024-03-16T21:00:48+00:00","mainEntityOfPage":{"@id":"https:\/\/kibrisdakik.com\/?p=34432"},"wordCount":212,"commentCount":0,"image":{"@id":"https:\/\/kibrisdakik.com\/?p=34432#primaryimage"},"thumbnailUrl":"https:\/\/kibrisdakik.com\/wp-content\/uploads\/2024\/03\/festival-2--740x420.jpg","articleSection":["G\u00fcndem"],"inLanguage":"tr","potentialAction":[{"@type":"CommentAction","name":"Comment","target":["https:\/\/kibrisdakik.com\/?p=34432#respond"]}]},{"@type":"WebPage","@id":"https:\/\/kibrisdakik.com\/?p=34432","url":"https:\/\/kibrisdakik.com\/?p=34432","name":"Tatar: \u201cDo\u011fam\u0131za ve \u00e7evremize sahip \u00e7\u0131kal\u0131m\u201d -","isPartOf":{"@id":"https:\/\/kibrisdakik.com\/#website"},"primaryImageOfPage":{"@id":"https:\/\/kibrisdakik.com\/?p=34432#primaryimage"},"image":{"@id":"https:\/\/kibrisdakik.com\/?p=34432#primaryimage"},"thumbnailUrl":"https:\/\/kibrisdakik.com\/wp-content\/uploads\/2024\/03\/festival-2--740x420.jpg","datePublished":"2024-03-16T21:00:48+00:00","author":{"@id":"https:\/\/kibrisdakik.com\/#\/schema\/person\/9cd9d437bbb44f72b73ba127e06d8e79"},"breadcrumb":{"@id":"https:\/\/kibrisdakik.com\/?p=34432#breadcrumb"},"inLanguage":"tr","potentialAction":[{"@type":"ReadAction","target":["https:\/\/kibrisdakik.com\/?p=34432"]}]},{"@type":"ImageObject","inLanguage":"tr","@id":"https:\/\/kibrisdakik.com\/?p=34432#primaryimage","url":"https:\/\/kibrisdakik.com\/wp-content\/uploads\/2024\/03\/festival-2--740x420.jpg","contentUrl":"https:\/\/kibrisdakik.com\/wp-content\/uploads\/2024\/03\/festival-2--740x420.jpg","width":1600,"height":1066},{"@type":"BreadcrumbList","@id":"https:\/\/kibrisdakik.com\/?p=34432#breadcrumb","itemListElement":[{"@type":"ListItem","position":1,"name":"Home","item":"https:\/\/kibrisdakik.com\/"},{"@type":"ListItem","position":2,"name":"Tatar: \u201cDo\u011fam\u0131za ve \u00e7evremize sahip \u00e7\u0131kal\u0131m\u201d"}]},{"@type":"WebSite","@id":"https:\/\/kibrisdakik.com\/#website","url":"https:\/\/kibrisdakik.com\/","name":"","description":"Tam vaktinde haber","potentialAction":[{"@type":"SearchAction","target":{"@type":"EntryPoint","urlTemplate":"https:\/\/kibrisdakik.com\/?s={search_term_string}"},"query-input":{"@type":"PropertyValueSpecification","valueRequired":true,"valueName":"search_term_string"}}],"inLanguage":"tr"},{"@type":"Person","@id":"https:\/\/kibrisdakik.com\/#\/schema\/person\/9cd9d437bbb44f72b73ba127e06d8e79","name":"admin","image":{"@type":"ImageObject","inLanguage":"tr","@id":"https:\/\/secure.gravatar.com\/avatar\/ccc17943b9d660506c869530f897617f7cb1c21a4bf30023f252596d83e1f007?s=96&d=mm&r=g","url":"https:\/\/secure.gravatar.com\/avatar\/ccc17943b9d660506c869530f897617f7cb1c21a4bf30023f252596d83e1f007?s=96&d=mm&r=g","contentUrl":"https:\/\/secure.gravatar.com\/avatar\/ccc17943b9d660506c869530f897617f7cb1c21a4bf30023f252596d83e1f007?s=96&d=mm&r=g","caption":"admin"},"sameAs":["https:\/\/kibrisdakik.com"],"url":"https:\/\/kibrisdakik.com\/?author=1"}]}},"_links":{"self":[{"href":"https:\/\/kibrisdakik.com\/index.php?rest_route=\/wp\/v2\/posts\/34432","targetHints":{"allow":["GET"]}}],"collection":[{"href":"https:\/\/kibrisdakik.com\/index.php?rest_route=\/wp\/v2\/posts"}],"about":[{"href":"https:\/\/kibrisdakik.com\/index.php?rest_route=\/wp\/v2\/types\/post"}],"author":[{"embeddable":true,"href":"https:\/\/kibrisdakik.com\/index.php?rest_route=\/wp\/v2\/users\/1"}],"replies":[{"embeddable":true,"href":"https:\/\/kibrisdakik.com\/index.php?rest_route=%2Fwp%2Fv2%2Fcomments&post=34432"}],"version-history":[{"count":0,"href":"https:\/\/kibrisdakik.com\/index.php?rest_route=\/wp\/v2\/posts\/34432\/revisions"}],"wp:featuredmedia":[{"embeddable":true,"href":"https:\/\/kibrisdakik.com\/index.php?rest_route=\/wp\/v2\/media\/34433"}],"wp:attachment":[{"href":"https:\/\/kibrisdakik.com\/index.php?rest_route=%2Fwp%2Fv2%2Fmedia&parent=34432"}],"wp:term":[{"taxonomy":"category","embeddable":true,"href":"https:\/\/kibrisdakik.com\/index.php?rest_route=%2Fwp%2Fv2%2Fcategories&post=34432"},{"taxonomy":"post_tag","embeddable":true,"href":"https:\/\/kibrisdakik.com\/index.php?rest_route=%2Fwp%2Fv2%2Ftags&post=34432"}],"curies":[{"name":"wp","href":"https:\/\/api.w.org\/{rel}","templated":true}]}}