{"id":34466,"date":"2024-03-17T04:51:50","date_gmt":"2024-03-17T04:51:50","guid":{"rendered":"https:\/\/kibrisdakik.com\/index.php\/2024\/03\/17\/marmaray-istasyonunda-kadin-calisana-bicakli-saldiri\/"},"modified":"2024-03-17T04:51:50","modified_gmt":"2024-03-17T04:51:50","slug":"marmaray-istasyonunda-kadin-calisana-bicakli-saldiri","status":"publish","type":"post","link":"https:\/\/kibrisdakik.com\/?p=34466","title":{"rendered":"Marmaray \u0130stasyonu\u2019nda kad\u0131n \u00e7al\u0131\u015fana b\u0131\u00e7akl\u0131 sald\u0131r\u0131"},"content":{"rendered":"<p><\/p>\n<p>Feci olay, d\u00fcn ak\u015fam saatlerinde G\u00f6ztepe&nbsp;Marmaray&nbsp;\u0130stasyonu\u2019nda meydana geldi. \u0130ddiaya g\u00f6re, istasyonda temizlik g\u00f6revlisi olarak \u00e7al\u0131\u015fan \u00c7etin Aktay(36) y\u00fcz\u00fc maskeli ve kap\u00fc\u015fonlu halde, ayn\u0131 istasyonda g\u00fcvenlik g\u00f6revlisi olarak \u00e7al\u0131\u015fan&nbsp;G\u00fclnihal Karadereli\u2019nin(34) yan\u0131na yakla\u015ft\u0131. O s\u0131rada Aktay, yan\u0131nda bulunan b\u0131\u00e7a\u011f\u0131yla kad\u0131n g\u00f6revliye sald\u0131rmaya ba\u015flad\u0131. Y\u00fcz\u00fcnden ald\u0131\u011f\u0131 b\u0131\u00e7ak darbesiyle G\u00fclnihal Karadereli kanlar i\u00e7erisinde yere y\u0131\u011f\u0131ld\u0131.<\/p>\n<p><strong>Y\u00dcZ\u00dcNE KIRK D\u0130K\u0130\u015e ATILDI<\/strong><\/p>\n<p>\u0130hbar \u00fczerine olay yerine sa\u011fl\u0131k ve polis ekipleri sevk edildi. Olay yerine gelen sa\u011fl\u0131k ekipleri b\u0131\u00e7akla yaralanan kad\u0131n\u0131 ambulansla hastaneye kald\u0131rd\u0131. Hastanede tedavi alt\u0131na al\u0131nan Karadereli\u2019nin y\u00fcz\u00fcne 40 diki\u015f at\u0131ld\u0131\u011f\u0131 \u00f6\u011frenildi.<\/p>\n<p><strong>SALDIRGAN ADL\u0130YEYE SEVK ED\u0130LD\u0130<\/strong><\/p>\n<p>Polis ekipleri \u00c7etin Aktay\u2019\u0131 yakalayarak g\u00f6zalt\u0131na ald\u0131. Aktay\u2019\u0131n emniyetteki sorgusunda G\u00fclnihal Karadereli\u2019ye kin besledi\u011fi, olay\u0131 bundan dolay\u0131 ger\u00e7ekle\u015ftirdi\u011fi \u00f6\u011frenilirken, Aktay\u2019\u0131n farkl\u0131 su\u00e7lardan 11 ayr\u0131 su\u00e7 kayd\u0131 oldu\u011fu tespit edildi. Emniyetteki sorgusu biten \u015f\u00fcpheli bug\u00fcn adliyeye sevk edildi.<\/p>\n<p><img decoding=\"async\" alt=\"Marmaray \u0130stasyonu\u2019nda kad\u0131n \u00e7al\u0131\u015fana b\u0131\u00e7akl\u0131 sald\u0131r\u0131\" src=\"https:\/\/image.cnnturk.com\/i\/cnnturk\/75\/770x0\/65f60421a62a08cf17a400dd.jpg\" style=\"width:100%\" \/><\/p>\n<ul>\n<li>&nbsp;<\/li>\n<\/ul>\n","protected":false},"excerpt":{"rendered":"<p>Feci olay, d\u00fcn ak\u015fam saatlerinde G\u00f6ztepe&nbsp;Marmaray&nbsp;\u0130stasyonu\u2019nda meydana geldi. \u0130ddiaya g\u00f6re, istasyonda temizlik g\u00f6revlisi olarak \u00e7al\u0131\u015fan \u00c7etin Aktay(36) y\u00fcz\u00fc maskeli ve kap\u00fc\u015fonlu halde, ayn\u0131 istasyonda g\u00fcvenlik g\u00f6revlisi olarak \u00e7al\u0131\u015fan&nbsp;G\u00fclnihal Karadereli\u2019nin(34) yan\u0131na yakla\u015ft\u0131. O s\u0131rada Aktay, yan\u0131nda bulunan b\u0131\u00e7a\u011f\u0131yla kad\u0131n g\u00f6revliye sald\u0131rmaya ba\u015flad\u0131. Y\u00fcz\u00fcnden ald\u0131\u011f\u0131 b\u0131\u00e7ak darbesiyle G\u00fclnihal Karadereli kanlar i\u00e7erisinde yere y\u0131\u011f\u0131ld\u0131. Y\u00dcZ\u00dcNE KIRK D\u0130K\u0130\u015e ATILDI<\/p>\n","protected":false},"author":1,"featured_media":34467,"comment_status":"open","ping_status":"open","sticky":false,"template":"","format":"standard","meta":{"footnotes":""},"categories":[79],"tags":[],"class_list":["post-34466","post","type-post","status-publish","format-standard","has-post-thumbnail","hentry","category-ekonomi"],"yoast_head":"<!-- This site is optimized with the Yoast SEO plugin v27.5 - https:\/\/yoast.com\/product\/yoast-seo-wordpress\/ -->\n<title>Marmaray \u0130stasyonu\u2019nda kad\u0131n \u00e7al\u0131\u015fana b\u0131\u00e7akl\u0131 sald\u0131r\u0131 -<\/title>\n<meta name=\"robots\" content=\"index, follow, max-snippet:-1, max-image-preview:large, max-video-preview:-1\" \/>\n<link rel=\"canonical\" href=\"https:\/\/kibrisdakik.com\/?p=34466\" \/>\n<meta property=\"og:locale\" content=\"tr_TR\" \/>\n<meta property=\"og:type\" content=\"article\" \/>\n<meta property=\"og:title\" content=\"Marmaray \u0130stasyonu\u2019nda kad\u0131n \u00e7al\u0131\u015fana b\u0131\u00e7akl\u0131 sald\u0131r\u0131 -\" \/>\n<meta property=\"og:description\" content=\"Feci olay, d\u00fcn ak\u015fam saatlerinde G\u00f6ztepe&nbsp;Marmaray&nbsp;\u0130stasyonu\u2019nda meydana geldi. \u0130ddiaya g\u00f6re, istasyonda temizlik g\u00f6revlisi olarak \u00e7al\u0131\u015fan \u00c7etin Aktay(36) y\u00fcz\u00fc maskeli ve kap\u00fc\u015fonlu halde, ayn\u0131 istasyonda g\u00fcvenlik g\u00f6revlisi olarak \u00e7al\u0131\u015fan&nbsp;G\u00fclnihal Karadereli\u2019nin(34) yan\u0131na yakla\u015ft\u0131. O s\u0131rada Aktay, yan\u0131nda bulunan b\u0131\u00e7a\u011f\u0131yla kad\u0131n g\u00f6revliye sald\u0131rmaya ba\u015flad\u0131. Y\u00fcz\u00fcnden ald\u0131\u011f\u0131 b\u0131\u00e7ak darbesiyle G\u00fclnihal Karadereli kanlar i\u00e7erisinde yere y\u0131\u011f\u0131ld\u0131. Y\u00dcZ\u00dcNE KIRK D\u0130K\u0130\u015e ATILDI\" \/>\n<meta property=\"og:url\" content=\"https:\/\/kibrisdakik.com\/?p=34466\" \/>\n<meta property=\"article:published_time\" content=\"2024-03-17T04:51:50+00:00\" \/>\n<meta property=\"og:image\" content=\"https:\/\/kibrisdakik.com\/wp-content\/uploads\/2024\/03\/65f60421a62a08cf17a400dd-740x385.jpg\" \/>\n\t<meta property=\"og:image:width\" content=\"770\" \/>\n\t<meta property=\"og:image:height\" content=\"385\" \/>\n\t<meta property=\"og:image:type\" content=\"image\/jpeg\" \/>\n<meta name=\"author\" content=\"admin\" \/>\n<meta name=\"twitter:card\" content=\"summary_large_image\" \/>\n<meta name=\"twitter:label1\" content=\"Yazan:\" \/>\n\t<meta name=\"twitter:data1\" content=\"admin\" \/>\n\t<meta name=\"twitter:label2\" content=\"Tahmini okuma s\u00fcresi\" \/>\n\t<meta name=\"twitter:data2\" content=\"1 dakika\" \/>\n<script type=\"application\/ld+json\" class=\"yoast-schema-graph\">{\"@context\":\"https:\\\/\\\/schema.org\",\"@graph\":[{\"@type\":\"Article\",\"@id\":\"https:\\\/\\\/kibrisdakik.com\\\/?p=34466#article\",\"isPartOf\":{\"@id\":\"https:\\\/\\\/kibrisdakik.com\\\/?p=34466\"},\"author\":{\"name\":\"admin\",\"@id\":\"https:\\\/\\\/kibrisdakik.com\\\/#\\\/schema\\\/person\\\/9cd9d437bbb44f72b73ba127e06d8e79\"},\"headline\":\"Marmaray \u0130stasyonu\u2019nda kad\u0131n \u00e7al\u0131\u015fana b\u0131\u00e7akl\u0131 sald\u0131r\u0131\",\"datePublished\":\"2024-03-17T04:51:50+00:00\",\"mainEntityOfPage\":{\"@id\":\"https:\\\/\\\/kibrisdakik.com\\\/?p=34466\"},\"wordCount\":204,\"commentCount\":0,\"image\":{\"@id\":\"https:\\\/\\\/kibrisdakik.com\\\/?p=34466#primaryimage\"},\"thumbnailUrl\":\"https:\\\/\\\/kibrisdakik.com\\\/wp-content\\\/uploads\\\/2024\\\/03\\\/65f60421a62a08cf17a400dd-740x385.jpg\",\"articleSection\":[\"Ekonomi\"],\"inLanguage\":\"tr\",\"potentialAction\":[{\"@type\":\"CommentAction\",\"name\":\"Comment\",\"target\":[\"https:\\\/\\\/kibrisdakik.com\\\/?p=34466#respond\"]}]},{\"@type\":\"WebPage\",\"@id\":\"https:\\\/\\\/kibrisdakik.com\\\/?p=34466\",\"url\":\"https:\\\/\\\/kibrisdakik.com\\\/?p=34466\",\"name\":\"Marmaray \u0130stasyonu\u2019nda kad\u0131n \u00e7al\u0131\u015fana b\u0131\u00e7akl\u0131 sald\u0131r\u0131 -\",\"isPartOf\":{\"@id\":\"https:\\\/\\\/kibrisdakik.com\\\/#website\"},\"primaryImageOfPage\":{\"@id\":\"https:\\\/\\\/kibrisdakik.com\\\/?p=34466#primaryimage\"},\"image\":{\"@id\":\"https:\\\/\\\/kibrisdakik.com\\\/?p=34466#primaryimage\"},\"thumbnailUrl\":\"https:\\\/\\\/kibrisdakik.com\\\/wp-content\\\/uploads\\\/2024\\\/03\\\/65f60421a62a08cf17a400dd-740x385.jpg\",\"datePublished\":\"2024-03-17T04:51:50+00:00\",\"author\":{\"@id\":\"https:\\\/\\\/kibrisdakik.com\\\/#\\\/schema\\\/person\\\/9cd9d437bbb44f72b73ba127e06d8e79\"},\"breadcrumb\":{\"@id\":\"https:\\\/\\\/kibrisdakik.com\\\/?p=34466#breadcrumb\"},\"inLanguage\":\"tr\",\"potentialAction\":[{\"@type\":\"ReadAction\",\"target\":[\"https:\\\/\\\/kibrisdakik.com\\\/?p=34466\"]}]},{\"@type\":\"ImageObject\",\"inLanguage\":\"tr\",\"@id\":\"https:\\\/\\\/kibrisdakik.com\\\/?p=34466#primaryimage\",\"url\":\"https:\\\/\\\/kibrisdakik.com\\\/wp-content\\\/uploads\\\/2024\\\/03\\\/65f60421a62a08cf17a400dd-740x385.jpg\",\"contentUrl\":\"https:\\\/\\\/kibrisdakik.com\\\/wp-content\\\/uploads\\\/2024\\\/03\\\/65f60421a62a08cf17a400dd-740x385.jpg\",\"width\":770,\"height\":385},{\"@type\":\"BreadcrumbList\",\"@id\":\"https:\\\/\\\/kibrisdakik.com\\\/?p=34466#breadcrumb\",\"itemListElement\":[{\"@type\":\"ListItem\",\"position\":1,\"name\":\"Home\",\"item\":\"https:\\\/\\\/kibrisdakik.com\\\/\"},{\"@type\":\"ListItem\",\"position\":2,\"name\":\"Marmaray \u0130stasyonu\u2019nda kad\u0131n \u00e7al\u0131\u015fana b\u0131\u00e7akl\u0131 sald\u0131r\u0131\"}]},{\"@type\":\"WebSite\",\"@id\":\"https:\\\/\\\/kibrisdakik.com\\\/#website\",\"url\":\"https:\\\/\\\/kibrisdakik.com\\\/\",\"name\":\"\",\"description\":\"Tam vaktinde haber\",\"potentialAction\":[{\"@type\":\"SearchAction\",\"target\":{\"@type\":\"EntryPoint\",\"urlTemplate\":\"https:\\\/\\\/kibrisdakik.com\\\/?s={search_term_string}\"},\"query-input\":{\"@type\":\"PropertyValueSpecification\",\"valueRequired\":true,\"valueName\":\"search_term_string\"}}],\"inLanguage\":\"tr\"},{\"@type\":\"Person\",\"@id\":\"https:\\\/\\\/kibrisdakik.com\\\/#\\\/schema\\\/person\\\/9cd9d437bbb44f72b73ba127e06d8e79\",\"name\":\"admin\",\"image\":{\"@type\":\"ImageObject\",\"inLanguage\":\"tr\",\"@id\":\"https:\\\/\\\/secure.gravatar.com\\\/avatar\\\/ccc17943b9d660506c869530f897617f7cb1c21a4bf30023f252596d83e1f007?s=96&d=mm&r=g\",\"url\":\"https:\\\/\\\/secure.gravatar.com\\\/avatar\\\/ccc17943b9d660506c869530f897617f7cb1c21a4bf30023f252596d83e1f007?s=96&d=mm&r=g\",\"contentUrl\":\"https:\\\/\\\/secure.gravatar.com\\\/avatar\\\/ccc17943b9d660506c869530f897617f7cb1c21a4bf30023f252596d83e1f007?s=96&d=mm&r=g\",\"caption\":\"admin\"},\"sameAs\":[\"https:\\\/\\\/kibrisdakik.com\"],\"url\":\"https:\\\/\\\/kibrisdakik.com\\\/?author=1\"}]}<\/script>\n<!-- \/ Yoast SEO plugin. -->","yoast_head_json":{"title":"Marmaray \u0130stasyonu\u2019nda kad\u0131n \u00e7al\u0131\u015fana b\u0131\u00e7akl\u0131 sald\u0131r\u0131 -","robots":{"index":"index","follow":"follow","max-snippet":"max-snippet:-1","max-image-preview":"max-image-preview:large","max-video-preview":"max-video-preview:-1"},"canonical":"https:\/\/kibrisdakik.com\/?p=34466","og_locale":"tr_TR","og_type":"article","og_title":"Marmaray \u0130stasyonu\u2019nda kad\u0131n \u00e7al\u0131\u015fana b\u0131\u00e7akl\u0131 sald\u0131r\u0131 -","og_description":"Feci olay, d\u00fcn ak\u015fam saatlerinde G\u00f6ztepe&nbsp;Marmaray&nbsp;\u0130stasyonu\u2019nda meydana geldi. \u0130ddiaya g\u00f6re, istasyonda temizlik g\u00f6revlisi olarak \u00e7al\u0131\u015fan \u00c7etin Aktay(36) y\u00fcz\u00fc maskeli ve kap\u00fc\u015fonlu halde, ayn\u0131 istasyonda g\u00fcvenlik g\u00f6revlisi olarak \u00e7al\u0131\u015fan&nbsp;G\u00fclnihal Karadereli\u2019nin(34) yan\u0131na yakla\u015ft\u0131. O s\u0131rada Aktay, yan\u0131nda bulunan b\u0131\u00e7a\u011f\u0131yla kad\u0131n g\u00f6revliye sald\u0131rmaya ba\u015flad\u0131. Y\u00fcz\u00fcnden ald\u0131\u011f\u0131 b\u0131\u00e7ak darbesiyle G\u00fclnihal Karadereli kanlar i\u00e7erisinde yere y\u0131\u011f\u0131ld\u0131. Y\u00dcZ\u00dcNE KIRK D\u0130K\u0130\u015e ATILDI","og_url":"https:\/\/kibrisdakik.com\/?p=34466","article_published_time":"2024-03-17T04:51:50+00:00","og_image":[{"width":770,"height":385,"url":"https:\/\/kibrisdakik.com\/wp-content\/uploads\/2024\/03\/65f60421a62a08cf17a400dd-740x385.jpg","type":"image\/jpeg"}],"author":"admin","twitter_card":"summary_large_image","twitter_misc":{"Yazan:":"admin","Tahmini okuma s\u00fcresi":"1 dakika"},"schema":{"@context":"https:\/\/schema.org","@graph":[{"@type":"Article","@id":"https:\/\/kibrisdakik.com\/?p=34466#article","isPartOf":{"@id":"https:\/\/kibrisdakik.com\/?p=34466"},"author":{"name":"admin","@id":"https:\/\/kibrisdakik.com\/#\/schema\/person\/9cd9d437bbb44f72b73ba127e06d8e79"},"headline":"Marmaray \u0130stasyonu\u2019nda kad\u0131n \u00e7al\u0131\u015fana b\u0131\u00e7akl\u0131 sald\u0131r\u0131","datePublished":"2024-03-17T04:51:50+00:00","mainEntityOfPage":{"@id":"https:\/\/kibrisdakik.com\/?p=34466"},"wordCount":204,"commentCount":0,"image":{"@id":"https:\/\/kibrisdakik.com\/?p=34466#primaryimage"},"thumbnailUrl":"https:\/\/kibrisdakik.com\/wp-content\/uploads\/2024\/03\/65f60421a62a08cf17a400dd-740x385.jpg","articleSection":["Ekonomi"],"inLanguage":"tr","potentialAction":[{"@type":"CommentAction","name":"Comment","target":["https:\/\/kibrisdakik.com\/?p=34466#respond"]}]},{"@type":"WebPage","@id":"https:\/\/kibrisdakik.com\/?p=34466","url":"https:\/\/kibrisdakik.com\/?p=34466","name":"Marmaray \u0130stasyonu\u2019nda kad\u0131n \u00e7al\u0131\u015fana b\u0131\u00e7akl\u0131 sald\u0131r\u0131 -","isPartOf":{"@id":"https:\/\/kibrisdakik.com\/#website"},"primaryImageOfPage":{"@id":"https:\/\/kibrisdakik.com\/?p=34466#primaryimage"},"image":{"@id":"https:\/\/kibrisdakik.com\/?p=34466#primaryimage"},"thumbnailUrl":"https:\/\/kibrisdakik.com\/wp-content\/uploads\/2024\/03\/65f60421a62a08cf17a400dd-740x385.jpg","datePublished":"2024-03-17T04:51:50+00:00","author":{"@id":"https:\/\/kibrisdakik.com\/#\/schema\/person\/9cd9d437bbb44f72b73ba127e06d8e79"},"breadcrumb":{"@id":"https:\/\/kibrisdakik.com\/?p=34466#breadcrumb"},"inLanguage":"tr","potentialAction":[{"@type":"ReadAction","target":["https:\/\/kibrisdakik.com\/?p=34466"]}]},{"@type":"ImageObject","inLanguage":"tr","@id":"https:\/\/kibrisdakik.com\/?p=34466#primaryimage","url":"https:\/\/kibrisdakik.com\/wp-content\/uploads\/2024\/03\/65f60421a62a08cf17a400dd-740x385.jpg","contentUrl":"https:\/\/kibrisdakik.com\/wp-content\/uploads\/2024\/03\/65f60421a62a08cf17a400dd-740x385.jpg","width":770,"height":385},{"@type":"BreadcrumbList","@id":"https:\/\/kibrisdakik.com\/?p=34466#breadcrumb","itemListElement":[{"@type":"ListItem","position":1,"name":"Home","item":"https:\/\/kibrisdakik.com\/"},{"@type":"ListItem","position":2,"name":"Marmaray \u0130stasyonu\u2019nda kad\u0131n \u00e7al\u0131\u015fana b\u0131\u00e7akl\u0131 sald\u0131r\u0131"}]},{"@type":"WebSite","@id":"https:\/\/kibrisdakik.com\/#website","url":"https:\/\/kibrisdakik.com\/","name":"","description":"Tam vaktinde haber","potentialAction":[{"@type":"SearchAction","target":{"@type":"EntryPoint","urlTemplate":"https:\/\/kibrisdakik.com\/?s={search_term_string}"},"query-input":{"@type":"PropertyValueSpecification","valueRequired":true,"valueName":"search_term_string"}}],"inLanguage":"tr"},{"@type":"Person","@id":"https:\/\/kibrisdakik.com\/#\/schema\/person\/9cd9d437bbb44f72b73ba127e06d8e79","name":"admin","image":{"@type":"ImageObject","inLanguage":"tr","@id":"https:\/\/secure.gravatar.com\/avatar\/ccc17943b9d660506c869530f897617f7cb1c21a4bf30023f252596d83e1f007?s=96&d=mm&r=g","url":"https:\/\/secure.gravatar.com\/avatar\/ccc17943b9d660506c869530f897617f7cb1c21a4bf30023f252596d83e1f007?s=96&d=mm&r=g","contentUrl":"https:\/\/secure.gravatar.com\/avatar\/ccc17943b9d660506c869530f897617f7cb1c21a4bf30023f252596d83e1f007?s=96&d=mm&r=g","caption":"admin"},"sameAs":["https:\/\/kibrisdakik.com"],"url":"https:\/\/kibrisdakik.com\/?author=1"}]}},"_links":{"self":[{"href":"https:\/\/kibrisdakik.com\/index.php?rest_route=\/wp\/v2\/posts\/34466","targetHints":{"allow":["GET"]}}],"collection":[{"href":"https:\/\/kibrisdakik.com\/index.php?rest_route=\/wp\/v2\/posts"}],"about":[{"href":"https:\/\/kibrisdakik.com\/index.php?rest_route=\/wp\/v2\/types\/post"}],"author":[{"embeddable":true,"href":"https:\/\/kibrisdakik.com\/index.php?rest_route=\/wp\/v2\/users\/1"}],"replies":[{"embeddable":true,"href":"https:\/\/kibrisdakik.com\/index.php?rest_route=%2Fwp%2Fv2%2Fcomments&post=34466"}],"version-history":[{"count":0,"href":"https:\/\/kibrisdakik.com\/index.php?rest_route=\/wp\/v2\/posts\/34466\/revisions"}],"wp:featuredmedia":[{"embeddable":true,"href":"https:\/\/kibrisdakik.com\/index.php?rest_route=\/wp\/v2\/media\/34467"}],"wp:attachment":[{"href":"https:\/\/kibrisdakik.com\/index.php?rest_route=%2Fwp%2Fv2%2Fmedia&parent=34466"}],"wp:term":[{"taxonomy":"category","embeddable":true,"href":"https:\/\/kibrisdakik.com\/index.php?rest_route=%2Fwp%2Fv2%2Fcategories&post=34466"},{"taxonomy":"post_tag","embeddable":true,"href":"https:\/\/kibrisdakik.com\/index.php?rest_route=%2Fwp%2Fv2%2Ftags&post=34466"}],"curies":[{"name":"wp","href":"https:\/\/api.w.org\/{rel}","templated":true}]}}