{"id":34502,"date":"2024-03-17T11:14:48","date_gmt":"2024-03-17T11:14:48","guid":{"rendered":"https:\/\/kibrisdakik.com\/index.php\/2024\/03\/17\/gaziveren-ile-camlikoy-direnisleri-ve-sehitler-torenlerle-anilacak\/"},"modified":"2024-03-17T11:14:48","modified_gmt":"2024-03-17T11:14:48","slug":"gaziveren-ile-camlikoy-direnisleri-ve-sehitler-torenlerle-anilacak","status":"publish","type":"post","link":"https:\/\/kibrisdakik.com\/?p=34502","title":{"rendered":"Gaziveren ile \u00c7aml\u0131k\u00f6y direni\u015fleri ve \u015fehitler t\u00f6renlerle an\u0131lacak"},"content":{"rendered":"<p><\/p>\n<div>\n<div class=\"mariselle-image-container center\">\n                <img loading=\"lazy\" decoding=\"async\" width=\"1024\" height=\"683\" class=\"lazy-image\" alt=\"\" sizes=\"auto, (max-width: 1024px) 100vw, 1024px\" src=\"https:\/\/brtk.net\/wp-content\/uploads\/2024\/03\/17\/sehitlik1.jpg?ver=f023a8dc0c212f96de136bf534021c3b\" srcset=\"https:\/\/brtk.net\/wp-content\/uploads\/2024\/03\/17\/sehitlik1.jpg?ver=f023a8dc0c212f96de136bf534021c3b 1024w, https:\/\/brtk.net\/wp-content\/uploads\/2024\/03\/17\/sehitlik1-300x200.jpg?ver=f023a8dc0c212f96de136bf534021c3b 300w, https:\/\/brtk.net\/wp-content\/uploads\/2024\/03\/17\/sehitlik1-768x512.jpg?ver=f023a8dc0c212f96de136bf534021c3b 768w\"\/>                            <\/div>\n<p>Gaziveren ve \u00c7aml\u0131k\u00f6y direni\u015fleri ve direni\u015flerde \u015fehit d\u00fc\u015fenler i\u00e7in sal\u0131 g\u00fcn\u00fc anma t\u00f6renleri d\u00fczenlenecek.<\/p>\n<p>Gaziveren \u015eehitler An\u0131t\u0131 \u00f6n\u00fcndeki t\u00f6ren saat 09.00\u2019da an\u0131ta \u00e7elenklerin konulmas\u0131yla ba\u015flayacak, sayg\u0131 duru\u015fu, sayg\u0131 at\u0131\u015f\u0131 ve \u0130stiklal Mar\u015f\u0131 ile bayraklar\u0131n g\u00f6ndere \u00e7ekilmesiyle devam edecek.<\/p>\n<p>T\u00f6rende g\u00fcn\u00fcn anlam ve \u00f6nemini belirten konu\u015fma yap\u0131lacak ve \u015fiirler okunacak. T\u00f6ren, dua okunmas\u0131yla sona erecek.<\/p>\n<p>-\u00c7aml\u0131k\u00f6y \u015eehit Emin \u0130zzet B\u00fcst\u00fc \u00f6n\u00fcnde de t\u00f6ren yap\u0131lacak<\/p>\n<p>\u00c7aml\u0131k\u00f6y\u2019deki t\u00f6ren \u015eehit Emin \u0130zzet B\u00fcst\u00fc \u00f6n\u00fcnde saat 10.00\u2019da ba\u015flayacak.<\/p>\n<p>T\u00f6rende, an\u0131ta \u00e7elenkler sunulacak, sayg\u0131 duru\u015fu, sayg\u0131 at\u0131\u015f\u0131 yap\u0131lacak, \u0130stiklal Mar\u015f\u0131 e\u015fli\u011finde bayraklar g\u00f6ndere \u00e7ekilecek ard\u0131ndan g\u00fcn\u00fcn anlam ve \u00f6nemini belirten konu\u015fma yap\u0131lacak, \u015fiirler okunacak.<\/p>\n<p>\u00c7aml\u0131k\u00f6y\u2019deki t\u00f6ren, dua okunmas\u0131yla sona erecek.<\/p>\n<p>Gaziveren, \u00c7aml\u0131k\u00f6y ve Lefke camilerinde sal\u0131 g\u00fcn\u00fc \u00f6\u011fle namaz\u0131ndan sonra \u015fehitler i\u00e7in mevlit okutulacak.<\/p>\n<\/p><\/div>\n<p><script async\n                    defer\n                    crossorigin=\"anonymous\"\n                    src=\"https:\/\/connect.facebook.net\/tr_TR\/sdk.js#xfbml=1&#038;version=v3.3\"\n            ><\/script><\/p>\n","protected":false},"excerpt":{"rendered":"<p>Gaziveren ve \u00c7aml\u0131k\u00f6y direni\u015fleri ve direni\u015flerde \u015fehit d\u00fc\u015fenler i\u00e7in sal\u0131 g\u00fcn\u00fc anma t\u00f6renleri d\u00fczenlenecek. Gaziveren \u015eehitler An\u0131t\u0131 \u00f6n\u00fcndeki t\u00f6ren saat 09.00\u2019da an\u0131ta \u00e7elenklerin konulmas\u0131yla ba\u015flayacak, sayg\u0131 duru\u015fu, sayg\u0131 at\u0131\u015f\u0131 ve \u0130stiklal Mar\u015f\u0131 ile bayraklar\u0131n g\u00f6ndere \u00e7ekilmesiyle devam edecek. T\u00f6rende g\u00fcn\u00fcn anlam ve \u00f6nemini belirten konu\u015fma yap\u0131lacak ve \u015fiirler okunacak. T\u00f6ren, dua okunmas\u0131yla sona erecek. -\u00c7aml\u0131k\u00f6y<\/p>\n","protected":false},"author":1,"featured_media":34503,"comment_status":"open","ping_status":"open","sticky":false,"template":"","format":"standard","meta":{"footnotes":""},"categories":[1],"tags":[],"class_list":["post-34502","post","type-post","status-publish","format-standard","has-post-thumbnail","hentry","category-gundem"],"yoast_head":"<!-- This site is optimized with the Yoast SEO plugin v27.4 - https:\/\/yoast.com\/product\/yoast-seo-wordpress\/ -->\n<title>Gaziveren ile \u00c7aml\u0131k\u00f6y direni\u015fleri ve \u015fehitler t\u00f6renlerle an\u0131lacak -<\/title>\n<meta name=\"robots\" content=\"index, follow, max-snippet:-1, max-image-preview:large, max-video-preview:-1\" \/>\n<link rel=\"canonical\" href=\"https:\/\/kibrisdakik.com\/?p=34502\" \/>\n<meta property=\"og:locale\" content=\"tr_TR\" \/>\n<meta property=\"og:type\" content=\"article\" \/>\n<meta property=\"og:title\" content=\"Gaziveren ile \u00c7aml\u0131k\u00f6y direni\u015fleri ve \u015fehitler t\u00f6renlerle an\u0131lacak -\" \/>\n<meta property=\"og:description\" content=\"Gaziveren ve \u00c7aml\u0131k\u00f6y direni\u015fleri ve direni\u015flerde \u015fehit d\u00fc\u015fenler i\u00e7in sal\u0131 g\u00fcn\u00fc anma t\u00f6renleri d\u00fczenlenecek. Gaziveren \u015eehitler An\u0131t\u0131 \u00f6n\u00fcndeki t\u00f6ren saat 09.00\u2019da an\u0131ta \u00e7elenklerin konulmas\u0131yla ba\u015flayacak, sayg\u0131 duru\u015fu, sayg\u0131 at\u0131\u015f\u0131 ve \u0130stiklal Mar\u015f\u0131 ile bayraklar\u0131n g\u00f6ndere \u00e7ekilmesiyle devam edecek. T\u00f6rende g\u00fcn\u00fcn anlam ve \u00f6nemini belirten konu\u015fma yap\u0131lacak ve \u015fiirler okunacak. T\u00f6ren, dua okunmas\u0131yla sona erecek. -\u00c7aml\u0131k\u00f6y\" \/>\n<meta property=\"og:url\" content=\"https:\/\/kibrisdakik.com\/?p=34502\" \/>\n<meta property=\"article:published_time\" content=\"2024-03-17T11:14:48+00:00\" \/>\n<meta property=\"og:image\" content=\"https:\/\/kibrisdakik.com\/wp-content\/uploads\/2024\/03\/sehitlik1-740x420.jpg\" \/>\n\t<meta property=\"og:image:width\" content=\"1024\" \/>\n\t<meta property=\"og:image:height\" content=\"683\" \/>\n\t<meta property=\"og:image:type\" content=\"image\/jpeg\" \/>\n<meta name=\"author\" content=\"admin\" \/>\n<meta name=\"twitter:card\" content=\"summary_large_image\" \/>\n<meta name=\"twitter:label1\" content=\"Yazan:\" \/>\n\t<meta name=\"twitter:data1\" content=\"admin\" \/>\n\t<meta name=\"twitter:label2\" content=\"Tahmini okuma s\u00fcresi\" \/>\n\t<meta name=\"twitter:data2\" content=\"1 dakika\" \/>\n<script type=\"application\/ld+json\" class=\"yoast-schema-graph\">{\"@context\":\"https:\\\/\\\/schema.org\",\"@graph\":[{\"@type\":\"Article\",\"@id\":\"https:\\\/\\\/kibrisdakik.com\\\/?p=34502#article\",\"isPartOf\":{\"@id\":\"https:\\\/\\\/kibrisdakik.com\\\/?p=34502\"},\"author\":{\"name\":\"admin\",\"@id\":\"https:\\\/\\\/kibrisdakik.com\\\/#\\\/schema\\\/person\\\/9cd9d437bbb44f72b73ba127e06d8e79\"},\"headline\":\"Gaziveren ile \u00c7aml\u0131k\u00f6y direni\u015fleri ve \u015fehitler t\u00f6renlerle an\u0131lacak\",\"datePublished\":\"2024-03-17T11:14:48+00:00\",\"mainEntityOfPage\":{\"@id\":\"https:\\\/\\\/kibrisdakik.com\\\/?p=34502\"},\"wordCount\":192,\"commentCount\":0,\"image\":{\"@id\":\"https:\\\/\\\/kibrisdakik.com\\\/?p=34502#primaryimage\"},\"thumbnailUrl\":\"https:\\\/\\\/kibrisdakik.com\\\/wp-content\\\/uploads\\\/2024\\\/03\\\/sehitlik1-740x420.jpg\",\"articleSection\":[\"G\u00fcndem\"],\"inLanguage\":\"tr\",\"potentialAction\":[{\"@type\":\"CommentAction\",\"name\":\"Comment\",\"target\":[\"https:\\\/\\\/kibrisdakik.com\\\/?p=34502#respond\"]}]},{\"@type\":\"WebPage\",\"@id\":\"https:\\\/\\\/kibrisdakik.com\\\/?p=34502\",\"url\":\"https:\\\/\\\/kibrisdakik.com\\\/?p=34502\",\"name\":\"Gaziveren ile \u00c7aml\u0131k\u00f6y direni\u015fleri ve \u015fehitler t\u00f6renlerle an\u0131lacak -\",\"isPartOf\":{\"@id\":\"https:\\\/\\\/kibrisdakik.com\\\/#website\"},\"primaryImageOfPage\":{\"@id\":\"https:\\\/\\\/kibrisdakik.com\\\/?p=34502#primaryimage\"},\"image\":{\"@id\":\"https:\\\/\\\/kibrisdakik.com\\\/?p=34502#primaryimage\"},\"thumbnailUrl\":\"https:\\\/\\\/kibrisdakik.com\\\/wp-content\\\/uploads\\\/2024\\\/03\\\/sehitlik1-740x420.jpg\",\"datePublished\":\"2024-03-17T11:14:48+00:00\",\"author\":{\"@id\":\"https:\\\/\\\/kibrisdakik.com\\\/#\\\/schema\\\/person\\\/9cd9d437bbb44f72b73ba127e06d8e79\"},\"breadcrumb\":{\"@id\":\"https:\\\/\\\/kibrisdakik.com\\\/?p=34502#breadcrumb\"},\"inLanguage\":\"tr\",\"potentialAction\":[{\"@type\":\"ReadAction\",\"target\":[\"https:\\\/\\\/kibrisdakik.com\\\/?p=34502\"]}]},{\"@type\":\"ImageObject\",\"inLanguage\":\"tr\",\"@id\":\"https:\\\/\\\/kibrisdakik.com\\\/?p=34502#primaryimage\",\"url\":\"https:\\\/\\\/kibrisdakik.com\\\/wp-content\\\/uploads\\\/2024\\\/03\\\/sehitlik1-740x420.jpg\",\"contentUrl\":\"https:\\\/\\\/kibrisdakik.com\\\/wp-content\\\/uploads\\\/2024\\\/03\\\/sehitlik1-740x420.jpg\",\"width\":1024,\"height\":683},{\"@type\":\"BreadcrumbList\",\"@id\":\"https:\\\/\\\/kibrisdakik.com\\\/?p=34502#breadcrumb\",\"itemListElement\":[{\"@type\":\"ListItem\",\"position\":1,\"name\":\"Home\",\"item\":\"https:\\\/\\\/kibrisdakik.com\\\/\"},{\"@type\":\"ListItem\",\"position\":2,\"name\":\"Gaziveren ile \u00c7aml\u0131k\u00f6y direni\u015fleri ve \u015fehitler t\u00f6renlerle an\u0131lacak\"}]},{\"@type\":\"WebSite\",\"@id\":\"https:\\\/\\\/kibrisdakik.com\\\/#website\",\"url\":\"https:\\\/\\\/kibrisdakik.com\\\/\",\"name\":\"\",\"description\":\"Tam vaktinde haber\",\"potentialAction\":[{\"@type\":\"SearchAction\",\"target\":{\"@type\":\"EntryPoint\",\"urlTemplate\":\"https:\\\/\\\/kibrisdakik.com\\\/?s={search_term_string}\"},\"query-input\":{\"@type\":\"PropertyValueSpecification\",\"valueRequired\":true,\"valueName\":\"search_term_string\"}}],\"inLanguage\":\"tr\"},{\"@type\":\"Person\",\"@id\":\"https:\\\/\\\/kibrisdakik.com\\\/#\\\/schema\\\/person\\\/9cd9d437bbb44f72b73ba127e06d8e79\",\"name\":\"admin\",\"image\":{\"@type\":\"ImageObject\",\"inLanguage\":\"tr\",\"@id\":\"https:\\\/\\\/secure.gravatar.com\\\/avatar\\\/ccc17943b9d660506c869530f897617f7cb1c21a4bf30023f252596d83e1f007?s=96&d=mm&r=g\",\"url\":\"https:\\\/\\\/secure.gravatar.com\\\/avatar\\\/ccc17943b9d660506c869530f897617f7cb1c21a4bf30023f252596d83e1f007?s=96&d=mm&r=g\",\"contentUrl\":\"https:\\\/\\\/secure.gravatar.com\\\/avatar\\\/ccc17943b9d660506c869530f897617f7cb1c21a4bf30023f252596d83e1f007?s=96&d=mm&r=g\",\"caption\":\"admin\"},\"sameAs\":[\"https:\\\/\\\/kibrisdakik.com\"],\"url\":\"https:\\\/\\\/kibrisdakik.com\\\/?author=1\"}]}<\/script>\n<!-- \/ Yoast SEO plugin. -->","yoast_head_json":{"title":"Gaziveren ile \u00c7aml\u0131k\u00f6y direni\u015fleri ve \u015fehitler t\u00f6renlerle an\u0131lacak -","robots":{"index":"index","follow":"follow","max-snippet":"max-snippet:-1","max-image-preview":"max-image-preview:large","max-video-preview":"max-video-preview:-1"},"canonical":"https:\/\/kibrisdakik.com\/?p=34502","og_locale":"tr_TR","og_type":"article","og_title":"Gaziveren ile \u00c7aml\u0131k\u00f6y direni\u015fleri ve \u015fehitler t\u00f6renlerle an\u0131lacak -","og_description":"Gaziveren ve \u00c7aml\u0131k\u00f6y direni\u015fleri ve direni\u015flerde \u015fehit d\u00fc\u015fenler i\u00e7in sal\u0131 g\u00fcn\u00fc anma t\u00f6renleri d\u00fczenlenecek. Gaziveren \u015eehitler An\u0131t\u0131 \u00f6n\u00fcndeki t\u00f6ren saat 09.00\u2019da an\u0131ta \u00e7elenklerin konulmas\u0131yla ba\u015flayacak, sayg\u0131 duru\u015fu, sayg\u0131 at\u0131\u015f\u0131 ve \u0130stiklal Mar\u015f\u0131 ile bayraklar\u0131n g\u00f6ndere \u00e7ekilmesiyle devam edecek. T\u00f6rende g\u00fcn\u00fcn anlam ve \u00f6nemini belirten konu\u015fma yap\u0131lacak ve \u015fiirler okunacak. T\u00f6ren, dua okunmas\u0131yla sona erecek. -\u00c7aml\u0131k\u00f6y","og_url":"https:\/\/kibrisdakik.com\/?p=34502","article_published_time":"2024-03-17T11:14:48+00:00","og_image":[{"width":1024,"height":683,"url":"https:\/\/kibrisdakik.com\/wp-content\/uploads\/2024\/03\/sehitlik1-740x420.jpg","type":"image\/jpeg"}],"author":"admin","twitter_card":"summary_large_image","twitter_misc":{"Yazan:":"admin","Tahmini okuma s\u00fcresi":"1 dakika"},"schema":{"@context":"https:\/\/schema.org","@graph":[{"@type":"Article","@id":"https:\/\/kibrisdakik.com\/?p=34502#article","isPartOf":{"@id":"https:\/\/kibrisdakik.com\/?p=34502"},"author":{"name":"admin","@id":"https:\/\/kibrisdakik.com\/#\/schema\/person\/9cd9d437bbb44f72b73ba127e06d8e79"},"headline":"Gaziveren ile \u00c7aml\u0131k\u00f6y direni\u015fleri ve \u015fehitler t\u00f6renlerle an\u0131lacak","datePublished":"2024-03-17T11:14:48+00:00","mainEntityOfPage":{"@id":"https:\/\/kibrisdakik.com\/?p=34502"},"wordCount":192,"commentCount":0,"image":{"@id":"https:\/\/kibrisdakik.com\/?p=34502#primaryimage"},"thumbnailUrl":"https:\/\/kibrisdakik.com\/wp-content\/uploads\/2024\/03\/sehitlik1-740x420.jpg","articleSection":["G\u00fcndem"],"inLanguage":"tr","potentialAction":[{"@type":"CommentAction","name":"Comment","target":["https:\/\/kibrisdakik.com\/?p=34502#respond"]}]},{"@type":"WebPage","@id":"https:\/\/kibrisdakik.com\/?p=34502","url":"https:\/\/kibrisdakik.com\/?p=34502","name":"Gaziveren ile \u00c7aml\u0131k\u00f6y direni\u015fleri ve \u015fehitler t\u00f6renlerle an\u0131lacak -","isPartOf":{"@id":"https:\/\/kibrisdakik.com\/#website"},"primaryImageOfPage":{"@id":"https:\/\/kibrisdakik.com\/?p=34502#primaryimage"},"image":{"@id":"https:\/\/kibrisdakik.com\/?p=34502#primaryimage"},"thumbnailUrl":"https:\/\/kibrisdakik.com\/wp-content\/uploads\/2024\/03\/sehitlik1-740x420.jpg","datePublished":"2024-03-17T11:14:48+00:00","author":{"@id":"https:\/\/kibrisdakik.com\/#\/schema\/person\/9cd9d437bbb44f72b73ba127e06d8e79"},"breadcrumb":{"@id":"https:\/\/kibrisdakik.com\/?p=34502#breadcrumb"},"inLanguage":"tr","potentialAction":[{"@type":"ReadAction","target":["https:\/\/kibrisdakik.com\/?p=34502"]}]},{"@type":"ImageObject","inLanguage":"tr","@id":"https:\/\/kibrisdakik.com\/?p=34502#primaryimage","url":"https:\/\/kibrisdakik.com\/wp-content\/uploads\/2024\/03\/sehitlik1-740x420.jpg","contentUrl":"https:\/\/kibrisdakik.com\/wp-content\/uploads\/2024\/03\/sehitlik1-740x420.jpg","width":1024,"height":683},{"@type":"BreadcrumbList","@id":"https:\/\/kibrisdakik.com\/?p=34502#breadcrumb","itemListElement":[{"@type":"ListItem","position":1,"name":"Home","item":"https:\/\/kibrisdakik.com\/"},{"@type":"ListItem","position":2,"name":"Gaziveren ile \u00c7aml\u0131k\u00f6y direni\u015fleri ve \u015fehitler t\u00f6renlerle an\u0131lacak"}]},{"@type":"WebSite","@id":"https:\/\/kibrisdakik.com\/#website","url":"https:\/\/kibrisdakik.com\/","name":"","description":"Tam vaktinde haber","potentialAction":[{"@type":"SearchAction","target":{"@type":"EntryPoint","urlTemplate":"https:\/\/kibrisdakik.com\/?s={search_term_string}"},"query-input":{"@type":"PropertyValueSpecification","valueRequired":true,"valueName":"search_term_string"}}],"inLanguage":"tr"},{"@type":"Person","@id":"https:\/\/kibrisdakik.com\/#\/schema\/person\/9cd9d437bbb44f72b73ba127e06d8e79","name":"admin","image":{"@type":"ImageObject","inLanguage":"tr","@id":"https:\/\/secure.gravatar.com\/avatar\/ccc17943b9d660506c869530f897617f7cb1c21a4bf30023f252596d83e1f007?s=96&d=mm&r=g","url":"https:\/\/secure.gravatar.com\/avatar\/ccc17943b9d660506c869530f897617f7cb1c21a4bf30023f252596d83e1f007?s=96&d=mm&r=g","contentUrl":"https:\/\/secure.gravatar.com\/avatar\/ccc17943b9d660506c869530f897617f7cb1c21a4bf30023f252596d83e1f007?s=96&d=mm&r=g","caption":"admin"},"sameAs":["https:\/\/kibrisdakik.com"],"url":"https:\/\/kibrisdakik.com\/?author=1"}]}},"_links":{"self":[{"href":"https:\/\/kibrisdakik.com\/index.php?rest_route=\/wp\/v2\/posts\/34502","targetHints":{"allow":["GET"]}}],"collection":[{"href":"https:\/\/kibrisdakik.com\/index.php?rest_route=\/wp\/v2\/posts"}],"about":[{"href":"https:\/\/kibrisdakik.com\/index.php?rest_route=\/wp\/v2\/types\/post"}],"author":[{"embeddable":true,"href":"https:\/\/kibrisdakik.com\/index.php?rest_route=\/wp\/v2\/users\/1"}],"replies":[{"embeddable":true,"href":"https:\/\/kibrisdakik.com\/index.php?rest_route=%2Fwp%2Fv2%2Fcomments&post=34502"}],"version-history":[{"count":0,"href":"https:\/\/kibrisdakik.com\/index.php?rest_route=\/wp\/v2\/posts\/34502\/revisions"}],"wp:featuredmedia":[{"embeddable":true,"href":"https:\/\/kibrisdakik.com\/index.php?rest_route=\/wp\/v2\/media\/34503"}],"wp:attachment":[{"href":"https:\/\/kibrisdakik.com\/index.php?rest_route=%2Fwp%2Fv2%2Fmedia&parent=34502"}],"wp:term":[{"taxonomy":"category","embeddable":true,"href":"https:\/\/kibrisdakik.com\/index.php?rest_route=%2Fwp%2Fv2%2Fcategories&post=34502"},{"taxonomy":"post_tag","embeddable":true,"href":"https:\/\/kibrisdakik.com\/index.php?rest_route=%2Fwp%2Fv2%2Ftags&post=34502"}],"curies":[{"name":"wp","href":"https:\/\/api.w.org\/{rel}","templated":true}]}}