{"id":34547,"date":"2024-03-17T17:20:53","date_gmt":"2024-03-17T17:20:53","guid":{"rendered":"https:\/\/kibrisdakik.com\/index.php\/2024\/03\/17\/cumhurba%e1%b9%a3kani-tatarkibris-turku-canakkale-zaferinden-aldigi-guc-ve-ilhamla-her-turlu-zorluga-ve-fedakarliga-katlanarak-kendi-devletine-kavustu\/"},"modified":"2024-03-17T17:20:53","modified_gmt":"2024-03-17T17:20:53","slug":"cumhurba%e1%b9%a3kani-tatarkibris-turku-canakkale-zaferinden-aldigi-guc-ve-ilhamla-her-turlu-zorluga-ve-fedakarliga-katlanarak-kendi-devletine-kavustu","status":"publish","type":"post","link":"https:\/\/kibrisdakik.com\/?p=34547","title":{"rendered":"Cumhurba\u1e63kan\u0131 Tatar:K\u0131br\u0131s T\u00fcrk\u00fc, \u00c7anakkale Zaferi\u2019nden ald\u0131\u011f\u0131 g\u00fc\u00e7 ve ilhamla, her t\u00fcrl\u00fc zorlu\u011fa ve fedakarl\u0131\u011fa katlanarak, kendi devletine kavu\u015ftu"},"content":{"rendered":"<p><\/p>\n<div>\n<div class=\"mariselle-image-container center\">\n                <img loading=\"lazy\" decoding=\"async\" width=\"696\" height=\"408\" class=\"lazy-image\" alt=\"\" sizes=\"auto, (max-width: 696px) 100vw, 696px\" src=\"https:\/\/brtk.net\/wp-content\/uploads\/2023\/01\/26\/ersin-tatar-YAZI-YAZARKEN-1536x900-1-696x408-1.jpeg?ver=bcb2bc0eaa11ae9d5c5e6d0f8a3b650b\" srcset=\"https:\/\/brtk.net\/wp-content\/uploads\/2023\/01\/26\/ersin-tatar-YAZI-YAZARKEN-1536x900-1-696x408-1.jpeg?ver=bcb2bc0eaa11ae9d5c5e6d0f8a3b650b 696w, https:\/\/brtk.net\/wp-content\/uploads\/2023\/01\/26\/ersin-tatar-YAZI-YAZARKEN-1536x900-1-696x408-1-300x176.jpeg?ver=bcb2bc0eaa11ae9d5c5e6d0f8a3b650b 300w, https:\/\/brtk.net\/wp-content\/uploads\/2023\/01\/26\/ersin-tatar-YAZI-YAZARKEN-1536x900-1-696x408-1-379x222.jpeg?ver=19b44f2ad9afc110a438b792552bd5d8 379w\"\/>                            <\/div>\n<p>Cumhurba\u015fkan\u0131 <a href=\"https:\/\/brtk.net\/\" target=\"_blank\" rel=\"noopener\"><a href=\"https:\/\/brtk.net\/\" target=\"_blank\" rel=\"noopener\">Ersin <\/a><a href=\"https:\/\/brtk.net\/\">Tatar<\/a>, \u00c7anakkale Zaferi\u2019nin 109. y\u0131ld\u00f6n\u00fcm\u00fc vesilesiyle mesaj yay\u0131mlad\u0131.<\/p>\n<p>Cumhurba\u015fkan\u0131 <a href=\"https:\/\/brtk.net\/\" target=\"_blank\" rel=\"noopener\"><a href=\"https:\/\/brtk.net\/\" target=\"_blank\" rel=\"noopener\">Ersin <\/a><a href=\"https:\/\/brtk.net\/\">Tatar<\/a>\u2019\u0131n yaz\u0131l\u0131 a\u00e7\u0131klamas\u0131nda \u015fu ifadeler kullan\u0131ld\u0131:<\/p>\n<p>\u201cD\u00fcnyan\u0131n ve emperyalist g\u00fc\u00e7lerin en g\u00fc\u00e7l\u00fc ordular\u0131na kar\u015f\u0131, kahraman T\u00fcrk askerinin kan\u0131 ve can\u0131 pahas\u0131na kazand\u0131\u011f\u0131 \u00c7anakkale Zaferi\u2019nin 109. y\u0131ld\u00f6n\u00fcm\u00fcndeyiz. <\/p>\n<p>Bu b\u00fcy\u00fck zafer, d\u00fcnya esir uluslar\u0131na ve mazlum halklar\u0131na bir umut ve \u0131\u015f\u0131k olurken, K\u0131br\u0131s T\u00fcrk Halk\u0131na da \u00f6zg\u00fcrl\u00fck ve ba\u011f\u0131ms\u0131zl\u0131k m\u00fccadelesinde g\u00fc\u00e7 ve ilham kayna\u011f\u0131 olmu\u015ftur.<\/p>\n<p>Bu b\u00fcy\u00fck zaferden al\u0131nan g\u00fc\u00e7 ve ilhamla halk\u0131m\u0131z bir as\u0131rdan bu yana vatan bildi\u011fimiz bu topraklarda T\u00fcrkl\u00fc\u011f\u00fcn onur ve \u015ferefini ayaklar alt\u0131nda \u00e7i\u011fnetmemek, \u00f6zg\u00fcrl\u00fc\u011f\u00fcn\u00fc ve egemenli\u011fini korumak i\u00e7in m\u00fccadele etmektedir. <\/p>\n<p>\u201c\u00c7anakkale ge\u00e7ilmez\u201d s\u00f6ylemi, sadece bir s\u00f6ylem de\u011fil, T\u00fcrk ulusunun direni\u015f azmi ile \u00f6zg\u00fcrl\u00fck ve ba\u011f\u0131ms\u0131zl\u0131k sevdas\u0131n\u0131n ifadesidir. Bu vatan bilinen topraklar\u0131n b\u00f6l\u00fcnemeyece\u011finin ve i\u015fgal edilemeyece\u011finin de ifadesidir. Bu s\u00f6ylem, T\u00fcrkiye Cumhuriyeti\u2019nin kurulu\u015funu m\u00fcjdeleyen bir s\u00f6ylemdir. <\/p>\n<p>K\u0131br\u0131s T\u00fcrk Halk\u0131, \u00c7anakkale Zaferi\u2019nden ald\u0131\u011f\u0131 g\u00fc\u00e7 ve ilhamla, her zorlu\u011fa ve fedakarl\u0131\u011fa katlanarak, Anavatan T\u00fcrkiye\u2019nin deste\u011fi ve yard\u0131m\u0131yla kendi vatan\u0131na ve kendi devletine kavu\u015fmu\u015ftur. <\/p>\n<p>\u015eehitlerimizin emaneti olan bu de\u011ferleri her ne pahas\u0131na olursa olsun koruyacak ve ya\u015fataca\u011f\u0131z. T\u00fcm d\u00fcnya da bunu b\u00f6yle bilmelidir.<\/p>\n<p>\u00dczerine basa basa yeniden s\u00f6ylemek istiyorum, zorlu ko\u015fullar alt\u0131nda kurmu\u015f oldu\u011fumuz devletlerimizden vazge\u00e7me, vatan\u0131m\u0131z\u0131 ba\u015fkalar\u0131na teslim etme gibi bir gayemiz yoktur. E\u015fit egemen iki devletin i\u015f birli\u011fine dayal\u0131 \u00e7\u00f6z\u00fcm \u015feklinden vazge\u00e7meyece\u011fimizi ve bu sa\u011flanmadan m\u00fczakere masas\u0131na d\u00f6nmeyece\u011fimizi bir kez daha ifade ediyorum. Federasyon masal\u0131n\u0131n pe\u015fine bir 50 y\u0131l daha tak\u0131lmaya halk\u0131m\u0131z\u0131n tahamm\u00fcl\u00fc yoktur. <\/p>\n<p>Bu duygu ve d\u00fc\u015f\u00fcncelerle \u00c7anakkale \u015eehitleri ile t\u00fcm \u015fehitlerimizi sayg\u0131, rahmet ve minnetle anarken, \u00c7anakkale ge\u00e7ilemeyece\u011fi gibi <a href=\"https:\/\/brtk.net\/\">KKTC<\/a>\u2019den vazge\u00e7ilemeyece\u011fini de bir kez daha belirtiyorum.\u201d<\/p>\n<\/p><\/div>\n<p><script async\n                    defer\n                    crossorigin=\"anonymous\"\n                    src=\"https:\/\/connect.facebook.net\/tr_TR\/sdk.js#xfbml=1&#038;version=v3.3\"\n            ><\/script><\/p>\n","protected":false},"excerpt":{"rendered":"<p>Cumhurba\u015fkan\u0131 Ersin Tatar, \u00c7anakkale Zaferi\u2019nin 109. y\u0131ld\u00f6n\u00fcm\u00fc vesilesiyle mesaj yay\u0131mlad\u0131. Cumhurba\u015fkan\u0131 Ersin Tatar\u2019\u0131n yaz\u0131l\u0131 a\u00e7\u0131klamas\u0131nda \u015fu ifadeler kullan\u0131ld\u0131: \u201cD\u00fcnyan\u0131n ve emperyalist g\u00fc\u00e7lerin en g\u00fc\u00e7l\u00fc ordular\u0131na kar\u015f\u0131, kahraman T\u00fcrk askerinin kan\u0131 ve can\u0131 pahas\u0131na kazand\u0131\u011f\u0131 \u00c7anakkale Zaferi\u2019nin 109. y\u0131ld\u00f6n\u00fcm\u00fcndeyiz. Bu b\u00fcy\u00fck zafer, d\u00fcnya esir uluslar\u0131na ve mazlum halklar\u0131na bir umut ve \u0131\u015f\u0131k olurken, K\u0131br\u0131s T\u00fcrk Halk\u0131na<\/p>\n","protected":false},"author":1,"featured_media":2895,"comment_status":"open","ping_status":"open","sticky":false,"template":"","format":"standard","meta":{"footnotes":""},"categories":[1],"tags":[],"class_list":["post-34547","post","type-post","status-publish","format-standard","has-post-thumbnail","hentry","category-gundem"],"yoast_head":"<!-- This site is optimized with the Yoast SEO plugin v27.4 - https:\/\/yoast.com\/product\/yoast-seo-wordpress\/ -->\n<title>Cumhurba\u1e63kan\u0131 Tatar:K\u0131br\u0131s T\u00fcrk\u00fc, \u00c7anakkale Zaferi\u2019nden ald\u0131\u011f\u0131 g\u00fc\u00e7 ve ilhamla, her t\u00fcrl\u00fc zorlu\u011fa ve fedakarl\u0131\u011fa katlanarak, kendi devletine kavu\u015ftu -<\/title>\n<meta name=\"robots\" content=\"index, follow, max-snippet:-1, max-image-preview:large, max-video-preview:-1\" \/>\n<link rel=\"canonical\" href=\"https:\/\/kibrisdakik.com\/?p=34547\" \/>\n<meta property=\"og:locale\" content=\"tr_TR\" \/>\n<meta property=\"og:type\" content=\"article\" \/>\n<meta property=\"og:title\" content=\"Cumhurba\u1e63kan\u0131 Tatar:K\u0131br\u0131s T\u00fcrk\u00fc, \u00c7anakkale Zaferi\u2019nden ald\u0131\u011f\u0131 g\u00fc\u00e7 ve ilhamla, her t\u00fcrl\u00fc zorlu\u011fa ve fedakarl\u0131\u011fa katlanarak, kendi devletine kavu\u015ftu -\" \/>\n<meta property=\"og:description\" content=\"Cumhurba\u015fkan\u0131 Ersin Tatar, \u00c7anakkale Zaferi\u2019nin 109. y\u0131ld\u00f6n\u00fcm\u00fc vesilesiyle mesaj yay\u0131mlad\u0131. Cumhurba\u015fkan\u0131 Ersin Tatar\u2019\u0131n yaz\u0131l\u0131 a\u00e7\u0131klamas\u0131nda \u015fu ifadeler kullan\u0131ld\u0131: \u201cD\u00fcnyan\u0131n ve emperyalist g\u00fc\u00e7lerin en g\u00fc\u00e7l\u00fc ordular\u0131na kar\u015f\u0131, kahraman T\u00fcrk askerinin kan\u0131 ve can\u0131 pahas\u0131na kazand\u0131\u011f\u0131 \u00c7anakkale Zaferi\u2019nin 109. y\u0131ld\u00f6n\u00fcm\u00fcndeyiz. Bu b\u00fcy\u00fck zafer, d\u00fcnya esir uluslar\u0131na ve mazlum halklar\u0131na bir umut ve \u0131\u015f\u0131k olurken, K\u0131br\u0131s T\u00fcrk Halk\u0131na\" \/>\n<meta property=\"og:url\" content=\"https:\/\/kibrisdakik.com\/?p=34547\" \/>\n<meta property=\"article:published_time\" content=\"2024-03-17T17:20:53+00:00\" \/>\n<meta property=\"og:image\" content=\"https:\/\/kibrisdakik.com\/wp-content\/uploads\/2023\/03\/ersin-tatar-YAZI-YAZARKEN-1536x900-1-696x408-1.jpeg\" \/>\n\t<meta property=\"og:image:width\" content=\"696\" \/>\n\t<meta property=\"og:image:height\" content=\"408\" \/>\n\t<meta property=\"og:image:type\" content=\"image\/jpeg\" \/>\n<meta name=\"author\" content=\"admin\" \/>\n<meta name=\"twitter:card\" content=\"summary_large_image\" \/>\n<meta name=\"twitter:label1\" content=\"Yazan:\" \/>\n\t<meta name=\"twitter:data1\" content=\"admin\" \/>\n\t<meta name=\"twitter:label2\" content=\"Tahmini okuma s\u00fcresi\" \/>\n\t<meta name=\"twitter:data2\" content=\"2 dakika\" \/>\n<script type=\"application\/ld+json\" class=\"yoast-schema-graph\">{\"@context\":\"https:\\\/\\\/schema.org\",\"@graph\":[{\"@type\":\"Article\",\"@id\":\"https:\\\/\\\/kibrisdakik.com\\\/?p=34547#article\",\"isPartOf\":{\"@id\":\"https:\\\/\\\/kibrisdakik.com\\\/?p=34547\"},\"author\":{\"name\":\"admin\",\"@id\":\"https:\\\/\\\/kibrisdakik.com\\\/#\\\/schema\\\/person\\\/9cd9d437bbb44f72b73ba127e06d8e79\"},\"headline\":\"Cumhurba\u1e63kan\u0131 Tatar:K\u0131br\u0131s T\u00fcrk\u00fc, \u00c7anakkale Zaferi\u2019nden ald\u0131\u011f\u0131 g\u00fc\u00e7 ve ilhamla, her t\u00fcrl\u00fc zorlu\u011fa ve fedakarl\u0131\u011fa katlanarak, kendi devletine kavu\u015ftu\",\"datePublished\":\"2024-03-17T17:20:53+00:00\",\"mainEntityOfPage\":{\"@id\":\"https:\\\/\\\/kibrisdakik.com\\\/?p=34547\"},\"wordCount\":412,\"commentCount\":0,\"image\":{\"@id\":\"https:\\\/\\\/kibrisdakik.com\\\/?p=34547#primaryimage\"},\"thumbnailUrl\":\"https:\\\/\\\/kibrisdakik.com\\\/wp-content\\\/uploads\\\/2023\\\/03\\\/ersin-tatar-YAZI-YAZARKEN-1536x900-1-696x408-1.jpeg\",\"articleSection\":[\"G\u00fcndem\"],\"inLanguage\":\"tr\",\"potentialAction\":[{\"@type\":\"CommentAction\",\"name\":\"Comment\",\"target\":[\"https:\\\/\\\/kibrisdakik.com\\\/?p=34547#respond\"]}]},{\"@type\":\"WebPage\",\"@id\":\"https:\\\/\\\/kibrisdakik.com\\\/?p=34547\",\"url\":\"https:\\\/\\\/kibrisdakik.com\\\/?p=34547\",\"name\":\"Cumhurba\u1e63kan\u0131 Tatar:K\u0131br\u0131s T\u00fcrk\u00fc, \u00c7anakkale Zaferi\u2019nden ald\u0131\u011f\u0131 g\u00fc\u00e7 ve ilhamla, her t\u00fcrl\u00fc zorlu\u011fa ve fedakarl\u0131\u011fa katlanarak, kendi devletine kavu\u015ftu -\",\"isPartOf\":{\"@id\":\"https:\\\/\\\/kibrisdakik.com\\\/#website\"},\"primaryImageOfPage\":{\"@id\":\"https:\\\/\\\/kibrisdakik.com\\\/?p=34547#primaryimage\"},\"image\":{\"@id\":\"https:\\\/\\\/kibrisdakik.com\\\/?p=34547#primaryimage\"},\"thumbnailUrl\":\"https:\\\/\\\/kibrisdakik.com\\\/wp-content\\\/uploads\\\/2023\\\/03\\\/ersin-tatar-YAZI-YAZARKEN-1536x900-1-696x408-1.jpeg\",\"datePublished\":\"2024-03-17T17:20:53+00:00\",\"author\":{\"@id\":\"https:\\\/\\\/kibrisdakik.com\\\/#\\\/schema\\\/person\\\/9cd9d437bbb44f72b73ba127e06d8e79\"},\"breadcrumb\":{\"@id\":\"https:\\\/\\\/kibrisdakik.com\\\/?p=34547#breadcrumb\"},\"inLanguage\":\"tr\",\"potentialAction\":[{\"@type\":\"ReadAction\",\"target\":[\"https:\\\/\\\/kibrisdakik.com\\\/?p=34547\"]}]},{\"@type\":\"ImageObject\",\"inLanguage\":\"tr\",\"@id\":\"https:\\\/\\\/kibrisdakik.com\\\/?p=34547#primaryimage\",\"url\":\"https:\\\/\\\/kibrisdakik.com\\\/wp-content\\\/uploads\\\/2023\\\/03\\\/ersin-tatar-YAZI-YAZARKEN-1536x900-1-696x408-1.jpeg\",\"contentUrl\":\"https:\\\/\\\/kibrisdakik.com\\\/wp-content\\\/uploads\\\/2023\\\/03\\\/ersin-tatar-YAZI-YAZARKEN-1536x900-1-696x408-1.jpeg\",\"width\":696,\"height\":408},{\"@type\":\"BreadcrumbList\",\"@id\":\"https:\\\/\\\/kibrisdakik.com\\\/?p=34547#breadcrumb\",\"itemListElement\":[{\"@type\":\"ListItem\",\"position\":1,\"name\":\"Home\",\"item\":\"https:\\\/\\\/kibrisdakik.com\\\/\"},{\"@type\":\"ListItem\",\"position\":2,\"name\":\"Cumhurba\u1e63kan\u0131 Tatar:K\u0131br\u0131s T\u00fcrk\u00fc, \u00c7anakkale Zaferi\u2019nden ald\u0131\u011f\u0131 g\u00fc\u00e7 ve ilhamla, her t\u00fcrl\u00fc zorlu\u011fa ve fedakarl\u0131\u011fa katlanarak, kendi devletine kavu\u015ftu\"}]},{\"@type\":\"WebSite\",\"@id\":\"https:\\\/\\\/kibrisdakik.com\\\/#website\",\"url\":\"https:\\\/\\\/kibrisdakik.com\\\/\",\"name\":\"\",\"description\":\"Tam vaktinde haber\",\"potentialAction\":[{\"@type\":\"SearchAction\",\"target\":{\"@type\":\"EntryPoint\",\"urlTemplate\":\"https:\\\/\\\/kibrisdakik.com\\\/?s={search_term_string}\"},\"query-input\":{\"@type\":\"PropertyValueSpecification\",\"valueRequired\":true,\"valueName\":\"search_term_string\"}}],\"inLanguage\":\"tr\"},{\"@type\":\"Person\",\"@id\":\"https:\\\/\\\/kibrisdakik.com\\\/#\\\/schema\\\/person\\\/9cd9d437bbb44f72b73ba127e06d8e79\",\"name\":\"admin\",\"image\":{\"@type\":\"ImageObject\",\"inLanguage\":\"tr\",\"@id\":\"https:\\\/\\\/secure.gravatar.com\\\/avatar\\\/ccc17943b9d660506c869530f897617f7cb1c21a4bf30023f252596d83e1f007?s=96&d=mm&r=g\",\"url\":\"https:\\\/\\\/secure.gravatar.com\\\/avatar\\\/ccc17943b9d660506c869530f897617f7cb1c21a4bf30023f252596d83e1f007?s=96&d=mm&r=g\",\"contentUrl\":\"https:\\\/\\\/secure.gravatar.com\\\/avatar\\\/ccc17943b9d660506c869530f897617f7cb1c21a4bf30023f252596d83e1f007?s=96&d=mm&r=g\",\"caption\":\"admin\"},\"sameAs\":[\"https:\\\/\\\/kibrisdakik.com\"],\"url\":\"https:\\\/\\\/kibrisdakik.com\\\/?author=1\"}]}<\/script>\n<!-- \/ Yoast SEO plugin. -->","yoast_head_json":{"title":"Cumhurba\u1e63kan\u0131 Tatar:K\u0131br\u0131s T\u00fcrk\u00fc, \u00c7anakkale Zaferi\u2019nden ald\u0131\u011f\u0131 g\u00fc\u00e7 ve ilhamla, her t\u00fcrl\u00fc zorlu\u011fa ve fedakarl\u0131\u011fa katlanarak, kendi devletine kavu\u015ftu -","robots":{"index":"index","follow":"follow","max-snippet":"max-snippet:-1","max-image-preview":"max-image-preview:large","max-video-preview":"max-video-preview:-1"},"canonical":"https:\/\/kibrisdakik.com\/?p=34547","og_locale":"tr_TR","og_type":"article","og_title":"Cumhurba\u1e63kan\u0131 Tatar:K\u0131br\u0131s T\u00fcrk\u00fc, \u00c7anakkale Zaferi\u2019nden ald\u0131\u011f\u0131 g\u00fc\u00e7 ve ilhamla, her t\u00fcrl\u00fc zorlu\u011fa ve fedakarl\u0131\u011fa katlanarak, kendi devletine kavu\u015ftu -","og_description":"Cumhurba\u015fkan\u0131 Ersin Tatar, \u00c7anakkale Zaferi\u2019nin 109. y\u0131ld\u00f6n\u00fcm\u00fc vesilesiyle mesaj yay\u0131mlad\u0131. Cumhurba\u015fkan\u0131 Ersin Tatar\u2019\u0131n yaz\u0131l\u0131 a\u00e7\u0131klamas\u0131nda \u015fu ifadeler kullan\u0131ld\u0131: \u201cD\u00fcnyan\u0131n ve emperyalist g\u00fc\u00e7lerin en g\u00fc\u00e7l\u00fc ordular\u0131na kar\u015f\u0131, kahraman T\u00fcrk askerinin kan\u0131 ve can\u0131 pahas\u0131na kazand\u0131\u011f\u0131 \u00c7anakkale Zaferi\u2019nin 109. y\u0131ld\u00f6n\u00fcm\u00fcndeyiz. Bu b\u00fcy\u00fck zafer, d\u00fcnya esir uluslar\u0131na ve mazlum halklar\u0131na bir umut ve \u0131\u015f\u0131k olurken, K\u0131br\u0131s T\u00fcrk Halk\u0131na","og_url":"https:\/\/kibrisdakik.com\/?p=34547","article_published_time":"2024-03-17T17:20:53+00:00","og_image":[{"width":696,"height":408,"url":"https:\/\/kibrisdakik.com\/wp-content\/uploads\/2023\/03\/ersin-tatar-YAZI-YAZARKEN-1536x900-1-696x408-1.jpeg","type":"image\/jpeg"}],"author":"admin","twitter_card":"summary_large_image","twitter_misc":{"Yazan:":"admin","Tahmini okuma s\u00fcresi":"2 dakika"},"schema":{"@context":"https:\/\/schema.org","@graph":[{"@type":"Article","@id":"https:\/\/kibrisdakik.com\/?p=34547#article","isPartOf":{"@id":"https:\/\/kibrisdakik.com\/?p=34547"},"author":{"name":"admin","@id":"https:\/\/kibrisdakik.com\/#\/schema\/person\/9cd9d437bbb44f72b73ba127e06d8e79"},"headline":"Cumhurba\u1e63kan\u0131 Tatar:K\u0131br\u0131s T\u00fcrk\u00fc, \u00c7anakkale Zaferi\u2019nden ald\u0131\u011f\u0131 g\u00fc\u00e7 ve ilhamla, her t\u00fcrl\u00fc zorlu\u011fa ve fedakarl\u0131\u011fa katlanarak, kendi devletine kavu\u015ftu","datePublished":"2024-03-17T17:20:53+00:00","mainEntityOfPage":{"@id":"https:\/\/kibrisdakik.com\/?p=34547"},"wordCount":412,"commentCount":0,"image":{"@id":"https:\/\/kibrisdakik.com\/?p=34547#primaryimage"},"thumbnailUrl":"https:\/\/kibrisdakik.com\/wp-content\/uploads\/2023\/03\/ersin-tatar-YAZI-YAZARKEN-1536x900-1-696x408-1.jpeg","articleSection":["G\u00fcndem"],"inLanguage":"tr","potentialAction":[{"@type":"CommentAction","name":"Comment","target":["https:\/\/kibrisdakik.com\/?p=34547#respond"]}]},{"@type":"WebPage","@id":"https:\/\/kibrisdakik.com\/?p=34547","url":"https:\/\/kibrisdakik.com\/?p=34547","name":"Cumhurba\u1e63kan\u0131 Tatar:K\u0131br\u0131s T\u00fcrk\u00fc, \u00c7anakkale Zaferi\u2019nden ald\u0131\u011f\u0131 g\u00fc\u00e7 ve ilhamla, her t\u00fcrl\u00fc zorlu\u011fa ve fedakarl\u0131\u011fa katlanarak, kendi devletine kavu\u015ftu -","isPartOf":{"@id":"https:\/\/kibrisdakik.com\/#website"},"primaryImageOfPage":{"@id":"https:\/\/kibrisdakik.com\/?p=34547#primaryimage"},"image":{"@id":"https:\/\/kibrisdakik.com\/?p=34547#primaryimage"},"thumbnailUrl":"https:\/\/kibrisdakik.com\/wp-content\/uploads\/2023\/03\/ersin-tatar-YAZI-YAZARKEN-1536x900-1-696x408-1.jpeg","datePublished":"2024-03-17T17:20:53+00:00","author":{"@id":"https:\/\/kibrisdakik.com\/#\/schema\/person\/9cd9d437bbb44f72b73ba127e06d8e79"},"breadcrumb":{"@id":"https:\/\/kibrisdakik.com\/?p=34547#breadcrumb"},"inLanguage":"tr","potentialAction":[{"@type":"ReadAction","target":["https:\/\/kibrisdakik.com\/?p=34547"]}]},{"@type":"ImageObject","inLanguage":"tr","@id":"https:\/\/kibrisdakik.com\/?p=34547#primaryimage","url":"https:\/\/kibrisdakik.com\/wp-content\/uploads\/2023\/03\/ersin-tatar-YAZI-YAZARKEN-1536x900-1-696x408-1.jpeg","contentUrl":"https:\/\/kibrisdakik.com\/wp-content\/uploads\/2023\/03\/ersin-tatar-YAZI-YAZARKEN-1536x900-1-696x408-1.jpeg","width":696,"height":408},{"@type":"BreadcrumbList","@id":"https:\/\/kibrisdakik.com\/?p=34547#breadcrumb","itemListElement":[{"@type":"ListItem","position":1,"name":"Home","item":"https:\/\/kibrisdakik.com\/"},{"@type":"ListItem","position":2,"name":"Cumhurba\u1e63kan\u0131 Tatar:K\u0131br\u0131s T\u00fcrk\u00fc, \u00c7anakkale Zaferi\u2019nden ald\u0131\u011f\u0131 g\u00fc\u00e7 ve ilhamla, her t\u00fcrl\u00fc zorlu\u011fa ve fedakarl\u0131\u011fa katlanarak, kendi devletine kavu\u015ftu"}]},{"@type":"WebSite","@id":"https:\/\/kibrisdakik.com\/#website","url":"https:\/\/kibrisdakik.com\/","name":"","description":"Tam vaktinde haber","potentialAction":[{"@type":"SearchAction","target":{"@type":"EntryPoint","urlTemplate":"https:\/\/kibrisdakik.com\/?s={search_term_string}"},"query-input":{"@type":"PropertyValueSpecification","valueRequired":true,"valueName":"search_term_string"}}],"inLanguage":"tr"},{"@type":"Person","@id":"https:\/\/kibrisdakik.com\/#\/schema\/person\/9cd9d437bbb44f72b73ba127e06d8e79","name":"admin","image":{"@type":"ImageObject","inLanguage":"tr","@id":"https:\/\/secure.gravatar.com\/avatar\/ccc17943b9d660506c869530f897617f7cb1c21a4bf30023f252596d83e1f007?s=96&d=mm&r=g","url":"https:\/\/secure.gravatar.com\/avatar\/ccc17943b9d660506c869530f897617f7cb1c21a4bf30023f252596d83e1f007?s=96&d=mm&r=g","contentUrl":"https:\/\/secure.gravatar.com\/avatar\/ccc17943b9d660506c869530f897617f7cb1c21a4bf30023f252596d83e1f007?s=96&d=mm&r=g","caption":"admin"},"sameAs":["https:\/\/kibrisdakik.com"],"url":"https:\/\/kibrisdakik.com\/?author=1"}]}},"_links":{"self":[{"href":"https:\/\/kibrisdakik.com\/index.php?rest_route=\/wp\/v2\/posts\/34547","targetHints":{"allow":["GET"]}}],"collection":[{"href":"https:\/\/kibrisdakik.com\/index.php?rest_route=\/wp\/v2\/posts"}],"about":[{"href":"https:\/\/kibrisdakik.com\/index.php?rest_route=\/wp\/v2\/types\/post"}],"author":[{"embeddable":true,"href":"https:\/\/kibrisdakik.com\/index.php?rest_route=\/wp\/v2\/users\/1"}],"replies":[{"embeddable":true,"href":"https:\/\/kibrisdakik.com\/index.php?rest_route=%2Fwp%2Fv2%2Fcomments&post=34547"}],"version-history":[{"count":0,"href":"https:\/\/kibrisdakik.com\/index.php?rest_route=\/wp\/v2\/posts\/34547\/revisions"}],"wp:featuredmedia":[{"embeddable":true,"href":"https:\/\/kibrisdakik.com\/index.php?rest_route=\/wp\/v2\/media\/2895"}],"wp:attachment":[{"href":"https:\/\/kibrisdakik.com\/index.php?rest_route=%2Fwp%2Fv2%2Fmedia&parent=34547"}],"wp:term":[{"taxonomy":"category","embeddable":true,"href":"https:\/\/kibrisdakik.com\/index.php?rest_route=%2Fwp%2Fv2%2Fcategories&post=34547"},{"taxonomy":"post_tag","embeddable":true,"href":"https:\/\/kibrisdakik.com\/index.php?rest_route=%2Fwp%2Fv2%2Ftags&post=34547"}],"curies":[{"name":"wp","href":"https:\/\/api.w.org\/{rel}","templated":true}]}}