{"id":34566,"date":"2024-03-17T20:23:49","date_gmt":"2024-03-17T20:23:49","guid":{"rendered":"https:\/\/kibrisdakik.com\/index.php\/2024\/03\/17\/toreden-canakkale-zaferinin-109uncu-yil-donumu-mesaji\/"},"modified":"2024-03-17T20:23:49","modified_gmt":"2024-03-17T20:23:49","slug":"toreden-canakkale-zaferinin-109uncu-yil-donumu-mesaji","status":"publish","type":"post","link":"https:\/\/kibrisdakik.com\/?p=34566","title":{"rendered":"T\u00f6re\u2019den \u00c7anakkale Zaferi\u2019nin 109\u2019uncu y\u0131l d\u00f6n\u00fcm\u00fc mesaj\u0131\u2026"},"content":{"rendered":"<p><\/p>\n<div>\n<div class=\"mariselle-image-container center\">\n                <img loading=\"lazy\" decoding=\"async\" width=\"1800\" height=\"1257\" class=\"lazy-image\" alt=\"\" sizes=\"auto, (max-width: 1800px) 100vw, 1800px\" src=\"https:\/\/brtk.net\/wp-content\/uploads\/2024\/03\/17\/tore-mesaj15.jpg?ver=872d3129859d7b0166c2b69b4ec33b11\" srcset=\"https:\/\/brtk.net\/wp-content\/uploads\/2024\/03\/17\/tore-mesaj15.jpg?ver=872d3129859d7b0166c2b69b4ec33b11 1800w, https:\/\/brtk.net\/wp-content\/uploads\/2024\/03\/17\/tore-mesaj15-300x210.jpg?ver=c5ffa5b8b6389865195275ff4fd0c029 300w, https:\/\/brtk.net\/wp-content\/uploads\/2024\/03\/17\/tore-mesaj15-1024x715.jpg?ver=70d5a956263e16cfca1448581d619245 1024w, https:\/\/brtk.net\/wp-content\/uploads\/2024\/03\/17\/tore-mesaj15-768x536.jpg?ver=70d5a956263e16cfca1448581d619245 768w, https:\/\/brtk.net\/wp-content\/uploads\/2024\/03\/17\/tore-mesaj15-1536x1073.jpg?ver=ffa46147453d1623bcc482ec6d361044 1536w\"\/>                            <\/div>\n<p>\nCumhurba\u015fkan\u0131 Vekili, Cumhuriyet Meclisi Ba\u015fkan\u0131 Zorlu T\u00f6re, \u00c7anakkale Zaferi\u2019nin 109. y\u0131l d\u00f6n\u00fcm\u00fc ve \u015eehitleri Anma G\u00fcn\u00fc nedeniyle mesaj yay\u0131nlad\u0131. <\/p>\n<p>Meclis\u2019ten verilen bilgiye g\u00f6re T\u00f6re, mesaj\u0131nda \u015funlar\u0131 kaydetti:<\/p>\n<p>\u201c109 y\u0131l \u00f6nce \u00c7anakkale\u2019de kazan\u0131lan zafer, T\u00fcrk tarihine alt\u0131n harflerle b\u00fcy\u00fck bir destan olarak yaz\u0131larak, Anadolu topraklar\u0131 ve Bo\u011fazlar\u0131n T\u00fcrk h\u00e2kimiyetinde kalmas\u0131n\u0131 sa\u011flam\u0131\u015ft\u0131r.<\/p>\n<p>O tarihte bu tarihi ba\u015far\u0131y\u0131 elde edenler, Gazi Mustafa Kemal Atat\u00fcrk\u2019\u00fcn \u00f6nderli\u011finde azim, onur, umut ve kararl\u0131l\u0131kla Kurtulu\u015f Sava\u015f\u0131\u2019n\u0131n me\u015falesini de ate\u015flemi\u015ftir.<\/p>\n<p>B\u00fct\u00fcn d\u00fcnyaya \u2018\u00c7anakkale ge\u00e7ilmez\u2019 mesaj\u0131n\u0131n verildi\u011fi bu zafer, \u015fehitlerimizin ve gazilerimizin iman ve inanc\u0131 ile ger\u00e7ekle\u015fmi\u015ftir.<\/p>\n<p>T\u00fcrk milleti i\u00e7in \u015fehitler, Mehmet Akif\u2019in \u2018Ey \u015fehit o\u011flu \u015fehit, isteme benden makber, sana agu\u015funu a\u00e7m\u0131\u015f duruyor Peygamber.\u2019 m\u0131sralar\u0131ndaki gibi y\u00fcce bir makam ve de\u011ferdedir.<\/p>\n<p>Bug\u00fcn bizlere d\u00fc\u015fen g\u00f6rev ise, \u015fehitlerimizin kanlar\u0131yla sulanan ve bizlere emanet edilen bu kutsal topraklara ayn\u0131 \u015fuurla sahip \u00e7\u0131karak korumak ve bizden sonraki nesillere g\u00fcvenle devretmektir.<\/p>\n<p>Anavatan\u0131m\u0131z\u0131n T\u00fcrkiye y\u00fczy\u0131l\u0131 hedefine do\u011fru y\u00fcr\u00fcd\u00fc\u011f\u00fc bu yolda, bizler de b\u00fcy\u00fck T\u00fcrk milletinin bir par\u00e7as\u0131 olan <a href=\"https:\/\/brtk.net\/\">KKTC<\/a> olarak \u015fehitlerimizin emaneti devletimize sahip \u00e7\u0131k\u0131yoruz.<\/p>\n<p>Bu duygu ve d\u00fc\u015f\u00fcncelerle ba\u015fta Gazi Mustafa Kemal Atat\u00fcrk olmak \u00fczere \u015fanl\u0131 T\u00fcrk bayra\u011f\u0131n\u0131n semalar\u0131m\u0131zda ilelebet dalgalanmas\u0131 i\u00e7in canlar\u0131n\u0131 bir an dahi d\u00fc\u015f\u00fcnmeden feda eden t\u00fcm aziz \u015fehitlerimizi ve kahraman gazilerimizi rahmet, minnet ve sayg\u0131yla an\u0131yorum. Ruhlar\u0131 \u015f\u00e2d olsun.\u201d<\/p>\n<\/p><\/div>\n<p><script async\n                    defer\n                    crossorigin=\"anonymous\"\n                    src=\"https:\/\/connect.facebook.net\/tr_TR\/sdk.js#xfbml=1&#038;version=v3.3\"\n            ><\/script><\/p>\n","protected":false},"excerpt":{"rendered":"<p>Cumhurba\u015fkan\u0131 Vekili, Cumhuriyet Meclisi Ba\u015fkan\u0131 Zorlu T\u00f6re, \u00c7anakkale Zaferi\u2019nin 109. y\u0131l d\u00f6n\u00fcm\u00fc ve \u015eehitleri Anma G\u00fcn\u00fc nedeniyle mesaj yay\u0131nlad\u0131. Meclis\u2019ten verilen bilgiye g\u00f6re T\u00f6re, mesaj\u0131nda \u015funlar\u0131 kaydetti: \u201c109 y\u0131l \u00f6nce \u00c7anakkale\u2019de kazan\u0131lan zafer, T\u00fcrk tarihine alt\u0131n harflerle b\u00fcy\u00fck bir destan olarak yaz\u0131larak, Anadolu topraklar\u0131 ve Bo\u011fazlar\u0131n T\u00fcrk h\u00e2kimiyetinde kalmas\u0131n\u0131 sa\u011flam\u0131\u015ft\u0131r. O tarihte bu tarihi ba\u015far\u0131y\u0131<\/p>\n","protected":false},"author":1,"featured_media":34567,"comment_status":"open","ping_status":"open","sticky":false,"template":"","format":"standard","meta":{"footnotes":""},"categories":[1],"tags":[],"class_list":["post-34566","post","type-post","status-publish","format-standard","has-post-thumbnail","hentry","category-gundem"],"yoast_head":"<!-- This site is optimized with the Yoast SEO plugin v27.5 - https:\/\/yoast.com\/product\/yoast-seo-wordpress\/ -->\n<title>T\u00f6re\u2019den \u00c7anakkale Zaferi\u2019nin 109\u2019uncu y\u0131l d\u00f6n\u00fcm\u00fc mesaj\u0131\u2026 -<\/title>\n<meta name=\"robots\" content=\"index, follow, max-snippet:-1, max-image-preview:large, max-video-preview:-1\" \/>\n<link rel=\"canonical\" href=\"https:\/\/kibrisdakik.com\/?p=34566\" \/>\n<meta property=\"og:locale\" content=\"tr_TR\" \/>\n<meta property=\"og:type\" content=\"article\" \/>\n<meta property=\"og:title\" content=\"T\u00f6re\u2019den \u00c7anakkale Zaferi\u2019nin 109\u2019uncu y\u0131l d\u00f6n\u00fcm\u00fc mesaj\u0131\u2026 -\" \/>\n<meta property=\"og:description\" content=\"Cumhurba\u015fkan\u0131 Vekili, Cumhuriyet Meclisi Ba\u015fkan\u0131 Zorlu T\u00f6re, \u00c7anakkale Zaferi\u2019nin 109. y\u0131l d\u00f6n\u00fcm\u00fc ve \u015eehitleri Anma G\u00fcn\u00fc nedeniyle mesaj yay\u0131nlad\u0131. Meclis\u2019ten verilen bilgiye g\u00f6re T\u00f6re, mesaj\u0131nda \u015funlar\u0131 kaydetti: \u201c109 y\u0131l \u00f6nce \u00c7anakkale\u2019de kazan\u0131lan zafer, T\u00fcrk tarihine alt\u0131n harflerle b\u00fcy\u00fck bir destan olarak yaz\u0131larak, Anadolu topraklar\u0131 ve Bo\u011fazlar\u0131n T\u00fcrk h\u00e2kimiyetinde kalmas\u0131n\u0131 sa\u011flam\u0131\u015ft\u0131r. O tarihte bu tarihi ba\u015far\u0131y\u0131\" \/>\n<meta property=\"og:url\" content=\"https:\/\/kibrisdakik.com\/?p=34566\" \/>\n<meta property=\"article:published_time\" content=\"2024-03-17T20:23:49+00:00\" \/>\n<meta property=\"og:image\" content=\"https:\/\/kibrisdakik.com\/wp-content\/uploads\/2024\/03\/tore-mesaj15-740x420.jpg\" \/>\n\t<meta property=\"og:image:width\" content=\"1800\" \/>\n\t<meta property=\"og:image:height\" content=\"1257\" \/>\n\t<meta property=\"og:image:type\" content=\"image\/jpeg\" \/>\n<meta name=\"author\" content=\"admin\" \/>\n<meta name=\"twitter:card\" content=\"summary_large_image\" \/>\n<meta name=\"twitter:label1\" content=\"Yazan:\" \/>\n\t<meta name=\"twitter:data1\" content=\"admin\" \/>\n\t<meta name=\"twitter:label2\" content=\"Tahmini okuma s\u00fcresi\" \/>\n\t<meta name=\"twitter:data2\" content=\"1 dakika\" \/>\n<script type=\"application\/ld+json\" class=\"yoast-schema-graph\">{\"@context\":\"https:\\\/\\\/schema.org\",\"@graph\":[{\"@type\":\"Article\",\"@id\":\"https:\\\/\\\/kibrisdakik.com\\\/?p=34566#article\",\"isPartOf\":{\"@id\":\"https:\\\/\\\/kibrisdakik.com\\\/?p=34566\"},\"author\":{\"name\":\"admin\",\"@id\":\"https:\\\/\\\/kibrisdakik.com\\\/#\\\/schema\\\/person\\\/9cd9d437bbb44f72b73ba127e06d8e79\"},\"headline\":\"T\u00f6re\u2019den \u00c7anakkale Zaferi\u2019nin 109\u2019uncu y\u0131l d\u00f6n\u00fcm\u00fc mesaj\u0131\u2026\",\"datePublished\":\"2024-03-17T20:23:49+00:00\",\"mainEntityOfPage\":{\"@id\":\"https:\\\/\\\/kibrisdakik.com\\\/?p=34566\"},\"wordCount\":306,\"commentCount\":0,\"image\":{\"@id\":\"https:\\\/\\\/kibrisdakik.com\\\/?p=34566#primaryimage\"},\"thumbnailUrl\":\"https:\\\/\\\/kibrisdakik.com\\\/wp-content\\\/uploads\\\/2024\\\/03\\\/tore-mesaj15-740x420.jpg\",\"articleSection\":[\"G\u00fcndem\"],\"inLanguage\":\"tr\",\"potentialAction\":[{\"@type\":\"CommentAction\",\"name\":\"Comment\",\"target\":[\"https:\\\/\\\/kibrisdakik.com\\\/?p=34566#respond\"]}]},{\"@type\":\"WebPage\",\"@id\":\"https:\\\/\\\/kibrisdakik.com\\\/?p=34566\",\"url\":\"https:\\\/\\\/kibrisdakik.com\\\/?p=34566\",\"name\":\"T\u00f6re\u2019den \u00c7anakkale Zaferi\u2019nin 109\u2019uncu y\u0131l d\u00f6n\u00fcm\u00fc mesaj\u0131\u2026 -\",\"isPartOf\":{\"@id\":\"https:\\\/\\\/kibrisdakik.com\\\/#website\"},\"primaryImageOfPage\":{\"@id\":\"https:\\\/\\\/kibrisdakik.com\\\/?p=34566#primaryimage\"},\"image\":{\"@id\":\"https:\\\/\\\/kibrisdakik.com\\\/?p=34566#primaryimage\"},\"thumbnailUrl\":\"https:\\\/\\\/kibrisdakik.com\\\/wp-content\\\/uploads\\\/2024\\\/03\\\/tore-mesaj15-740x420.jpg\",\"datePublished\":\"2024-03-17T20:23:49+00:00\",\"author\":{\"@id\":\"https:\\\/\\\/kibrisdakik.com\\\/#\\\/schema\\\/person\\\/9cd9d437bbb44f72b73ba127e06d8e79\"},\"breadcrumb\":{\"@id\":\"https:\\\/\\\/kibrisdakik.com\\\/?p=34566#breadcrumb\"},\"inLanguage\":\"tr\",\"potentialAction\":[{\"@type\":\"ReadAction\",\"target\":[\"https:\\\/\\\/kibrisdakik.com\\\/?p=34566\"]}]},{\"@type\":\"ImageObject\",\"inLanguage\":\"tr\",\"@id\":\"https:\\\/\\\/kibrisdakik.com\\\/?p=34566#primaryimage\",\"url\":\"https:\\\/\\\/kibrisdakik.com\\\/wp-content\\\/uploads\\\/2024\\\/03\\\/tore-mesaj15-740x420.jpg\",\"contentUrl\":\"https:\\\/\\\/kibrisdakik.com\\\/wp-content\\\/uploads\\\/2024\\\/03\\\/tore-mesaj15-740x420.jpg\",\"width\":1800,\"height\":1257},{\"@type\":\"BreadcrumbList\",\"@id\":\"https:\\\/\\\/kibrisdakik.com\\\/?p=34566#breadcrumb\",\"itemListElement\":[{\"@type\":\"ListItem\",\"position\":1,\"name\":\"Home\",\"item\":\"https:\\\/\\\/kibrisdakik.com\\\/\"},{\"@type\":\"ListItem\",\"position\":2,\"name\":\"T\u00f6re\u2019den \u00c7anakkale Zaferi\u2019nin 109\u2019uncu y\u0131l d\u00f6n\u00fcm\u00fc mesaj\u0131\u2026\"}]},{\"@type\":\"WebSite\",\"@id\":\"https:\\\/\\\/kibrisdakik.com\\\/#website\",\"url\":\"https:\\\/\\\/kibrisdakik.com\\\/\",\"name\":\"\",\"description\":\"Tam vaktinde haber\",\"potentialAction\":[{\"@type\":\"SearchAction\",\"target\":{\"@type\":\"EntryPoint\",\"urlTemplate\":\"https:\\\/\\\/kibrisdakik.com\\\/?s={search_term_string}\"},\"query-input\":{\"@type\":\"PropertyValueSpecification\",\"valueRequired\":true,\"valueName\":\"search_term_string\"}}],\"inLanguage\":\"tr\"},{\"@type\":\"Person\",\"@id\":\"https:\\\/\\\/kibrisdakik.com\\\/#\\\/schema\\\/person\\\/9cd9d437bbb44f72b73ba127e06d8e79\",\"name\":\"admin\",\"image\":{\"@type\":\"ImageObject\",\"inLanguage\":\"tr\",\"@id\":\"https:\\\/\\\/secure.gravatar.com\\\/avatar\\\/ccc17943b9d660506c869530f897617f7cb1c21a4bf30023f252596d83e1f007?s=96&d=mm&r=g\",\"url\":\"https:\\\/\\\/secure.gravatar.com\\\/avatar\\\/ccc17943b9d660506c869530f897617f7cb1c21a4bf30023f252596d83e1f007?s=96&d=mm&r=g\",\"contentUrl\":\"https:\\\/\\\/secure.gravatar.com\\\/avatar\\\/ccc17943b9d660506c869530f897617f7cb1c21a4bf30023f252596d83e1f007?s=96&d=mm&r=g\",\"caption\":\"admin\"},\"sameAs\":[\"https:\\\/\\\/kibrisdakik.com\"],\"url\":\"https:\\\/\\\/kibrisdakik.com\\\/?author=1\"}]}<\/script>\n<!-- \/ Yoast SEO plugin. -->","yoast_head_json":{"title":"T\u00f6re\u2019den \u00c7anakkale Zaferi\u2019nin 109\u2019uncu y\u0131l d\u00f6n\u00fcm\u00fc mesaj\u0131\u2026 -","robots":{"index":"index","follow":"follow","max-snippet":"max-snippet:-1","max-image-preview":"max-image-preview:large","max-video-preview":"max-video-preview:-1"},"canonical":"https:\/\/kibrisdakik.com\/?p=34566","og_locale":"tr_TR","og_type":"article","og_title":"T\u00f6re\u2019den \u00c7anakkale Zaferi\u2019nin 109\u2019uncu y\u0131l d\u00f6n\u00fcm\u00fc mesaj\u0131\u2026 -","og_description":"Cumhurba\u015fkan\u0131 Vekili, Cumhuriyet Meclisi Ba\u015fkan\u0131 Zorlu T\u00f6re, \u00c7anakkale Zaferi\u2019nin 109. y\u0131l d\u00f6n\u00fcm\u00fc ve \u015eehitleri Anma G\u00fcn\u00fc nedeniyle mesaj yay\u0131nlad\u0131. Meclis\u2019ten verilen bilgiye g\u00f6re T\u00f6re, mesaj\u0131nda \u015funlar\u0131 kaydetti: \u201c109 y\u0131l \u00f6nce \u00c7anakkale\u2019de kazan\u0131lan zafer, T\u00fcrk tarihine alt\u0131n harflerle b\u00fcy\u00fck bir destan olarak yaz\u0131larak, Anadolu topraklar\u0131 ve Bo\u011fazlar\u0131n T\u00fcrk h\u00e2kimiyetinde kalmas\u0131n\u0131 sa\u011flam\u0131\u015ft\u0131r. O tarihte bu tarihi ba\u015far\u0131y\u0131","og_url":"https:\/\/kibrisdakik.com\/?p=34566","article_published_time":"2024-03-17T20:23:49+00:00","og_image":[{"width":1800,"height":1257,"url":"https:\/\/kibrisdakik.com\/wp-content\/uploads\/2024\/03\/tore-mesaj15-740x420.jpg","type":"image\/jpeg"}],"author":"admin","twitter_card":"summary_large_image","twitter_misc":{"Yazan:":"admin","Tahmini okuma s\u00fcresi":"1 dakika"},"schema":{"@context":"https:\/\/schema.org","@graph":[{"@type":"Article","@id":"https:\/\/kibrisdakik.com\/?p=34566#article","isPartOf":{"@id":"https:\/\/kibrisdakik.com\/?p=34566"},"author":{"name":"admin","@id":"https:\/\/kibrisdakik.com\/#\/schema\/person\/9cd9d437bbb44f72b73ba127e06d8e79"},"headline":"T\u00f6re\u2019den \u00c7anakkale Zaferi\u2019nin 109\u2019uncu y\u0131l d\u00f6n\u00fcm\u00fc mesaj\u0131\u2026","datePublished":"2024-03-17T20:23:49+00:00","mainEntityOfPage":{"@id":"https:\/\/kibrisdakik.com\/?p=34566"},"wordCount":306,"commentCount":0,"image":{"@id":"https:\/\/kibrisdakik.com\/?p=34566#primaryimage"},"thumbnailUrl":"https:\/\/kibrisdakik.com\/wp-content\/uploads\/2024\/03\/tore-mesaj15-740x420.jpg","articleSection":["G\u00fcndem"],"inLanguage":"tr","potentialAction":[{"@type":"CommentAction","name":"Comment","target":["https:\/\/kibrisdakik.com\/?p=34566#respond"]}]},{"@type":"WebPage","@id":"https:\/\/kibrisdakik.com\/?p=34566","url":"https:\/\/kibrisdakik.com\/?p=34566","name":"T\u00f6re\u2019den \u00c7anakkale Zaferi\u2019nin 109\u2019uncu y\u0131l d\u00f6n\u00fcm\u00fc mesaj\u0131\u2026 -","isPartOf":{"@id":"https:\/\/kibrisdakik.com\/#website"},"primaryImageOfPage":{"@id":"https:\/\/kibrisdakik.com\/?p=34566#primaryimage"},"image":{"@id":"https:\/\/kibrisdakik.com\/?p=34566#primaryimage"},"thumbnailUrl":"https:\/\/kibrisdakik.com\/wp-content\/uploads\/2024\/03\/tore-mesaj15-740x420.jpg","datePublished":"2024-03-17T20:23:49+00:00","author":{"@id":"https:\/\/kibrisdakik.com\/#\/schema\/person\/9cd9d437bbb44f72b73ba127e06d8e79"},"breadcrumb":{"@id":"https:\/\/kibrisdakik.com\/?p=34566#breadcrumb"},"inLanguage":"tr","potentialAction":[{"@type":"ReadAction","target":["https:\/\/kibrisdakik.com\/?p=34566"]}]},{"@type":"ImageObject","inLanguage":"tr","@id":"https:\/\/kibrisdakik.com\/?p=34566#primaryimage","url":"https:\/\/kibrisdakik.com\/wp-content\/uploads\/2024\/03\/tore-mesaj15-740x420.jpg","contentUrl":"https:\/\/kibrisdakik.com\/wp-content\/uploads\/2024\/03\/tore-mesaj15-740x420.jpg","width":1800,"height":1257},{"@type":"BreadcrumbList","@id":"https:\/\/kibrisdakik.com\/?p=34566#breadcrumb","itemListElement":[{"@type":"ListItem","position":1,"name":"Home","item":"https:\/\/kibrisdakik.com\/"},{"@type":"ListItem","position":2,"name":"T\u00f6re\u2019den \u00c7anakkale Zaferi\u2019nin 109\u2019uncu y\u0131l d\u00f6n\u00fcm\u00fc mesaj\u0131\u2026"}]},{"@type":"WebSite","@id":"https:\/\/kibrisdakik.com\/#website","url":"https:\/\/kibrisdakik.com\/","name":"","description":"Tam vaktinde haber","potentialAction":[{"@type":"SearchAction","target":{"@type":"EntryPoint","urlTemplate":"https:\/\/kibrisdakik.com\/?s={search_term_string}"},"query-input":{"@type":"PropertyValueSpecification","valueRequired":true,"valueName":"search_term_string"}}],"inLanguage":"tr"},{"@type":"Person","@id":"https:\/\/kibrisdakik.com\/#\/schema\/person\/9cd9d437bbb44f72b73ba127e06d8e79","name":"admin","image":{"@type":"ImageObject","inLanguage":"tr","@id":"https:\/\/secure.gravatar.com\/avatar\/ccc17943b9d660506c869530f897617f7cb1c21a4bf30023f252596d83e1f007?s=96&d=mm&r=g","url":"https:\/\/secure.gravatar.com\/avatar\/ccc17943b9d660506c869530f897617f7cb1c21a4bf30023f252596d83e1f007?s=96&d=mm&r=g","contentUrl":"https:\/\/secure.gravatar.com\/avatar\/ccc17943b9d660506c869530f897617f7cb1c21a4bf30023f252596d83e1f007?s=96&d=mm&r=g","caption":"admin"},"sameAs":["https:\/\/kibrisdakik.com"],"url":"https:\/\/kibrisdakik.com\/?author=1"}]}},"_links":{"self":[{"href":"https:\/\/kibrisdakik.com\/index.php?rest_route=\/wp\/v2\/posts\/34566","targetHints":{"allow":["GET"]}}],"collection":[{"href":"https:\/\/kibrisdakik.com\/index.php?rest_route=\/wp\/v2\/posts"}],"about":[{"href":"https:\/\/kibrisdakik.com\/index.php?rest_route=\/wp\/v2\/types\/post"}],"author":[{"embeddable":true,"href":"https:\/\/kibrisdakik.com\/index.php?rest_route=\/wp\/v2\/users\/1"}],"replies":[{"embeddable":true,"href":"https:\/\/kibrisdakik.com\/index.php?rest_route=%2Fwp%2Fv2%2Fcomments&post=34566"}],"version-history":[{"count":0,"href":"https:\/\/kibrisdakik.com\/index.php?rest_route=\/wp\/v2\/posts\/34566\/revisions"}],"wp:featuredmedia":[{"embeddable":true,"href":"https:\/\/kibrisdakik.com\/index.php?rest_route=\/wp\/v2\/media\/34567"}],"wp:attachment":[{"href":"https:\/\/kibrisdakik.com\/index.php?rest_route=%2Fwp%2Fv2%2Fmedia&parent=34566"}],"wp:term":[{"taxonomy":"category","embeddable":true,"href":"https:\/\/kibrisdakik.com\/index.php?rest_route=%2Fwp%2Fv2%2Fcategories&post=34566"},{"taxonomy":"post_tag","embeddable":true,"href":"https:\/\/kibrisdakik.com\/index.php?rest_route=%2Fwp%2Fv2%2Ftags&post=34566"}],"curies":[{"name":"wp","href":"https:\/\/api.w.org\/{rel}","templated":true}]}}