{"id":34576,"date":"2024-03-17T18:18:00","date_gmt":"2024-03-17T18:18:00","guid":{"rendered":"https:\/\/kibrisdakik.com\/index.php\/2024\/03\/17\/ulusal-birlik-partisi-namik-kemal-meydaninda-iftar-yemegi-duzenledi\/"},"modified":"2024-03-17T18:18:00","modified_gmt":"2024-03-17T18:18:00","slug":"ulusal-birlik-partisi-namik-kemal-meydaninda-iftar-yemegi-duzenledi","status":"publish","type":"post","link":"https:\/\/kibrisdakik.com\/?p=34576","title":{"rendered":"Ulusal Birlik Partisi, Nam\u0131k Kemal Meydan\u0131&#039;nda iftar yeme\u011fi d\u00fczenledi"},"content":{"rendered":"<p><\/p>\n<p><span style=\"font-size:12pt\"><span style=\"font-family:Calibri,sans-serif\">UBP Genel Ba\u015fkan\u0131 ve Ba\u015fbakan\u0131 Sn. \u00dcnal \u00dcstel, UBP Gazima\u011fusa \u0130l\u00e7e Ba\u015fkan\u0131 Sn. Nahit \u00d6nc\u00fc, Bakan ve Milletvekilleri, Belediye Ba\u015fkanlar\u0131 ve \u00e7ok say\u0131s\u0131da vatanda\u015flarla birlikte dualar e\u015fli\u011finde oru\u00e7 a\u00e7\u0131ld\u0131. \u0130l\u00e7e Ba\u015fkan\u0131 Sn. Nahit \u00d6nc\u00fc; Hedefimiz,her beldemizde iftar\u0131m\u0131z\u0131 halk\u0131m\u0131zla birlikte&nbsp; orucumuzu a\u00e7makt\u0131r. Halk\u0131m\u0131z\u0131n bir kez daha Ramazan ay\u0131\u2019n\u0131 tebrik ediyorum dedi.<\/span><\/span><\/p>\n<p><span style=\"font-size:12pt\"><span style=\"font-family:Calibri,sans-serif\"><img decoding=\"async\" alt=\"\" src=\"https:\/\/www.kibristurk.com\/images\/detay\/PHOTO-2024-03-17-20-26-40.jpg\" style=\"height:800px;width:600px\" \/><\/span><\/span><\/p>\n<p><span style=\"font-size:12pt\"><span style=\"font-family:Calibri,sans-serif\"><img decoding=\"async\" alt=\"\" src=\"https:\/\/www.kibristurk.com\/images\/detay\/PHOTO-2024-03-17-20-26-25.jpg\" style=\"height:600px;width:800px\" \/><\/span><\/span><\/p>\n","protected":false},"excerpt":{"rendered":"<p>UBP Genel Ba\u015fkan\u0131 ve Ba\u015fbakan\u0131 Sn. \u00dcnal \u00dcstel, UBP Gazima\u011fusa \u0130l\u00e7e Ba\u015fkan\u0131 Sn. Nahit \u00d6nc\u00fc, Bakan ve Milletvekilleri, Belediye Ba\u015fkanlar\u0131 ve \u00e7ok say\u0131s\u0131da vatanda\u015flarla birlikte dualar e\u015fli\u011finde oru\u00e7 a\u00e7\u0131ld\u0131. \u0130l\u00e7e Ba\u015fkan\u0131 Sn. Nahit \u00d6nc\u00fc; Hedefimiz,her beldemizde iftar\u0131m\u0131z\u0131 halk\u0131m\u0131zla birlikte&nbsp; orucumuzu a\u00e7makt\u0131r. Halk\u0131m\u0131z\u0131n bir kez daha Ramazan ay\u0131\u2019n\u0131 tebrik ediyorum dedi.<\/p>\n","protected":false},"author":1,"featured_media":34577,"comment_status":"open","ping_status":"open","sticky":false,"template":"","format":"standard","meta":{"footnotes":""},"categories":[1],"tags":[],"class_list":["post-34576","post","type-post","status-publish","format-standard","has-post-thumbnail","hentry","category-gundem"],"yoast_head":"<!-- This site is optimized with the Yoast SEO plugin v27.4 - https:\/\/yoast.com\/product\/yoast-seo-wordpress\/ -->\n<title>Ulusal Birlik Partisi, Nam\u0131k Kemal Meydan\u0131&#039;nda iftar yeme\u011fi d\u00fczenledi -<\/title>\n<meta name=\"robots\" content=\"index, follow, max-snippet:-1, max-image-preview:large, max-video-preview:-1\" \/>\n<link rel=\"canonical\" href=\"https:\/\/kibrisdakik.com\/?p=34576\" \/>\n<meta property=\"og:locale\" content=\"tr_TR\" \/>\n<meta property=\"og:type\" content=\"article\" \/>\n<meta property=\"og:title\" content=\"Ulusal Birlik Partisi, Nam\u0131k Kemal Meydan\u0131&#039;nda iftar yeme\u011fi d\u00fczenledi -\" \/>\n<meta property=\"og:description\" content=\"UBP Genel Ba\u015fkan\u0131 ve Ba\u015fbakan\u0131 Sn. \u00dcnal \u00dcstel, UBP Gazima\u011fusa \u0130l\u00e7e Ba\u015fkan\u0131 Sn. Nahit \u00d6nc\u00fc, Bakan ve Milletvekilleri, Belediye Ba\u015fkanlar\u0131 ve \u00e7ok say\u0131s\u0131da vatanda\u015flarla birlikte dualar e\u015fli\u011finde oru\u00e7 a\u00e7\u0131ld\u0131. \u0130l\u00e7e Ba\u015fkan\u0131 Sn. Nahit \u00d6nc\u00fc; Hedefimiz,her beldemizde iftar\u0131m\u0131z\u0131 halk\u0131m\u0131zla birlikte&nbsp; orucumuzu a\u00e7makt\u0131r. Halk\u0131m\u0131z\u0131n bir kez daha Ramazan ay\u0131\u2019n\u0131 tebrik ediyorum dedi.\" \/>\n<meta property=\"og:url\" content=\"https:\/\/kibrisdakik.com\/?p=34576\" \/>\n<meta property=\"article:published_time\" content=\"2024-03-17T18:18:00+00:00\" \/>\n<meta property=\"og:image\" content=\"https:\/\/kibrisdakik.com\/wp-content\/uploads\/2024\/03\/PHOTO-2024-03-17-20-26-40-600x420.jpg\" \/>\n\t<meta property=\"og:image:width\" content=\"600\" \/>\n\t<meta property=\"og:image:height\" content=\"800\" \/>\n\t<meta property=\"og:image:type\" content=\"image\/jpeg\" \/>\n<meta name=\"author\" content=\"admin\" \/>\n<meta name=\"twitter:card\" content=\"summary_large_image\" \/>\n<meta name=\"twitter:label1\" content=\"Yazan:\" \/>\n\t<meta name=\"twitter:data1\" content=\"admin\" \/>\n<script type=\"application\/ld+json\" class=\"yoast-schema-graph\">{\"@context\":\"https:\\\/\\\/schema.org\",\"@graph\":[{\"@type\":\"Article\",\"@id\":\"https:\\\/\\\/kibrisdakik.com\\\/?p=34576#article\",\"isPartOf\":{\"@id\":\"https:\\\/\\\/kibrisdakik.com\\\/?p=34576\"},\"author\":{\"name\":\"admin\",\"@id\":\"https:\\\/\\\/kibrisdakik.com\\\/#\\\/schema\\\/person\\\/9cd9d437bbb44f72b73ba127e06d8e79\"},\"headline\":\"Ulusal Birlik Partisi, Nam\u0131k Kemal Meydan\u0131&#039;nda iftar yeme\u011fi d\u00fczenledi\",\"datePublished\":\"2024-03-17T18:18:00+00:00\",\"mainEntityOfPage\":{\"@id\":\"https:\\\/\\\/kibrisdakik.com\\\/?p=34576\"},\"wordCount\":89,\"commentCount\":0,\"image\":{\"@id\":\"https:\\\/\\\/kibrisdakik.com\\\/?p=34576#primaryimage\"},\"thumbnailUrl\":\"https:\\\/\\\/kibrisdakik.com\\\/wp-content\\\/uploads\\\/2024\\\/03\\\/PHOTO-2024-03-17-20-26-40-600x420.jpg\",\"articleSection\":[\"G\u00fcndem\"],\"inLanguage\":\"tr\",\"potentialAction\":[{\"@type\":\"CommentAction\",\"name\":\"Comment\",\"target\":[\"https:\\\/\\\/kibrisdakik.com\\\/?p=34576#respond\"]}]},{\"@type\":\"WebPage\",\"@id\":\"https:\\\/\\\/kibrisdakik.com\\\/?p=34576\",\"url\":\"https:\\\/\\\/kibrisdakik.com\\\/?p=34576\",\"name\":\"Ulusal Birlik Partisi, Nam\u0131k Kemal Meydan\u0131&#039;nda iftar yeme\u011fi d\u00fczenledi -\",\"isPartOf\":{\"@id\":\"https:\\\/\\\/kibrisdakik.com\\\/#website\"},\"primaryImageOfPage\":{\"@id\":\"https:\\\/\\\/kibrisdakik.com\\\/?p=34576#primaryimage\"},\"image\":{\"@id\":\"https:\\\/\\\/kibrisdakik.com\\\/?p=34576#primaryimage\"},\"thumbnailUrl\":\"https:\\\/\\\/kibrisdakik.com\\\/wp-content\\\/uploads\\\/2024\\\/03\\\/PHOTO-2024-03-17-20-26-40-600x420.jpg\",\"datePublished\":\"2024-03-17T18:18:00+00:00\",\"author\":{\"@id\":\"https:\\\/\\\/kibrisdakik.com\\\/#\\\/schema\\\/person\\\/9cd9d437bbb44f72b73ba127e06d8e79\"},\"breadcrumb\":{\"@id\":\"https:\\\/\\\/kibrisdakik.com\\\/?p=34576#breadcrumb\"},\"inLanguage\":\"tr\",\"potentialAction\":[{\"@type\":\"ReadAction\",\"target\":[\"https:\\\/\\\/kibrisdakik.com\\\/?p=34576\"]}]},{\"@type\":\"ImageObject\",\"inLanguage\":\"tr\",\"@id\":\"https:\\\/\\\/kibrisdakik.com\\\/?p=34576#primaryimage\",\"url\":\"https:\\\/\\\/kibrisdakik.com\\\/wp-content\\\/uploads\\\/2024\\\/03\\\/PHOTO-2024-03-17-20-26-40-600x420.jpg\",\"contentUrl\":\"https:\\\/\\\/kibrisdakik.com\\\/wp-content\\\/uploads\\\/2024\\\/03\\\/PHOTO-2024-03-17-20-26-40-600x420.jpg\",\"width\":600,\"height\":800},{\"@type\":\"BreadcrumbList\",\"@id\":\"https:\\\/\\\/kibrisdakik.com\\\/?p=34576#breadcrumb\",\"itemListElement\":[{\"@type\":\"ListItem\",\"position\":1,\"name\":\"Home\",\"item\":\"https:\\\/\\\/kibrisdakik.com\\\/\"},{\"@type\":\"ListItem\",\"position\":2,\"name\":\"Ulusal Birlik Partisi, Nam\u0131k Kemal Meydan\u0131&#039;nda iftar yeme\u011fi d\u00fczenledi\"}]},{\"@type\":\"WebSite\",\"@id\":\"https:\\\/\\\/kibrisdakik.com\\\/#website\",\"url\":\"https:\\\/\\\/kibrisdakik.com\\\/\",\"name\":\"\",\"description\":\"Tam vaktinde haber\",\"potentialAction\":[{\"@type\":\"SearchAction\",\"target\":{\"@type\":\"EntryPoint\",\"urlTemplate\":\"https:\\\/\\\/kibrisdakik.com\\\/?s={search_term_string}\"},\"query-input\":{\"@type\":\"PropertyValueSpecification\",\"valueRequired\":true,\"valueName\":\"search_term_string\"}}],\"inLanguage\":\"tr\"},{\"@type\":\"Person\",\"@id\":\"https:\\\/\\\/kibrisdakik.com\\\/#\\\/schema\\\/person\\\/9cd9d437bbb44f72b73ba127e06d8e79\",\"name\":\"admin\",\"image\":{\"@type\":\"ImageObject\",\"inLanguage\":\"tr\",\"@id\":\"https:\\\/\\\/secure.gravatar.com\\\/avatar\\\/ccc17943b9d660506c869530f897617f7cb1c21a4bf30023f252596d83e1f007?s=96&d=mm&r=g\",\"url\":\"https:\\\/\\\/secure.gravatar.com\\\/avatar\\\/ccc17943b9d660506c869530f897617f7cb1c21a4bf30023f252596d83e1f007?s=96&d=mm&r=g\",\"contentUrl\":\"https:\\\/\\\/secure.gravatar.com\\\/avatar\\\/ccc17943b9d660506c869530f897617f7cb1c21a4bf30023f252596d83e1f007?s=96&d=mm&r=g\",\"caption\":\"admin\"},\"sameAs\":[\"https:\\\/\\\/kibrisdakik.com\"],\"url\":\"https:\\\/\\\/kibrisdakik.com\\\/?author=1\"}]}<\/script>\n<!-- \/ Yoast SEO plugin. -->","yoast_head_json":{"title":"Ulusal Birlik Partisi, Nam\u0131k Kemal Meydan\u0131&#039;nda iftar yeme\u011fi d\u00fczenledi -","robots":{"index":"index","follow":"follow","max-snippet":"max-snippet:-1","max-image-preview":"max-image-preview:large","max-video-preview":"max-video-preview:-1"},"canonical":"https:\/\/kibrisdakik.com\/?p=34576","og_locale":"tr_TR","og_type":"article","og_title":"Ulusal Birlik Partisi, Nam\u0131k Kemal Meydan\u0131&#039;nda iftar yeme\u011fi d\u00fczenledi -","og_description":"UBP Genel Ba\u015fkan\u0131 ve Ba\u015fbakan\u0131 Sn. \u00dcnal \u00dcstel, UBP Gazima\u011fusa \u0130l\u00e7e Ba\u015fkan\u0131 Sn. Nahit \u00d6nc\u00fc, Bakan ve Milletvekilleri, Belediye Ba\u015fkanlar\u0131 ve \u00e7ok say\u0131s\u0131da vatanda\u015flarla birlikte dualar e\u015fli\u011finde oru\u00e7 a\u00e7\u0131ld\u0131. \u0130l\u00e7e Ba\u015fkan\u0131 Sn. Nahit \u00d6nc\u00fc; Hedefimiz,her beldemizde iftar\u0131m\u0131z\u0131 halk\u0131m\u0131zla birlikte&nbsp; orucumuzu a\u00e7makt\u0131r. Halk\u0131m\u0131z\u0131n bir kez daha Ramazan ay\u0131\u2019n\u0131 tebrik ediyorum dedi.","og_url":"https:\/\/kibrisdakik.com\/?p=34576","article_published_time":"2024-03-17T18:18:00+00:00","og_image":[{"width":600,"height":800,"url":"https:\/\/kibrisdakik.com\/wp-content\/uploads\/2024\/03\/PHOTO-2024-03-17-20-26-40-600x420.jpg","type":"image\/jpeg"}],"author":"admin","twitter_card":"summary_large_image","twitter_misc":{"Yazan:":"admin"},"schema":{"@context":"https:\/\/schema.org","@graph":[{"@type":"Article","@id":"https:\/\/kibrisdakik.com\/?p=34576#article","isPartOf":{"@id":"https:\/\/kibrisdakik.com\/?p=34576"},"author":{"name":"admin","@id":"https:\/\/kibrisdakik.com\/#\/schema\/person\/9cd9d437bbb44f72b73ba127e06d8e79"},"headline":"Ulusal Birlik Partisi, Nam\u0131k Kemal Meydan\u0131&#039;nda iftar yeme\u011fi d\u00fczenledi","datePublished":"2024-03-17T18:18:00+00:00","mainEntityOfPage":{"@id":"https:\/\/kibrisdakik.com\/?p=34576"},"wordCount":89,"commentCount":0,"image":{"@id":"https:\/\/kibrisdakik.com\/?p=34576#primaryimage"},"thumbnailUrl":"https:\/\/kibrisdakik.com\/wp-content\/uploads\/2024\/03\/PHOTO-2024-03-17-20-26-40-600x420.jpg","articleSection":["G\u00fcndem"],"inLanguage":"tr","potentialAction":[{"@type":"CommentAction","name":"Comment","target":["https:\/\/kibrisdakik.com\/?p=34576#respond"]}]},{"@type":"WebPage","@id":"https:\/\/kibrisdakik.com\/?p=34576","url":"https:\/\/kibrisdakik.com\/?p=34576","name":"Ulusal Birlik Partisi, Nam\u0131k Kemal Meydan\u0131&#039;nda iftar yeme\u011fi d\u00fczenledi -","isPartOf":{"@id":"https:\/\/kibrisdakik.com\/#website"},"primaryImageOfPage":{"@id":"https:\/\/kibrisdakik.com\/?p=34576#primaryimage"},"image":{"@id":"https:\/\/kibrisdakik.com\/?p=34576#primaryimage"},"thumbnailUrl":"https:\/\/kibrisdakik.com\/wp-content\/uploads\/2024\/03\/PHOTO-2024-03-17-20-26-40-600x420.jpg","datePublished":"2024-03-17T18:18:00+00:00","author":{"@id":"https:\/\/kibrisdakik.com\/#\/schema\/person\/9cd9d437bbb44f72b73ba127e06d8e79"},"breadcrumb":{"@id":"https:\/\/kibrisdakik.com\/?p=34576#breadcrumb"},"inLanguage":"tr","potentialAction":[{"@type":"ReadAction","target":["https:\/\/kibrisdakik.com\/?p=34576"]}]},{"@type":"ImageObject","inLanguage":"tr","@id":"https:\/\/kibrisdakik.com\/?p=34576#primaryimage","url":"https:\/\/kibrisdakik.com\/wp-content\/uploads\/2024\/03\/PHOTO-2024-03-17-20-26-40-600x420.jpg","contentUrl":"https:\/\/kibrisdakik.com\/wp-content\/uploads\/2024\/03\/PHOTO-2024-03-17-20-26-40-600x420.jpg","width":600,"height":800},{"@type":"BreadcrumbList","@id":"https:\/\/kibrisdakik.com\/?p=34576#breadcrumb","itemListElement":[{"@type":"ListItem","position":1,"name":"Home","item":"https:\/\/kibrisdakik.com\/"},{"@type":"ListItem","position":2,"name":"Ulusal Birlik Partisi, Nam\u0131k Kemal Meydan\u0131&#039;nda iftar yeme\u011fi d\u00fczenledi"}]},{"@type":"WebSite","@id":"https:\/\/kibrisdakik.com\/#website","url":"https:\/\/kibrisdakik.com\/","name":"","description":"Tam vaktinde haber","potentialAction":[{"@type":"SearchAction","target":{"@type":"EntryPoint","urlTemplate":"https:\/\/kibrisdakik.com\/?s={search_term_string}"},"query-input":{"@type":"PropertyValueSpecification","valueRequired":true,"valueName":"search_term_string"}}],"inLanguage":"tr"},{"@type":"Person","@id":"https:\/\/kibrisdakik.com\/#\/schema\/person\/9cd9d437bbb44f72b73ba127e06d8e79","name":"admin","image":{"@type":"ImageObject","inLanguage":"tr","@id":"https:\/\/secure.gravatar.com\/avatar\/ccc17943b9d660506c869530f897617f7cb1c21a4bf30023f252596d83e1f007?s=96&d=mm&r=g","url":"https:\/\/secure.gravatar.com\/avatar\/ccc17943b9d660506c869530f897617f7cb1c21a4bf30023f252596d83e1f007?s=96&d=mm&r=g","contentUrl":"https:\/\/secure.gravatar.com\/avatar\/ccc17943b9d660506c869530f897617f7cb1c21a4bf30023f252596d83e1f007?s=96&d=mm&r=g","caption":"admin"},"sameAs":["https:\/\/kibrisdakik.com"],"url":"https:\/\/kibrisdakik.com\/?author=1"}]}},"_links":{"self":[{"href":"https:\/\/kibrisdakik.com\/index.php?rest_route=\/wp\/v2\/posts\/34576","targetHints":{"allow":["GET"]}}],"collection":[{"href":"https:\/\/kibrisdakik.com\/index.php?rest_route=\/wp\/v2\/posts"}],"about":[{"href":"https:\/\/kibrisdakik.com\/index.php?rest_route=\/wp\/v2\/types\/post"}],"author":[{"embeddable":true,"href":"https:\/\/kibrisdakik.com\/index.php?rest_route=\/wp\/v2\/users\/1"}],"replies":[{"embeddable":true,"href":"https:\/\/kibrisdakik.com\/index.php?rest_route=%2Fwp%2Fv2%2Fcomments&post=34576"}],"version-history":[{"count":0,"href":"https:\/\/kibrisdakik.com\/index.php?rest_route=\/wp\/v2\/posts\/34576\/revisions"}],"wp:featuredmedia":[{"embeddable":true,"href":"https:\/\/kibrisdakik.com\/index.php?rest_route=\/wp\/v2\/media\/34577"}],"wp:attachment":[{"href":"https:\/\/kibrisdakik.com\/index.php?rest_route=%2Fwp%2Fv2%2Fmedia&parent=34576"}],"wp:term":[{"taxonomy":"category","embeddable":true,"href":"https:\/\/kibrisdakik.com\/index.php?rest_route=%2Fwp%2Fv2%2Fcategories&post=34576"},{"taxonomy":"post_tag","embeddable":true,"href":"https:\/\/kibrisdakik.com\/index.php?rest_route=%2Fwp%2Fv2%2Ftags&post=34576"}],"curies":[{"name":"wp","href":"https:\/\/api.w.org\/{rel}","templated":true}]}}