{"id":34578,"date":"2024-03-17T22:08:49","date_gmt":"2024-03-17T22:08:49","guid":{"rendered":"https:\/\/kibrisdakik.com\/index.php\/2024\/03\/17\/icisleri-bakani-oguz-ktimb-baskani-gurcafer-ve-heyetini-kabul-etti\/"},"modified":"2024-03-17T22:08:49","modified_gmt":"2024-03-17T22:08:49","slug":"icisleri-bakani-oguz-ktimb-baskani-gurcafer-ve-heyetini-kabul-etti","status":"publish","type":"post","link":"https:\/\/kibrisdakik.com\/?p=34578","title":{"rendered":"\u0130\u00e7i\u015fleri Bakan\u0131 O\u011fuz, KT\u0130MB Ba\u015fkan\u0131 G\u00fcrcafer ve heyetini kabul etti"},"content":{"rendered":"<p><img decoding=\"async\" src=\"https:\/\/www.kibristurk.com\/images\/haberler\/2024\/03\/icisleri-bakani-oguz-ktimb-baskani-gurcafer-ve-heyetini-kabul-etti-1710589405.webp\" \/><\/p>\n<p>Bakanl\u0131ktan verilen bilgiye g\u00f6re, KT\u0130MB Ba\u015fkan\u0131 Cafer G\u00fcrcafer, M\u00fcteahhitler Birli\u011fi&#8217;nin kendi b\u00fcnyesinde olu\u015fturdu\u011fu yapsat komitesi arac\u0131l\u0131\u011f\u0131yla bir dizi tespitte bulunarak kararlar ald\u0131\u011f\u0131n\u0131 belirtti, \u00f6zellikle Mal Tanzim Komisyonu\u2019nun daha etkin \u00e7al\u0131\u015ft\u0131r\u0131lmas\u0131 i\u00e7in g\u00f6r\u00fc\u015flerini ortaya koydu, taleplerini dile getirdi. G\u00fcrcafer, i\u015fbirli\u011finin s\u00fcrd\u00fcr\u00fclmesini istedi.<\/p>\n","protected":false},"excerpt":{"rendered":"<p>Bakanl\u0131ktan verilen bilgiye g\u00f6re, KT\u0130MB Ba\u015fkan\u0131 Cafer G\u00fcrcafer, M\u00fcteahhitler Birli\u011fi&#8217;nin kendi b\u00fcnyesinde olu\u015fturdu\u011fu yapsat komitesi arac\u0131l\u0131\u011f\u0131yla bir dizi tespitte bulunarak kararlar ald\u0131\u011f\u0131n\u0131 belirtti, \u00f6zellikle Mal Tanzim Komisyonu\u2019nun daha etkin \u00e7al\u0131\u015ft\u0131r\u0131lmas\u0131 i\u00e7in g\u00f6r\u00fc\u015flerini ortaya koydu, taleplerini dile getirdi. G\u00fcrcafer, i\u015fbirli\u011finin s\u00fcrd\u00fcr\u00fclmesini istedi.<\/p>\n","protected":false},"author":1,"featured_media":34579,"comment_status":"open","ping_status":"open","sticky":false,"template":"","format":"standard","meta":{"footnotes":""},"categories":[79],"tags":[],"class_list":["post-34578","post","type-post","status-publish","format-standard","has-post-thumbnail","hentry","category-ekonomi"],"yoast_head":"<!-- This site is optimized with the Yoast SEO plugin v27.5 - https:\/\/yoast.com\/product\/yoast-seo-wordpress\/ -->\n<title>\u0130\u00e7i\u015fleri Bakan\u0131 O\u011fuz, KT\u0130MB Ba\u015fkan\u0131 G\u00fcrcafer ve heyetini kabul etti -<\/title>\n<meta name=\"robots\" content=\"index, follow, max-snippet:-1, max-image-preview:large, max-video-preview:-1\" \/>\n<link rel=\"canonical\" href=\"https:\/\/kibrisdakik.com\/?p=34578\" \/>\n<meta property=\"og:locale\" content=\"tr_TR\" \/>\n<meta property=\"og:type\" content=\"article\" \/>\n<meta property=\"og:title\" content=\"\u0130\u00e7i\u015fleri Bakan\u0131 O\u011fuz, KT\u0130MB Ba\u015fkan\u0131 G\u00fcrcafer ve heyetini kabul etti -\" \/>\n<meta property=\"og:description\" content=\"Bakanl\u0131ktan verilen bilgiye g\u00f6re, KT\u0130MB Ba\u015fkan\u0131 Cafer G\u00fcrcafer, M\u00fcteahhitler Birli\u011fi&#8217;nin kendi b\u00fcnyesinde olu\u015fturdu\u011fu yapsat komitesi arac\u0131l\u0131\u011f\u0131yla bir dizi tespitte bulunarak kararlar ald\u0131\u011f\u0131n\u0131 belirtti, \u00f6zellikle Mal Tanzim Komisyonu\u2019nun daha etkin \u00e7al\u0131\u015ft\u0131r\u0131lmas\u0131 i\u00e7in g\u00f6r\u00fc\u015flerini ortaya koydu, taleplerini dile getirdi. G\u00fcrcafer, i\u015fbirli\u011finin s\u00fcrd\u00fcr\u00fclmesini istedi.\" \/>\n<meta property=\"og:url\" content=\"https:\/\/kibrisdakik.com\/?p=34578\" \/>\n<meta property=\"article:published_time\" content=\"2024-03-17T22:08:49+00:00\" \/>\n<meta property=\"og:image\" content=\"https:\/\/kibrisdakik.com\/wp-content\/uploads\/2024\/03\/icisleri-bakani-oguz-ktimb-baskani-gurcafer-ve-heyetini-kabul-etti-1710589405.webp.webp\" \/>\n\t<meta property=\"og:image:width\" content=\"710\" \/>\n\t<meta property=\"og:image:height\" content=\"370\" \/>\n\t<meta property=\"og:image:type\" content=\"image\/webp\" \/>\n<meta name=\"author\" content=\"admin\" \/>\n<meta name=\"twitter:card\" content=\"summary_large_image\" \/>\n<meta name=\"twitter:label1\" content=\"Yazan:\" \/>\n\t<meta name=\"twitter:data1\" content=\"admin\" \/>\n<script type=\"application\/ld+json\" class=\"yoast-schema-graph\">{\"@context\":\"https:\\\/\\\/schema.org\",\"@graph\":[{\"@type\":\"Article\",\"@id\":\"https:\\\/\\\/kibrisdakik.com\\\/?p=34578#article\",\"isPartOf\":{\"@id\":\"https:\\\/\\\/kibrisdakik.com\\\/?p=34578\"},\"author\":{\"name\":\"admin\",\"@id\":\"https:\\\/\\\/kibrisdakik.com\\\/#\\\/schema\\\/person\\\/9cd9d437bbb44f72b73ba127e06d8e79\"},\"headline\":\"\u0130\u00e7i\u015fleri Bakan\u0131 O\u011fuz, KT\u0130MB Ba\u015fkan\u0131 G\u00fcrcafer ve heyetini kabul etti\",\"datePublished\":\"2024-03-17T22:08:49+00:00\",\"mainEntityOfPage\":{\"@id\":\"https:\\\/\\\/kibrisdakik.com\\\/?p=34578\"},\"wordCount\":82,\"commentCount\":0,\"image\":{\"@id\":\"https:\\\/\\\/kibrisdakik.com\\\/?p=34578#primaryimage\"},\"thumbnailUrl\":\"https:\\\/\\\/kibrisdakik.com\\\/wp-content\\\/uploads\\\/2024\\\/03\\\/icisleri-bakani-oguz-ktimb-baskani-gurcafer-ve-heyetini-kabul-etti-1710589405.webp.webp\",\"articleSection\":[\"Ekonomi\"],\"inLanguage\":\"tr\",\"potentialAction\":[{\"@type\":\"CommentAction\",\"name\":\"Comment\",\"target\":[\"https:\\\/\\\/kibrisdakik.com\\\/?p=34578#respond\"]}]},{\"@type\":\"WebPage\",\"@id\":\"https:\\\/\\\/kibrisdakik.com\\\/?p=34578\",\"url\":\"https:\\\/\\\/kibrisdakik.com\\\/?p=34578\",\"name\":\"\u0130\u00e7i\u015fleri Bakan\u0131 O\u011fuz, KT\u0130MB Ba\u015fkan\u0131 G\u00fcrcafer ve heyetini kabul etti -\",\"isPartOf\":{\"@id\":\"https:\\\/\\\/kibrisdakik.com\\\/#website\"},\"primaryImageOfPage\":{\"@id\":\"https:\\\/\\\/kibrisdakik.com\\\/?p=34578#primaryimage\"},\"image\":{\"@id\":\"https:\\\/\\\/kibrisdakik.com\\\/?p=34578#primaryimage\"},\"thumbnailUrl\":\"https:\\\/\\\/kibrisdakik.com\\\/wp-content\\\/uploads\\\/2024\\\/03\\\/icisleri-bakani-oguz-ktimb-baskani-gurcafer-ve-heyetini-kabul-etti-1710589405.webp.webp\",\"datePublished\":\"2024-03-17T22:08:49+00:00\",\"author\":{\"@id\":\"https:\\\/\\\/kibrisdakik.com\\\/#\\\/schema\\\/person\\\/9cd9d437bbb44f72b73ba127e06d8e79\"},\"breadcrumb\":{\"@id\":\"https:\\\/\\\/kibrisdakik.com\\\/?p=34578#breadcrumb\"},\"inLanguage\":\"tr\",\"potentialAction\":[{\"@type\":\"ReadAction\",\"target\":[\"https:\\\/\\\/kibrisdakik.com\\\/?p=34578\"]}]},{\"@type\":\"ImageObject\",\"inLanguage\":\"tr\",\"@id\":\"https:\\\/\\\/kibrisdakik.com\\\/?p=34578#primaryimage\",\"url\":\"https:\\\/\\\/kibrisdakik.com\\\/wp-content\\\/uploads\\\/2024\\\/03\\\/icisleri-bakani-oguz-ktimb-baskani-gurcafer-ve-heyetini-kabul-etti-1710589405.webp.webp\",\"contentUrl\":\"https:\\\/\\\/kibrisdakik.com\\\/wp-content\\\/uploads\\\/2024\\\/03\\\/icisleri-bakani-oguz-ktimb-baskani-gurcafer-ve-heyetini-kabul-etti-1710589405.webp.webp\",\"width\":710,\"height\":370},{\"@type\":\"BreadcrumbList\",\"@id\":\"https:\\\/\\\/kibrisdakik.com\\\/?p=34578#breadcrumb\",\"itemListElement\":[{\"@type\":\"ListItem\",\"position\":1,\"name\":\"Home\",\"item\":\"https:\\\/\\\/kibrisdakik.com\\\/\"},{\"@type\":\"ListItem\",\"position\":2,\"name\":\"\u0130\u00e7i\u015fleri Bakan\u0131 O\u011fuz, KT\u0130MB Ba\u015fkan\u0131 G\u00fcrcafer ve heyetini kabul etti\"}]},{\"@type\":\"WebSite\",\"@id\":\"https:\\\/\\\/kibrisdakik.com\\\/#website\",\"url\":\"https:\\\/\\\/kibrisdakik.com\\\/\",\"name\":\"\",\"description\":\"Tam vaktinde haber\",\"potentialAction\":[{\"@type\":\"SearchAction\",\"target\":{\"@type\":\"EntryPoint\",\"urlTemplate\":\"https:\\\/\\\/kibrisdakik.com\\\/?s={search_term_string}\"},\"query-input\":{\"@type\":\"PropertyValueSpecification\",\"valueRequired\":true,\"valueName\":\"search_term_string\"}}],\"inLanguage\":\"tr\"},{\"@type\":\"Person\",\"@id\":\"https:\\\/\\\/kibrisdakik.com\\\/#\\\/schema\\\/person\\\/9cd9d437bbb44f72b73ba127e06d8e79\",\"name\":\"admin\",\"image\":{\"@type\":\"ImageObject\",\"inLanguage\":\"tr\",\"@id\":\"https:\\\/\\\/secure.gravatar.com\\\/avatar\\\/ccc17943b9d660506c869530f897617f7cb1c21a4bf30023f252596d83e1f007?s=96&d=mm&r=g\",\"url\":\"https:\\\/\\\/secure.gravatar.com\\\/avatar\\\/ccc17943b9d660506c869530f897617f7cb1c21a4bf30023f252596d83e1f007?s=96&d=mm&r=g\",\"contentUrl\":\"https:\\\/\\\/secure.gravatar.com\\\/avatar\\\/ccc17943b9d660506c869530f897617f7cb1c21a4bf30023f252596d83e1f007?s=96&d=mm&r=g\",\"caption\":\"admin\"},\"sameAs\":[\"https:\\\/\\\/kibrisdakik.com\"],\"url\":\"https:\\\/\\\/kibrisdakik.com\\\/?author=1\"}]}<\/script>\n<!-- \/ Yoast SEO plugin. -->","yoast_head_json":{"title":"\u0130\u00e7i\u015fleri Bakan\u0131 O\u011fuz, KT\u0130MB Ba\u015fkan\u0131 G\u00fcrcafer ve heyetini kabul etti -","robots":{"index":"index","follow":"follow","max-snippet":"max-snippet:-1","max-image-preview":"max-image-preview:large","max-video-preview":"max-video-preview:-1"},"canonical":"https:\/\/kibrisdakik.com\/?p=34578","og_locale":"tr_TR","og_type":"article","og_title":"\u0130\u00e7i\u015fleri Bakan\u0131 O\u011fuz, KT\u0130MB Ba\u015fkan\u0131 G\u00fcrcafer ve heyetini kabul etti -","og_description":"Bakanl\u0131ktan verilen bilgiye g\u00f6re, KT\u0130MB Ba\u015fkan\u0131 Cafer G\u00fcrcafer, M\u00fcteahhitler Birli\u011fi&#8217;nin kendi b\u00fcnyesinde olu\u015fturdu\u011fu yapsat komitesi arac\u0131l\u0131\u011f\u0131yla bir dizi tespitte bulunarak kararlar ald\u0131\u011f\u0131n\u0131 belirtti, \u00f6zellikle Mal Tanzim Komisyonu\u2019nun daha etkin \u00e7al\u0131\u015ft\u0131r\u0131lmas\u0131 i\u00e7in g\u00f6r\u00fc\u015flerini ortaya koydu, taleplerini dile getirdi. G\u00fcrcafer, i\u015fbirli\u011finin s\u00fcrd\u00fcr\u00fclmesini istedi.","og_url":"https:\/\/kibrisdakik.com\/?p=34578","article_published_time":"2024-03-17T22:08:49+00:00","og_image":[{"width":710,"height":370,"url":"https:\/\/kibrisdakik.com\/wp-content\/uploads\/2024\/03\/icisleri-bakani-oguz-ktimb-baskani-gurcafer-ve-heyetini-kabul-etti-1710589405.webp.webp","type":"image\/webp"}],"author":"admin","twitter_card":"summary_large_image","twitter_misc":{"Yazan:":"admin"},"schema":{"@context":"https:\/\/schema.org","@graph":[{"@type":"Article","@id":"https:\/\/kibrisdakik.com\/?p=34578#article","isPartOf":{"@id":"https:\/\/kibrisdakik.com\/?p=34578"},"author":{"name":"admin","@id":"https:\/\/kibrisdakik.com\/#\/schema\/person\/9cd9d437bbb44f72b73ba127e06d8e79"},"headline":"\u0130\u00e7i\u015fleri Bakan\u0131 O\u011fuz, KT\u0130MB Ba\u015fkan\u0131 G\u00fcrcafer ve heyetini kabul etti","datePublished":"2024-03-17T22:08:49+00:00","mainEntityOfPage":{"@id":"https:\/\/kibrisdakik.com\/?p=34578"},"wordCount":82,"commentCount":0,"image":{"@id":"https:\/\/kibrisdakik.com\/?p=34578#primaryimage"},"thumbnailUrl":"https:\/\/kibrisdakik.com\/wp-content\/uploads\/2024\/03\/icisleri-bakani-oguz-ktimb-baskani-gurcafer-ve-heyetini-kabul-etti-1710589405.webp.webp","articleSection":["Ekonomi"],"inLanguage":"tr","potentialAction":[{"@type":"CommentAction","name":"Comment","target":["https:\/\/kibrisdakik.com\/?p=34578#respond"]}]},{"@type":"WebPage","@id":"https:\/\/kibrisdakik.com\/?p=34578","url":"https:\/\/kibrisdakik.com\/?p=34578","name":"\u0130\u00e7i\u015fleri Bakan\u0131 O\u011fuz, KT\u0130MB Ba\u015fkan\u0131 G\u00fcrcafer ve heyetini kabul etti -","isPartOf":{"@id":"https:\/\/kibrisdakik.com\/#website"},"primaryImageOfPage":{"@id":"https:\/\/kibrisdakik.com\/?p=34578#primaryimage"},"image":{"@id":"https:\/\/kibrisdakik.com\/?p=34578#primaryimage"},"thumbnailUrl":"https:\/\/kibrisdakik.com\/wp-content\/uploads\/2024\/03\/icisleri-bakani-oguz-ktimb-baskani-gurcafer-ve-heyetini-kabul-etti-1710589405.webp.webp","datePublished":"2024-03-17T22:08:49+00:00","author":{"@id":"https:\/\/kibrisdakik.com\/#\/schema\/person\/9cd9d437bbb44f72b73ba127e06d8e79"},"breadcrumb":{"@id":"https:\/\/kibrisdakik.com\/?p=34578#breadcrumb"},"inLanguage":"tr","potentialAction":[{"@type":"ReadAction","target":["https:\/\/kibrisdakik.com\/?p=34578"]}]},{"@type":"ImageObject","inLanguage":"tr","@id":"https:\/\/kibrisdakik.com\/?p=34578#primaryimage","url":"https:\/\/kibrisdakik.com\/wp-content\/uploads\/2024\/03\/icisleri-bakani-oguz-ktimb-baskani-gurcafer-ve-heyetini-kabul-etti-1710589405.webp.webp","contentUrl":"https:\/\/kibrisdakik.com\/wp-content\/uploads\/2024\/03\/icisleri-bakani-oguz-ktimb-baskani-gurcafer-ve-heyetini-kabul-etti-1710589405.webp.webp","width":710,"height":370},{"@type":"BreadcrumbList","@id":"https:\/\/kibrisdakik.com\/?p=34578#breadcrumb","itemListElement":[{"@type":"ListItem","position":1,"name":"Home","item":"https:\/\/kibrisdakik.com\/"},{"@type":"ListItem","position":2,"name":"\u0130\u00e7i\u015fleri Bakan\u0131 O\u011fuz, KT\u0130MB Ba\u015fkan\u0131 G\u00fcrcafer ve heyetini kabul etti"}]},{"@type":"WebSite","@id":"https:\/\/kibrisdakik.com\/#website","url":"https:\/\/kibrisdakik.com\/","name":"","description":"Tam vaktinde haber","potentialAction":[{"@type":"SearchAction","target":{"@type":"EntryPoint","urlTemplate":"https:\/\/kibrisdakik.com\/?s={search_term_string}"},"query-input":{"@type":"PropertyValueSpecification","valueRequired":true,"valueName":"search_term_string"}}],"inLanguage":"tr"},{"@type":"Person","@id":"https:\/\/kibrisdakik.com\/#\/schema\/person\/9cd9d437bbb44f72b73ba127e06d8e79","name":"admin","image":{"@type":"ImageObject","inLanguage":"tr","@id":"https:\/\/secure.gravatar.com\/avatar\/ccc17943b9d660506c869530f897617f7cb1c21a4bf30023f252596d83e1f007?s=96&d=mm&r=g","url":"https:\/\/secure.gravatar.com\/avatar\/ccc17943b9d660506c869530f897617f7cb1c21a4bf30023f252596d83e1f007?s=96&d=mm&r=g","contentUrl":"https:\/\/secure.gravatar.com\/avatar\/ccc17943b9d660506c869530f897617f7cb1c21a4bf30023f252596d83e1f007?s=96&d=mm&r=g","caption":"admin"},"sameAs":["https:\/\/kibrisdakik.com"],"url":"https:\/\/kibrisdakik.com\/?author=1"}]}},"_links":{"self":[{"href":"https:\/\/kibrisdakik.com\/index.php?rest_route=\/wp\/v2\/posts\/34578","targetHints":{"allow":["GET"]}}],"collection":[{"href":"https:\/\/kibrisdakik.com\/index.php?rest_route=\/wp\/v2\/posts"}],"about":[{"href":"https:\/\/kibrisdakik.com\/index.php?rest_route=\/wp\/v2\/types\/post"}],"author":[{"embeddable":true,"href":"https:\/\/kibrisdakik.com\/index.php?rest_route=\/wp\/v2\/users\/1"}],"replies":[{"embeddable":true,"href":"https:\/\/kibrisdakik.com\/index.php?rest_route=%2Fwp%2Fv2%2Fcomments&post=34578"}],"version-history":[{"count":0,"href":"https:\/\/kibrisdakik.com\/index.php?rest_route=\/wp\/v2\/posts\/34578\/revisions"}],"wp:featuredmedia":[{"embeddable":true,"href":"https:\/\/kibrisdakik.com\/index.php?rest_route=\/wp\/v2\/media\/34579"}],"wp:attachment":[{"href":"https:\/\/kibrisdakik.com\/index.php?rest_route=%2Fwp%2Fv2%2Fmedia&parent=34578"}],"wp:term":[{"taxonomy":"category","embeddable":true,"href":"https:\/\/kibrisdakik.com\/index.php?rest_route=%2Fwp%2Fv2%2Fcategories&post=34578"},{"taxonomy":"post_tag","embeddable":true,"href":"https:\/\/kibrisdakik.com\/index.php?rest_route=%2Fwp%2Fv2%2Ftags&post=34578"}],"curies":[{"name":"wp","href":"https:\/\/api.w.org\/{rel}","templated":true}]}}