{"id":34622,"date":"2024-03-18T08:42:49","date_gmt":"2024-03-18T08:42:49","guid":{"rendered":"https:\/\/kibrisdakik.com\/index.php\/2024\/03\/18\/sahte-diploma-krizi-siyasi-krize-dogru-yuvarlaniyor\/"},"modified":"2024-03-18T08:42:49","modified_gmt":"2024-03-18T08:42:49","slug":"sahte-diploma-krizi-siyasi-krize-dogru-yuvarlaniyor","status":"publish","type":"post","link":"https:\/\/kibrisdakik.com\/?p=34622","title":{"rendered":"Sahte diploma krizi siyasi krize do\u011fru yuvarlan\u0131yor"},"content":{"rendered":"<p><img decoding=\"async\" src=\"https:\/\/www.kibristurk.com\/images\/haberler\/2024\/03\/sahte-diploma-krizi-siyasi-krize-dogru-yuvarlaniyor-1710750741.webp\" \/><\/p>\n<p><span style=\"font-size:11pt\"><span style=\"font-family:Calibri,sans-serif\"><span style=\"font-size:14.0pt\"><span style=\",sans-serif\">Sahte diploma <strong>krizi siyasi<\/strong> krize do\u011fru yuvarlan\u0131yor. Her halde bu hafta daha \u00e7ok <strong>\u201csiyasi\u201d<\/strong> y\u00f6n\u00fcn\u00fc tart\u0131\u015faca\u011f\u0131z gibi geliyor bana. Sonra bu sahte diplomalar sadece KKTC vatanda\u015flar\u0131na m\u0131 verildi? T\u00fcrkiye\u2019den kimseye verilmedi mi? <\/span><\/span><\/span><\/span><\/p>\n<p><span style=\"font-size:11pt\"><span style=\"font-family:Calibri,sans-serif\"><span style=\"font-size:14.0pt\"><span style=\",sans-serif\">\u0130\u015fin bir ba\u015fka boyutu da bu. E\u011fer T\u00fcrkiye\u2019de de birilerine sahte diploma verildiyse vay halimize. Birde T\u00fcrk medyas\u0131 ge\u00e7ecek \u00fczerimizden demektir.<\/span><\/span><\/span><\/span><\/p>\n<p><span style=\"font-size:11pt\"><span style=\"font-family:Calibri,sans-serif\"><span style=\"font-size:14.0pt\"><span style=\",sans-serif\">Kendi kendimize in\u015faat sekt\u00f6r\u00fcn\u00fcn \u00f6n\u00fcn\u00fc t\u0131kad\u0131k. Son ya\u015fananlar ile <strong>\u201cE\u011fitim Adas\u0131\u201d<\/strong> imaj\u0131n\u0131 da yerle bir ettik. Peki, s\u0131rada \u015fimdi ne var? Turizm mi?<\/span><\/span><\/span><\/span><\/p>\n<p><span style=\"font-size:11pt\"><span style=\"font-family:Calibri,sans-serif\"><span style=\"font-size:14.0pt\"><span style=\",sans-serif\">Sevgili okurlar, iki ay\u0131 a\u015fk\u0131n bir s\u00fcredir sahte diploma krizini konu\u015fuyoruz. G\u00f6rd\u00fck ki bu alanda <strong>denetim s\u0131f\u0131r<\/strong>. Otokontrol dedi\u011fimiz y\u00f6ntem \u00e7al\u0131\u015fmam\u0131\u015f. Birinin verdi\u011fini di\u011feri kabul etmi\u015f. Hal b\u00f6yle olunca da hakl\u0131 ile haks\u0131z ayn\u0131 \u015fartlar alt\u0131nda de\u011ferlendirilmi\u015f.<\/span><\/span><\/span><\/span><\/p>\n<p><span style=\"font-size:11pt\"><span style=\"font-family:Calibri,sans-serif\"><span style=\"font-size:14.0pt\"><span style=\",sans-serif\">\u0130\u015fin garibi bu olaylar patlad\u0131\u011f\u0131 g\u00fcnden bu yana tart\u0131\u015fma <strong>\u201c\u015fah\u0131slar\u201d<\/strong> \u00fczerinden gidiyor olmas\u0131. Oysa g\u00f6rd\u00fck ki bu alanda b\u00fcy\u00fck bo\u015fluklar var. \u00d6rne\u011fin \u00f6\u011frencilerin derse girip girmediklerine dair bir veri taban\u0131 yok. Oysa ayn\u0131 veri taban\u0131n\u0131 <strong>Milli E\u011fitim Bakanl\u0131\u011f\u0131<\/strong> kendine ba\u011fl\u0131 ilk\u00f6\u011fretim ve liselerde uyguluyor. Bir \u00f6\u011frenci derse girdi mi girmedi mi? \u00f6\u011frenmek \u00e7ok kolay.<\/span><\/span><\/span><\/span><\/p>\n<p><span style=\"font-size:11pt\"><span style=\"font-family:Calibri,sans-serif\"><strong><span style=\"font-size:14.0pt\"><span style=\",sans-serif\">Y\u00d6DAK<\/span><\/span><\/strong><span style=\"font-size:14.0pt\"><span style=\",sans-serif\">\u2019\u0131n bu veri taban\u0131na sahip olmas\u0131 gerekiyor. \u00d6\u011frenci mezun olduktan sonra kontrollerini yap\u0131labilmesi i\u00e7in derslere kat\u0131l\u0131p kat\u0131lmad\u0131\u011f\u0131na bakmak bir y\u00f6ntemdir. <\/span><\/span><\/span><\/span><\/p>\n<p><span style=\"font-size:11pt\"><span style=\"font-family:Calibri,sans-serif\"><span style=\"font-size:14.0pt\"><span style=\",sans-serif\">\u00dclkede <strong>30 bin \u00f6\u011frencinin kayboldu\u011fu<\/strong> iddialar\u0131 ise bu alanda da yap\u0131lmas\u0131 gereken i\u015fler oldu\u011funu bize g\u00f6steriyor. Ha de bunlar\u0131 kaybettik ama bundan sonra gelecek olanlar\u0131 kay\u0131t alt\u0131na alabilmek i\u00e7in gerekli d\u00fczenlemeler biran \u00f6nce yap\u0131lmal\u0131d\u0131r.<\/span><\/span><\/span><\/span><\/p>\n<p><span style=\"font-size:11pt\"><span style=\"font-family:Calibri,sans-serif\"><span style=\"font-size:14.0pt\"><span style=\",sans-serif\">\u0130\u015fin \u00f6zeti, elbette konu \u00e7ok yeni, tart\u0131\u015faca\u011f\u0131z, ele\u015ftirece\u011fiz ama biran \u00f6nce de eksikliklerimizi tamamlamak i\u00e7in ad\u0131mlar atmam\u0131z gerekiyor.<\/span><\/span><\/span><\/span><\/p>\n<p>&nbsp;<\/p>\n<p>&nbsp;<\/p>\n<p>&nbsp;<\/p>\n<p>&nbsp;<\/p>\n<p>&nbsp;<\/p>\n<p>&nbsp;<\/p>\n","protected":false},"excerpt":{"rendered":"<p>Sahte diploma krizi siyasi krize do\u011fru yuvarlan\u0131yor. Her halde bu hafta daha \u00e7ok \u201csiyasi\u201d y\u00f6n\u00fcn\u00fc tart\u0131\u015faca\u011f\u0131z gibi geliyor bana. Sonra bu sahte diplomalar sadece KKTC vatanda\u015flar\u0131na m\u0131 verildi? T\u00fcrkiye\u2019den kimseye verilmedi mi? \u0130\u015fin bir ba\u015fka boyutu da bu. E\u011fer T\u00fcrkiye\u2019de de birilerine sahte diploma verildiyse vay halimize. Birde T\u00fcrk medyas\u0131 ge\u00e7ecek \u00fczerimizden demektir. Kendi kendimize<\/p>\n","protected":false},"author":1,"featured_media":34623,"comment_status":"open","ping_status":"open","sticky":false,"template":"","format":"standard","meta":{"footnotes":""},"categories":[85],"tags":[],"class_list":["post-34622","post","type-post","status-publish","format-standard","has-post-thumbnail","hentry","category-spor"],"yoast_head":"<!-- This site is optimized with the Yoast SEO plugin v27.4 - https:\/\/yoast.com\/product\/yoast-seo-wordpress\/ -->\n<title>Sahte diploma krizi siyasi krize do\u011fru yuvarlan\u0131yor -<\/title>\n<meta name=\"robots\" content=\"index, follow, max-snippet:-1, max-image-preview:large, max-video-preview:-1\" \/>\n<link rel=\"canonical\" href=\"https:\/\/kibrisdakik.com\/?p=34622\" \/>\n<meta property=\"og:locale\" content=\"tr_TR\" \/>\n<meta property=\"og:type\" content=\"article\" \/>\n<meta property=\"og:title\" content=\"Sahte diploma krizi siyasi krize do\u011fru yuvarlan\u0131yor -\" \/>\n<meta property=\"og:description\" content=\"Sahte diploma krizi siyasi krize do\u011fru yuvarlan\u0131yor. Her halde bu hafta daha \u00e7ok \u201csiyasi\u201d y\u00f6n\u00fcn\u00fc tart\u0131\u015faca\u011f\u0131z gibi geliyor bana. Sonra bu sahte diplomalar sadece KKTC vatanda\u015flar\u0131na m\u0131 verildi? T\u00fcrkiye\u2019den kimseye verilmedi mi? \u0130\u015fin bir ba\u015fka boyutu da bu. E\u011fer T\u00fcrkiye\u2019de de birilerine sahte diploma verildiyse vay halimize. Birde T\u00fcrk medyas\u0131 ge\u00e7ecek \u00fczerimizden demektir. Kendi kendimize\" \/>\n<meta property=\"og:url\" content=\"https:\/\/kibrisdakik.com\/?p=34622\" \/>\n<meta property=\"article:published_time\" content=\"2024-03-18T08:42:49+00:00\" \/>\n<meta property=\"og:image\" content=\"https:\/\/kibrisdakik.com\/wp-content\/uploads\/2024\/03\/sahte-diploma-krizi-siyasi-krize-dogru-yuvarlaniyor-1710750741.webp.webp\" \/>\n\t<meta property=\"og:image:width\" content=\"710\" \/>\n\t<meta property=\"og:image:height\" content=\"370\" \/>\n\t<meta property=\"og:image:type\" content=\"image\/webp\" \/>\n<meta name=\"author\" content=\"admin\" \/>\n<meta name=\"twitter:card\" content=\"summary_large_image\" \/>\n<meta name=\"twitter:label1\" content=\"Yazan:\" \/>\n\t<meta name=\"twitter:data1\" content=\"admin\" \/>\n\t<meta name=\"twitter:label2\" content=\"Tahmini okuma s\u00fcresi\" \/>\n\t<meta name=\"twitter:data2\" content=\"2 dakika\" \/>\n<script type=\"application\/ld+json\" class=\"yoast-schema-graph\">{\"@context\":\"https:\\\/\\\/schema.org\",\"@graph\":[{\"@type\":\"Article\",\"@id\":\"https:\\\/\\\/kibrisdakik.com\\\/?p=34622#article\",\"isPartOf\":{\"@id\":\"https:\\\/\\\/kibrisdakik.com\\\/?p=34622\"},\"author\":{\"name\":\"admin\",\"@id\":\"https:\\\/\\\/kibrisdakik.com\\\/#\\\/schema\\\/person\\\/9cd9d437bbb44f72b73ba127e06d8e79\"},\"headline\":\"Sahte diploma krizi siyasi krize do\u011fru yuvarlan\u0131yor\",\"datePublished\":\"2024-03-18T08:42:49+00:00\",\"mainEntityOfPage\":{\"@id\":\"https:\\\/\\\/kibrisdakik.com\\\/?p=34622\"},\"wordCount\":339,\"commentCount\":0,\"image\":{\"@id\":\"https:\\\/\\\/kibrisdakik.com\\\/?p=34622#primaryimage\"},\"thumbnailUrl\":\"https:\\\/\\\/kibrisdakik.com\\\/wp-content\\\/uploads\\\/2024\\\/03\\\/sahte-diploma-krizi-siyasi-krize-dogru-yuvarlaniyor-1710750741.webp.webp\",\"articleSection\":[\"Spor\"],\"inLanguage\":\"tr\",\"potentialAction\":[{\"@type\":\"CommentAction\",\"name\":\"Comment\",\"target\":[\"https:\\\/\\\/kibrisdakik.com\\\/?p=34622#respond\"]}]},{\"@type\":\"WebPage\",\"@id\":\"https:\\\/\\\/kibrisdakik.com\\\/?p=34622\",\"url\":\"https:\\\/\\\/kibrisdakik.com\\\/?p=34622\",\"name\":\"Sahte diploma krizi siyasi krize do\u011fru yuvarlan\u0131yor -\",\"isPartOf\":{\"@id\":\"https:\\\/\\\/kibrisdakik.com\\\/#website\"},\"primaryImageOfPage\":{\"@id\":\"https:\\\/\\\/kibrisdakik.com\\\/?p=34622#primaryimage\"},\"image\":{\"@id\":\"https:\\\/\\\/kibrisdakik.com\\\/?p=34622#primaryimage\"},\"thumbnailUrl\":\"https:\\\/\\\/kibrisdakik.com\\\/wp-content\\\/uploads\\\/2024\\\/03\\\/sahte-diploma-krizi-siyasi-krize-dogru-yuvarlaniyor-1710750741.webp.webp\",\"datePublished\":\"2024-03-18T08:42:49+00:00\",\"author\":{\"@id\":\"https:\\\/\\\/kibrisdakik.com\\\/#\\\/schema\\\/person\\\/9cd9d437bbb44f72b73ba127e06d8e79\"},\"breadcrumb\":{\"@id\":\"https:\\\/\\\/kibrisdakik.com\\\/?p=34622#breadcrumb\"},\"inLanguage\":\"tr\",\"potentialAction\":[{\"@type\":\"ReadAction\",\"target\":[\"https:\\\/\\\/kibrisdakik.com\\\/?p=34622\"]}]},{\"@type\":\"ImageObject\",\"inLanguage\":\"tr\",\"@id\":\"https:\\\/\\\/kibrisdakik.com\\\/?p=34622#primaryimage\",\"url\":\"https:\\\/\\\/kibrisdakik.com\\\/wp-content\\\/uploads\\\/2024\\\/03\\\/sahte-diploma-krizi-siyasi-krize-dogru-yuvarlaniyor-1710750741.webp.webp\",\"contentUrl\":\"https:\\\/\\\/kibrisdakik.com\\\/wp-content\\\/uploads\\\/2024\\\/03\\\/sahte-diploma-krizi-siyasi-krize-dogru-yuvarlaniyor-1710750741.webp.webp\",\"width\":710,\"height\":370},{\"@type\":\"BreadcrumbList\",\"@id\":\"https:\\\/\\\/kibrisdakik.com\\\/?p=34622#breadcrumb\",\"itemListElement\":[{\"@type\":\"ListItem\",\"position\":1,\"name\":\"Home\",\"item\":\"https:\\\/\\\/kibrisdakik.com\\\/\"},{\"@type\":\"ListItem\",\"position\":2,\"name\":\"Sahte diploma krizi siyasi krize do\u011fru yuvarlan\u0131yor\"}]},{\"@type\":\"WebSite\",\"@id\":\"https:\\\/\\\/kibrisdakik.com\\\/#website\",\"url\":\"https:\\\/\\\/kibrisdakik.com\\\/\",\"name\":\"\",\"description\":\"Tam vaktinde haber\",\"potentialAction\":[{\"@type\":\"SearchAction\",\"target\":{\"@type\":\"EntryPoint\",\"urlTemplate\":\"https:\\\/\\\/kibrisdakik.com\\\/?s={search_term_string}\"},\"query-input\":{\"@type\":\"PropertyValueSpecification\",\"valueRequired\":true,\"valueName\":\"search_term_string\"}}],\"inLanguage\":\"tr\"},{\"@type\":\"Person\",\"@id\":\"https:\\\/\\\/kibrisdakik.com\\\/#\\\/schema\\\/person\\\/9cd9d437bbb44f72b73ba127e06d8e79\",\"name\":\"admin\",\"image\":{\"@type\":\"ImageObject\",\"inLanguage\":\"tr\",\"@id\":\"https:\\\/\\\/secure.gravatar.com\\\/avatar\\\/ccc17943b9d660506c869530f897617f7cb1c21a4bf30023f252596d83e1f007?s=96&d=mm&r=g\",\"url\":\"https:\\\/\\\/secure.gravatar.com\\\/avatar\\\/ccc17943b9d660506c869530f897617f7cb1c21a4bf30023f252596d83e1f007?s=96&d=mm&r=g\",\"contentUrl\":\"https:\\\/\\\/secure.gravatar.com\\\/avatar\\\/ccc17943b9d660506c869530f897617f7cb1c21a4bf30023f252596d83e1f007?s=96&d=mm&r=g\",\"caption\":\"admin\"},\"sameAs\":[\"https:\\\/\\\/kibrisdakik.com\"],\"url\":\"https:\\\/\\\/kibrisdakik.com\\\/?author=1\"}]}<\/script>\n<!-- \/ Yoast SEO plugin. -->","yoast_head_json":{"title":"Sahte diploma krizi siyasi krize do\u011fru yuvarlan\u0131yor -","robots":{"index":"index","follow":"follow","max-snippet":"max-snippet:-1","max-image-preview":"max-image-preview:large","max-video-preview":"max-video-preview:-1"},"canonical":"https:\/\/kibrisdakik.com\/?p=34622","og_locale":"tr_TR","og_type":"article","og_title":"Sahte diploma krizi siyasi krize do\u011fru yuvarlan\u0131yor -","og_description":"Sahte diploma krizi siyasi krize do\u011fru yuvarlan\u0131yor. Her halde bu hafta daha \u00e7ok \u201csiyasi\u201d y\u00f6n\u00fcn\u00fc tart\u0131\u015faca\u011f\u0131z gibi geliyor bana. Sonra bu sahte diplomalar sadece KKTC vatanda\u015flar\u0131na m\u0131 verildi? T\u00fcrkiye\u2019den kimseye verilmedi mi? \u0130\u015fin bir ba\u015fka boyutu da bu. E\u011fer T\u00fcrkiye\u2019de de birilerine sahte diploma verildiyse vay halimize. Birde T\u00fcrk medyas\u0131 ge\u00e7ecek \u00fczerimizden demektir. Kendi kendimize","og_url":"https:\/\/kibrisdakik.com\/?p=34622","article_published_time":"2024-03-18T08:42:49+00:00","og_image":[{"width":710,"height":370,"url":"https:\/\/kibrisdakik.com\/wp-content\/uploads\/2024\/03\/sahte-diploma-krizi-siyasi-krize-dogru-yuvarlaniyor-1710750741.webp.webp","type":"image\/webp"}],"author":"admin","twitter_card":"summary_large_image","twitter_misc":{"Yazan:":"admin","Tahmini okuma s\u00fcresi":"2 dakika"},"schema":{"@context":"https:\/\/schema.org","@graph":[{"@type":"Article","@id":"https:\/\/kibrisdakik.com\/?p=34622#article","isPartOf":{"@id":"https:\/\/kibrisdakik.com\/?p=34622"},"author":{"name":"admin","@id":"https:\/\/kibrisdakik.com\/#\/schema\/person\/9cd9d437bbb44f72b73ba127e06d8e79"},"headline":"Sahte diploma krizi siyasi krize do\u011fru yuvarlan\u0131yor","datePublished":"2024-03-18T08:42:49+00:00","mainEntityOfPage":{"@id":"https:\/\/kibrisdakik.com\/?p=34622"},"wordCount":339,"commentCount":0,"image":{"@id":"https:\/\/kibrisdakik.com\/?p=34622#primaryimage"},"thumbnailUrl":"https:\/\/kibrisdakik.com\/wp-content\/uploads\/2024\/03\/sahte-diploma-krizi-siyasi-krize-dogru-yuvarlaniyor-1710750741.webp.webp","articleSection":["Spor"],"inLanguage":"tr","potentialAction":[{"@type":"CommentAction","name":"Comment","target":["https:\/\/kibrisdakik.com\/?p=34622#respond"]}]},{"@type":"WebPage","@id":"https:\/\/kibrisdakik.com\/?p=34622","url":"https:\/\/kibrisdakik.com\/?p=34622","name":"Sahte diploma krizi siyasi krize do\u011fru yuvarlan\u0131yor -","isPartOf":{"@id":"https:\/\/kibrisdakik.com\/#website"},"primaryImageOfPage":{"@id":"https:\/\/kibrisdakik.com\/?p=34622#primaryimage"},"image":{"@id":"https:\/\/kibrisdakik.com\/?p=34622#primaryimage"},"thumbnailUrl":"https:\/\/kibrisdakik.com\/wp-content\/uploads\/2024\/03\/sahte-diploma-krizi-siyasi-krize-dogru-yuvarlaniyor-1710750741.webp.webp","datePublished":"2024-03-18T08:42:49+00:00","author":{"@id":"https:\/\/kibrisdakik.com\/#\/schema\/person\/9cd9d437bbb44f72b73ba127e06d8e79"},"breadcrumb":{"@id":"https:\/\/kibrisdakik.com\/?p=34622#breadcrumb"},"inLanguage":"tr","potentialAction":[{"@type":"ReadAction","target":["https:\/\/kibrisdakik.com\/?p=34622"]}]},{"@type":"ImageObject","inLanguage":"tr","@id":"https:\/\/kibrisdakik.com\/?p=34622#primaryimage","url":"https:\/\/kibrisdakik.com\/wp-content\/uploads\/2024\/03\/sahte-diploma-krizi-siyasi-krize-dogru-yuvarlaniyor-1710750741.webp.webp","contentUrl":"https:\/\/kibrisdakik.com\/wp-content\/uploads\/2024\/03\/sahte-diploma-krizi-siyasi-krize-dogru-yuvarlaniyor-1710750741.webp.webp","width":710,"height":370},{"@type":"BreadcrumbList","@id":"https:\/\/kibrisdakik.com\/?p=34622#breadcrumb","itemListElement":[{"@type":"ListItem","position":1,"name":"Home","item":"https:\/\/kibrisdakik.com\/"},{"@type":"ListItem","position":2,"name":"Sahte diploma krizi siyasi krize do\u011fru yuvarlan\u0131yor"}]},{"@type":"WebSite","@id":"https:\/\/kibrisdakik.com\/#website","url":"https:\/\/kibrisdakik.com\/","name":"","description":"Tam vaktinde haber","potentialAction":[{"@type":"SearchAction","target":{"@type":"EntryPoint","urlTemplate":"https:\/\/kibrisdakik.com\/?s={search_term_string}"},"query-input":{"@type":"PropertyValueSpecification","valueRequired":true,"valueName":"search_term_string"}}],"inLanguage":"tr"},{"@type":"Person","@id":"https:\/\/kibrisdakik.com\/#\/schema\/person\/9cd9d437bbb44f72b73ba127e06d8e79","name":"admin","image":{"@type":"ImageObject","inLanguage":"tr","@id":"https:\/\/secure.gravatar.com\/avatar\/ccc17943b9d660506c869530f897617f7cb1c21a4bf30023f252596d83e1f007?s=96&d=mm&r=g","url":"https:\/\/secure.gravatar.com\/avatar\/ccc17943b9d660506c869530f897617f7cb1c21a4bf30023f252596d83e1f007?s=96&d=mm&r=g","contentUrl":"https:\/\/secure.gravatar.com\/avatar\/ccc17943b9d660506c869530f897617f7cb1c21a4bf30023f252596d83e1f007?s=96&d=mm&r=g","caption":"admin"},"sameAs":["https:\/\/kibrisdakik.com"],"url":"https:\/\/kibrisdakik.com\/?author=1"}]}},"_links":{"self":[{"href":"https:\/\/kibrisdakik.com\/index.php?rest_route=\/wp\/v2\/posts\/34622","targetHints":{"allow":["GET"]}}],"collection":[{"href":"https:\/\/kibrisdakik.com\/index.php?rest_route=\/wp\/v2\/posts"}],"about":[{"href":"https:\/\/kibrisdakik.com\/index.php?rest_route=\/wp\/v2\/types\/post"}],"author":[{"embeddable":true,"href":"https:\/\/kibrisdakik.com\/index.php?rest_route=\/wp\/v2\/users\/1"}],"replies":[{"embeddable":true,"href":"https:\/\/kibrisdakik.com\/index.php?rest_route=%2Fwp%2Fv2%2Fcomments&post=34622"}],"version-history":[{"count":0,"href":"https:\/\/kibrisdakik.com\/index.php?rest_route=\/wp\/v2\/posts\/34622\/revisions"}],"wp:featuredmedia":[{"embeddable":true,"href":"https:\/\/kibrisdakik.com\/index.php?rest_route=\/wp\/v2\/media\/34623"}],"wp:attachment":[{"href":"https:\/\/kibrisdakik.com\/index.php?rest_route=%2Fwp%2Fv2%2Fmedia&parent=34622"}],"wp:term":[{"taxonomy":"category","embeddable":true,"href":"https:\/\/kibrisdakik.com\/index.php?rest_route=%2Fwp%2Fv2%2Fcategories&post=34622"},{"taxonomy":"post_tag","embeddable":true,"href":"https:\/\/kibrisdakik.com\/index.php?rest_route=%2Fwp%2Fv2%2Ftags&post=34622"}],"curies":[{"name":"wp","href":"https:\/\/api.w.org\/{rel}","templated":true}]}}