{"id":34628,"date":"2024-03-18T09:36:50","date_gmt":"2024-03-18T09:36:50","guid":{"rendered":"https:\/\/kibrisdakik.com\/index.php\/2024\/03\/18\/disisleri-bakani-tahsin-ertugruloglunun-18-mart-mesaji\/"},"modified":"2024-03-18T09:36:50","modified_gmt":"2024-03-18T09:36:50","slug":"disisleri-bakani-tahsin-ertugruloglunun-18-mart-mesaji","status":"publish","type":"post","link":"https:\/\/kibrisdakik.com\/?p=34628","title":{"rendered":"D\u0131\u015fi\u015fleri Bakan\u0131 Tahsin Ertu\u011frulo\u011flu\u2019nun 18 Mart mesaj\u0131\u2026"},"content":{"rendered":"<p><\/p>\n<div>\n<div class=\"mariselle-image-container center\">\n                <img loading=\"lazy\" decoding=\"async\" width=\"864\" height=\"486\" class=\"lazy-image\" alt=\"\" sizes=\"auto, (max-width: 864px) 100vw, 864px\" src=\"https:\/\/brtk.net\/wp-content\/uploads\/2024\/02\/21\/tahsin-ertuugruloglu-aa-1-1.jpg?ver=99c5fae7394d1918e3023b5e64b7cec9\" srcset=\"https:\/\/brtk.net\/wp-content\/uploads\/2024\/02\/21\/tahsin-ertuugruloglu-aa-1-1.jpg?ver=99c5fae7394d1918e3023b5e64b7cec9 864w, https:\/\/brtk.net\/wp-content\/uploads\/2024\/02\/21\/tahsin-ertuugruloglu-aa-1-1-300x169.jpg?ver=99c5fae7394d1918e3023b5e64b7cec9 300w, https:\/\/brtk.net\/wp-content\/uploads\/2024\/02\/21\/tahsin-ertuugruloglu-aa-1-1-768x432.jpg?ver=99c5fae7394d1918e3023b5e64b7cec9 768w\"\/>                            <\/div>\n<p>D\u0131\u015fi\u015fleri Bakan\u0131 Tahsin Ertu\u011frulo\u011flu 18 Mart \u015eehitleri Anma G\u00fcn\u00fc ve \u00c7anakkele Zaferi\u2019nin 109. y\u0131l d\u00f6n\u00fcm\u00fc dolay\u0131s\u0131yla mesaj yay\u0131nlad\u0131.<\/p>\n<p>Ertu\u011frulo\u011flu mesaj\u0131nda \u015funlar\u0131 kaydetti:<\/p>\n<p>\u201cT\u00fcrk Milleti\u2019nin kopmaz bir par\u00e7as\u0131 olan K\u0131br\u0131s T\u00fcrk halk\u0131 olarak, T\u00fcrk tarihinin en parlak zaferlerinden olan, tarihin ak\u0131\u015f\u0131n\u0131 de\u011fi\u015ftiren \u00c7anakkale Zaferi\u2019nin hakl\u0131 gururunu ya\u015f\u0131yoruz.<\/p>\n<p>109 y\u0131l \u00f6nce canlar\u0131 pahas\u0131na \u00c7anakkale\u2019yi ge\u00e7ilmez k\u0131lan, i\u015fgalcilere ge\u00e7it vermeyen, ba\u015fta Anafartalar kahraman\u0131 Gazi Mustafa Kemal Atat\u00fcrk olmak \u00fczere vatan topraklar\u0131n\u0131n savunulmas\u0131nda canlar\u0131n\u0131 feda eden t\u00fcm \u015fehitlerimizi rahmet, gazilerimizi minnetle yad ediyorum.\u201d<\/p>\n<\/p><\/div>\n<p><script async\n                    defer\n                    crossorigin=\"anonymous\"\n                    src=\"https:\/\/connect.facebook.net\/tr_TR\/sdk.js#xfbml=1&#038;version=v3.3\"\n            ><\/script><\/p>\n","protected":false},"excerpt":{"rendered":"<p>D\u0131\u015fi\u015fleri Bakan\u0131 Tahsin Ertu\u011frulo\u011flu 18 Mart \u015eehitleri Anma G\u00fcn\u00fc ve \u00c7anakkele Zaferi\u2019nin 109. y\u0131l d\u00f6n\u00fcm\u00fc dolay\u0131s\u0131yla mesaj yay\u0131nlad\u0131. Ertu\u011frulo\u011flu mesaj\u0131nda \u015funlar\u0131 kaydetti: \u201cT\u00fcrk Milleti\u2019nin kopmaz bir par\u00e7as\u0131 olan K\u0131br\u0131s T\u00fcrk halk\u0131 olarak, T\u00fcrk tarihinin en parlak zaferlerinden olan, tarihin ak\u0131\u015f\u0131n\u0131 de\u011fi\u015ftiren \u00c7anakkale Zaferi\u2019nin hakl\u0131 gururunu ya\u015f\u0131yoruz. 109 y\u0131l \u00f6nce canlar\u0131 pahas\u0131na \u00c7anakkale\u2019yi ge\u00e7ilmez k\u0131lan, i\u015fgalcilere<\/p>\n","protected":false},"author":1,"featured_media":34629,"comment_status":"open","ping_status":"open","sticky":false,"template":"","format":"standard","meta":{"footnotes":""},"categories":[1],"tags":[],"class_list":["post-34628","post","type-post","status-publish","format-standard","has-post-thumbnail","hentry","category-gundem"],"yoast_head":"<!-- This site is optimized with the Yoast SEO plugin v27.5 - https:\/\/yoast.com\/product\/yoast-seo-wordpress\/ -->\n<title>D\u0131\u015fi\u015fleri Bakan\u0131 Tahsin Ertu\u011frulo\u011flu\u2019nun 18 Mart mesaj\u0131\u2026 -<\/title>\n<meta name=\"robots\" content=\"index, follow, max-snippet:-1, max-image-preview:large, max-video-preview:-1\" \/>\n<link rel=\"canonical\" href=\"https:\/\/kibrisdakik.com\/?p=34628\" \/>\n<meta property=\"og:locale\" content=\"tr_TR\" \/>\n<meta property=\"og:type\" content=\"article\" \/>\n<meta property=\"og:title\" content=\"D\u0131\u015fi\u015fleri Bakan\u0131 Tahsin Ertu\u011frulo\u011flu\u2019nun 18 Mart mesaj\u0131\u2026 -\" \/>\n<meta property=\"og:description\" content=\"D\u0131\u015fi\u015fleri Bakan\u0131 Tahsin Ertu\u011frulo\u011flu 18 Mart \u015eehitleri Anma G\u00fcn\u00fc ve \u00c7anakkele Zaferi\u2019nin 109. y\u0131l d\u00f6n\u00fcm\u00fc dolay\u0131s\u0131yla mesaj yay\u0131nlad\u0131. Ertu\u011frulo\u011flu mesaj\u0131nda \u015funlar\u0131 kaydetti: \u201cT\u00fcrk Milleti\u2019nin kopmaz bir par\u00e7as\u0131 olan K\u0131br\u0131s T\u00fcrk halk\u0131 olarak, T\u00fcrk tarihinin en parlak zaferlerinden olan, tarihin ak\u0131\u015f\u0131n\u0131 de\u011fi\u015ftiren \u00c7anakkale Zaferi\u2019nin hakl\u0131 gururunu ya\u015f\u0131yoruz. 109 y\u0131l \u00f6nce canlar\u0131 pahas\u0131na \u00c7anakkale\u2019yi ge\u00e7ilmez k\u0131lan, i\u015fgalcilere\" \/>\n<meta property=\"og:url\" content=\"https:\/\/kibrisdakik.com\/?p=34628\" \/>\n<meta property=\"article:published_time\" content=\"2024-03-18T09:36:50+00:00\" \/>\n<meta property=\"og:image\" content=\"https:\/\/kibrisdakik.com\/wp-content\/uploads\/2024\/03\/tahsin-ertuugruloglu-aa-1-1-740x420.jpg\" \/>\n\t<meta property=\"og:image:width\" content=\"864\" \/>\n\t<meta property=\"og:image:height\" content=\"486\" \/>\n\t<meta property=\"og:image:type\" content=\"image\/jpeg\" \/>\n<meta name=\"author\" content=\"admin\" \/>\n<meta name=\"twitter:card\" content=\"summary_large_image\" \/>\n<meta name=\"twitter:label1\" content=\"Yazan:\" \/>\n\t<meta name=\"twitter:data1\" content=\"admin\" \/>\n\t<meta name=\"twitter:label2\" content=\"Tahmini okuma s\u00fcresi\" \/>\n\t<meta name=\"twitter:data2\" content=\"1 dakika\" \/>\n<script type=\"application\/ld+json\" class=\"yoast-schema-graph\">{\"@context\":\"https:\\\/\\\/schema.org\",\"@graph\":[{\"@type\":\"Article\",\"@id\":\"https:\\\/\\\/kibrisdakik.com\\\/?p=34628#article\",\"isPartOf\":{\"@id\":\"https:\\\/\\\/kibrisdakik.com\\\/?p=34628\"},\"author\":{\"name\":\"admin\",\"@id\":\"https:\\\/\\\/kibrisdakik.com\\\/#\\\/schema\\\/person\\\/9cd9d437bbb44f72b73ba127e06d8e79\"},\"headline\":\"D\u0131\u015fi\u015fleri Bakan\u0131 Tahsin Ertu\u011frulo\u011flu\u2019nun 18 Mart mesaj\u0131\u2026\",\"datePublished\":\"2024-03-18T09:36:50+00:00\",\"mainEntityOfPage\":{\"@id\":\"https:\\\/\\\/kibrisdakik.com\\\/?p=34628\"},\"wordCount\":128,\"commentCount\":0,\"image\":{\"@id\":\"https:\\\/\\\/kibrisdakik.com\\\/?p=34628#primaryimage\"},\"thumbnailUrl\":\"https:\\\/\\\/kibrisdakik.com\\\/wp-content\\\/uploads\\\/2024\\\/03\\\/tahsin-ertuugruloglu-aa-1-1-740x420.jpg\",\"articleSection\":[\"G\u00fcndem\"],\"inLanguage\":\"tr\",\"potentialAction\":[{\"@type\":\"CommentAction\",\"name\":\"Comment\",\"target\":[\"https:\\\/\\\/kibrisdakik.com\\\/?p=34628#respond\"]}]},{\"@type\":\"WebPage\",\"@id\":\"https:\\\/\\\/kibrisdakik.com\\\/?p=34628\",\"url\":\"https:\\\/\\\/kibrisdakik.com\\\/?p=34628\",\"name\":\"D\u0131\u015fi\u015fleri Bakan\u0131 Tahsin Ertu\u011frulo\u011flu\u2019nun 18 Mart mesaj\u0131\u2026 -\",\"isPartOf\":{\"@id\":\"https:\\\/\\\/kibrisdakik.com\\\/#website\"},\"primaryImageOfPage\":{\"@id\":\"https:\\\/\\\/kibrisdakik.com\\\/?p=34628#primaryimage\"},\"image\":{\"@id\":\"https:\\\/\\\/kibrisdakik.com\\\/?p=34628#primaryimage\"},\"thumbnailUrl\":\"https:\\\/\\\/kibrisdakik.com\\\/wp-content\\\/uploads\\\/2024\\\/03\\\/tahsin-ertuugruloglu-aa-1-1-740x420.jpg\",\"datePublished\":\"2024-03-18T09:36:50+00:00\",\"author\":{\"@id\":\"https:\\\/\\\/kibrisdakik.com\\\/#\\\/schema\\\/person\\\/9cd9d437bbb44f72b73ba127e06d8e79\"},\"breadcrumb\":{\"@id\":\"https:\\\/\\\/kibrisdakik.com\\\/?p=34628#breadcrumb\"},\"inLanguage\":\"tr\",\"potentialAction\":[{\"@type\":\"ReadAction\",\"target\":[\"https:\\\/\\\/kibrisdakik.com\\\/?p=34628\"]}]},{\"@type\":\"ImageObject\",\"inLanguage\":\"tr\",\"@id\":\"https:\\\/\\\/kibrisdakik.com\\\/?p=34628#primaryimage\",\"url\":\"https:\\\/\\\/kibrisdakik.com\\\/wp-content\\\/uploads\\\/2024\\\/03\\\/tahsin-ertuugruloglu-aa-1-1-740x420.jpg\",\"contentUrl\":\"https:\\\/\\\/kibrisdakik.com\\\/wp-content\\\/uploads\\\/2024\\\/03\\\/tahsin-ertuugruloglu-aa-1-1-740x420.jpg\",\"width\":864,\"height\":486},{\"@type\":\"BreadcrumbList\",\"@id\":\"https:\\\/\\\/kibrisdakik.com\\\/?p=34628#breadcrumb\",\"itemListElement\":[{\"@type\":\"ListItem\",\"position\":1,\"name\":\"Home\",\"item\":\"https:\\\/\\\/kibrisdakik.com\\\/\"},{\"@type\":\"ListItem\",\"position\":2,\"name\":\"D\u0131\u015fi\u015fleri Bakan\u0131 Tahsin Ertu\u011frulo\u011flu\u2019nun 18 Mart mesaj\u0131\u2026\"}]},{\"@type\":\"WebSite\",\"@id\":\"https:\\\/\\\/kibrisdakik.com\\\/#website\",\"url\":\"https:\\\/\\\/kibrisdakik.com\\\/\",\"name\":\"\",\"description\":\"Tam vaktinde haber\",\"potentialAction\":[{\"@type\":\"SearchAction\",\"target\":{\"@type\":\"EntryPoint\",\"urlTemplate\":\"https:\\\/\\\/kibrisdakik.com\\\/?s={search_term_string}\"},\"query-input\":{\"@type\":\"PropertyValueSpecification\",\"valueRequired\":true,\"valueName\":\"search_term_string\"}}],\"inLanguage\":\"tr\"},{\"@type\":\"Person\",\"@id\":\"https:\\\/\\\/kibrisdakik.com\\\/#\\\/schema\\\/person\\\/9cd9d437bbb44f72b73ba127e06d8e79\",\"name\":\"admin\",\"image\":{\"@type\":\"ImageObject\",\"inLanguage\":\"tr\",\"@id\":\"https:\\\/\\\/secure.gravatar.com\\\/avatar\\\/ccc17943b9d660506c869530f897617f7cb1c21a4bf30023f252596d83e1f007?s=96&d=mm&r=g\",\"url\":\"https:\\\/\\\/secure.gravatar.com\\\/avatar\\\/ccc17943b9d660506c869530f897617f7cb1c21a4bf30023f252596d83e1f007?s=96&d=mm&r=g\",\"contentUrl\":\"https:\\\/\\\/secure.gravatar.com\\\/avatar\\\/ccc17943b9d660506c869530f897617f7cb1c21a4bf30023f252596d83e1f007?s=96&d=mm&r=g\",\"caption\":\"admin\"},\"sameAs\":[\"https:\\\/\\\/kibrisdakik.com\"],\"url\":\"https:\\\/\\\/kibrisdakik.com\\\/?author=1\"}]}<\/script>\n<!-- \/ Yoast SEO plugin. -->","yoast_head_json":{"title":"D\u0131\u015fi\u015fleri Bakan\u0131 Tahsin Ertu\u011frulo\u011flu\u2019nun 18 Mart mesaj\u0131\u2026 -","robots":{"index":"index","follow":"follow","max-snippet":"max-snippet:-1","max-image-preview":"max-image-preview:large","max-video-preview":"max-video-preview:-1"},"canonical":"https:\/\/kibrisdakik.com\/?p=34628","og_locale":"tr_TR","og_type":"article","og_title":"D\u0131\u015fi\u015fleri Bakan\u0131 Tahsin Ertu\u011frulo\u011flu\u2019nun 18 Mart mesaj\u0131\u2026 -","og_description":"D\u0131\u015fi\u015fleri Bakan\u0131 Tahsin Ertu\u011frulo\u011flu 18 Mart \u015eehitleri Anma G\u00fcn\u00fc ve \u00c7anakkele Zaferi\u2019nin 109. y\u0131l d\u00f6n\u00fcm\u00fc dolay\u0131s\u0131yla mesaj yay\u0131nlad\u0131. Ertu\u011frulo\u011flu mesaj\u0131nda \u015funlar\u0131 kaydetti: \u201cT\u00fcrk Milleti\u2019nin kopmaz bir par\u00e7as\u0131 olan K\u0131br\u0131s T\u00fcrk halk\u0131 olarak, T\u00fcrk tarihinin en parlak zaferlerinden olan, tarihin ak\u0131\u015f\u0131n\u0131 de\u011fi\u015ftiren \u00c7anakkale Zaferi\u2019nin hakl\u0131 gururunu ya\u015f\u0131yoruz. 109 y\u0131l \u00f6nce canlar\u0131 pahas\u0131na \u00c7anakkale\u2019yi ge\u00e7ilmez k\u0131lan, i\u015fgalcilere","og_url":"https:\/\/kibrisdakik.com\/?p=34628","article_published_time":"2024-03-18T09:36:50+00:00","og_image":[{"width":864,"height":486,"url":"https:\/\/kibrisdakik.com\/wp-content\/uploads\/2024\/03\/tahsin-ertuugruloglu-aa-1-1-740x420.jpg","type":"image\/jpeg"}],"author":"admin","twitter_card":"summary_large_image","twitter_misc":{"Yazan:":"admin","Tahmini okuma s\u00fcresi":"1 dakika"},"schema":{"@context":"https:\/\/schema.org","@graph":[{"@type":"Article","@id":"https:\/\/kibrisdakik.com\/?p=34628#article","isPartOf":{"@id":"https:\/\/kibrisdakik.com\/?p=34628"},"author":{"name":"admin","@id":"https:\/\/kibrisdakik.com\/#\/schema\/person\/9cd9d437bbb44f72b73ba127e06d8e79"},"headline":"D\u0131\u015fi\u015fleri Bakan\u0131 Tahsin Ertu\u011frulo\u011flu\u2019nun 18 Mart mesaj\u0131\u2026","datePublished":"2024-03-18T09:36:50+00:00","mainEntityOfPage":{"@id":"https:\/\/kibrisdakik.com\/?p=34628"},"wordCount":128,"commentCount":0,"image":{"@id":"https:\/\/kibrisdakik.com\/?p=34628#primaryimage"},"thumbnailUrl":"https:\/\/kibrisdakik.com\/wp-content\/uploads\/2024\/03\/tahsin-ertuugruloglu-aa-1-1-740x420.jpg","articleSection":["G\u00fcndem"],"inLanguage":"tr","potentialAction":[{"@type":"CommentAction","name":"Comment","target":["https:\/\/kibrisdakik.com\/?p=34628#respond"]}]},{"@type":"WebPage","@id":"https:\/\/kibrisdakik.com\/?p=34628","url":"https:\/\/kibrisdakik.com\/?p=34628","name":"D\u0131\u015fi\u015fleri Bakan\u0131 Tahsin Ertu\u011frulo\u011flu\u2019nun 18 Mart mesaj\u0131\u2026 -","isPartOf":{"@id":"https:\/\/kibrisdakik.com\/#website"},"primaryImageOfPage":{"@id":"https:\/\/kibrisdakik.com\/?p=34628#primaryimage"},"image":{"@id":"https:\/\/kibrisdakik.com\/?p=34628#primaryimage"},"thumbnailUrl":"https:\/\/kibrisdakik.com\/wp-content\/uploads\/2024\/03\/tahsin-ertuugruloglu-aa-1-1-740x420.jpg","datePublished":"2024-03-18T09:36:50+00:00","author":{"@id":"https:\/\/kibrisdakik.com\/#\/schema\/person\/9cd9d437bbb44f72b73ba127e06d8e79"},"breadcrumb":{"@id":"https:\/\/kibrisdakik.com\/?p=34628#breadcrumb"},"inLanguage":"tr","potentialAction":[{"@type":"ReadAction","target":["https:\/\/kibrisdakik.com\/?p=34628"]}]},{"@type":"ImageObject","inLanguage":"tr","@id":"https:\/\/kibrisdakik.com\/?p=34628#primaryimage","url":"https:\/\/kibrisdakik.com\/wp-content\/uploads\/2024\/03\/tahsin-ertuugruloglu-aa-1-1-740x420.jpg","contentUrl":"https:\/\/kibrisdakik.com\/wp-content\/uploads\/2024\/03\/tahsin-ertuugruloglu-aa-1-1-740x420.jpg","width":864,"height":486},{"@type":"BreadcrumbList","@id":"https:\/\/kibrisdakik.com\/?p=34628#breadcrumb","itemListElement":[{"@type":"ListItem","position":1,"name":"Home","item":"https:\/\/kibrisdakik.com\/"},{"@type":"ListItem","position":2,"name":"D\u0131\u015fi\u015fleri Bakan\u0131 Tahsin Ertu\u011frulo\u011flu\u2019nun 18 Mart mesaj\u0131\u2026"}]},{"@type":"WebSite","@id":"https:\/\/kibrisdakik.com\/#website","url":"https:\/\/kibrisdakik.com\/","name":"","description":"Tam vaktinde haber","potentialAction":[{"@type":"SearchAction","target":{"@type":"EntryPoint","urlTemplate":"https:\/\/kibrisdakik.com\/?s={search_term_string}"},"query-input":{"@type":"PropertyValueSpecification","valueRequired":true,"valueName":"search_term_string"}}],"inLanguage":"tr"},{"@type":"Person","@id":"https:\/\/kibrisdakik.com\/#\/schema\/person\/9cd9d437bbb44f72b73ba127e06d8e79","name":"admin","image":{"@type":"ImageObject","inLanguage":"tr","@id":"https:\/\/secure.gravatar.com\/avatar\/ccc17943b9d660506c869530f897617f7cb1c21a4bf30023f252596d83e1f007?s=96&d=mm&r=g","url":"https:\/\/secure.gravatar.com\/avatar\/ccc17943b9d660506c869530f897617f7cb1c21a4bf30023f252596d83e1f007?s=96&d=mm&r=g","contentUrl":"https:\/\/secure.gravatar.com\/avatar\/ccc17943b9d660506c869530f897617f7cb1c21a4bf30023f252596d83e1f007?s=96&d=mm&r=g","caption":"admin"},"sameAs":["https:\/\/kibrisdakik.com"],"url":"https:\/\/kibrisdakik.com\/?author=1"}]}},"_links":{"self":[{"href":"https:\/\/kibrisdakik.com\/index.php?rest_route=\/wp\/v2\/posts\/34628","targetHints":{"allow":["GET"]}}],"collection":[{"href":"https:\/\/kibrisdakik.com\/index.php?rest_route=\/wp\/v2\/posts"}],"about":[{"href":"https:\/\/kibrisdakik.com\/index.php?rest_route=\/wp\/v2\/types\/post"}],"author":[{"embeddable":true,"href":"https:\/\/kibrisdakik.com\/index.php?rest_route=\/wp\/v2\/users\/1"}],"replies":[{"embeddable":true,"href":"https:\/\/kibrisdakik.com\/index.php?rest_route=%2Fwp%2Fv2%2Fcomments&post=34628"}],"version-history":[{"count":0,"href":"https:\/\/kibrisdakik.com\/index.php?rest_route=\/wp\/v2\/posts\/34628\/revisions"}],"wp:featuredmedia":[{"embeddable":true,"href":"https:\/\/kibrisdakik.com\/index.php?rest_route=\/wp\/v2\/media\/34629"}],"wp:attachment":[{"href":"https:\/\/kibrisdakik.com\/index.php?rest_route=%2Fwp%2Fv2%2Fmedia&parent=34628"}],"wp:term":[{"taxonomy":"category","embeddable":true,"href":"https:\/\/kibrisdakik.com\/index.php?rest_route=%2Fwp%2Fv2%2Fcategories&post=34628"},{"taxonomy":"post_tag","embeddable":true,"href":"https:\/\/kibrisdakik.com\/index.php?rest_route=%2Fwp%2Fv2%2Ftags&post=34628"}],"curies":[{"name":"wp","href":"https:\/\/api.w.org\/{rel}","templated":true}]}}