{"id":34650,"date":"2024-03-18T13:23:48","date_gmt":"2024-03-18T13:23:48","guid":{"rendered":"https:\/\/kibrisdakik.com\/index.php\/2024\/03\/18\/fifa-baskani-infantinodan-trabzonspor-fenerbahce-maci-aciklamasi-soke-edici-bunu-daha-once-de-soyledim\/"},"modified":"2024-03-18T13:23:48","modified_gmt":"2024-03-18T13:23:48","slug":"fifa-baskani-infantinodan-trabzonspor-fenerbahce-maci-aciklamasi-soke-edici-bunu-daha-once-de-soyledim","status":"publish","type":"post","link":"https:\/\/kibrisdakik.com\/?p=34650","title":{"rendered":"FIFA Ba\u015fkan\u0131 Infantino&#039;dan Trabzonspor &#8211; Fenerbah\u00e7e ma\u00e7\u0131 a\u00e7\u0131klamas\u0131: &#039;\u015eoke edici, bunu daha \u00f6nce de s\u00f6yledim&#8230;&#039;"},"content":{"rendered":"<p><img decoding=\"async\" src=\"https:\/\/www.kibristurk.com\/images\/haberler\/2024\/03\/fifa-baskani-infantinodan-trabzonspor-fenerbahce-maci-aciklamasi-soke-edici-bunu-daha-once-de-soyledim-1710767666.webp\" \/><\/p>\n<p>Trendyol S\u00fcper Lig&#8217;in 30. haftas\u0131nda Trabzonspor ile&nbsp;Fenerbah\u00e7e&#8217;nin kar\u015f\u0131 kar\u015f\u0131ya geldi\u011fi ma\u00e7a ya\u015fanan olaylar damga vurdu.<\/p>\n<p>Ma\u00e7\u0131n biti\u015f d\u00fcd\u00fc\u011f\u00fcyle saha bir anda kar\u0131\u015f\u0131rken Trabzonsporlu taraftarlar 3 puan sevincini ya\u015fayan Fenerbah\u00e7eli oyunculara fiziksel sald\u0131r\u0131da bulundu. Ya\u015fanan arbede sonras\u0131nda sahalarda g\u00f6rmek istemedi\u011fimiz g\u00f6r\u00fcnt\u00fcler ortaya \u00e7\u0131kt\u0131. Trabzonspor &#8211; Fenerbah\u00e7e ma\u00e7\u0131nda ya\u015fananlar d\u00fcnya bas\u0131n\u0131nda b\u00fcy\u00fck yank\u0131 bulurken, FIFA Ba\u015fkan\u0131 Infantino&#8217;dan a\u00e7\u0131klama geldi.<\/p>\n<p><strong>Infantino&#8217;nun s\u00f6zleri \u015f\u00f6yle;&nbsp;<\/strong><\/p>\n<p>&#8220;Trabzonspor ile Fenerbah\u00e7e aras\u0131nda oynanan T\u00fcrkiye S\u00fcper Lig ma\u00e7\u0131n\u0131n ard\u0131ndan tan\u0131k olunan \u015fiddet kesinlikle kabul edilemez. Bunlar\u0131n saha i\u00e7inde ya da d\u0131\u015f\u0131nda, sporumuzda ya da toplumumuzda yeri yoktur. Bunu daha \u00f6nce de s\u00f6yledim ve yine s\u00f6yleyece\u011fim. Futbolda istisnas\u0131z t\u00fcm oyuncular, d\u00fcnyan\u0131n d\u00f6rt bir yan\u0131ndaki pek \u00e7ok insana keyif veren bu oyunu oynamak i\u00e7in g\u00fcvende ve emniyette olmal\u0131d\u0131r. \u0130lgili makamlar\u0131 bu hususa her d\u00fczeyde riayet edilmesini sa\u011flamaya ve Trabzon&#8217;da meydana gelen \u015foke edici olaylar\u0131n faillerinin eylemlerinden sorumlu tutulmalar\u0131n\u0131 sa\u011flamaya \u00e7a\u011f\u0131r\u0131yorum.&#8221;<\/p>\n<p><strong>BAKAN YERL\u0130KAYA: 12 \u015eAHIS G\u00d6ZALTINA ALINDI<\/strong><\/p>\n<p>\u0130\u00e7i\u015fleri Bakan\u0131 Ali Yerlikaya: D\u00fcn ak\u015fam oynanan&nbsp;Trabzonspor-Fenerbah\u00e7e S\u00fcper Lig&nbsp;Futbol&nbsp;kar\u015f\u0131la\u015fmas\u0131 sonras\u0131 meydana gelen olaylarla ilgili olarak ilk belirlemelere g\u00f6re 12 \u015fah\u0131s yakalanarak g\u00f6zalt\u0131na al\u0131nd\u0131.<\/p>\n<p>Ma\u00e7 esnas\u0131nda Fenerbah\u00e7e Teknik Direkt\u00f6r\u00fc \u0130smail Kartal\u2019a yabanc\u0131 madde atan C.K. isimli \u015fah\u0131s, m\u00fcsabaka esnas\u0131nda tespit edilmi\u015f, yakalanarak g\u00f6zalt\u0131na al\u0131nm\u0131\u015f ve hakk\u0131nda gerekli soru\u015fturma ba\u015flat\u0131lm\u0131\u015ft\u0131r.<\/p>\n<p>M\u00fcsabaka sonras\u0131 sahaya ilk atlayan H.\u00c7. adl\u0131 \u015fahs\u0131n kald\u0131\u011f\u0131 otel tespit edilmi\u015f, otelde yap\u0131lan ara\u015ft\u0131rmada \u015fahs\u0131n otelden ayr\u0131ld\u0131\u011f\u0131 anla\u015f\u0131lm\u0131\u015f, Rize istikametine gitti\u011fi bilgisinin al\u0131nmas\u0131 \u00fczerine yap\u0131lan \u00e7al\u0131\u015fmalar sonucu \u015fah\u0131s Yomra il\u00e7esinde yakalanarak hakk\u0131nda gerekli soru\u015fturma ba\u015flat\u0131lm\u0131\u015ft\u0131r.<\/p>\n<p>M\u00fcsabaka sonunda sahaya atlay\u0131p korner bayra\u011f\u0131n\u0131 alarak futbolculara do\u011fru ko\u015fan \u015fahs\u0131n, stadyuma giri\u015f yapm\u0131\u015f oldu\u011fu passolig sahibinin C.\u00c7. oldu\u011fu tespit edilmi\u015f, sahaya giren \u015fahs\u0131n passolig sahibi olmad\u0131\u011f\u0131 anla\u015f\u0131lm\u0131\u015f, yap\u0131lan incelemelerde sahaya giren E.T. isimli \u015fah\u0131s Arakl\u0131 il\u00e7esinde yakalanm\u0131\u015f ve gerekli soru\u015fturma ba\u015flat\u0131lm\u0131\u015ft\u0131r.<\/p>\n<p>M\u00fcsabaka sonunda sahaya girerek Fenerbah\u00e7e kalecisi Dominic Livakovic&#8217;i darp eden \u015fahs\u0131n O.B. oldu\u011fu tespit edilmi\u015f, \u015fah\u0131s Kalk\u0131nma Mahallesi&#8217;nde yakalanm\u0131\u015f ve hakk\u0131nda gerekli soru\u015fturma ba\u015flat\u0131lm\u0131\u015ft\u0131r.<\/p>\n<p>Sosyal medyada payla\u015f\u0131m yaparak taraftarlar\u0131 havaliman\u0131na \u00e7a\u011f\u0131ran T.C.S., K.M. , O.O., E.T., ve A.A. isimli \u015fah\u0131slar yakalanarak haklar\u0131nda gerekli soru\u015fturma ba\u015flat\u0131lm\u0131\u015ft\u0131r.<\/p>\n<p>M\u00fcsabaka sonras\u0131 yap\u0131lan kamera \u00e7al\u0131\u015fmalar\u0131 sonucunda sahaya girdi\u011fi tespit edilen A.S., B.T.<br \/>\nisimli \u015fah\u0131slar yakalanarak, haklar\u0131nda gerekli soru\u015fturma ba\u015flat\u0131lm\u0131\u015ft\u0131r.<\/p>\n<p>\u015eu ana kadar tespit edilen 12 \u015fah\u0131s ile ilgili adli ve idari i\u015flemlere ba\u015flanm\u0131\u015ft\u0131r. Ya\u015fanan olaylarla ilgili inceleme ve soru\u015fturma devam etmektedir.<\/p>\n","protected":false},"excerpt":{"rendered":"<p>Trendyol S\u00fcper Lig&#8217;in 30. haftas\u0131nda Trabzonspor ile&nbsp;Fenerbah\u00e7e&#8217;nin kar\u015f\u0131 kar\u015f\u0131ya geldi\u011fi ma\u00e7a ya\u015fanan olaylar damga vurdu. Ma\u00e7\u0131n biti\u015f d\u00fcd\u00fc\u011f\u00fcyle saha bir anda kar\u0131\u015f\u0131rken Trabzonsporlu taraftarlar 3 puan sevincini ya\u015fayan Fenerbah\u00e7eli oyunculara fiziksel sald\u0131r\u0131da bulundu. Ya\u015fanan arbede sonras\u0131nda sahalarda g\u00f6rmek istemedi\u011fimiz g\u00f6r\u00fcnt\u00fcler ortaya \u00e7\u0131kt\u0131. Trabzonspor &#8211; Fenerbah\u00e7e ma\u00e7\u0131nda ya\u015fananlar d\u00fcnya bas\u0131n\u0131nda b\u00fcy\u00fck yank\u0131 bulurken, FIFA Ba\u015fkan\u0131 Infantino&#8217;dan<\/p>\n","protected":false},"author":1,"featured_media":34651,"comment_status":"open","ping_status":"open","sticky":false,"template":"","format":"standard","meta":{"footnotes":""},"categories":[79],"tags":[],"class_list":["post-34650","post","type-post","status-publish","format-standard","has-post-thumbnail","hentry","category-ekonomi"],"yoast_head":"<!-- This site is optimized with the Yoast SEO plugin v27.5 - https:\/\/yoast.com\/product\/yoast-seo-wordpress\/ -->\n<title>FIFA Ba\u015fkan\u0131 Infantino&#039;dan Trabzonspor - Fenerbah\u00e7e ma\u00e7\u0131 a\u00e7\u0131klamas\u0131: &#039;\u015eoke edici, bunu daha \u00f6nce de s\u00f6yledim...&#039; -<\/title>\n<meta name=\"robots\" content=\"index, follow, max-snippet:-1, max-image-preview:large, max-video-preview:-1\" \/>\n<link rel=\"canonical\" href=\"https:\/\/kibrisdakik.com\/?p=34650\" \/>\n<meta property=\"og:locale\" content=\"tr_TR\" \/>\n<meta property=\"og:type\" content=\"article\" \/>\n<meta property=\"og:title\" content=\"FIFA Ba\u015fkan\u0131 Infantino&#039;dan Trabzonspor - Fenerbah\u00e7e ma\u00e7\u0131 a\u00e7\u0131klamas\u0131: &#039;\u015eoke edici, bunu daha \u00f6nce de s\u00f6yledim...&#039; -\" \/>\n<meta property=\"og:description\" content=\"Trendyol S\u00fcper Lig&#8217;in 30. haftas\u0131nda Trabzonspor ile&nbsp;Fenerbah\u00e7e&#8217;nin kar\u015f\u0131 kar\u015f\u0131ya geldi\u011fi ma\u00e7a ya\u015fanan olaylar damga vurdu. Ma\u00e7\u0131n biti\u015f d\u00fcd\u00fc\u011f\u00fcyle saha bir anda kar\u0131\u015f\u0131rken Trabzonsporlu taraftarlar 3 puan sevincini ya\u015fayan Fenerbah\u00e7eli oyunculara fiziksel sald\u0131r\u0131da bulundu. Ya\u015fanan arbede sonras\u0131nda sahalarda g\u00f6rmek istemedi\u011fimiz g\u00f6r\u00fcnt\u00fcler ortaya \u00e7\u0131kt\u0131. Trabzonspor &#8211; Fenerbah\u00e7e ma\u00e7\u0131nda ya\u015fananlar d\u00fcnya bas\u0131n\u0131nda b\u00fcy\u00fck yank\u0131 bulurken, FIFA Ba\u015fkan\u0131 Infantino&#8217;dan\" \/>\n<meta property=\"og:url\" content=\"https:\/\/kibrisdakik.com\/?p=34650\" \/>\n<meta property=\"article:published_time\" content=\"2024-03-18T13:23:48+00:00\" \/>\n<meta property=\"og:image\" content=\"https:\/\/kibrisdakik.com\/wp-content\/uploads\/2024\/03\/fifa-baskani-infantinodan-trabzonspor-fenerbahce-maci-aciklamasi-soke-edici-bunu-daha-once-de-soyledim-1710767666.webp.webp\" \/>\n\t<meta property=\"og:image:width\" content=\"710\" \/>\n\t<meta property=\"og:image:height\" content=\"370\" \/>\n\t<meta property=\"og:image:type\" content=\"image\/webp\" \/>\n<meta name=\"author\" content=\"admin\" \/>\n<meta name=\"twitter:card\" content=\"summary_large_image\" \/>\n<meta name=\"twitter:label1\" content=\"Yazan:\" \/>\n\t<meta name=\"twitter:data1\" content=\"admin\" \/>\n\t<meta name=\"twitter:label2\" content=\"Tahmini okuma s\u00fcresi\" \/>\n\t<meta name=\"twitter:data2\" content=\"3 dakika\" \/>\n<script type=\"application\/ld+json\" class=\"yoast-schema-graph\">{\"@context\":\"https:\\\/\\\/schema.org\",\"@graph\":[{\"@type\":\"Article\",\"@id\":\"https:\\\/\\\/kibrisdakik.com\\\/?p=34650#article\",\"isPartOf\":{\"@id\":\"https:\\\/\\\/kibrisdakik.com\\\/?p=34650\"},\"author\":{\"name\":\"admin\",\"@id\":\"https:\\\/\\\/kibrisdakik.com\\\/#\\\/schema\\\/person\\\/9cd9d437bbb44f72b73ba127e06d8e79\"},\"headline\":\"FIFA Ba\u015fkan\u0131 Infantino&#039;dan Trabzonspor &#8211; Fenerbah\u00e7e ma\u00e7\u0131 a\u00e7\u0131klamas\u0131: &#039;\u015eoke edici, bunu daha \u00f6nce de s\u00f6yledim&#8230;&#039;\",\"datePublished\":\"2024-03-18T13:23:48+00:00\",\"mainEntityOfPage\":{\"@id\":\"https:\\\/\\\/kibrisdakik.com\\\/?p=34650\"},\"wordCount\":563,\"commentCount\":0,\"image\":{\"@id\":\"https:\\\/\\\/kibrisdakik.com\\\/?p=34650#primaryimage\"},\"thumbnailUrl\":\"https:\\\/\\\/kibrisdakik.com\\\/wp-content\\\/uploads\\\/2024\\\/03\\\/fifa-baskani-infantinodan-trabzonspor-fenerbahce-maci-aciklamasi-soke-edici-bunu-daha-once-de-soyledim-1710767666.webp.webp\",\"articleSection\":[\"Ekonomi\"],\"inLanguage\":\"tr\",\"potentialAction\":[{\"@type\":\"CommentAction\",\"name\":\"Comment\",\"target\":[\"https:\\\/\\\/kibrisdakik.com\\\/?p=34650#respond\"]}]},{\"@type\":\"WebPage\",\"@id\":\"https:\\\/\\\/kibrisdakik.com\\\/?p=34650\",\"url\":\"https:\\\/\\\/kibrisdakik.com\\\/?p=34650\",\"name\":\"FIFA Ba\u015fkan\u0131 Infantino&#039;dan Trabzonspor - Fenerbah\u00e7e ma\u00e7\u0131 a\u00e7\u0131klamas\u0131: &#039;\u015eoke edici, bunu daha \u00f6nce de s\u00f6yledim...&#039; -\",\"isPartOf\":{\"@id\":\"https:\\\/\\\/kibrisdakik.com\\\/#website\"},\"primaryImageOfPage\":{\"@id\":\"https:\\\/\\\/kibrisdakik.com\\\/?p=34650#primaryimage\"},\"image\":{\"@id\":\"https:\\\/\\\/kibrisdakik.com\\\/?p=34650#primaryimage\"},\"thumbnailUrl\":\"https:\\\/\\\/kibrisdakik.com\\\/wp-content\\\/uploads\\\/2024\\\/03\\\/fifa-baskani-infantinodan-trabzonspor-fenerbahce-maci-aciklamasi-soke-edici-bunu-daha-once-de-soyledim-1710767666.webp.webp\",\"datePublished\":\"2024-03-18T13:23:48+00:00\",\"author\":{\"@id\":\"https:\\\/\\\/kibrisdakik.com\\\/#\\\/schema\\\/person\\\/9cd9d437bbb44f72b73ba127e06d8e79\"},\"breadcrumb\":{\"@id\":\"https:\\\/\\\/kibrisdakik.com\\\/?p=34650#breadcrumb\"},\"inLanguage\":\"tr\",\"potentialAction\":[{\"@type\":\"ReadAction\",\"target\":[\"https:\\\/\\\/kibrisdakik.com\\\/?p=34650\"]}]},{\"@type\":\"ImageObject\",\"inLanguage\":\"tr\",\"@id\":\"https:\\\/\\\/kibrisdakik.com\\\/?p=34650#primaryimage\",\"url\":\"https:\\\/\\\/kibrisdakik.com\\\/wp-content\\\/uploads\\\/2024\\\/03\\\/fifa-baskani-infantinodan-trabzonspor-fenerbahce-maci-aciklamasi-soke-edici-bunu-daha-once-de-soyledim-1710767666.webp.webp\",\"contentUrl\":\"https:\\\/\\\/kibrisdakik.com\\\/wp-content\\\/uploads\\\/2024\\\/03\\\/fifa-baskani-infantinodan-trabzonspor-fenerbahce-maci-aciklamasi-soke-edici-bunu-daha-once-de-soyledim-1710767666.webp.webp\",\"width\":710,\"height\":370},{\"@type\":\"BreadcrumbList\",\"@id\":\"https:\\\/\\\/kibrisdakik.com\\\/?p=34650#breadcrumb\",\"itemListElement\":[{\"@type\":\"ListItem\",\"position\":1,\"name\":\"Home\",\"item\":\"https:\\\/\\\/kibrisdakik.com\\\/\"},{\"@type\":\"ListItem\",\"position\":2,\"name\":\"FIFA Ba\u015fkan\u0131 Infantino&#039;dan Trabzonspor &#8211; Fenerbah\u00e7e ma\u00e7\u0131 a\u00e7\u0131klamas\u0131: &#039;\u015eoke edici, bunu daha \u00f6nce de s\u00f6yledim&#8230;&#039;\"}]},{\"@type\":\"WebSite\",\"@id\":\"https:\\\/\\\/kibrisdakik.com\\\/#website\",\"url\":\"https:\\\/\\\/kibrisdakik.com\\\/\",\"name\":\"\",\"description\":\"Tam vaktinde haber\",\"potentialAction\":[{\"@type\":\"SearchAction\",\"target\":{\"@type\":\"EntryPoint\",\"urlTemplate\":\"https:\\\/\\\/kibrisdakik.com\\\/?s={search_term_string}\"},\"query-input\":{\"@type\":\"PropertyValueSpecification\",\"valueRequired\":true,\"valueName\":\"search_term_string\"}}],\"inLanguage\":\"tr\"},{\"@type\":\"Person\",\"@id\":\"https:\\\/\\\/kibrisdakik.com\\\/#\\\/schema\\\/person\\\/9cd9d437bbb44f72b73ba127e06d8e79\",\"name\":\"admin\",\"image\":{\"@type\":\"ImageObject\",\"inLanguage\":\"tr\",\"@id\":\"https:\\\/\\\/secure.gravatar.com\\\/avatar\\\/ccc17943b9d660506c869530f897617f7cb1c21a4bf30023f252596d83e1f007?s=96&d=mm&r=g\",\"url\":\"https:\\\/\\\/secure.gravatar.com\\\/avatar\\\/ccc17943b9d660506c869530f897617f7cb1c21a4bf30023f252596d83e1f007?s=96&d=mm&r=g\",\"contentUrl\":\"https:\\\/\\\/secure.gravatar.com\\\/avatar\\\/ccc17943b9d660506c869530f897617f7cb1c21a4bf30023f252596d83e1f007?s=96&d=mm&r=g\",\"caption\":\"admin\"},\"sameAs\":[\"https:\\\/\\\/kibrisdakik.com\"],\"url\":\"https:\\\/\\\/kibrisdakik.com\\\/?author=1\"}]}<\/script>\n<!-- \/ Yoast SEO plugin. -->","yoast_head_json":{"title":"FIFA Ba\u015fkan\u0131 Infantino&#039;dan Trabzonspor - Fenerbah\u00e7e ma\u00e7\u0131 a\u00e7\u0131klamas\u0131: &#039;\u015eoke edici, bunu daha \u00f6nce de s\u00f6yledim...&#039; -","robots":{"index":"index","follow":"follow","max-snippet":"max-snippet:-1","max-image-preview":"max-image-preview:large","max-video-preview":"max-video-preview:-1"},"canonical":"https:\/\/kibrisdakik.com\/?p=34650","og_locale":"tr_TR","og_type":"article","og_title":"FIFA Ba\u015fkan\u0131 Infantino&#039;dan Trabzonspor - Fenerbah\u00e7e ma\u00e7\u0131 a\u00e7\u0131klamas\u0131: &#039;\u015eoke edici, bunu daha \u00f6nce de s\u00f6yledim...&#039; -","og_description":"Trendyol S\u00fcper Lig&#8217;in 30. haftas\u0131nda Trabzonspor ile&nbsp;Fenerbah\u00e7e&#8217;nin kar\u015f\u0131 kar\u015f\u0131ya geldi\u011fi ma\u00e7a ya\u015fanan olaylar damga vurdu. Ma\u00e7\u0131n biti\u015f d\u00fcd\u00fc\u011f\u00fcyle saha bir anda kar\u0131\u015f\u0131rken Trabzonsporlu taraftarlar 3 puan sevincini ya\u015fayan Fenerbah\u00e7eli oyunculara fiziksel sald\u0131r\u0131da bulundu. Ya\u015fanan arbede sonras\u0131nda sahalarda g\u00f6rmek istemedi\u011fimiz g\u00f6r\u00fcnt\u00fcler ortaya \u00e7\u0131kt\u0131. Trabzonspor &#8211; Fenerbah\u00e7e ma\u00e7\u0131nda ya\u015fananlar d\u00fcnya bas\u0131n\u0131nda b\u00fcy\u00fck yank\u0131 bulurken, FIFA Ba\u015fkan\u0131 Infantino&#8217;dan","og_url":"https:\/\/kibrisdakik.com\/?p=34650","article_published_time":"2024-03-18T13:23:48+00:00","og_image":[{"width":710,"height":370,"url":"https:\/\/kibrisdakik.com\/wp-content\/uploads\/2024\/03\/fifa-baskani-infantinodan-trabzonspor-fenerbahce-maci-aciklamasi-soke-edici-bunu-daha-once-de-soyledim-1710767666.webp.webp","type":"image\/webp"}],"author":"admin","twitter_card":"summary_large_image","twitter_misc":{"Yazan:":"admin","Tahmini okuma s\u00fcresi":"3 dakika"},"schema":{"@context":"https:\/\/schema.org","@graph":[{"@type":"Article","@id":"https:\/\/kibrisdakik.com\/?p=34650#article","isPartOf":{"@id":"https:\/\/kibrisdakik.com\/?p=34650"},"author":{"name":"admin","@id":"https:\/\/kibrisdakik.com\/#\/schema\/person\/9cd9d437bbb44f72b73ba127e06d8e79"},"headline":"FIFA Ba\u015fkan\u0131 Infantino&#039;dan Trabzonspor &#8211; Fenerbah\u00e7e ma\u00e7\u0131 a\u00e7\u0131klamas\u0131: &#039;\u015eoke edici, bunu daha \u00f6nce de s\u00f6yledim&#8230;&#039;","datePublished":"2024-03-18T13:23:48+00:00","mainEntityOfPage":{"@id":"https:\/\/kibrisdakik.com\/?p=34650"},"wordCount":563,"commentCount":0,"image":{"@id":"https:\/\/kibrisdakik.com\/?p=34650#primaryimage"},"thumbnailUrl":"https:\/\/kibrisdakik.com\/wp-content\/uploads\/2024\/03\/fifa-baskani-infantinodan-trabzonspor-fenerbahce-maci-aciklamasi-soke-edici-bunu-daha-once-de-soyledim-1710767666.webp.webp","articleSection":["Ekonomi"],"inLanguage":"tr","potentialAction":[{"@type":"CommentAction","name":"Comment","target":["https:\/\/kibrisdakik.com\/?p=34650#respond"]}]},{"@type":"WebPage","@id":"https:\/\/kibrisdakik.com\/?p=34650","url":"https:\/\/kibrisdakik.com\/?p=34650","name":"FIFA Ba\u015fkan\u0131 Infantino&#039;dan Trabzonspor - Fenerbah\u00e7e ma\u00e7\u0131 a\u00e7\u0131klamas\u0131: &#039;\u015eoke edici, bunu daha \u00f6nce de s\u00f6yledim...&#039; -","isPartOf":{"@id":"https:\/\/kibrisdakik.com\/#website"},"primaryImageOfPage":{"@id":"https:\/\/kibrisdakik.com\/?p=34650#primaryimage"},"image":{"@id":"https:\/\/kibrisdakik.com\/?p=34650#primaryimage"},"thumbnailUrl":"https:\/\/kibrisdakik.com\/wp-content\/uploads\/2024\/03\/fifa-baskani-infantinodan-trabzonspor-fenerbahce-maci-aciklamasi-soke-edici-bunu-daha-once-de-soyledim-1710767666.webp.webp","datePublished":"2024-03-18T13:23:48+00:00","author":{"@id":"https:\/\/kibrisdakik.com\/#\/schema\/person\/9cd9d437bbb44f72b73ba127e06d8e79"},"breadcrumb":{"@id":"https:\/\/kibrisdakik.com\/?p=34650#breadcrumb"},"inLanguage":"tr","potentialAction":[{"@type":"ReadAction","target":["https:\/\/kibrisdakik.com\/?p=34650"]}]},{"@type":"ImageObject","inLanguage":"tr","@id":"https:\/\/kibrisdakik.com\/?p=34650#primaryimage","url":"https:\/\/kibrisdakik.com\/wp-content\/uploads\/2024\/03\/fifa-baskani-infantinodan-trabzonspor-fenerbahce-maci-aciklamasi-soke-edici-bunu-daha-once-de-soyledim-1710767666.webp.webp","contentUrl":"https:\/\/kibrisdakik.com\/wp-content\/uploads\/2024\/03\/fifa-baskani-infantinodan-trabzonspor-fenerbahce-maci-aciklamasi-soke-edici-bunu-daha-once-de-soyledim-1710767666.webp.webp","width":710,"height":370},{"@type":"BreadcrumbList","@id":"https:\/\/kibrisdakik.com\/?p=34650#breadcrumb","itemListElement":[{"@type":"ListItem","position":1,"name":"Home","item":"https:\/\/kibrisdakik.com\/"},{"@type":"ListItem","position":2,"name":"FIFA Ba\u015fkan\u0131 Infantino&#039;dan Trabzonspor &#8211; Fenerbah\u00e7e ma\u00e7\u0131 a\u00e7\u0131klamas\u0131: &#039;\u015eoke edici, bunu daha \u00f6nce de s\u00f6yledim&#8230;&#039;"}]},{"@type":"WebSite","@id":"https:\/\/kibrisdakik.com\/#website","url":"https:\/\/kibrisdakik.com\/","name":"","description":"Tam vaktinde haber","potentialAction":[{"@type":"SearchAction","target":{"@type":"EntryPoint","urlTemplate":"https:\/\/kibrisdakik.com\/?s={search_term_string}"},"query-input":{"@type":"PropertyValueSpecification","valueRequired":true,"valueName":"search_term_string"}}],"inLanguage":"tr"},{"@type":"Person","@id":"https:\/\/kibrisdakik.com\/#\/schema\/person\/9cd9d437bbb44f72b73ba127e06d8e79","name":"admin","image":{"@type":"ImageObject","inLanguage":"tr","@id":"https:\/\/secure.gravatar.com\/avatar\/ccc17943b9d660506c869530f897617f7cb1c21a4bf30023f252596d83e1f007?s=96&d=mm&r=g","url":"https:\/\/secure.gravatar.com\/avatar\/ccc17943b9d660506c869530f897617f7cb1c21a4bf30023f252596d83e1f007?s=96&d=mm&r=g","contentUrl":"https:\/\/secure.gravatar.com\/avatar\/ccc17943b9d660506c869530f897617f7cb1c21a4bf30023f252596d83e1f007?s=96&d=mm&r=g","caption":"admin"},"sameAs":["https:\/\/kibrisdakik.com"],"url":"https:\/\/kibrisdakik.com\/?author=1"}]}},"_links":{"self":[{"href":"https:\/\/kibrisdakik.com\/index.php?rest_route=\/wp\/v2\/posts\/34650","targetHints":{"allow":["GET"]}}],"collection":[{"href":"https:\/\/kibrisdakik.com\/index.php?rest_route=\/wp\/v2\/posts"}],"about":[{"href":"https:\/\/kibrisdakik.com\/index.php?rest_route=\/wp\/v2\/types\/post"}],"author":[{"embeddable":true,"href":"https:\/\/kibrisdakik.com\/index.php?rest_route=\/wp\/v2\/users\/1"}],"replies":[{"embeddable":true,"href":"https:\/\/kibrisdakik.com\/index.php?rest_route=%2Fwp%2Fv2%2Fcomments&post=34650"}],"version-history":[{"count":0,"href":"https:\/\/kibrisdakik.com\/index.php?rest_route=\/wp\/v2\/posts\/34650\/revisions"}],"wp:featuredmedia":[{"embeddable":true,"href":"https:\/\/kibrisdakik.com\/index.php?rest_route=\/wp\/v2\/media\/34651"}],"wp:attachment":[{"href":"https:\/\/kibrisdakik.com\/index.php?rest_route=%2Fwp%2Fv2%2Fmedia&parent=34650"}],"wp:term":[{"taxonomy":"category","embeddable":true,"href":"https:\/\/kibrisdakik.com\/index.php?rest_route=%2Fwp%2Fv2%2Fcategories&post=34650"},{"taxonomy":"post_tag","embeddable":true,"href":"https:\/\/kibrisdakik.com\/index.php?rest_route=%2Fwp%2Fv2%2Ftags&post=34650"}],"curies":[{"name":"wp","href":"https:\/\/api.w.org\/{rel}","templated":true}]}}