{"id":34655,"date":"2024-03-18T14:24:48","date_gmt":"2024-03-18T14:24:48","guid":{"rendered":"https:\/\/kibrisdakik.com\/index.php\/2024\/03\/18\/18-mart-sehitler-gunu-dolayisiyla-iskelede-toren-duzenlendi\/"},"modified":"2024-03-18T14:24:48","modified_gmt":"2024-03-18T14:24:48","slug":"18-mart-sehitler-gunu-dolayisiyla-iskelede-toren-duzenlendi","status":"publish","type":"post","link":"https:\/\/kibrisdakik.com\/?p=34655","title":{"rendered":"18 Mart \u015eehitler G\u00fcn\u00fc dolay\u0131s\u0131yla \u0130skele\u2019de t\u00f6ren d\u00fczenlendi"},"content":{"rendered":"<p><img decoding=\"async\" src=\"https:\/\/www.kibristurk.com\/images\/haberler\/2024\/03\/18-mart-sehitler-gunu-dolayisiyla-iskelede-toren-duzenlendi-1710771278.webp\" \/><\/p>\n<p style=\"text-align:left\"><span style=\"font-size:16px\"><span style=\"font-family:Merriweather,serif !important\"><span style=\"color:#000000\"><span style=\"background-color:#ffffff\"><span style=\"font-size:16px !important\"><span style=\"font-family:Merriweather,serif !important\"><span style=\"color:#000000 !important\">An\u0131ta \u00e7elenklerin sunulmas\u0131yla ba\u015flayan t\u00f6rende sayg\u0131 duru\u015funda bulunuldu, sayg\u0131 at\u0131\u015f\u0131n\u0131n ard\u0131ndan \u0130stiklal Mar\u015f\u0131 okundu.&nbsp;<\/span><\/span><\/span><\/span><\/span><\/span><\/span><\/p>\n<p style=\"text-align:left\"><span style=\"font-size:16px\"><span style=\"font-family:Merriweather,serif !important\"><span style=\"color:#000000\"><span style=\"background-color:#ffffff\"><span style=\"font-size:16px !important\"><span style=\"font-family:Merriweather,serif !important\"><span style=\"color:#000000 !important\">\u0130skele Belediyesinden yap\u0131lan a\u00e7\u0131klamaya g\u00f6re, t\u00f6rene \u0130skele Kaymakam\u0131 Ertu\u011frul Toroslu, \u0130skele Belediye Ba\u015fkan\u0131 Hasan Sad\u0131ko\u011flu, K\u0131br\u0131s T\u00fcrk Bar\u0131\u015f Kuvvetleri Komutanl\u0131\u011f\u0131\u2019ndan Hava Savunma Binba\u015f\u0131 Emre S\u00fcmer, G\u00fcvenlik Kuvvetleri Komutanl\u0131\u011f\u0131\u2019ndan Piyade Binba\u015f\u0131 E\u011fitim Merkez Komutanl\u0131\u011f\u0131 Vekili Can Beyazo\u011flu, \u0130skele Polis M\u00fcd\u00fcr\u00fc Erdal \u015eanl\u0131da\u011f, Sivil Savunma Te\u015fkilat Ba\u015fkanl\u0131\u011f\u0131 \u0130skele B\u00f6lge M\u00fcd\u00fcr\u00fc Cemal Betmezo\u011flu, siyasi parti temsilcileri, okullar ile kurum, kurulu\u015f ve dernek temsilcileri kat\u0131ld\u0131.<\/span><\/span><\/span><\/span><\/span><\/span><\/span><\/p>\n<p style=\"text-align:left\"><span style=\"font-size:16px\"><span style=\"font-family:Merriweather,serif !important\"><span style=\"color:#000000\"><span style=\"background-color:#ffffff\"><span style=\"font-size:16px !important\"><span style=\"font-family:Merriweather,serif !important\"><span style=\"color:#000000 !important\">G\u00fcn\u00fcn anlam ve \u00f6nemini belirten konu\u015fmay\u0131 KTBK\u2019dan Te\u011fmen Tugay Avc\u0131 yapt\u0131. Avc\u0131, 18 Mart 1915 tarihinde \u00c7anakkale Bo\u011faz\u0131\u2019n\u0131n denizden ge\u00e7ilemeyece\u011finin t\u00fcm d\u00fcnyaya g\u00f6sterildi\u011fini s\u00f6yledi.&nbsp; Avc\u0131, Ulu \u00d6nder Mustafa Kemal Atat\u00fcrk ba\u015fta olmak \u00fczere vatan\u0131n b\u00f6l\u00fcnmez b\u00fct\u00fcnl\u00fc\u011f\u00fc ve milletin ba\u011f\u0131ms\u0131zl\u0131\u011f\u0131 u\u011fruna, canlar\u0131n\u0131 feda eden t\u00fcm \u015fehitleri rahmet ve \u015f\u00fckranla and\u0131.<\/span><\/span><\/span><\/span><\/span><\/span><\/span><\/p>\n<p style=\"text-align:left\"><span style=\"font-size:16px\"><span style=\"font-family:Merriweather,serif !important\"><span style=\"color:#000000\"><span style=\"background-color:#ffffff\"><span style=\"font-size:16px !important\"><span style=\"font-family:Merriweather,serif !important\"><span style=\"color:#000000 !important\">\u0130skele Evkaf TMK \u00d6\u011fretmeni Ay\u015fe \u015eenyi\u011fit Davulcuo\u011flu da g\u00fcn\u00fcn anlam ve \u00f6nemini belirten konu\u015fma yaparken, Bekirpa\u015fa Lisesi \u00d6\u011frencisi \u0130zlem Yenig\u00fcn \u2018Bir Yolcuya\u2019, \u0130skele Ticaret Lisesi \u00d6\u011frencisi Maksut Muratjanov \u2018\u00c7anakkale Destan\u0131\u2019 isimli \u015fiiri okudu.<\/span><\/span><\/span><\/span><\/span><\/span><\/span><\/p>\n<p style=\"text-align:left\"><span style=\"font-size:16px\"><span style=\"font-family:Merriweather,serif !important\"><span style=\"color:#000000\"><span style=\"background-color:#ffffff\"><span style=\"font-size:16px !important\"><span style=\"font-family:Merriweather,serif !important\"><span style=\"color:#000000 !important\">T\u00f6ren, dua okunmas\u0131yla son buldu.<\/span><\/span><\/span><\/span><\/span><\/span><\/span><\/p>\n","protected":false},"excerpt":{"rendered":"<p>An\u0131ta \u00e7elenklerin sunulmas\u0131yla ba\u015flayan t\u00f6rende sayg\u0131 duru\u015funda bulunuldu, sayg\u0131 at\u0131\u015f\u0131n\u0131n ard\u0131ndan \u0130stiklal Mar\u015f\u0131 okundu.&nbsp; \u0130skele Belediyesinden yap\u0131lan a\u00e7\u0131klamaya g\u00f6re, t\u00f6rene \u0130skele Kaymakam\u0131 Ertu\u011frul Toroslu, \u0130skele Belediye Ba\u015fkan\u0131 Hasan Sad\u0131ko\u011flu, K\u0131br\u0131s T\u00fcrk Bar\u0131\u015f Kuvvetleri Komutanl\u0131\u011f\u0131\u2019ndan Hava Savunma Binba\u015f\u0131 Emre S\u00fcmer, G\u00fcvenlik Kuvvetleri Komutanl\u0131\u011f\u0131\u2019ndan Piyade Binba\u015f\u0131 E\u011fitim Merkez Komutanl\u0131\u011f\u0131 Vekili Can Beyazo\u011flu, \u0130skele Polis M\u00fcd\u00fcr\u00fc Erdal \u015eanl\u0131da\u011f,<\/p>\n","protected":false},"author":1,"featured_media":34656,"comment_status":"open","ping_status":"open","sticky":false,"template":"","format":"standard","meta":{"footnotes":""},"categories":[79],"tags":[],"class_list":["post-34655","post","type-post","status-publish","format-standard","has-post-thumbnail","hentry","category-ekonomi"],"yoast_head":"<!-- This site is optimized with the Yoast SEO plugin v27.4 - https:\/\/yoast.com\/product\/yoast-seo-wordpress\/ -->\n<title>18 Mart \u015eehitler G\u00fcn\u00fc dolay\u0131s\u0131yla \u0130skele\u2019de t\u00f6ren d\u00fczenlendi -<\/title>\n<meta name=\"robots\" content=\"index, follow, max-snippet:-1, max-image-preview:large, max-video-preview:-1\" \/>\n<link rel=\"canonical\" href=\"https:\/\/kibrisdakik.com\/?p=34655\" \/>\n<meta property=\"og:locale\" content=\"tr_TR\" \/>\n<meta property=\"og:type\" content=\"article\" \/>\n<meta property=\"og:title\" content=\"18 Mart \u015eehitler G\u00fcn\u00fc dolay\u0131s\u0131yla \u0130skele\u2019de t\u00f6ren d\u00fczenlendi -\" \/>\n<meta property=\"og:description\" content=\"An\u0131ta \u00e7elenklerin sunulmas\u0131yla ba\u015flayan t\u00f6rende sayg\u0131 duru\u015funda bulunuldu, sayg\u0131 at\u0131\u015f\u0131n\u0131n ard\u0131ndan \u0130stiklal Mar\u015f\u0131 okundu.&nbsp; \u0130skele Belediyesinden yap\u0131lan a\u00e7\u0131klamaya g\u00f6re, t\u00f6rene \u0130skele Kaymakam\u0131 Ertu\u011frul Toroslu, \u0130skele Belediye Ba\u015fkan\u0131 Hasan Sad\u0131ko\u011flu, K\u0131br\u0131s T\u00fcrk Bar\u0131\u015f Kuvvetleri Komutanl\u0131\u011f\u0131\u2019ndan Hava Savunma Binba\u015f\u0131 Emre S\u00fcmer, G\u00fcvenlik Kuvvetleri Komutanl\u0131\u011f\u0131\u2019ndan Piyade Binba\u015f\u0131 E\u011fitim Merkez Komutanl\u0131\u011f\u0131 Vekili Can Beyazo\u011flu, \u0130skele Polis M\u00fcd\u00fcr\u00fc Erdal \u015eanl\u0131da\u011f,\" \/>\n<meta property=\"og:url\" content=\"https:\/\/kibrisdakik.com\/?p=34655\" \/>\n<meta property=\"article:published_time\" content=\"2024-03-18T14:24:48+00:00\" \/>\n<meta property=\"og:image\" content=\"https:\/\/kibrisdakik.com\/wp-content\/uploads\/2024\/03\/18-mart-sehitler-gunu-dolayisiyla-iskelede-toren-duzenlendi-1710771278.webp.webp\" \/>\n\t<meta property=\"og:image:width\" content=\"710\" \/>\n\t<meta property=\"og:image:height\" content=\"370\" \/>\n\t<meta property=\"og:image:type\" content=\"image\/webp\" \/>\n<meta name=\"author\" content=\"admin\" \/>\n<meta name=\"twitter:card\" content=\"summary_large_image\" \/>\n<meta name=\"twitter:label1\" content=\"Yazan:\" \/>\n\t<meta name=\"twitter:data1\" content=\"admin\" \/>\n\t<meta name=\"twitter:label2\" content=\"Tahmini okuma s\u00fcresi\" \/>\n\t<meta name=\"twitter:data2\" content=\"1 dakika\" \/>\n<script type=\"application\/ld+json\" class=\"yoast-schema-graph\">{\"@context\":\"https:\\\/\\\/schema.org\",\"@graph\":[{\"@type\":\"Article\",\"@id\":\"https:\\\/\\\/kibrisdakik.com\\\/?p=34655#article\",\"isPartOf\":{\"@id\":\"https:\\\/\\\/kibrisdakik.com\\\/?p=34655\"},\"author\":{\"name\":\"admin\",\"@id\":\"https:\\\/\\\/kibrisdakik.com\\\/#\\\/schema\\\/person\\\/9cd9d437bbb44f72b73ba127e06d8e79\"},\"headline\":\"18 Mart \u015eehitler G\u00fcn\u00fc dolay\u0131s\u0131yla \u0130skele\u2019de t\u00f6ren d\u00fczenlendi\",\"datePublished\":\"2024-03-18T14:24:48+00:00\",\"mainEntityOfPage\":{\"@id\":\"https:\\\/\\\/kibrisdakik.com\\\/?p=34655\"},\"wordCount\":247,\"commentCount\":0,\"image\":{\"@id\":\"https:\\\/\\\/kibrisdakik.com\\\/?p=34655#primaryimage\"},\"thumbnailUrl\":\"https:\\\/\\\/kibrisdakik.com\\\/wp-content\\\/uploads\\\/2024\\\/03\\\/18-mart-sehitler-gunu-dolayisiyla-iskelede-toren-duzenlendi-1710771278.webp.webp\",\"articleSection\":[\"Ekonomi\"],\"inLanguage\":\"tr\",\"potentialAction\":[{\"@type\":\"CommentAction\",\"name\":\"Comment\",\"target\":[\"https:\\\/\\\/kibrisdakik.com\\\/?p=34655#respond\"]}]},{\"@type\":\"WebPage\",\"@id\":\"https:\\\/\\\/kibrisdakik.com\\\/?p=34655\",\"url\":\"https:\\\/\\\/kibrisdakik.com\\\/?p=34655\",\"name\":\"18 Mart \u015eehitler G\u00fcn\u00fc dolay\u0131s\u0131yla \u0130skele\u2019de t\u00f6ren d\u00fczenlendi -\",\"isPartOf\":{\"@id\":\"https:\\\/\\\/kibrisdakik.com\\\/#website\"},\"primaryImageOfPage\":{\"@id\":\"https:\\\/\\\/kibrisdakik.com\\\/?p=34655#primaryimage\"},\"image\":{\"@id\":\"https:\\\/\\\/kibrisdakik.com\\\/?p=34655#primaryimage\"},\"thumbnailUrl\":\"https:\\\/\\\/kibrisdakik.com\\\/wp-content\\\/uploads\\\/2024\\\/03\\\/18-mart-sehitler-gunu-dolayisiyla-iskelede-toren-duzenlendi-1710771278.webp.webp\",\"datePublished\":\"2024-03-18T14:24:48+00:00\",\"author\":{\"@id\":\"https:\\\/\\\/kibrisdakik.com\\\/#\\\/schema\\\/person\\\/9cd9d437bbb44f72b73ba127e06d8e79\"},\"breadcrumb\":{\"@id\":\"https:\\\/\\\/kibrisdakik.com\\\/?p=34655#breadcrumb\"},\"inLanguage\":\"tr\",\"potentialAction\":[{\"@type\":\"ReadAction\",\"target\":[\"https:\\\/\\\/kibrisdakik.com\\\/?p=34655\"]}]},{\"@type\":\"ImageObject\",\"inLanguage\":\"tr\",\"@id\":\"https:\\\/\\\/kibrisdakik.com\\\/?p=34655#primaryimage\",\"url\":\"https:\\\/\\\/kibrisdakik.com\\\/wp-content\\\/uploads\\\/2024\\\/03\\\/18-mart-sehitler-gunu-dolayisiyla-iskelede-toren-duzenlendi-1710771278.webp.webp\",\"contentUrl\":\"https:\\\/\\\/kibrisdakik.com\\\/wp-content\\\/uploads\\\/2024\\\/03\\\/18-mart-sehitler-gunu-dolayisiyla-iskelede-toren-duzenlendi-1710771278.webp.webp\",\"width\":710,\"height\":370},{\"@type\":\"BreadcrumbList\",\"@id\":\"https:\\\/\\\/kibrisdakik.com\\\/?p=34655#breadcrumb\",\"itemListElement\":[{\"@type\":\"ListItem\",\"position\":1,\"name\":\"Home\",\"item\":\"https:\\\/\\\/kibrisdakik.com\\\/\"},{\"@type\":\"ListItem\",\"position\":2,\"name\":\"18 Mart \u015eehitler G\u00fcn\u00fc dolay\u0131s\u0131yla \u0130skele\u2019de t\u00f6ren d\u00fczenlendi\"}]},{\"@type\":\"WebSite\",\"@id\":\"https:\\\/\\\/kibrisdakik.com\\\/#website\",\"url\":\"https:\\\/\\\/kibrisdakik.com\\\/\",\"name\":\"\",\"description\":\"Tam vaktinde haber\",\"potentialAction\":[{\"@type\":\"SearchAction\",\"target\":{\"@type\":\"EntryPoint\",\"urlTemplate\":\"https:\\\/\\\/kibrisdakik.com\\\/?s={search_term_string}\"},\"query-input\":{\"@type\":\"PropertyValueSpecification\",\"valueRequired\":true,\"valueName\":\"search_term_string\"}}],\"inLanguage\":\"tr\"},{\"@type\":\"Person\",\"@id\":\"https:\\\/\\\/kibrisdakik.com\\\/#\\\/schema\\\/person\\\/9cd9d437bbb44f72b73ba127e06d8e79\",\"name\":\"admin\",\"image\":{\"@type\":\"ImageObject\",\"inLanguage\":\"tr\",\"@id\":\"https:\\\/\\\/secure.gravatar.com\\\/avatar\\\/ccc17943b9d660506c869530f897617f7cb1c21a4bf30023f252596d83e1f007?s=96&d=mm&r=g\",\"url\":\"https:\\\/\\\/secure.gravatar.com\\\/avatar\\\/ccc17943b9d660506c869530f897617f7cb1c21a4bf30023f252596d83e1f007?s=96&d=mm&r=g\",\"contentUrl\":\"https:\\\/\\\/secure.gravatar.com\\\/avatar\\\/ccc17943b9d660506c869530f897617f7cb1c21a4bf30023f252596d83e1f007?s=96&d=mm&r=g\",\"caption\":\"admin\"},\"sameAs\":[\"https:\\\/\\\/kibrisdakik.com\"],\"url\":\"https:\\\/\\\/kibrisdakik.com\\\/?author=1\"}]}<\/script>\n<!-- \/ Yoast SEO plugin. -->","yoast_head_json":{"title":"18 Mart \u015eehitler G\u00fcn\u00fc dolay\u0131s\u0131yla \u0130skele\u2019de t\u00f6ren d\u00fczenlendi -","robots":{"index":"index","follow":"follow","max-snippet":"max-snippet:-1","max-image-preview":"max-image-preview:large","max-video-preview":"max-video-preview:-1"},"canonical":"https:\/\/kibrisdakik.com\/?p=34655","og_locale":"tr_TR","og_type":"article","og_title":"18 Mart \u015eehitler G\u00fcn\u00fc dolay\u0131s\u0131yla \u0130skele\u2019de t\u00f6ren d\u00fczenlendi -","og_description":"An\u0131ta \u00e7elenklerin sunulmas\u0131yla ba\u015flayan t\u00f6rende sayg\u0131 duru\u015funda bulunuldu, sayg\u0131 at\u0131\u015f\u0131n\u0131n ard\u0131ndan \u0130stiklal Mar\u015f\u0131 okundu.&nbsp; \u0130skele Belediyesinden yap\u0131lan a\u00e7\u0131klamaya g\u00f6re, t\u00f6rene \u0130skele Kaymakam\u0131 Ertu\u011frul Toroslu, \u0130skele Belediye Ba\u015fkan\u0131 Hasan Sad\u0131ko\u011flu, K\u0131br\u0131s T\u00fcrk Bar\u0131\u015f Kuvvetleri Komutanl\u0131\u011f\u0131\u2019ndan Hava Savunma Binba\u015f\u0131 Emre S\u00fcmer, G\u00fcvenlik Kuvvetleri Komutanl\u0131\u011f\u0131\u2019ndan Piyade Binba\u015f\u0131 E\u011fitim Merkez Komutanl\u0131\u011f\u0131 Vekili Can Beyazo\u011flu, \u0130skele Polis M\u00fcd\u00fcr\u00fc Erdal \u015eanl\u0131da\u011f,","og_url":"https:\/\/kibrisdakik.com\/?p=34655","article_published_time":"2024-03-18T14:24:48+00:00","og_image":[{"width":710,"height":370,"url":"https:\/\/kibrisdakik.com\/wp-content\/uploads\/2024\/03\/18-mart-sehitler-gunu-dolayisiyla-iskelede-toren-duzenlendi-1710771278.webp.webp","type":"image\/webp"}],"author":"admin","twitter_card":"summary_large_image","twitter_misc":{"Yazan:":"admin","Tahmini okuma s\u00fcresi":"1 dakika"},"schema":{"@context":"https:\/\/schema.org","@graph":[{"@type":"Article","@id":"https:\/\/kibrisdakik.com\/?p=34655#article","isPartOf":{"@id":"https:\/\/kibrisdakik.com\/?p=34655"},"author":{"name":"admin","@id":"https:\/\/kibrisdakik.com\/#\/schema\/person\/9cd9d437bbb44f72b73ba127e06d8e79"},"headline":"18 Mart \u015eehitler G\u00fcn\u00fc dolay\u0131s\u0131yla \u0130skele\u2019de t\u00f6ren d\u00fczenlendi","datePublished":"2024-03-18T14:24:48+00:00","mainEntityOfPage":{"@id":"https:\/\/kibrisdakik.com\/?p=34655"},"wordCount":247,"commentCount":0,"image":{"@id":"https:\/\/kibrisdakik.com\/?p=34655#primaryimage"},"thumbnailUrl":"https:\/\/kibrisdakik.com\/wp-content\/uploads\/2024\/03\/18-mart-sehitler-gunu-dolayisiyla-iskelede-toren-duzenlendi-1710771278.webp.webp","articleSection":["Ekonomi"],"inLanguage":"tr","potentialAction":[{"@type":"CommentAction","name":"Comment","target":["https:\/\/kibrisdakik.com\/?p=34655#respond"]}]},{"@type":"WebPage","@id":"https:\/\/kibrisdakik.com\/?p=34655","url":"https:\/\/kibrisdakik.com\/?p=34655","name":"18 Mart \u015eehitler G\u00fcn\u00fc dolay\u0131s\u0131yla \u0130skele\u2019de t\u00f6ren d\u00fczenlendi -","isPartOf":{"@id":"https:\/\/kibrisdakik.com\/#website"},"primaryImageOfPage":{"@id":"https:\/\/kibrisdakik.com\/?p=34655#primaryimage"},"image":{"@id":"https:\/\/kibrisdakik.com\/?p=34655#primaryimage"},"thumbnailUrl":"https:\/\/kibrisdakik.com\/wp-content\/uploads\/2024\/03\/18-mart-sehitler-gunu-dolayisiyla-iskelede-toren-duzenlendi-1710771278.webp.webp","datePublished":"2024-03-18T14:24:48+00:00","author":{"@id":"https:\/\/kibrisdakik.com\/#\/schema\/person\/9cd9d437bbb44f72b73ba127e06d8e79"},"breadcrumb":{"@id":"https:\/\/kibrisdakik.com\/?p=34655#breadcrumb"},"inLanguage":"tr","potentialAction":[{"@type":"ReadAction","target":["https:\/\/kibrisdakik.com\/?p=34655"]}]},{"@type":"ImageObject","inLanguage":"tr","@id":"https:\/\/kibrisdakik.com\/?p=34655#primaryimage","url":"https:\/\/kibrisdakik.com\/wp-content\/uploads\/2024\/03\/18-mart-sehitler-gunu-dolayisiyla-iskelede-toren-duzenlendi-1710771278.webp.webp","contentUrl":"https:\/\/kibrisdakik.com\/wp-content\/uploads\/2024\/03\/18-mart-sehitler-gunu-dolayisiyla-iskelede-toren-duzenlendi-1710771278.webp.webp","width":710,"height":370},{"@type":"BreadcrumbList","@id":"https:\/\/kibrisdakik.com\/?p=34655#breadcrumb","itemListElement":[{"@type":"ListItem","position":1,"name":"Home","item":"https:\/\/kibrisdakik.com\/"},{"@type":"ListItem","position":2,"name":"18 Mart \u015eehitler G\u00fcn\u00fc dolay\u0131s\u0131yla \u0130skele\u2019de t\u00f6ren d\u00fczenlendi"}]},{"@type":"WebSite","@id":"https:\/\/kibrisdakik.com\/#website","url":"https:\/\/kibrisdakik.com\/","name":"","description":"Tam vaktinde haber","potentialAction":[{"@type":"SearchAction","target":{"@type":"EntryPoint","urlTemplate":"https:\/\/kibrisdakik.com\/?s={search_term_string}"},"query-input":{"@type":"PropertyValueSpecification","valueRequired":true,"valueName":"search_term_string"}}],"inLanguage":"tr"},{"@type":"Person","@id":"https:\/\/kibrisdakik.com\/#\/schema\/person\/9cd9d437bbb44f72b73ba127e06d8e79","name":"admin","image":{"@type":"ImageObject","inLanguage":"tr","@id":"https:\/\/secure.gravatar.com\/avatar\/ccc17943b9d660506c869530f897617f7cb1c21a4bf30023f252596d83e1f007?s=96&d=mm&r=g","url":"https:\/\/secure.gravatar.com\/avatar\/ccc17943b9d660506c869530f897617f7cb1c21a4bf30023f252596d83e1f007?s=96&d=mm&r=g","contentUrl":"https:\/\/secure.gravatar.com\/avatar\/ccc17943b9d660506c869530f897617f7cb1c21a4bf30023f252596d83e1f007?s=96&d=mm&r=g","caption":"admin"},"sameAs":["https:\/\/kibrisdakik.com"],"url":"https:\/\/kibrisdakik.com\/?author=1"}]}},"_links":{"self":[{"href":"https:\/\/kibrisdakik.com\/index.php?rest_route=\/wp\/v2\/posts\/34655","targetHints":{"allow":["GET"]}}],"collection":[{"href":"https:\/\/kibrisdakik.com\/index.php?rest_route=\/wp\/v2\/posts"}],"about":[{"href":"https:\/\/kibrisdakik.com\/index.php?rest_route=\/wp\/v2\/types\/post"}],"author":[{"embeddable":true,"href":"https:\/\/kibrisdakik.com\/index.php?rest_route=\/wp\/v2\/users\/1"}],"replies":[{"embeddable":true,"href":"https:\/\/kibrisdakik.com\/index.php?rest_route=%2Fwp%2Fv2%2Fcomments&post=34655"}],"version-history":[{"count":0,"href":"https:\/\/kibrisdakik.com\/index.php?rest_route=\/wp\/v2\/posts\/34655\/revisions"}],"wp:featuredmedia":[{"embeddable":true,"href":"https:\/\/kibrisdakik.com\/index.php?rest_route=\/wp\/v2\/media\/34656"}],"wp:attachment":[{"href":"https:\/\/kibrisdakik.com\/index.php?rest_route=%2Fwp%2Fv2%2Fmedia&parent=34655"}],"wp:term":[{"taxonomy":"category","embeddable":true,"href":"https:\/\/kibrisdakik.com\/index.php?rest_route=%2Fwp%2Fv2%2Fcategories&post=34655"},{"taxonomy":"post_tag","embeddable":true,"href":"https:\/\/kibrisdakik.com\/index.php?rest_route=%2Fwp%2Fv2%2Ftags&post=34655"}],"curies":[{"name":"wp","href":"https:\/\/api.w.org\/{rel}","templated":true}]}}