{"id":34666,"date":"2024-03-18T15:49:51","date_gmt":"2024-03-18T15:49:51","guid":{"rendered":"https:\/\/kibrisdakik.com\/index.php\/2024\/03\/18\/meclis-genel-kurulu-bugunku-calismalarini-tamamladi-2\/"},"modified":"2024-03-18T15:49:51","modified_gmt":"2024-03-18T15:49:51","slug":"meclis-genel-kurulu-bugunku-calismalarini-tamamladi-2","status":"publish","type":"post","link":"https:\/\/kibrisdakik.com\/?p=34666","title":{"rendered":"Meclis Genel Kurulu bug\u00fcnk\u00fc \u00e7al\u0131\u015fmalar\u0131n\u0131 tamamlad\u0131"},"content":{"rendered":"<p><img decoding=\"async\" src=\"https:\/\/www.kibristurk.com\/images\/haberler\/2024\/03\/meclis-genel-kurulu-bugunku-calismalarini-tamamladi-1710776337.webp\" \/><\/p>\n<p style=\"text-align:left\"><span style=\"font-size:16px\"><span style=\"font-family:Merriweather,serif !important\"><span style=\"color:#000000\"><span style=\"background-color:#ffffff\">Genel Kurulda son olarak \u201cYurt D\u0131\u015f\u0131nda G\u00f6rev Yapan Personelin Kadrolar\u0131 ve D\u0131\u015f G\u00f6rev \u00d6denekleri (De\u011fi\u015fiklik) Yasa Tasar\u0131s\u0131&#8221; ele al\u0131nd\u0131. &nbsp;<\/span><\/span><\/span><\/span><\/p>\n<p style=\"text-align:left\"><span style=\"font-size:16px\"><span style=\"font-family:Merriweather,serif !important\"><span style=\"color:#000000\"><span style=\"background-color:#ffffff\">\u0130dari Kamu ve Sa\u011fl\u0131k \u0130\u015fleri Komitesi Ba\u015fkan\u0131 Emrah Ye\u015fil\u0131rmak, yasa tasar\u0131s\u0131na ili\u015fkin raporu okuduktan sonra, yasa de\u011fi\u015fikli\u011fi konusunda baz\u0131 bilgiler vererek, uzun y\u0131llard\u0131r yurt d\u0131\u015f\u0131nda g\u00f6rev yapan personelin atanmas\u0131yla ilgili tart\u0131\u015fmalar oldu\u011funa i\u015faret ederek, yap\u0131lan de\u011fi\u015fikliklerle yasada bu konuda yer alan \u00e7eli\u015fkilerin giderildi\u011fini s\u00f6yledi.<\/span><\/span><\/span><\/span><\/p>\n<p style=\"text-align:left\">&nbsp;<\/p>\n<p style=\"text-align:left\"><span style=\"font-size:16px\"><span style=\"font-family:Merriweather,serif !important\"><span style=\"color:#000000\"><span style=\"background-color:#ffffff\">Yasa de\u011fi\u015fikli\u011fiyle m\u00fc\u015favirlerin atanma ko\u015fullar\u0131n\u0131n yeniden d\u00fczenlendi\u011fine i\u015faret eden Ye\u015fil\u0131rmak, bir \u00f6nceki yasada, vize ve \u00e7al\u0131\u015fma \u00fccreti \u00f6dene\u011fi bulunmad\u0131\u011f\u0131n\u0131 s\u00f6yledi. Ye\u015fil\u0131rmak, yap\u0131lan de\u011fi\u015fiklikle yasaya bunlar\u0131n eklendi\u011fini kaydetti.<\/span><\/span><\/span><\/span><\/p>\n<p style=\"text-align:left\"><span style=\"font-size:16px\"><span style=\"font-family:Merriweather,serif !important\"><span style=\"color:#000000\"><span style=\"background-color:#ffffff\">De\u011fi\u015fiklik yasas\u0131yla yurt d\u0131\u015f\u0131nda g\u00f6rev yapan personelin kadro say\u0131lar\u0131n\u0131n da yeniden d\u00fczenlendi\u011fini ifade eden Ye\u015fil\u0131rmak, yasada yer alan mali ata\u015fe say\u0131s\u0131n\u0131n 7\u2019den 4\u2019e, idari ata\u015fe say\u0131s\u0131n\u0131n 4\u2019den 3\u2019e, ticaret ata\u015fe say\u0131s\u0131n\u0131n 5\u2019den 1\u2019e, e\u011fitim ata\u015fe say\u0131s\u0131n\u0131n 10\u2019dan 6\u2019ya, enformasyon tan\u0131tma ve bas\u0131n ata\u015fesi say\u0131s\u0131n\u0131n 3\u2019den 2\u2019ye d\u00fc\u015f\u00fcr\u00fcld\u00fc\u011f\u00fcn\u00fc kaydetti.<\/span><\/span><\/span><\/span><\/p>\n<p style=\"text-align:left\"><span style=\"font-size:16px\"><span style=\"font-family:Merriweather,serif !important\"><span style=\"color:#000000\"><span style=\"background-color:#ffffff\">Ye\u015fil\u0131rmak, yasayla s\u0131n\u0131rs\u0131z m\u00fc\u015favir atamas\u0131 yap\u0131labildi\u011fini, yap\u0131lan de\u011fi\u015fiklikle bunun 5\u2019le s\u0131n\u0131rland\u0131r\u0131ld\u0131\u011f\u0131n\u0131 ifade ederek, sa\u011fl\u0131k ata\u015fesi say\u0131s\u0131nda de\u011fi\u015fikli\u011fe gidilmedi\u011fini ve eksiklik olan yasaya sahil g\u00fcvenlik ata\u015fesinin eklenmesinin uygun bulundu\u011funu kaydetti.<\/span><\/span><\/span><\/span><\/p>\n<p style=\"text-align:left\"><span style=\"font-size:16px\"><span style=\"font-family:Merriweather,serif !important\"><span style=\"color:#000000\"><span style=\"background-color:#ffffff\">Meclis Genel Kurulunda tasar\u0131n\u0131n madde madde g\u00f6r\u00fc\u015f\u00fclmesinin ard\u0131ndan, tasar\u0131n\u0131n b\u00fct\u00fcn\u00fc oyland\u0131. Yasa tasar\u0131s\u0131 oy birli\u011fiyle kabul edildi.<\/span><\/span><\/span><\/span><\/p>\n<p style=\"text-align:left\"><span style=\"font-size:16px\"><span style=\"font-family:Merriweather,serif !important\"><span style=\"color:#000000\"><span style=\"background-color:#ffffff\">Toplant\u0131da daha sonra ikinci g\u00f6r\u00fc\u015fmesi ge\u00e7en hafta tamamlanan G\u00fcmr\u00fck Vergileri Tarife (De\u011fi\u015fiklik) Yasa Tasar\u0131s\u0131\u2019n\u0131n b\u00fct\u00fcn\u00fc a\u00e7\u0131k olarak oyland\u0131. Tasar\u0131 oy birli\u011fiyle kabul edildi.<\/span><\/span><\/span><\/span><\/p>\n<p style=\"text-align:left\">&nbsp;<\/p>\n<p style=\"text-align:left\"><span style=\"font-size:16px\"><span style=\"font-family:Merriweather,serif !important\"><span style=\"color:#000000\"><span style=\"background-color:#ffffff\">Meclis Genel Kurulu daha sonra bug\u00fcnk\u00fc \u00e7al\u0131\u015fmalar\u0131n\u0131 tamamlad\u0131. Meclisin bir sonraki birle\u015fimi yar\u0131n saat 10.00\u2019da yap\u0131lacak.<\/span><\/span><\/span><\/span><\/p>\n","protected":false},"excerpt":{"rendered":"<p>Genel Kurulda son olarak \u201cYurt D\u0131\u015f\u0131nda G\u00f6rev Yapan Personelin Kadrolar\u0131 ve D\u0131\u015f G\u00f6rev \u00d6denekleri (De\u011fi\u015fiklik) Yasa Tasar\u0131s\u0131&#8221; ele al\u0131nd\u0131. &nbsp; \u0130dari Kamu ve Sa\u011fl\u0131k \u0130\u015fleri Komitesi Ba\u015fkan\u0131 Emrah Ye\u015fil\u0131rmak, yasa tasar\u0131s\u0131na ili\u015fkin raporu okuduktan sonra, yasa de\u011fi\u015fikli\u011fi konusunda baz\u0131 bilgiler vererek, uzun y\u0131llard\u0131r yurt d\u0131\u015f\u0131nda g\u00f6rev yapan personelin atanmas\u0131yla ilgili tart\u0131\u015fmalar oldu\u011funa i\u015faret ederek, yap\u0131lan<\/p>\n","protected":false},"author":1,"featured_media":34667,"comment_status":"open","ping_status":"open","sticky":false,"template":"","format":"standard","meta":{"footnotes":""},"categories":[85],"tags":[],"class_list":["post-34666","post","type-post","status-publish","format-standard","has-post-thumbnail","hentry","category-spor"],"yoast_head":"<!-- This site is optimized with the Yoast SEO plugin v27.4 - https:\/\/yoast.com\/product\/yoast-seo-wordpress\/ -->\n<title>Meclis Genel Kurulu bug\u00fcnk\u00fc \u00e7al\u0131\u015fmalar\u0131n\u0131 tamamlad\u0131 -<\/title>\n<meta name=\"robots\" content=\"index, follow, max-snippet:-1, max-image-preview:large, max-video-preview:-1\" \/>\n<link rel=\"canonical\" href=\"https:\/\/kibrisdakik.com\/?p=34666\" \/>\n<meta property=\"og:locale\" content=\"tr_TR\" \/>\n<meta property=\"og:type\" content=\"article\" \/>\n<meta property=\"og:title\" content=\"Meclis Genel Kurulu bug\u00fcnk\u00fc \u00e7al\u0131\u015fmalar\u0131n\u0131 tamamlad\u0131 -\" \/>\n<meta property=\"og:description\" content=\"Genel Kurulda son olarak \u201cYurt D\u0131\u015f\u0131nda G\u00f6rev Yapan Personelin Kadrolar\u0131 ve D\u0131\u015f G\u00f6rev \u00d6denekleri (De\u011fi\u015fiklik) Yasa Tasar\u0131s\u0131&#8221; ele al\u0131nd\u0131. &nbsp; \u0130dari Kamu ve Sa\u011fl\u0131k \u0130\u015fleri Komitesi Ba\u015fkan\u0131 Emrah Ye\u015fil\u0131rmak, yasa tasar\u0131s\u0131na ili\u015fkin raporu okuduktan sonra, yasa de\u011fi\u015fikli\u011fi konusunda baz\u0131 bilgiler vererek, uzun y\u0131llard\u0131r yurt d\u0131\u015f\u0131nda g\u00f6rev yapan personelin atanmas\u0131yla ilgili tart\u0131\u015fmalar oldu\u011funa i\u015faret ederek, yap\u0131lan\" \/>\n<meta property=\"og:url\" content=\"https:\/\/kibrisdakik.com\/?p=34666\" \/>\n<meta property=\"article:published_time\" content=\"2024-03-18T15:49:51+00:00\" \/>\n<meta property=\"og:image\" content=\"https:\/\/kibrisdakik.com\/wp-content\/uploads\/2024\/03\/meclis-genel-kurulu-bugunku-calismalarini-tamamladi-1710776337.webp.webp\" \/>\n\t<meta property=\"og:image:width\" content=\"710\" \/>\n\t<meta property=\"og:image:height\" content=\"370\" \/>\n\t<meta property=\"og:image:type\" content=\"image\/webp\" \/>\n<meta name=\"author\" content=\"admin\" \/>\n<meta name=\"twitter:card\" content=\"summary_large_image\" \/>\n<meta name=\"twitter:label1\" content=\"Yazan:\" \/>\n\t<meta name=\"twitter:data1\" content=\"admin\" \/>\n\t<meta name=\"twitter:label2\" content=\"Tahmini okuma s\u00fcresi\" \/>\n\t<meta name=\"twitter:data2\" content=\"2 dakika\" \/>\n<script type=\"application\/ld+json\" class=\"yoast-schema-graph\">{\"@context\":\"https:\\\/\\\/schema.org\",\"@graph\":[{\"@type\":\"Article\",\"@id\":\"https:\\\/\\\/kibrisdakik.com\\\/?p=34666#article\",\"isPartOf\":{\"@id\":\"https:\\\/\\\/kibrisdakik.com\\\/?p=34666\"},\"author\":{\"name\":\"admin\",\"@id\":\"https:\\\/\\\/kibrisdakik.com\\\/#\\\/schema\\\/person\\\/9cd9d437bbb44f72b73ba127e06d8e79\"},\"headline\":\"Meclis Genel Kurulu bug\u00fcnk\u00fc \u00e7al\u0131\u015fmalar\u0131n\u0131 tamamlad\u0131\",\"datePublished\":\"2024-03-18T15:49:51+00:00\",\"mainEntityOfPage\":{\"@id\":\"https:\\\/\\\/kibrisdakik.com\\\/?p=34666\"},\"wordCount\":388,\"commentCount\":0,\"image\":{\"@id\":\"https:\\\/\\\/kibrisdakik.com\\\/?p=34666#primaryimage\"},\"thumbnailUrl\":\"https:\\\/\\\/kibrisdakik.com\\\/wp-content\\\/uploads\\\/2024\\\/03\\\/meclis-genel-kurulu-bugunku-calismalarini-tamamladi-1710776337.webp.webp\",\"articleSection\":[\"Spor\"],\"inLanguage\":\"tr\",\"potentialAction\":[{\"@type\":\"CommentAction\",\"name\":\"Comment\",\"target\":[\"https:\\\/\\\/kibrisdakik.com\\\/?p=34666#respond\"]}]},{\"@type\":\"WebPage\",\"@id\":\"https:\\\/\\\/kibrisdakik.com\\\/?p=34666\",\"url\":\"https:\\\/\\\/kibrisdakik.com\\\/?p=34666\",\"name\":\"Meclis Genel Kurulu bug\u00fcnk\u00fc \u00e7al\u0131\u015fmalar\u0131n\u0131 tamamlad\u0131 -\",\"isPartOf\":{\"@id\":\"https:\\\/\\\/kibrisdakik.com\\\/#website\"},\"primaryImageOfPage\":{\"@id\":\"https:\\\/\\\/kibrisdakik.com\\\/?p=34666#primaryimage\"},\"image\":{\"@id\":\"https:\\\/\\\/kibrisdakik.com\\\/?p=34666#primaryimage\"},\"thumbnailUrl\":\"https:\\\/\\\/kibrisdakik.com\\\/wp-content\\\/uploads\\\/2024\\\/03\\\/meclis-genel-kurulu-bugunku-calismalarini-tamamladi-1710776337.webp.webp\",\"datePublished\":\"2024-03-18T15:49:51+00:00\",\"author\":{\"@id\":\"https:\\\/\\\/kibrisdakik.com\\\/#\\\/schema\\\/person\\\/9cd9d437bbb44f72b73ba127e06d8e79\"},\"breadcrumb\":{\"@id\":\"https:\\\/\\\/kibrisdakik.com\\\/?p=34666#breadcrumb\"},\"inLanguage\":\"tr\",\"potentialAction\":[{\"@type\":\"ReadAction\",\"target\":[\"https:\\\/\\\/kibrisdakik.com\\\/?p=34666\"]}]},{\"@type\":\"ImageObject\",\"inLanguage\":\"tr\",\"@id\":\"https:\\\/\\\/kibrisdakik.com\\\/?p=34666#primaryimage\",\"url\":\"https:\\\/\\\/kibrisdakik.com\\\/wp-content\\\/uploads\\\/2024\\\/03\\\/meclis-genel-kurulu-bugunku-calismalarini-tamamladi-1710776337.webp.webp\",\"contentUrl\":\"https:\\\/\\\/kibrisdakik.com\\\/wp-content\\\/uploads\\\/2024\\\/03\\\/meclis-genel-kurulu-bugunku-calismalarini-tamamladi-1710776337.webp.webp\",\"width\":710,\"height\":370},{\"@type\":\"BreadcrumbList\",\"@id\":\"https:\\\/\\\/kibrisdakik.com\\\/?p=34666#breadcrumb\",\"itemListElement\":[{\"@type\":\"ListItem\",\"position\":1,\"name\":\"Home\",\"item\":\"https:\\\/\\\/kibrisdakik.com\\\/\"},{\"@type\":\"ListItem\",\"position\":2,\"name\":\"Meclis Genel Kurulu bug\u00fcnk\u00fc \u00e7al\u0131\u015fmalar\u0131n\u0131 tamamlad\u0131\"}]},{\"@type\":\"WebSite\",\"@id\":\"https:\\\/\\\/kibrisdakik.com\\\/#website\",\"url\":\"https:\\\/\\\/kibrisdakik.com\\\/\",\"name\":\"\",\"description\":\"Tam vaktinde haber\",\"potentialAction\":[{\"@type\":\"SearchAction\",\"target\":{\"@type\":\"EntryPoint\",\"urlTemplate\":\"https:\\\/\\\/kibrisdakik.com\\\/?s={search_term_string}\"},\"query-input\":{\"@type\":\"PropertyValueSpecification\",\"valueRequired\":true,\"valueName\":\"search_term_string\"}}],\"inLanguage\":\"tr\"},{\"@type\":\"Person\",\"@id\":\"https:\\\/\\\/kibrisdakik.com\\\/#\\\/schema\\\/person\\\/9cd9d437bbb44f72b73ba127e06d8e79\",\"name\":\"admin\",\"image\":{\"@type\":\"ImageObject\",\"inLanguage\":\"tr\",\"@id\":\"https:\\\/\\\/secure.gravatar.com\\\/avatar\\\/ccc17943b9d660506c869530f897617f7cb1c21a4bf30023f252596d83e1f007?s=96&d=mm&r=g\",\"url\":\"https:\\\/\\\/secure.gravatar.com\\\/avatar\\\/ccc17943b9d660506c869530f897617f7cb1c21a4bf30023f252596d83e1f007?s=96&d=mm&r=g\",\"contentUrl\":\"https:\\\/\\\/secure.gravatar.com\\\/avatar\\\/ccc17943b9d660506c869530f897617f7cb1c21a4bf30023f252596d83e1f007?s=96&d=mm&r=g\",\"caption\":\"admin\"},\"sameAs\":[\"https:\\\/\\\/kibrisdakik.com\"],\"url\":\"https:\\\/\\\/kibrisdakik.com\\\/?author=1\"}]}<\/script>\n<!-- \/ Yoast SEO plugin. -->","yoast_head_json":{"title":"Meclis Genel Kurulu bug\u00fcnk\u00fc \u00e7al\u0131\u015fmalar\u0131n\u0131 tamamlad\u0131 -","robots":{"index":"index","follow":"follow","max-snippet":"max-snippet:-1","max-image-preview":"max-image-preview:large","max-video-preview":"max-video-preview:-1"},"canonical":"https:\/\/kibrisdakik.com\/?p=34666","og_locale":"tr_TR","og_type":"article","og_title":"Meclis Genel Kurulu bug\u00fcnk\u00fc \u00e7al\u0131\u015fmalar\u0131n\u0131 tamamlad\u0131 -","og_description":"Genel Kurulda son olarak \u201cYurt D\u0131\u015f\u0131nda G\u00f6rev Yapan Personelin Kadrolar\u0131 ve D\u0131\u015f G\u00f6rev \u00d6denekleri (De\u011fi\u015fiklik) Yasa Tasar\u0131s\u0131&#8221; ele al\u0131nd\u0131. &nbsp; \u0130dari Kamu ve Sa\u011fl\u0131k \u0130\u015fleri Komitesi Ba\u015fkan\u0131 Emrah Ye\u015fil\u0131rmak, yasa tasar\u0131s\u0131na ili\u015fkin raporu okuduktan sonra, yasa de\u011fi\u015fikli\u011fi konusunda baz\u0131 bilgiler vererek, uzun y\u0131llard\u0131r yurt d\u0131\u015f\u0131nda g\u00f6rev yapan personelin atanmas\u0131yla ilgili tart\u0131\u015fmalar oldu\u011funa i\u015faret ederek, yap\u0131lan","og_url":"https:\/\/kibrisdakik.com\/?p=34666","article_published_time":"2024-03-18T15:49:51+00:00","og_image":[{"width":710,"height":370,"url":"https:\/\/kibrisdakik.com\/wp-content\/uploads\/2024\/03\/meclis-genel-kurulu-bugunku-calismalarini-tamamladi-1710776337.webp.webp","type":"image\/webp"}],"author":"admin","twitter_card":"summary_large_image","twitter_misc":{"Yazan:":"admin","Tahmini okuma s\u00fcresi":"2 dakika"},"schema":{"@context":"https:\/\/schema.org","@graph":[{"@type":"Article","@id":"https:\/\/kibrisdakik.com\/?p=34666#article","isPartOf":{"@id":"https:\/\/kibrisdakik.com\/?p=34666"},"author":{"name":"admin","@id":"https:\/\/kibrisdakik.com\/#\/schema\/person\/9cd9d437bbb44f72b73ba127e06d8e79"},"headline":"Meclis Genel Kurulu bug\u00fcnk\u00fc \u00e7al\u0131\u015fmalar\u0131n\u0131 tamamlad\u0131","datePublished":"2024-03-18T15:49:51+00:00","mainEntityOfPage":{"@id":"https:\/\/kibrisdakik.com\/?p=34666"},"wordCount":388,"commentCount":0,"image":{"@id":"https:\/\/kibrisdakik.com\/?p=34666#primaryimage"},"thumbnailUrl":"https:\/\/kibrisdakik.com\/wp-content\/uploads\/2024\/03\/meclis-genel-kurulu-bugunku-calismalarini-tamamladi-1710776337.webp.webp","articleSection":["Spor"],"inLanguage":"tr","potentialAction":[{"@type":"CommentAction","name":"Comment","target":["https:\/\/kibrisdakik.com\/?p=34666#respond"]}]},{"@type":"WebPage","@id":"https:\/\/kibrisdakik.com\/?p=34666","url":"https:\/\/kibrisdakik.com\/?p=34666","name":"Meclis Genel Kurulu bug\u00fcnk\u00fc \u00e7al\u0131\u015fmalar\u0131n\u0131 tamamlad\u0131 -","isPartOf":{"@id":"https:\/\/kibrisdakik.com\/#website"},"primaryImageOfPage":{"@id":"https:\/\/kibrisdakik.com\/?p=34666#primaryimage"},"image":{"@id":"https:\/\/kibrisdakik.com\/?p=34666#primaryimage"},"thumbnailUrl":"https:\/\/kibrisdakik.com\/wp-content\/uploads\/2024\/03\/meclis-genel-kurulu-bugunku-calismalarini-tamamladi-1710776337.webp.webp","datePublished":"2024-03-18T15:49:51+00:00","author":{"@id":"https:\/\/kibrisdakik.com\/#\/schema\/person\/9cd9d437bbb44f72b73ba127e06d8e79"},"breadcrumb":{"@id":"https:\/\/kibrisdakik.com\/?p=34666#breadcrumb"},"inLanguage":"tr","potentialAction":[{"@type":"ReadAction","target":["https:\/\/kibrisdakik.com\/?p=34666"]}]},{"@type":"ImageObject","inLanguage":"tr","@id":"https:\/\/kibrisdakik.com\/?p=34666#primaryimage","url":"https:\/\/kibrisdakik.com\/wp-content\/uploads\/2024\/03\/meclis-genel-kurulu-bugunku-calismalarini-tamamladi-1710776337.webp.webp","contentUrl":"https:\/\/kibrisdakik.com\/wp-content\/uploads\/2024\/03\/meclis-genel-kurulu-bugunku-calismalarini-tamamladi-1710776337.webp.webp","width":710,"height":370},{"@type":"BreadcrumbList","@id":"https:\/\/kibrisdakik.com\/?p=34666#breadcrumb","itemListElement":[{"@type":"ListItem","position":1,"name":"Home","item":"https:\/\/kibrisdakik.com\/"},{"@type":"ListItem","position":2,"name":"Meclis Genel Kurulu bug\u00fcnk\u00fc \u00e7al\u0131\u015fmalar\u0131n\u0131 tamamlad\u0131"}]},{"@type":"WebSite","@id":"https:\/\/kibrisdakik.com\/#website","url":"https:\/\/kibrisdakik.com\/","name":"","description":"Tam vaktinde haber","potentialAction":[{"@type":"SearchAction","target":{"@type":"EntryPoint","urlTemplate":"https:\/\/kibrisdakik.com\/?s={search_term_string}"},"query-input":{"@type":"PropertyValueSpecification","valueRequired":true,"valueName":"search_term_string"}}],"inLanguage":"tr"},{"@type":"Person","@id":"https:\/\/kibrisdakik.com\/#\/schema\/person\/9cd9d437bbb44f72b73ba127e06d8e79","name":"admin","image":{"@type":"ImageObject","inLanguage":"tr","@id":"https:\/\/secure.gravatar.com\/avatar\/ccc17943b9d660506c869530f897617f7cb1c21a4bf30023f252596d83e1f007?s=96&d=mm&r=g","url":"https:\/\/secure.gravatar.com\/avatar\/ccc17943b9d660506c869530f897617f7cb1c21a4bf30023f252596d83e1f007?s=96&d=mm&r=g","contentUrl":"https:\/\/secure.gravatar.com\/avatar\/ccc17943b9d660506c869530f897617f7cb1c21a4bf30023f252596d83e1f007?s=96&d=mm&r=g","caption":"admin"},"sameAs":["https:\/\/kibrisdakik.com"],"url":"https:\/\/kibrisdakik.com\/?author=1"}]}},"_links":{"self":[{"href":"https:\/\/kibrisdakik.com\/index.php?rest_route=\/wp\/v2\/posts\/34666","targetHints":{"allow":["GET"]}}],"collection":[{"href":"https:\/\/kibrisdakik.com\/index.php?rest_route=\/wp\/v2\/posts"}],"about":[{"href":"https:\/\/kibrisdakik.com\/index.php?rest_route=\/wp\/v2\/types\/post"}],"author":[{"embeddable":true,"href":"https:\/\/kibrisdakik.com\/index.php?rest_route=\/wp\/v2\/users\/1"}],"replies":[{"embeddable":true,"href":"https:\/\/kibrisdakik.com\/index.php?rest_route=%2Fwp%2Fv2%2Fcomments&post=34666"}],"version-history":[{"count":0,"href":"https:\/\/kibrisdakik.com\/index.php?rest_route=\/wp\/v2\/posts\/34666\/revisions"}],"wp:featuredmedia":[{"embeddable":true,"href":"https:\/\/kibrisdakik.com\/index.php?rest_route=\/wp\/v2\/media\/34667"}],"wp:attachment":[{"href":"https:\/\/kibrisdakik.com\/index.php?rest_route=%2Fwp%2Fv2%2Fmedia&parent=34666"}],"wp:term":[{"taxonomy":"category","embeddable":true,"href":"https:\/\/kibrisdakik.com\/index.php?rest_route=%2Fwp%2Fv2%2Fcategories&post=34666"},{"taxonomy":"post_tag","embeddable":true,"href":"https:\/\/kibrisdakik.com\/index.php?rest_route=%2Fwp%2Fv2%2Ftags&post=34666"}],"curies":[{"name":"wp","href":"https:\/\/api.w.org\/{rel}","templated":true}]}}