{"id":34670,"date":"2024-03-18T16:26:56","date_gmt":"2024-03-18T16:26:56","guid":{"rendered":"https:\/\/kibrisdakik.com\/index.php\/2024\/03\/18\/tbk-gaziler-dernegi-genel-baskani-yuca-ve-beraberindeki-heyetini-kabul-etti\/"},"modified":"2024-03-18T16:26:56","modified_gmt":"2024-03-18T16:26:56","slug":"tbk-gaziler-dernegi-genel-baskani-yuca-ve-beraberindeki-heyetini-kabul-etti","status":"publish","type":"post","link":"https:\/\/kibrisdakik.com\/?p=34670","title":{"rendered":"TBK Gaziler Derne\u011fi Genel Ba\u015fkan\u0131 Yuca ve beraberindeki heyetini kabul etti"},"content":{"rendered":"<p><img decoding=\"async\" src=\"https:\/\/www.kibristurk.com\/images\/haberler\/2024\/03\/tbk-gaziler-dernegi-genel-baskani-yuca-ve-beraberindeki-heyeti-kabul-etti-1710777043.webp\" \/><\/p>\n<p style=\"text-align:left\"><span style=\"font-size:16px\"><span style=\"font-family:Merriweather,serif !important\"><span style=\"color:#000000\"><span style=\"background-color:#ffffff\">Cumhurba\u015fkanl\u0131\u011f\u0131ndan verilen bilgiye g\u00f6re, Cumhurba\u015fkan\u0131 Ersin Tatar 18 Mart \u00c7anakkale Zaferi\u2019nin 109. y\u0131l d\u00f6n\u00fcm\u00fcnde \u015fehitleri and\u0131klar\u0131n\u0131 belirterek, \u00c7anakkale Zaferi s\u0131ras\u0131nda K\u0131br\u0131s T\u00fcrklerinin \u0130ngiliz s\u00f6m\u00fcrgesinde olmas\u0131na ra\u011fmen Anadolu\u2019ya ba\u011fl\u0131l\u0131\u011f\u0131 g\u00f6sterdi\u011fini s\u00f6yledi.<\/span><\/span><\/span><\/span><\/p>\n<p style=\"text-align:left\">&nbsp;<\/p>\n<p style=\"text-align:left\"><span style=\"font-size:16px\"><span style=\"font-family:Merriweather,serif !important\"><span style=\"color:#000000\"><span style=\"background-color:#ffffff\">Ulu \u00d6nder Mustafa Kemal Atat\u00fcrk\u2019\u00fcn T\u00fcrk milletinin ba\u011f\u0131ms\u0131zl\u0131\u011f\u0131 u\u011fruna verdi\u011fi m\u00fccadelenin K\u0131br\u0131s T\u00fcrklerinin ba\u011f\u0131ms\u0131zl\u0131\u011f\u0131 i\u00e7in verdi\u011fi m\u00fccadeleye ilham oldu\u011funu ifade eden Cumhurba\u015fkan\u0131 Tatar, \u201cK\u0131br\u0131s T\u00fcrk\u00fc hi\u00e7bir zaman Rum-Yunan sald\u0131r\u0131lar\u0131na kar\u015f\u0131 y\u0131lmam\u0131\u015f, esarete asla boyun e\u011fmemi\u015ftir.\u201d dedi.<\/span><\/span><\/span><\/span><\/p>\n<p style=\"text-align:left\"><span style=\"font-size:16px\"><span style=\"font-family:Merriweather,serif !important\"><span style=\"color:#000000\"><span style=\"background-color:#ffffff\">20 Temmuz 1974\u2019ten sonra Mehmet\u00e7ik\u2019in adaya ayak basmas\u0131yla K\u0131br\u0131s T\u00fcrk\u00fc i\u00e7in yeni bir d\u00f6nemin ba\u015flad\u0131\u011f\u0131n\u0131 ve K\u0131br\u0131s T\u00fcrk\u00fc\u2019n\u00fcn ba\u011f\u0131ms\u0131zl\u0131\u011f\u0131na kavu\u015ftu\u011funu belirten Cumhurba\u015fkan\u0131 Tatar, Do\u011fu Akdeniz\u2019de ay y\u0131ld\u0131zl\u0131 bayra\u011f\u0131m\u0131z\u0131n dalgaland\u0131\u011f\u0131 bir vatan olarak tarihte yerimizi ald\u0131\u011f\u0131m\u0131z\u0131 kaydetti.<\/span><\/span><\/span><\/span><\/p>\n<p style=\"text-align:left\"><span style=\"font-size:16px\"><span style=\"font-family:Merriweather,serif !important\"><span style=\"color:#000000\"><span style=\"background-color:#ffffff\">Cumhurba\u015fkan\u0131 Tatar, milli davam\u0131zda bu g\u00fcnlere gelinmesinde m\u00fccahitlerimiz ve Mehmet\u00e7iklerin kahramanl\u0131klar\u0131n\u0131n b\u00fcy\u00fck katk\u0131lar\u0131 oldu\u011funa i\u015faret ederek, ya\u015fam\u0131n\u0131 yitirenleri yad etti.<\/span><\/span><\/span><\/span><\/p>\n<p style=\"text-align:left\"><span style=\"font-size:16px\"><span style=\"font-family:Merriweather,serif !important\"><span style=\"color:#000000\"><span style=\"background-color:#ffffff\">K\u0131br\u0131sl\u0131 T\u00fcrklerin egemen e\u015fitlik ve e\u015fit uluslararas\u0131 stat\u00fcs\u00fcn\u00fcn kabul\u00fc olmadan m\u00fczakere masas\u0131na oturulmayaca\u011f\u0131n\u0131 belirten Cumhurba\u015fkan\u0131 Tatar, bir antla\u015fman\u0131n ancak iki devlet zemininde olabilece\u011fini s\u00f6yledi.<\/span><\/span><\/span><\/span><\/p>\n<p style=\"text-align:left\"><span style=\"font-size:16px\"><span style=\"font-family:Merriweather,serif !important\"><span style=\"color:#000000\"><span style=\"background-color:#ffffff\">-\u201cK\u0131br\u0131s T\u00fcrk halk\u0131n\u0131n verdi\u011fi m\u00fccadele sonunda kurulan devletin korunmas\u0131 gerek\u201d<\/span><\/span><\/span><\/span><\/p>\n<p style=\"text-align:left\">&nbsp;<\/p>\n<p style=\"text-align:left\"><span style=\"font-size:16px\"><span style=\"font-family:Merriweather,serif !important\"><span style=\"color:#000000\"><span style=\"background-color:#ffffff\">Devlet olarak kabul g\u00f6r\u00fclmenin \u00f6nemine i\u015faret eden Cumhurba\u015fkan\u0131 Tatar, K\u0131br\u0131s T\u00fcrk halk\u0131n\u0131n verdi\u011fi m\u00fccadele sonunda kurulan devletin korunmas\u0131 gerekti\u011fini vurgulad\u0131.<\/span><\/span><\/span><\/span><\/p>\n<p style=\"text-align:left\"><span style=\"font-size:16px\"><span style=\"font-family:Merriweather,serif !important\"><span style=\"color:#000000\"><span style=\"background-color:#ffffff\">K\u0131br\u0131s T\u00fcrk\u00fcn\u00fcn \u00f6zden gelen m\u00fcktesep haklar\u0131 bulundu\u011funu s\u00f6yleyen Cumhurba\u015fkan\u0131 Tatar, K\u0131br\u0131s T\u00fcrk halk\u0131n\u0131n kendi kendini y\u00f6netme hakk\u0131na sahip oldu\u011funu an\u0131msatt\u0131.<\/span><\/span><\/span><\/span><\/p>\n<p style=\"text-align:left\"><span style=\"font-size:16px\"><span style=\"font-family:Merriweather,serif !important\"><span style=\"color:#000000\"><span style=\"background-color:#ffffff\">Cumhurba\u015fkan\u0131 Tatar, K\u0131br\u0131s T\u00fcrk\u00fcn\u00fcn hak ve hukukunu korurken devleti g\u00fc\u00e7lendirmeye devam ettiklerini ifade ederek, iki devlet temeline dayal\u0131 siyasete T\u00fcrkiye Cumhuriyeti\u2019nin tam destek verdi\u011fini, T\u00fcrkiye Cumhuriyeti Cumhurba\u015fkan\u0131 Recep Tayyip Erdo\u011fan\u2019\u0131n t\u00fcm d\u00fcnyaya K\u0131br\u0131s T\u00fcrk\u00fcne y\u00f6nelik yap\u0131lan haks\u0131zl\u0131klar\u0131 dile getirirken K\u0131br\u0131s T\u00fcrk halk\u0131n\u0131n egemen e\u015fitlik ve e\u015fit uluslararas\u0131 stat\u00fcs\u00fcn\u00fcn kabul\u00fc i\u00e7in ortaya koydu\u011fu \u00e7aban\u0131n K\u0131br\u0131s T\u00fcrkleri i\u00e7in b\u00fcy\u00fck \u00f6nem ta\u015f\u0131d\u0131\u011f\u0131n\u0131 s\u00f6yledi.<\/span><\/span><\/span><\/span><\/p>\n<p style=\"text-align:left\"><span style=\"font-size:16px\"><span style=\"font-family:Merriweather,serif !important\"><span style=\"color:#000000\"><span style=\"background-color:#ffffff\">Cumhurba\u015fkan\u0131 Tatar konu\u015fmas\u0131nda \u015funlar\u0131 kaydetti:<\/span><\/span><\/span><\/span><\/p>\n<p style=\"text-align:left\"><span style=\"font-size:16px\"><span style=\"font-family:Merriweather,serif !important\"><span style=\"color:#000000\"><span style=\"background-color:#ffffff\">\u201cM\u00fczakere masas\u0131na oturmadan \u00f6nce izolasyonlar\u0131n kald\u0131r\u0131lmas\u0131n\u0131, direkt u\u00e7u\u015flar\u0131n ba\u015flamas\u0131n\u0131 talep ediyoruz. Bizim devlet ba\u015fkanlar\u0131yla g\u00f6r\u00fc\u015fmemizi, kurum ve kurulu\u015flar\u0131m\u0131z\u0131n di\u011fer \u00fclke kurum ve kurulu\u015flar\u0131yla temaslar\u0131na kar\u015f\u0131 Rum taraf\u0131n\u0131n \u00e7e\u015fitli k\u0131s\u0131tlama ve engellemelerinin de ortadan kald\u0131r\u0131lmas\u0131n\u0131 talep ediyoruz. \u00c7\u00fcnk\u00fc e\u015fitlik bunu gerektirmektedir. Onun ne kadar hak ve hukuku varsa benim de o kadar vard\u0131r. T\u00fcm bunlar\u0131n olmas\u0131 halinde egemen e\u015fitlik ve e\u015fit uluslararas\u0131 temelinde bizi \u00e7\u00f6z\u00fcme g\u00f6t\u00fcrebilecek m\u00fczakere masas\u0131na oturabilece\u011fimizi s\u00f6yl\u00fcyoruz.\u201d<\/span><\/span><\/span><\/span><\/p>\n","protected":false},"excerpt":{"rendered":"<p>Cumhurba\u015fkanl\u0131\u011f\u0131ndan verilen bilgiye g\u00f6re, Cumhurba\u015fkan\u0131 Ersin Tatar 18 Mart \u00c7anakkale Zaferi\u2019nin 109. y\u0131l d\u00f6n\u00fcm\u00fcnde \u015fehitleri and\u0131klar\u0131n\u0131 belirterek, \u00c7anakkale Zaferi s\u0131ras\u0131nda K\u0131br\u0131s T\u00fcrklerinin \u0130ngiliz s\u00f6m\u00fcrgesinde olmas\u0131na ra\u011fmen Anadolu\u2019ya ba\u011fl\u0131l\u0131\u011f\u0131 g\u00f6sterdi\u011fini s\u00f6yledi. &nbsp; Ulu \u00d6nder Mustafa Kemal Atat\u00fcrk\u2019\u00fcn T\u00fcrk milletinin ba\u011f\u0131ms\u0131zl\u0131\u011f\u0131 u\u011fruna verdi\u011fi m\u00fccadelenin K\u0131br\u0131s T\u00fcrklerinin ba\u011f\u0131ms\u0131zl\u0131\u011f\u0131 i\u00e7in verdi\u011fi m\u00fccadeleye ilham oldu\u011funu ifade eden Cumhurba\u015fkan\u0131 Tatar, \u201cK\u0131br\u0131s<\/p>\n","protected":false},"author":1,"featured_media":34671,"comment_status":"open","ping_status":"open","sticky":false,"template":"","format":"standard","meta":{"footnotes":""},"categories":[79],"tags":[],"class_list":["post-34670","post","type-post","status-publish","format-standard","has-post-thumbnail","hentry","category-ekonomi"],"yoast_head":"<!-- This site is optimized with the Yoast SEO plugin v27.5 - https:\/\/yoast.com\/product\/yoast-seo-wordpress\/ -->\n<title>TBK Gaziler Derne\u011fi Genel Ba\u015fkan\u0131 Yuca ve beraberindeki heyetini kabul etti -<\/title>\n<meta name=\"robots\" content=\"index, follow, max-snippet:-1, max-image-preview:large, max-video-preview:-1\" \/>\n<link rel=\"canonical\" href=\"https:\/\/kibrisdakik.com\/?p=34670\" \/>\n<meta property=\"og:locale\" content=\"tr_TR\" \/>\n<meta property=\"og:type\" content=\"article\" \/>\n<meta property=\"og:title\" content=\"TBK Gaziler Derne\u011fi Genel Ba\u015fkan\u0131 Yuca ve beraberindeki heyetini kabul etti -\" \/>\n<meta property=\"og:description\" content=\"Cumhurba\u015fkanl\u0131\u011f\u0131ndan verilen bilgiye g\u00f6re, Cumhurba\u015fkan\u0131 Ersin Tatar 18 Mart \u00c7anakkale Zaferi\u2019nin 109. y\u0131l d\u00f6n\u00fcm\u00fcnde \u015fehitleri and\u0131klar\u0131n\u0131 belirterek, \u00c7anakkale Zaferi s\u0131ras\u0131nda K\u0131br\u0131s T\u00fcrklerinin \u0130ngiliz s\u00f6m\u00fcrgesinde olmas\u0131na ra\u011fmen Anadolu\u2019ya ba\u011fl\u0131l\u0131\u011f\u0131 g\u00f6sterdi\u011fini s\u00f6yledi. &nbsp; Ulu \u00d6nder Mustafa Kemal Atat\u00fcrk\u2019\u00fcn T\u00fcrk milletinin ba\u011f\u0131ms\u0131zl\u0131\u011f\u0131 u\u011fruna verdi\u011fi m\u00fccadelenin K\u0131br\u0131s T\u00fcrklerinin ba\u011f\u0131ms\u0131zl\u0131\u011f\u0131 i\u00e7in verdi\u011fi m\u00fccadeleye ilham oldu\u011funu ifade eden Cumhurba\u015fkan\u0131 Tatar, \u201cK\u0131br\u0131s\" \/>\n<meta property=\"og:url\" content=\"https:\/\/kibrisdakik.com\/?p=34670\" \/>\n<meta property=\"article:published_time\" content=\"2024-03-18T16:26:56+00:00\" \/>\n<meta property=\"og:image\" content=\"https:\/\/kibrisdakik.com\/wp-content\/uploads\/2024\/03\/tbk-gaziler-dernegi-genel-baskani-yuca-ve-beraberindeki-heyeti-kabul-etti-1710777043.webp.webp\" \/>\n\t<meta property=\"og:image:width\" content=\"710\" \/>\n\t<meta property=\"og:image:height\" content=\"370\" \/>\n\t<meta property=\"og:image:type\" content=\"image\/webp\" \/>\n<meta name=\"author\" content=\"admin\" \/>\n<meta name=\"twitter:card\" content=\"summary_large_image\" \/>\n<meta name=\"twitter:label1\" content=\"Yazan:\" \/>\n\t<meta name=\"twitter:data1\" content=\"admin\" \/>\n\t<meta name=\"twitter:label2\" content=\"Tahmini okuma s\u00fcresi\" \/>\n\t<meta name=\"twitter:data2\" content=\"3 dakika\" \/>\n<script type=\"application\/ld+json\" class=\"yoast-schema-graph\">{\"@context\":\"https:\\\/\\\/schema.org\",\"@graph\":[{\"@type\":\"Article\",\"@id\":\"https:\\\/\\\/kibrisdakik.com\\\/?p=34670#article\",\"isPartOf\":{\"@id\":\"https:\\\/\\\/kibrisdakik.com\\\/?p=34670\"},\"author\":{\"name\":\"admin\",\"@id\":\"https:\\\/\\\/kibrisdakik.com\\\/#\\\/schema\\\/person\\\/9cd9d437bbb44f72b73ba127e06d8e79\"},\"headline\":\"TBK Gaziler Derne\u011fi Genel Ba\u015fkan\u0131 Yuca ve beraberindeki heyetini kabul etti\",\"datePublished\":\"2024-03-18T16:26:56+00:00\",\"mainEntityOfPage\":{\"@id\":\"https:\\\/\\\/kibrisdakik.com\\\/?p=34670\"},\"wordCount\":589,\"commentCount\":0,\"image\":{\"@id\":\"https:\\\/\\\/kibrisdakik.com\\\/?p=34670#primaryimage\"},\"thumbnailUrl\":\"https:\\\/\\\/kibrisdakik.com\\\/wp-content\\\/uploads\\\/2024\\\/03\\\/tbk-gaziler-dernegi-genel-baskani-yuca-ve-beraberindeki-heyeti-kabul-etti-1710777043.webp.webp\",\"articleSection\":[\"Ekonomi\"],\"inLanguage\":\"tr\",\"potentialAction\":[{\"@type\":\"CommentAction\",\"name\":\"Comment\",\"target\":[\"https:\\\/\\\/kibrisdakik.com\\\/?p=34670#respond\"]}]},{\"@type\":\"WebPage\",\"@id\":\"https:\\\/\\\/kibrisdakik.com\\\/?p=34670\",\"url\":\"https:\\\/\\\/kibrisdakik.com\\\/?p=34670\",\"name\":\"TBK Gaziler Derne\u011fi Genel Ba\u015fkan\u0131 Yuca ve beraberindeki heyetini kabul etti -\",\"isPartOf\":{\"@id\":\"https:\\\/\\\/kibrisdakik.com\\\/#website\"},\"primaryImageOfPage\":{\"@id\":\"https:\\\/\\\/kibrisdakik.com\\\/?p=34670#primaryimage\"},\"image\":{\"@id\":\"https:\\\/\\\/kibrisdakik.com\\\/?p=34670#primaryimage\"},\"thumbnailUrl\":\"https:\\\/\\\/kibrisdakik.com\\\/wp-content\\\/uploads\\\/2024\\\/03\\\/tbk-gaziler-dernegi-genel-baskani-yuca-ve-beraberindeki-heyeti-kabul-etti-1710777043.webp.webp\",\"datePublished\":\"2024-03-18T16:26:56+00:00\",\"author\":{\"@id\":\"https:\\\/\\\/kibrisdakik.com\\\/#\\\/schema\\\/person\\\/9cd9d437bbb44f72b73ba127e06d8e79\"},\"breadcrumb\":{\"@id\":\"https:\\\/\\\/kibrisdakik.com\\\/?p=34670#breadcrumb\"},\"inLanguage\":\"tr\",\"potentialAction\":[{\"@type\":\"ReadAction\",\"target\":[\"https:\\\/\\\/kibrisdakik.com\\\/?p=34670\"]}]},{\"@type\":\"ImageObject\",\"inLanguage\":\"tr\",\"@id\":\"https:\\\/\\\/kibrisdakik.com\\\/?p=34670#primaryimage\",\"url\":\"https:\\\/\\\/kibrisdakik.com\\\/wp-content\\\/uploads\\\/2024\\\/03\\\/tbk-gaziler-dernegi-genel-baskani-yuca-ve-beraberindeki-heyeti-kabul-etti-1710777043.webp.webp\",\"contentUrl\":\"https:\\\/\\\/kibrisdakik.com\\\/wp-content\\\/uploads\\\/2024\\\/03\\\/tbk-gaziler-dernegi-genel-baskani-yuca-ve-beraberindeki-heyeti-kabul-etti-1710777043.webp.webp\",\"width\":710,\"height\":370},{\"@type\":\"BreadcrumbList\",\"@id\":\"https:\\\/\\\/kibrisdakik.com\\\/?p=34670#breadcrumb\",\"itemListElement\":[{\"@type\":\"ListItem\",\"position\":1,\"name\":\"Home\",\"item\":\"https:\\\/\\\/kibrisdakik.com\\\/\"},{\"@type\":\"ListItem\",\"position\":2,\"name\":\"TBK Gaziler Derne\u011fi Genel Ba\u015fkan\u0131 Yuca ve beraberindeki heyetini kabul etti\"}]},{\"@type\":\"WebSite\",\"@id\":\"https:\\\/\\\/kibrisdakik.com\\\/#website\",\"url\":\"https:\\\/\\\/kibrisdakik.com\\\/\",\"name\":\"\",\"description\":\"Tam vaktinde haber\",\"potentialAction\":[{\"@type\":\"SearchAction\",\"target\":{\"@type\":\"EntryPoint\",\"urlTemplate\":\"https:\\\/\\\/kibrisdakik.com\\\/?s={search_term_string}\"},\"query-input\":{\"@type\":\"PropertyValueSpecification\",\"valueRequired\":true,\"valueName\":\"search_term_string\"}}],\"inLanguage\":\"tr\"},{\"@type\":\"Person\",\"@id\":\"https:\\\/\\\/kibrisdakik.com\\\/#\\\/schema\\\/person\\\/9cd9d437bbb44f72b73ba127e06d8e79\",\"name\":\"admin\",\"image\":{\"@type\":\"ImageObject\",\"inLanguage\":\"tr\",\"@id\":\"https:\\\/\\\/secure.gravatar.com\\\/avatar\\\/ccc17943b9d660506c869530f897617f7cb1c21a4bf30023f252596d83e1f007?s=96&d=mm&r=g\",\"url\":\"https:\\\/\\\/secure.gravatar.com\\\/avatar\\\/ccc17943b9d660506c869530f897617f7cb1c21a4bf30023f252596d83e1f007?s=96&d=mm&r=g\",\"contentUrl\":\"https:\\\/\\\/secure.gravatar.com\\\/avatar\\\/ccc17943b9d660506c869530f897617f7cb1c21a4bf30023f252596d83e1f007?s=96&d=mm&r=g\",\"caption\":\"admin\"},\"sameAs\":[\"https:\\\/\\\/kibrisdakik.com\"],\"url\":\"https:\\\/\\\/kibrisdakik.com\\\/?author=1\"}]}<\/script>\n<!-- \/ Yoast SEO plugin. -->","yoast_head_json":{"title":"TBK Gaziler Derne\u011fi Genel Ba\u015fkan\u0131 Yuca ve beraberindeki heyetini kabul etti -","robots":{"index":"index","follow":"follow","max-snippet":"max-snippet:-1","max-image-preview":"max-image-preview:large","max-video-preview":"max-video-preview:-1"},"canonical":"https:\/\/kibrisdakik.com\/?p=34670","og_locale":"tr_TR","og_type":"article","og_title":"TBK Gaziler Derne\u011fi Genel Ba\u015fkan\u0131 Yuca ve beraberindeki heyetini kabul etti -","og_description":"Cumhurba\u015fkanl\u0131\u011f\u0131ndan verilen bilgiye g\u00f6re, Cumhurba\u015fkan\u0131 Ersin Tatar 18 Mart \u00c7anakkale Zaferi\u2019nin 109. y\u0131l d\u00f6n\u00fcm\u00fcnde \u015fehitleri and\u0131klar\u0131n\u0131 belirterek, \u00c7anakkale Zaferi s\u0131ras\u0131nda K\u0131br\u0131s T\u00fcrklerinin \u0130ngiliz s\u00f6m\u00fcrgesinde olmas\u0131na ra\u011fmen Anadolu\u2019ya ba\u011fl\u0131l\u0131\u011f\u0131 g\u00f6sterdi\u011fini s\u00f6yledi. &nbsp; Ulu \u00d6nder Mustafa Kemal Atat\u00fcrk\u2019\u00fcn T\u00fcrk milletinin ba\u011f\u0131ms\u0131zl\u0131\u011f\u0131 u\u011fruna verdi\u011fi m\u00fccadelenin K\u0131br\u0131s T\u00fcrklerinin ba\u011f\u0131ms\u0131zl\u0131\u011f\u0131 i\u00e7in verdi\u011fi m\u00fccadeleye ilham oldu\u011funu ifade eden Cumhurba\u015fkan\u0131 Tatar, \u201cK\u0131br\u0131s","og_url":"https:\/\/kibrisdakik.com\/?p=34670","article_published_time":"2024-03-18T16:26:56+00:00","og_image":[{"width":710,"height":370,"url":"https:\/\/kibrisdakik.com\/wp-content\/uploads\/2024\/03\/tbk-gaziler-dernegi-genel-baskani-yuca-ve-beraberindeki-heyeti-kabul-etti-1710777043.webp.webp","type":"image\/webp"}],"author":"admin","twitter_card":"summary_large_image","twitter_misc":{"Yazan:":"admin","Tahmini okuma s\u00fcresi":"3 dakika"},"schema":{"@context":"https:\/\/schema.org","@graph":[{"@type":"Article","@id":"https:\/\/kibrisdakik.com\/?p=34670#article","isPartOf":{"@id":"https:\/\/kibrisdakik.com\/?p=34670"},"author":{"name":"admin","@id":"https:\/\/kibrisdakik.com\/#\/schema\/person\/9cd9d437bbb44f72b73ba127e06d8e79"},"headline":"TBK Gaziler Derne\u011fi Genel Ba\u015fkan\u0131 Yuca ve beraberindeki heyetini kabul etti","datePublished":"2024-03-18T16:26:56+00:00","mainEntityOfPage":{"@id":"https:\/\/kibrisdakik.com\/?p=34670"},"wordCount":589,"commentCount":0,"image":{"@id":"https:\/\/kibrisdakik.com\/?p=34670#primaryimage"},"thumbnailUrl":"https:\/\/kibrisdakik.com\/wp-content\/uploads\/2024\/03\/tbk-gaziler-dernegi-genel-baskani-yuca-ve-beraberindeki-heyeti-kabul-etti-1710777043.webp.webp","articleSection":["Ekonomi"],"inLanguage":"tr","potentialAction":[{"@type":"CommentAction","name":"Comment","target":["https:\/\/kibrisdakik.com\/?p=34670#respond"]}]},{"@type":"WebPage","@id":"https:\/\/kibrisdakik.com\/?p=34670","url":"https:\/\/kibrisdakik.com\/?p=34670","name":"TBK Gaziler Derne\u011fi Genel Ba\u015fkan\u0131 Yuca ve beraberindeki heyetini kabul etti -","isPartOf":{"@id":"https:\/\/kibrisdakik.com\/#website"},"primaryImageOfPage":{"@id":"https:\/\/kibrisdakik.com\/?p=34670#primaryimage"},"image":{"@id":"https:\/\/kibrisdakik.com\/?p=34670#primaryimage"},"thumbnailUrl":"https:\/\/kibrisdakik.com\/wp-content\/uploads\/2024\/03\/tbk-gaziler-dernegi-genel-baskani-yuca-ve-beraberindeki-heyeti-kabul-etti-1710777043.webp.webp","datePublished":"2024-03-18T16:26:56+00:00","author":{"@id":"https:\/\/kibrisdakik.com\/#\/schema\/person\/9cd9d437bbb44f72b73ba127e06d8e79"},"breadcrumb":{"@id":"https:\/\/kibrisdakik.com\/?p=34670#breadcrumb"},"inLanguage":"tr","potentialAction":[{"@type":"ReadAction","target":["https:\/\/kibrisdakik.com\/?p=34670"]}]},{"@type":"ImageObject","inLanguage":"tr","@id":"https:\/\/kibrisdakik.com\/?p=34670#primaryimage","url":"https:\/\/kibrisdakik.com\/wp-content\/uploads\/2024\/03\/tbk-gaziler-dernegi-genel-baskani-yuca-ve-beraberindeki-heyeti-kabul-etti-1710777043.webp.webp","contentUrl":"https:\/\/kibrisdakik.com\/wp-content\/uploads\/2024\/03\/tbk-gaziler-dernegi-genel-baskani-yuca-ve-beraberindeki-heyeti-kabul-etti-1710777043.webp.webp","width":710,"height":370},{"@type":"BreadcrumbList","@id":"https:\/\/kibrisdakik.com\/?p=34670#breadcrumb","itemListElement":[{"@type":"ListItem","position":1,"name":"Home","item":"https:\/\/kibrisdakik.com\/"},{"@type":"ListItem","position":2,"name":"TBK Gaziler Derne\u011fi Genel Ba\u015fkan\u0131 Yuca ve beraberindeki heyetini kabul etti"}]},{"@type":"WebSite","@id":"https:\/\/kibrisdakik.com\/#website","url":"https:\/\/kibrisdakik.com\/","name":"","description":"Tam vaktinde haber","potentialAction":[{"@type":"SearchAction","target":{"@type":"EntryPoint","urlTemplate":"https:\/\/kibrisdakik.com\/?s={search_term_string}"},"query-input":{"@type":"PropertyValueSpecification","valueRequired":true,"valueName":"search_term_string"}}],"inLanguage":"tr"},{"@type":"Person","@id":"https:\/\/kibrisdakik.com\/#\/schema\/person\/9cd9d437bbb44f72b73ba127e06d8e79","name":"admin","image":{"@type":"ImageObject","inLanguage":"tr","@id":"https:\/\/secure.gravatar.com\/avatar\/ccc17943b9d660506c869530f897617f7cb1c21a4bf30023f252596d83e1f007?s=96&d=mm&r=g","url":"https:\/\/secure.gravatar.com\/avatar\/ccc17943b9d660506c869530f897617f7cb1c21a4bf30023f252596d83e1f007?s=96&d=mm&r=g","contentUrl":"https:\/\/secure.gravatar.com\/avatar\/ccc17943b9d660506c869530f897617f7cb1c21a4bf30023f252596d83e1f007?s=96&d=mm&r=g","caption":"admin"},"sameAs":["https:\/\/kibrisdakik.com"],"url":"https:\/\/kibrisdakik.com\/?author=1"}]}},"_links":{"self":[{"href":"https:\/\/kibrisdakik.com\/index.php?rest_route=\/wp\/v2\/posts\/34670","targetHints":{"allow":["GET"]}}],"collection":[{"href":"https:\/\/kibrisdakik.com\/index.php?rest_route=\/wp\/v2\/posts"}],"about":[{"href":"https:\/\/kibrisdakik.com\/index.php?rest_route=\/wp\/v2\/types\/post"}],"author":[{"embeddable":true,"href":"https:\/\/kibrisdakik.com\/index.php?rest_route=\/wp\/v2\/users\/1"}],"replies":[{"embeddable":true,"href":"https:\/\/kibrisdakik.com\/index.php?rest_route=%2Fwp%2Fv2%2Fcomments&post=34670"}],"version-history":[{"count":0,"href":"https:\/\/kibrisdakik.com\/index.php?rest_route=\/wp\/v2\/posts\/34670\/revisions"}],"wp:featuredmedia":[{"embeddable":true,"href":"https:\/\/kibrisdakik.com\/index.php?rest_route=\/wp\/v2\/media\/34671"}],"wp:attachment":[{"href":"https:\/\/kibrisdakik.com\/index.php?rest_route=%2Fwp%2Fv2%2Fmedia&parent=34670"}],"wp:term":[{"taxonomy":"category","embeddable":true,"href":"https:\/\/kibrisdakik.com\/index.php?rest_route=%2Fwp%2Fv2%2Fcategories&post=34670"},{"taxonomy":"post_tag","embeddable":true,"href":"https:\/\/kibrisdakik.com\/index.php?rest_route=%2Fwp%2Fv2%2Ftags&post=34670"}],"curies":[{"name":"wp","href":"https:\/\/api.w.org\/{rel}","templated":true}]}}