{"id":34674,"date":"2024-03-18T16:43:49","date_gmt":"2024-03-18T16:43:49","guid":{"rendered":"https:\/\/kibrisdakik.com\/index.php\/2024\/03\/18\/canakkale-zaferi-ve-sehitler-gazimagusada-torenle-anildi\/"},"modified":"2024-03-18T16:43:49","modified_gmt":"2024-03-18T16:43:49","slug":"canakkale-zaferi-ve-sehitler-gazimagusada-torenle-anildi","status":"publish","type":"post","link":"https:\/\/kibrisdakik.com\/?p=34674","title":{"rendered":"\u00c7anakkale Zaferi ve \u015fehitler Gazima\u011fusa\u2019da t\u00f6renle an\u0131ld\u0131"},"content":{"rendered":"<p><\/p>\n<div>\n<div class=\"mariselle-image-container center\">\n                <img loading=\"lazy\" decoding=\"async\" width=\"2560\" height=\"1707\" class=\"lazy-image\" alt=\"\" sizes=\"auto, (max-width: 2560px) 100vw, 2560px\" src=\"https:\/\/brtk.net\/wp-content\/uploads\/2024\/03\/18\/canakale4-scaled.jpg?ver=df17fa811ae190919353549fb72e67a8\" srcset=\"https:\/\/brtk.net\/wp-content\/uploads\/2024\/03\/18\/canakale4-scaled.jpg?ver=df17fa811ae190919353549fb72e67a8 2560w, https:\/\/brtk.net\/wp-content\/uploads\/2024\/03\/18\/canakale4-300x200.jpg?ver=df17fa811ae190919353549fb72e67a8 300w, https:\/\/brtk.net\/wp-content\/uploads\/2024\/03\/18\/canakale4-1024x683.jpg?ver=e390212c6a04ca08d65fc33fdeaeafa9 1024w, https:\/\/brtk.net\/wp-content\/uploads\/2024\/03\/18\/canakale4-768x512.jpg?ver=c84ae4bdceea804113bac5d52ed7323e 768w, https:\/\/brtk.net\/wp-content\/uploads\/2024\/03\/18\/canakale4-1536x1024.jpg?ver=6a040ce65cc68ea8b3673e1b51dd58b8 1536w, https:\/\/brtk.net\/wp-content\/uploads\/2024\/03\/18\/canakale4-2048x1365.jpg?ver=f3fdddb616e9ef089d9fc05b64fbc722 2048w\"\/>                            <\/div>\n<p> \u00c7anakkale Zaferi\u2019nin 109. y\u0131l d\u00f6n\u00fcm\u00fc ile \u015fehitler Gazima\u011fusa\u2019da \u00c7anakkale \u015eehitli\u011fi\u2019nde d\u00fczenlenen t\u00f6renle an\u0131ld\u0131.<\/p>\n<p>Protokol s\u0131ras\u0131na g\u00f6re \u00e7elenklerin konulmas\u0131yla ba\u015flayan t\u00f6rende, sayg\u0131 duru\u015fu ve sayg\u0131 at\u0131\u015f\u0131 yap\u0131ld\u0131 \u0130stiklal Mar\u015f\u0131 ile bayraklar g\u00f6ndere \u00e7ekildi.<\/p>\n<p>T\u00f6rende, Gazima\u011fusa T\u00fcrk Maarif Koleji \u00d6\u011fretmeni Emine Tosuno\u011flu, Gazima\u011fusa merkez Komutanl\u0131\u011f\u0131ndan Piyade \u00dcste\u011fmen Av\u015far Y\u00fccel ve T\u00fcrkiye\u2019nin Lefko\u015fa B\u00fcy\u00fckel\u00e7isi Metin Feyzio\u011flu konu\u015fma yapt\u0131. T\u00f6ren kabirlere \u00e7i\u00e7ek b\u0131rak\u0131lmas\u0131yla tamamland\u0131.<\/p>\n<div class=\"mariselle-image-container center\">\n                <img loading=\"lazy\" decoding=\"async\" width=\"2560\" height=\"1707\" class=\"lazy-image\" alt=\"\" sizes=\"auto, (max-width: 2560px) 100vw, 2560px\" src=\"https:\/\/brtk.net\/wp-content\/uploads\/2024\/03\/18\/sslkdsalskdsa-scaled.jpg?ver=9a74ead1288b515c74225241452d7a29\" srcset=\"https:\/\/brtk.net\/wp-content\/uploads\/2024\/03\/18\/sslkdsalskdsa-scaled.jpg?ver=9a74ead1288b515c74225241452d7a29 2560w, https:\/\/brtk.net\/wp-content\/uploads\/2024\/03\/18\/sslkdsalskdsa-300x200.jpg?ver=b4826a5b2225c80f0df9451fc931a15e 300w, https:\/\/brtk.net\/wp-content\/uploads\/2024\/03\/18\/sslkdsalskdsa-1024x683.jpg?ver=bcdeddc4f2964cf34df3813c3221aa95 1024w, https:\/\/brtk.net\/wp-content\/uploads\/2024\/03\/18\/sslkdsalskdsa-768x512.jpg?ver=651dab8912504ae188d203ae7a729d0d 768w, https:\/\/brtk.net\/wp-content\/uploads\/2024\/03\/18\/sslkdsalskdsa-1536x1024.jpg?ver=7e63fb2a19bfbe305b025854b5b2be44 1536w, https:\/\/brtk.net\/wp-content\/uploads\/2024\/03\/18\/sslkdsalskdsa-2048x1365.jpg?ver=43d0ab76d55041cb8c2f9f10269bb7ac 2048w\"\/>                            <\/div>\n<p>T\u00fcrkiye\u2019nin Lefko\u015fa B\u00fcy\u00fckel\u00e7isi Metin Feyzio\u011flu t\u00f6rende yapt\u0131\u011f\u0131 konu\u015fmada, \u015fanl\u0131 T\u00fcrk tarihinde pek \u00e7ok d\u00f6n\u00fcm noktas\u0131 bulundu\u011funu belirterek, kutsal mekanda bu d\u00f6n\u00fcm noktalar\u0131n\u0131n en \u00f6nemlilerinden biri olan \u00c7anakkale Zaferi\u2019nin y\u0131l d\u00f6n\u00fcm\u00fcn\u00fc kutlad\u0131klar\u0131n\u0131 ve aziz \u015fehitleri and\u0131klar\u0131n\u0131 kaydetti.<\/p>\n<p>Feyzio\u011flu, 1. D\u00fcnya Sava\u015f\u0131 s\u0131ras\u0131nda \u0130ngilizler taraf\u0131ndan S\u00fcvey\u015f Kanal\u0131 ve  \u00c7anakkale cephelerinde esir edilen T\u00fcrk askerlerinden baz\u0131lar\u0131n\u0131n Karakol esir kamp\u0131na getirildi\u011fini vurgulayarak, \u201cBunlar\u0131n bir k\u0131sm\u0131 k\u00f6t\u00fc muameleden, bir k\u0131sm\u0131 da ka\u00e7ma te\u015febb\u00fcs\u00fc nedeniyle infaz edilerek \u015fehit edildi. \u0130ngiliz i\u015fgali alt\u0131ndaki K\u0131br\u0131s\u2019ta esir kamp\u0131ndan ka\u00e7may\u0131 ba\u015faran askerlerimize, idam\u0131 g\u00f6ze alarak yard\u0131m eden K\u0131br\u0131s T\u00fcrklerini \u015f\u00fckranla, minnetle ve rahmetle an\u0131yorum\u201d dedi.<\/p>\n<p>Feyzio\u011flu, T\u00fcrk milletinin \u00c7anakkale Zaferi\u2019nde h\u00fcrriyet u\u011fruna neleri feda edebilece\u011fini t\u00fcm d\u00fcnyaya g\u00f6sterdi\u011fini belirtti.<\/p>\n<p>Metin Feyzio\u011flu, konu\u015fmas\u0131nda, Gazi Mustafa Kemal Atat\u00fcrk\u2019\u00fcn Sakarya Meydan Muharebesi\u2019nde orduya ithafen yapt\u0131\u011f\u0131 \u201cKurtulu\u015f i\u00e7in yapt\u0131\u011f\u0131m\u0131z bu sava\u015ftan \u00e7ok daha \u00f6nce sizi ba\u015fka muharebe meydanlar\u0131nda tan\u0131d\u0131m. D\u00fcnyan\u0131n hi\u00e7bir ordusunda y\u00fcre\u011fi seninkinden daha  temiz daha sa\u011flam bir askere  rast gelinmemi\u015ftir. Her zaferin mayas\u0131 sendedir T\u00fcrk askeri\u201d s\u00f6zlerini payla\u015ft\u0131.<\/p>\n<p>Feyzio\u011flu, ba\u015fta Mustafa Kemal Atat\u00fcrk olmak \u00fczere b\u00fct\u00fcn \u015fehitleri, K\u0131br\u0131s T\u00fcrk\u00fc\u2019n\u00fcn milli m\u00fccadelesinin b\u00fcy\u00fck kahramanlar\u0131 Rauf Denkta\u015f ile Dr. Faz\u0131l K\u00fc\u00e7\u00fck\u2019\u00fc, t\u00fcm m\u00fccahitlerle m\u00fccahideleri ve onlarla kol kola can veren Mehmet\u00e7i\u011fi  rahmetle and\u0131.<\/p>\n<p>Gazima\u011fusa T\u00fcrk Maarif Koleji \u00d6\u011fretmeni Emine Tosuno\u011flu, konu\u015fmas\u0131nda bir zamanlar 3 k\u0131tada h\u00fck\u00fcm s\u00fcren Osmanl\u0131 Devleti\u2019nin 20. y\u00fczy\u0131la gelindi\u011finde topraklar\u0131n\u0131n b\u00fcy\u00fck \u00e7o\u011funlu\u011funu kaybetti\u011fini, devlete eski g\u00fcc\u00fcn\u00fc kavu\u015fturmak i\u00e7in yeni form\u00fcller arand\u0131\u011f\u0131n\u0131, Osmanl\u0131 y\u00f6netiminin tercih yaparak Almanya ile birlikte D\u00fcnya Sava\u015f\u0131\u2019na kat\u0131ld\u0131\u011f\u0131n\u0131 hat\u0131rlatt\u0131.<\/p>\n<p>Tosuno\u011flu, \u201d\u015eu bir ger\u00e7ektir ki imparatorluk bitkindi, yorgundu, cephanesizdi ama bir cephe var ki bizlere ve d\u00fcnyaya  sars\u0131lmaz direni\u015fin vatanseverli\u011fini g\u00f6sterdi. Bu cephe elbette \u00c7anakkale\u2019dir\u201d dedi.<\/p>\n<p>Tosuno\u011flu, 8,5 ay s\u00fcren kara sava\u015flar\u0131nda \u201chasta adam\u201d olarak an\u0131lan Osmanl\u0131\u2019n\u0131n d\u00fc\u015fmana ge\u00e7it vermedi\u011fini belirtti.<\/p>\n<p>Vatan\u0131n\u0131n tehlikede oldu\u011funu g\u00f6ren herkesin cepheye ko\u015ftu\u011funu s\u00f6yleyen Tosuno\u011flu, \u201cVatan i\u00e7in siper olup, \u015fehit d\u00fc\u015ft\u00fcler ancak topraklar\u0131n\u0131 d\u00fc\u015fmana \u00e7i\u011fnetmediler\u201d dedi.<\/p>\n<p>Tosuno\u011flu, \u201cT\u00fcrk milletinin elde etti\u011fi zafer sadece kazan\u0131lm\u0131\u015f bir sava\u015f olarak g\u00f6r\u00fclmemeli etkileri ve sonu\u00e7lar\u0131yla neler getirip  g\u00f6t\u00fcrd\u00fc\u011f\u00fcne iyi bak\u0131lmal\u0131d\u0131r\u201d diyerek Anadolu\u2019daki T\u00fcrk varl\u0131\u011f\u0131n\u0131 devam\u0131n\u0131n bu sava\u015f aile m\u00fcmk\u00fcn oldu\u011funu kaydetti.<\/p>\n<p>Gazima\u011fusa Merkez Komutanl\u0131\u011f\u0131\u2019ndan Piyade \u00dcste\u011fmen Av\u015far Y\u00fccel de konu\u015fmas\u0131nda,  \u015fehitleri bu anlaml\u0131 g\u00fcnde minnet ve rahmetle and\u0131klar\u0131n\u0131 s\u00f6yledi.<\/p>\n<p> Y\u00fccel, 109  y\u0131l \u00f6nce 18 Mart 1915\u2019te \u015fanl\u0131 ordunun \u00c7anakkale\u2019nin ge\u00e7ilmeyece\u011fini t\u00fcm d\u00fcnyaya g\u00f6sterdi\u011fini kaydetti.<\/p>\n<p>Milletin kahraman evlatlar\u0131n\u0131n fedakarl\u0131klar\u0131yla kazan\u0131lan zaferin milli m\u00fccadeleye ilham verirken T\u00fcrkiye Cumhuriyeti\u2019nin kurulu\u015funa giden yolda \u00e7ok b\u00fcy\u00fck \u00f6neme sahip oldu\u011funu vurgulad\u0131.<\/p>\n<p>Y\u00fccel, \u201c\u00c7anakkale Sava\u015flar\u0131, vatan\u0131n b\u00fct\u00fcnl\u00fc\u011f\u00fc ve ba\u011f\u0131ms\u0131zl\u0131\u011f\u0131 s\u00f6z konusu oldu\u011funda, T\u00fcrk milletinin hangi zorluklara  g\u00f6\u011f\u00fcs gerebilece\u011finin ve en zor \u015fartlar alt\u0131nda bile ba\u015far\u0131l\u0131 olabilece\u011finin en g\u00fczel \u00f6rneklerinden biridir\u201d dedi.<\/p>\n<\/p><\/div>\n<p><script async\n                    defer\n                    crossorigin=\"anonymous\"\n                    src=\"https:\/\/connect.facebook.net\/tr_TR\/sdk.js#xfbml=1&#038;version=v3.3\"\n            ><\/script><\/p>\n","protected":false},"excerpt":{"rendered":"<p>\u00c7anakkale Zaferi\u2019nin 109. y\u0131l d\u00f6n\u00fcm\u00fc ile \u015fehitler Gazima\u011fusa\u2019da \u00c7anakkale \u015eehitli\u011fi\u2019nde d\u00fczenlenen t\u00f6renle an\u0131ld\u0131. Protokol s\u0131ras\u0131na g\u00f6re \u00e7elenklerin konulmas\u0131yla ba\u015flayan t\u00f6rende, sayg\u0131 duru\u015fu ve sayg\u0131 at\u0131\u015f\u0131 yap\u0131ld\u0131 \u0130stiklal Mar\u015f\u0131 ile bayraklar g\u00f6ndere \u00e7ekildi. T\u00f6rende, Gazima\u011fusa T\u00fcrk Maarif Koleji \u00d6\u011fretmeni Emine Tosuno\u011flu, Gazima\u011fusa merkez Komutanl\u0131\u011f\u0131ndan Piyade \u00dcste\u011fmen Av\u015far Y\u00fccel ve T\u00fcrkiye\u2019nin Lefko\u015fa B\u00fcy\u00fckel\u00e7isi Metin Feyzio\u011flu konu\u015fma yapt\u0131.<\/p>\n","protected":false},"author":1,"featured_media":34675,"comment_status":"open","ping_status":"open","sticky":false,"template":"","format":"standard","meta":{"footnotes":""},"categories":[1],"tags":[],"class_list":["post-34674","post","type-post","status-publish","format-standard","has-post-thumbnail","hentry","category-gundem"],"yoast_head":"<!-- This site is optimized with the Yoast SEO plugin v27.5 - https:\/\/yoast.com\/product\/yoast-seo-wordpress\/ -->\n<title>\u00c7anakkale Zaferi ve \u015fehitler Gazima\u011fusa\u2019da t\u00f6renle an\u0131ld\u0131 -<\/title>\n<meta name=\"robots\" content=\"index, follow, max-snippet:-1, max-image-preview:large, max-video-preview:-1\" \/>\n<link rel=\"canonical\" href=\"https:\/\/kibrisdakik.com\/?p=34674\" \/>\n<meta property=\"og:locale\" content=\"tr_TR\" \/>\n<meta property=\"og:type\" content=\"article\" \/>\n<meta property=\"og:title\" content=\"\u00c7anakkale Zaferi ve \u015fehitler Gazima\u011fusa\u2019da t\u00f6renle an\u0131ld\u0131 -\" \/>\n<meta property=\"og:description\" content=\"\u00c7anakkale Zaferi\u2019nin 109. y\u0131l d\u00f6n\u00fcm\u00fc ile \u015fehitler Gazima\u011fusa\u2019da \u00c7anakkale \u015eehitli\u011fi\u2019nde d\u00fczenlenen t\u00f6renle an\u0131ld\u0131. Protokol s\u0131ras\u0131na g\u00f6re \u00e7elenklerin konulmas\u0131yla ba\u015flayan t\u00f6rende, sayg\u0131 duru\u015fu ve sayg\u0131 at\u0131\u015f\u0131 yap\u0131ld\u0131 \u0130stiklal Mar\u015f\u0131 ile bayraklar g\u00f6ndere \u00e7ekildi. T\u00f6rende, Gazima\u011fusa T\u00fcrk Maarif Koleji \u00d6\u011fretmeni Emine Tosuno\u011flu, Gazima\u011fusa merkez Komutanl\u0131\u011f\u0131ndan Piyade \u00dcste\u011fmen Av\u015far Y\u00fccel ve T\u00fcrkiye\u2019nin Lefko\u015fa B\u00fcy\u00fckel\u00e7isi Metin Feyzio\u011flu konu\u015fma yapt\u0131.\" \/>\n<meta property=\"og:url\" content=\"https:\/\/kibrisdakik.com\/?p=34674\" \/>\n<meta property=\"article:published_time\" content=\"2024-03-18T16:43:49+00:00\" \/>\n<meta property=\"og:image\" content=\"https:\/\/kibrisdakik.com\/wp-content\/uploads\/2024\/03\/sslkdsalskdsa-scaled-740x420.jpg\" \/>\n\t<meta property=\"og:image:width\" content=\"2560\" \/>\n\t<meta property=\"og:image:height\" content=\"1707\" \/>\n\t<meta property=\"og:image:type\" content=\"image\/jpeg\" \/>\n<meta name=\"author\" content=\"admin\" \/>\n<meta name=\"twitter:card\" content=\"summary_large_image\" \/>\n<meta name=\"twitter:label1\" content=\"Yazan:\" \/>\n\t<meta name=\"twitter:data1\" content=\"admin\" \/>\n\t<meta name=\"twitter:label2\" content=\"Tahmini okuma s\u00fcresi\" \/>\n\t<meta name=\"twitter:data2\" content=\"4 dakika\" \/>\n<script type=\"application\/ld+json\" class=\"yoast-schema-graph\">{\"@context\":\"https:\\\/\\\/schema.org\",\"@graph\":[{\"@type\":\"Article\",\"@id\":\"https:\\\/\\\/kibrisdakik.com\\\/?p=34674#article\",\"isPartOf\":{\"@id\":\"https:\\\/\\\/kibrisdakik.com\\\/?p=34674\"},\"author\":{\"name\":\"admin\",\"@id\":\"https:\\\/\\\/kibrisdakik.com\\\/#\\\/schema\\\/person\\\/9cd9d437bbb44f72b73ba127e06d8e79\"},\"headline\":\"\u00c7anakkale Zaferi ve \u015fehitler Gazima\u011fusa\u2019da t\u00f6renle an\u0131ld\u0131\",\"datePublished\":\"2024-03-18T16:43:49+00:00\",\"mainEntityOfPage\":{\"@id\":\"https:\\\/\\\/kibrisdakik.com\\\/?p=34674\"},\"wordCount\":760,\"commentCount\":0,\"image\":{\"@id\":\"https:\\\/\\\/kibrisdakik.com\\\/?p=34674#primaryimage\"},\"thumbnailUrl\":\"https:\\\/\\\/kibrisdakik.com\\\/wp-content\\\/uploads\\\/2024\\\/03\\\/sslkdsalskdsa-scaled-740x420.jpg\",\"articleSection\":[\"G\u00fcndem\"],\"inLanguage\":\"tr\",\"potentialAction\":[{\"@type\":\"CommentAction\",\"name\":\"Comment\",\"target\":[\"https:\\\/\\\/kibrisdakik.com\\\/?p=34674#respond\"]}]},{\"@type\":\"WebPage\",\"@id\":\"https:\\\/\\\/kibrisdakik.com\\\/?p=34674\",\"url\":\"https:\\\/\\\/kibrisdakik.com\\\/?p=34674\",\"name\":\"\u00c7anakkale Zaferi ve \u015fehitler Gazima\u011fusa\u2019da t\u00f6renle an\u0131ld\u0131 -\",\"isPartOf\":{\"@id\":\"https:\\\/\\\/kibrisdakik.com\\\/#website\"},\"primaryImageOfPage\":{\"@id\":\"https:\\\/\\\/kibrisdakik.com\\\/?p=34674#primaryimage\"},\"image\":{\"@id\":\"https:\\\/\\\/kibrisdakik.com\\\/?p=34674#primaryimage\"},\"thumbnailUrl\":\"https:\\\/\\\/kibrisdakik.com\\\/wp-content\\\/uploads\\\/2024\\\/03\\\/sslkdsalskdsa-scaled-740x420.jpg\",\"datePublished\":\"2024-03-18T16:43:49+00:00\",\"author\":{\"@id\":\"https:\\\/\\\/kibrisdakik.com\\\/#\\\/schema\\\/person\\\/9cd9d437bbb44f72b73ba127e06d8e79\"},\"breadcrumb\":{\"@id\":\"https:\\\/\\\/kibrisdakik.com\\\/?p=34674#breadcrumb\"},\"inLanguage\":\"tr\",\"potentialAction\":[{\"@type\":\"ReadAction\",\"target\":[\"https:\\\/\\\/kibrisdakik.com\\\/?p=34674\"]}]},{\"@type\":\"ImageObject\",\"inLanguage\":\"tr\",\"@id\":\"https:\\\/\\\/kibrisdakik.com\\\/?p=34674#primaryimage\",\"url\":\"https:\\\/\\\/kibrisdakik.com\\\/wp-content\\\/uploads\\\/2024\\\/03\\\/sslkdsalskdsa-scaled-740x420.jpg\",\"contentUrl\":\"https:\\\/\\\/kibrisdakik.com\\\/wp-content\\\/uploads\\\/2024\\\/03\\\/sslkdsalskdsa-scaled-740x420.jpg\",\"width\":2560,\"height\":1707},{\"@type\":\"BreadcrumbList\",\"@id\":\"https:\\\/\\\/kibrisdakik.com\\\/?p=34674#breadcrumb\",\"itemListElement\":[{\"@type\":\"ListItem\",\"position\":1,\"name\":\"Home\",\"item\":\"https:\\\/\\\/kibrisdakik.com\\\/\"},{\"@type\":\"ListItem\",\"position\":2,\"name\":\"\u00c7anakkale Zaferi ve \u015fehitler Gazima\u011fusa\u2019da t\u00f6renle an\u0131ld\u0131\"}]},{\"@type\":\"WebSite\",\"@id\":\"https:\\\/\\\/kibrisdakik.com\\\/#website\",\"url\":\"https:\\\/\\\/kibrisdakik.com\\\/\",\"name\":\"\",\"description\":\"Tam vaktinde haber\",\"potentialAction\":[{\"@type\":\"SearchAction\",\"target\":{\"@type\":\"EntryPoint\",\"urlTemplate\":\"https:\\\/\\\/kibrisdakik.com\\\/?s={search_term_string}\"},\"query-input\":{\"@type\":\"PropertyValueSpecification\",\"valueRequired\":true,\"valueName\":\"search_term_string\"}}],\"inLanguage\":\"tr\"},{\"@type\":\"Person\",\"@id\":\"https:\\\/\\\/kibrisdakik.com\\\/#\\\/schema\\\/person\\\/9cd9d437bbb44f72b73ba127e06d8e79\",\"name\":\"admin\",\"image\":{\"@type\":\"ImageObject\",\"inLanguage\":\"tr\",\"@id\":\"https:\\\/\\\/secure.gravatar.com\\\/avatar\\\/ccc17943b9d660506c869530f897617f7cb1c21a4bf30023f252596d83e1f007?s=96&d=mm&r=g\",\"url\":\"https:\\\/\\\/secure.gravatar.com\\\/avatar\\\/ccc17943b9d660506c869530f897617f7cb1c21a4bf30023f252596d83e1f007?s=96&d=mm&r=g\",\"contentUrl\":\"https:\\\/\\\/secure.gravatar.com\\\/avatar\\\/ccc17943b9d660506c869530f897617f7cb1c21a4bf30023f252596d83e1f007?s=96&d=mm&r=g\",\"caption\":\"admin\"},\"sameAs\":[\"https:\\\/\\\/kibrisdakik.com\"],\"url\":\"https:\\\/\\\/kibrisdakik.com\\\/?author=1\"}]}<\/script>\n<!-- \/ Yoast SEO plugin. -->","yoast_head_json":{"title":"\u00c7anakkale Zaferi ve \u015fehitler Gazima\u011fusa\u2019da t\u00f6renle an\u0131ld\u0131 -","robots":{"index":"index","follow":"follow","max-snippet":"max-snippet:-1","max-image-preview":"max-image-preview:large","max-video-preview":"max-video-preview:-1"},"canonical":"https:\/\/kibrisdakik.com\/?p=34674","og_locale":"tr_TR","og_type":"article","og_title":"\u00c7anakkale Zaferi ve \u015fehitler Gazima\u011fusa\u2019da t\u00f6renle an\u0131ld\u0131 -","og_description":"\u00c7anakkale Zaferi\u2019nin 109. y\u0131l d\u00f6n\u00fcm\u00fc ile \u015fehitler Gazima\u011fusa\u2019da \u00c7anakkale \u015eehitli\u011fi\u2019nde d\u00fczenlenen t\u00f6renle an\u0131ld\u0131. Protokol s\u0131ras\u0131na g\u00f6re \u00e7elenklerin konulmas\u0131yla ba\u015flayan t\u00f6rende, sayg\u0131 duru\u015fu ve sayg\u0131 at\u0131\u015f\u0131 yap\u0131ld\u0131 \u0130stiklal Mar\u015f\u0131 ile bayraklar g\u00f6ndere \u00e7ekildi. T\u00f6rende, Gazima\u011fusa T\u00fcrk Maarif Koleji \u00d6\u011fretmeni Emine Tosuno\u011flu, Gazima\u011fusa merkez Komutanl\u0131\u011f\u0131ndan Piyade \u00dcste\u011fmen Av\u015far Y\u00fccel ve T\u00fcrkiye\u2019nin Lefko\u015fa B\u00fcy\u00fckel\u00e7isi Metin Feyzio\u011flu konu\u015fma yapt\u0131.","og_url":"https:\/\/kibrisdakik.com\/?p=34674","article_published_time":"2024-03-18T16:43:49+00:00","og_image":[{"width":2560,"height":1707,"url":"https:\/\/kibrisdakik.com\/wp-content\/uploads\/2024\/03\/sslkdsalskdsa-scaled-740x420.jpg","type":"image\/jpeg"}],"author":"admin","twitter_card":"summary_large_image","twitter_misc":{"Yazan:":"admin","Tahmini okuma s\u00fcresi":"4 dakika"},"schema":{"@context":"https:\/\/schema.org","@graph":[{"@type":"Article","@id":"https:\/\/kibrisdakik.com\/?p=34674#article","isPartOf":{"@id":"https:\/\/kibrisdakik.com\/?p=34674"},"author":{"name":"admin","@id":"https:\/\/kibrisdakik.com\/#\/schema\/person\/9cd9d437bbb44f72b73ba127e06d8e79"},"headline":"\u00c7anakkale Zaferi ve \u015fehitler Gazima\u011fusa\u2019da t\u00f6renle an\u0131ld\u0131","datePublished":"2024-03-18T16:43:49+00:00","mainEntityOfPage":{"@id":"https:\/\/kibrisdakik.com\/?p=34674"},"wordCount":760,"commentCount":0,"image":{"@id":"https:\/\/kibrisdakik.com\/?p=34674#primaryimage"},"thumbnailUrl":"https:\/\/kibrisdakik.com\/wp-content\/uploads\/2024\/03\/sslkdsalskdsa-scaled-740x420.jpg","articleSection":["G\u00fcndem"],"inLanguage":"tr","potentialAction":[{"@type":"CommentAction","name":"Comment","target":["https:\/\/kibrisdakik.com\/?p=34674#respond"]}]},{"@type":"WebPage","@id":"https:\/\/kibrisdakik.com\/?p=34674","url":"https:\/\/kibrisdakik.com\/?p=34674","name":"\u00c7anakkale Zaferi ve \u015fehitler Gazima\u011fusa\u2019da t\u00f6renle an\u0131ld\u0131 -","isPartOf":{"@id":"https:\/\/kibrisdakik.com\/#website"},"primaryImageOfPage":{"@id":"https:\/\/kibrisdakik.com\/?p=34674#primaryimage"},"image":{"@id":"https:\/\/kibrisdakik.com\/?p=34674#primaryimage"},"thumbnailUrl":"https:\/\/kibrisdakik.com\/wp-content\/uploads\/2024\/03\/sslkdsalskdsa-scaled-740x420.jpg","datePublished":"2024-03-18T16:43:49+00:00","author":{"@id":"https:\/\/kibrisdakik.com\/#\/schema\/person\/9cd9d437bbb44f72b73ba127e06d8e79"},"breadcrumb":{"@id":"https:\/\/kibrisdakik.com\/?p=34674#breadcrumb"},"inLanguage":"tr","potentialAction":[{"@type":"ReadAction","target":["https:\/\/kibrisdakik.com\/?p=34674"]}]},{"@type":"ImageObject","inLanguage":"tr","@id":"https:\/\/kibrisdakik.com\/?p=34674#primaryimage","url":"https:\/\/kibrisdakik.com\/wp-content\/uploads\/2024\/03\/sslkdsalskdsa-scaled-740x420.jpg","contentUrl":"https:\/\/kibrisdakik.com\/wp-content\/uploads\/2024\/03\/sslkdsalskdsa-scaled-740x420.jpg","width":2560,"height":1707},{"@type":"BreadcrumbList","@id":"https:\/\/kibrisdakik.com\/?p=34674#breadcrumb","itemListElement":[{"@type":"ListItem","position":1,"name":"Home","item":"https:\/\/kibrisdakik.com\/"},{"@type":"ListItem","position":2,"name":"\u00c7anakkale Zaferi ve \u015fehitler Gazima\u011fusa\u2019da t\u00f6renle an\u0131ld\u0131"}]},{"@type":"WebSite","@id":"https:\/\/kibrisdakik.com\/#website","url":"https:\/\/kibrisdakik.com\/","name":"","description":"Tam vaktinde haber","potentialAction":[{"@type":"SearchAction","target":{"@type":"EntryPoint","urlTemplate":"https:\/\/kibrisdakik.com\/?s={search_term_string}"},"query-input":{"@type":"PropertyValueSpecification","valueRequired":true,"valueName":"search_term_string"}}],"inLanguage":"tr"},{"@type":"Person","@id":"https:\/\/kibrisdakik.com\/#\/schema\/person\/9cd9d437bbb44f72b73ba127e06d8e79","name":"admin","image":{"@type":"ImageObject","inLanguage":"tr","@id":"https:\/\/secure.gravatar.com\/avatar\/ccc17943b9d660506c869530f897617f7cb1c21a4bf30023f252596d83e1f007?s=96&d=mm&r=g","url":"https:\/\/secure.gravatar.com\/avatar\/ccc17943b9d660506c869530f897617f7cb1c21a4bf30023f252596d83e1f007?s=96&d=mm&r=g","contentUrl":"https:\/\/secure.gravatar.com\/avatar\/ccc17943b9d660506c869530f897617f7cb1c21a4bf30023f252596d83e1f007?s=96&d=mm&r=g","caption":"admin"},"sameAs":["https:\/\/kibrisdakik.com"],"url":"https:\/\/kibrisdakik.com\/?author=1"}]}},"_links":{"self":[{"href":"https:\/\/kibrisdakik.com\/index.php?rest_route=\/wp\/v2\/posts\/34674","targetHints":{"allow":["GET"]}}],"collection":[{"href":"https:\/\/kibrisdakik.com\/index.php?rest_route=\/wp\/v2\/posts"}],"about":[{"href":"https:\/\/kibrisdakik.com\/index.php?rest_route=\/wp\/v2\/types\/post"}],"author":[{"embeddable":true,"href":"https:\/\/kibrisdakik.com\/index.php?rest_route=\/wp\/v2\/users\/1"}],"replies":[{"embeddable":true,"href":"https:\/\/kibrisdakik.com\/index.php?rest_route=%2Fwp%2Fv2%2Fcomments&post=34674"}],"version-history":[{"count":0,"href":"https:\/\/kibrisdakik.com\/index.php?rest_route=\/wp\/v2\/posts\/34674\/revisions"}],"wp:featuredmedia":[{"embeddable":true,"href":"https:\/\/kibrisdakik.com\/index.php?rest_route=\/wp\/v2\/media\/34675"}],"wp:attachment":[{"href":"https:\/\/kibrisdakik.com\/index.php?rest_route=%2Fwp%2Fv2%2Fmedia&parent=34674"}],"wp:term":[{"taxonomy":"category","embeddable":true,"href":"https:\/\/kibrisdakik.com\/index.php?rest_route=%2Fwp%2Fv2%2Fcategories&post=34674"},{"taxonomy":"post_tag","embeddable":true,"href":"https:\/\/kibrisdakik.com\/index.php?rest_route=%2Fwp%2Fv2%2Ftags&post=34674"}],"curies":[{"name":"wp","href":"https:\/\/api.w.org\/{rel}","templated":true}]}}