{"id":34695,"date":"2024-03-18T19:53:48","date_gmt":"2024-03-18T19:53:48","guid":{"rendered":"https:\/\/kibrisdakik.com\/index.php\/2024\/03\/18\/trabzonspordan-aciklama-geldi\/"},"modified":"2024-03-18T19:53:48","modified_gmt":"2024-03-18T19:53:48","slug":"trabzonspordan-aciklama-geldi","status":"publish","type":"post","link":"https:\/\/kibrisdakik.com\/?p=34695","title":{"rendered":"Trabzonspor&#039;dan a\u00e7\u0131klama geldi"},"content":{"rendered":"<p><img decoding=\"async\" src=\"https:\/\/www.kibristurk.com\/images\/haberler\/2024\/03\/trabzonspordan-aciklama-geldi-1710790655.webp\" \/><\/p>\n<p><strong>&nbsp;<\/strong>S\u00fcper Lig&#8217;in 30. haftas\u0131nda&nbsp;3-2&#8217;lik Trabzonspor Fenerbah\u00e7e ma\u00e7\u0131n\u0131n ard\u0131ndan taraftarlar\u0131n sahaya girip futbolculara sald\u0131rmas\u0131 sonras\u0131 Trabzonspor sessizli\u011fini bozdu.&nbsp;<\/p>\n<p>Fenerbah\u00e7e Ba\u015fkan\u0131 Ali Ko\u00e7&#8217;un bug\u00fcn Kul\u00fcpler Birli\u011fi Ba\u015fkanl\u0131\u011f\u0131&#8217;ndan istifa etti\u011fini de duyurdu\u011fu a\u00e7\u0131klamas\u0131 sonras\u0131 Trabzonspor&#8217;un resmi sosyal medya hesaplar\u0131ndan ba\u015fkan Ertu\u011frul Do\u011fan imzas\u0131yla yap\u0131lan payla\u015f\u0131mda detayl\u0131 a\u00e7\u0131klamay\u0131 TFF&#8217;nin disiplin sevklerinden sonra yapacaklar\u0131 vurguland\u0131.&nbsp;<\/p>\n<p>&#8220;Kimse Trabzon \u015fehrini, Trabzonspor Kul\u00fcb\u00fc\u2019n\u00fc ve Trabzonspor\u2019un \u015ferefli taraftar\u0131n\u0131 d\u00fcnk\u00fc olaylar\u0131n \u00f6n\u00fcne meze etmeye kalk\u0131\u015fmas\u0131n&#8221; ifadelerinin yer ald\u0131a\u011f\u0131 a\u00e7\u0131klama \u015f\u00f6yle:&nbsp;&nbsp;<\/p>\n<p>&#8220;Y\u00f6netim Kurulumuz t\u00fcm ya\u015fanan s\u00fcreci dikkatli bir \u015fekilde takip etmektedir. Kul\u00fcb\u00fcm\u00fcz, T\u00fcrkiye Futbol Federasyonu\u2019nun yar\u0131nki disiplin sevklerinden sonra yapaca\u011f\u0131 detayl\u0131 a\u00e7\u0131klamay\u0131 kamuoyuyla payla\u015facakt\u0131r. \u015eunun gayet iyi \u015fekilde bilinmesini isteriz ki; hi\u00e7 kimse ya da herhangi bir kurum Trabzon \u015fehrini, Trabzonspor Kul\u00fcb\u00fc\u2019n\u00fc ve Trabzonspor\u2019un \u015ferefli taraftar\u0131n\u0131 d\u00fcnk\u00fc olaylar\u0131n \u00f6n\u00fcne meze etmeye kalk\u0131\u015fmas\u0131n! Buna asla izin vermeyece\u011fimizi hat\u0131rlatmakta fayda g\u00f6r\u00fcyoruz. Ertu\u011frul Do\u011fan Trabzonspor Kul\u00fcb\u00fc Ba\u015fkan\u0131.&#8221;<\/p>\n<h2>&#8216;B\u0130ZDE K\u0130MSEN\u0130N HESABI KALMAZ&#8217;<\/h2>\n<p>Trabzonspor, bir s\u00fcre sonra, sosyal medya hesaplar\u0131ndan &#8220;Sizi unuttuk sanmay\u0131n! Bizde kimsenin hesab\u0131 kalmaz&#8221; notuyla bir de video payla\u015ft\u0131. Videoda sonras\u0131nda sald\u0131r\u0131n\u0131n ya\u015fand\u0131\u011f\u0131 ma\u00e7tan baz\u0131 pozisyonlar ve hakemlerin g\u00f6r\u00fcnt\u00fcleri yer ald\u0131.&nbsp; &nbsp;<\/p>\n<p>&nbsp;<\/p>\n","protected":false},"excerpt":{"rendered":"<p>&nbsp;S\u00fcper Lig&#8217;in 30. haftas\u0131nda&nbsp;3-2&#8217;lik Trabzonspor Fenerbah\u00e7e ma\u00e7\u0131n\u0131n ard\u0131ndan taraftarlar\u0131n sahaya girip futbolculara sald\u0131rmas\u0131 sonras\u0131 Trabzonspor sessizli\u011fini bozdu.&nbsp; Fenerbah\u00e7e Ba\u015fkan\u0131 Ali Ko\u00e7&#8217;un bug\u00fcn Kul\u00fcpler Birli\u011fi Ba\u015fkanl\u0131\u011f\u0131&#8217;ndan istifa etti\u011fini de duyurdu\u011fu a\u00e7\u0131klamas\u0131 sonras\u0131 Trabzonspor&#8217;un resmi sosyal medya hesaplar\u0131ndan ba\u015fkan Ertu\u011frul Do\u011fan imzas\u0131yla yap\u0131lan payla\u015f\u0131mda detayl\u0131 a\u00e7\u0131klamay\u0131 TFF&#8217;nin disiplin sevklerinden sonra yapacaklar\u0131 vurguland\u0131.&nbsp; &#8220;Kimse Trabzon \u015fehrini, Trabzonspor Kul\u00fcb\u00fc\u2019n\u00fc<\/p>\n","protected":false},"author":1,"featured_media":34696,"comment_status":"open","ping_status":"open","sticky":false,"template":"","format":"standard","meta":{"footnotes":""},"categories":[85],"tags":[],"class_list":["post-34695","post","type-post","status-publish","format-standard","has-post-thumbnail","hentry","category-spor"],"yoast_head":"<!-- This site is optimized with the Yoast SEO plugin v27.4 - https:\/\/yoast.com\/product\/yoast-seo-wordpress\/ -->\n<title>Trabzonspor&#039;dan a\u00e7\u0131klama geldi -<\/title>\n<meta name=\"robots\" content=\"index, follow, max-snippet:-1, max-image-preview:large, max-video-preview:-1\" \/>\n<link rel=\"canonical\" href=\"https:\/\/kibrisdakik.com\/?p=34695\" \/>\n<meta property=\"og:locale\" content=\"tr_TR\" \/>\n<meta property=\"og:type\" content=\"article\" \/>\n<meta property=\"og:title\" content=\"Trabzonspor&#039;dan a\u00e7\u0131klama geldi -\" \/>\n<meta property=\"og:description\" content=\"&nbsp;S\u00fcper Lig&#8217;in 30. haftas\u0131nda&nbsp;3-2&#8217;lik Trabzonspor Fenerbah\u00e7e ma\u00e7\u0131n\u0131n ard\u0131ndan taraftarlar\u0131n sahaya girip futbolculara sald\u0131rmas\u0131 sonras\u0131 Trabzonspor sessizli\u011fini bozdu.&nbsp; Fenerbah\u00e7e Ba\u015fkan\u0131 Ali Ko\u00e7&#8217;un bug\u00fcn Kul\u00fcpler Birli\u011fi Ba\u015fkanl\u0131\u011f\u0131&#8217;ndan istifa etti\u011fini de duyurdu\u011fu a\u00e7\u0131klamas\u0131 sonras\u0131 Trabzonspor&#8217;un resmi sosyal medya hesaplar\u0131ndan ba\u015fkan Ertu\u011frul Do\u011fan imzas\u0131yla yap\u0131lan payla\u015f\u0131mda detayl\u0131 a\u00e7\u0131klamay\u0131 TFF&#8217;nin disiplin sevklerinden sonra yapacaklar\u0131 vurguland\u0131.&nbsp; &#8220;Kimse Trabzon \u015fehrini, Trabzonspor Kul\u00fcb\u00fc\u2019n\u00fc\" \/>\n<meta property=\"og:url\" content=\"https:\/\/kibrisdakik.com\/?p=34695\" \/>\n<meta property=\"article:published_time\" content=\"2024-03-18T19:53:48+00:00\" \/>\n<meta property=\"og:image\" content=\"https:\/\/kibrisdakik.com\/wp-content\/uploads\/2024\/03\/trabzonspordan-aciklama-geldi-1710790655.webp.webp\" \/>\n\t<meta property=\"og:image:width\" content=\"710\" \/>\n\t<meta property=\"og:image:height\" content=\"370\" \/>\n\t<meta property=\"og:image:type\" content=\"image\/webp\" \/>\n<meta name=\"author\" content=\"admin\" \/>\n<meta name=\"twitter:card\" content=\"summary_large_image\" \/>\n<meta name=\"twitter:label1\" content=\"Yazan:\" \/>\n\t<meta name=\"twitter:data1\" content=\"admin\" \/>\n\t<meta name=\"twitter:label2\" content=\"Tahmini okuma s\u00fcresi\" \/>\n\t<meta name=\"twitter:data2\" content=\"1 dakika\" \/>\n<script type=\"application\/ld+json\" class=\"yoast-schema-graph\">{\"@context\":\"https:\\\/\\\/schema.org\",\"@graph\":[{\"@type\":\"Article\",\"@id\":\"https:\\\/\\\/kibrisdakik.com\\\/?p=34695#article\",\"isPartOf\":{\"@id\":\"https:\\\/\\\/kibrisdakik.com\\\/?p=34695\"},\"author\":{\"name\":\"admin\",\"@id\":\"https:\\\/\\\/kibrisdakik.com\\\/#\\\/schema\\\/person\\\/9cd9d437bbb44f72b73ba127e06d8e79\"},\"headline\":\"Trabzonspor&#039;dan a\u00e7\u0131klama geldi\",\"datePublished\":\"2024-03-18T19:53:48+00:00\",\"mainEntityOfPage\":{\"@id\":\"https:\\\/\\\/kibrisdakik.com\\\/?p=34695\"},\"wordCount\":268,\"commentCount\":0,\"image\":{\"@id\":\"https:\\\/\\\/kibrisdakik.com\\\/?p=34695#primaryimage\"},\"thumbnailUrl\":\"https:\\\/\\\/kibrisdakik.com\\\/wp-content\\\/uploads\\\/2024\\\/03\\\/trabzonspordan-aciklama-geldi-1710790655.webp.webp\",\"articleSection\":[\"Spor\"],\"inLanguage\":\"tr\",\"potentialAction\":[{\"@type\":\"CommentAction\",\"name\":\"Comment\",\"target\":[\"https:\\\/\\\/kibrisdakik.com\\\/?p=34695#respond\"]}]},{\"@type\":\"WebPage\",\"@id\":\"https:\\\/\\\/kibrisdakik.com\\\/?p=34695\",\"url\":\"https:\\\/\\\/kibrisdakik.com\\\/?p=34695\",\"name\":\"Trabzonspor&#039;dan a\u00e7\u0131klama geldi -\",\"isPartOf\":{\"@id\":\"https:\\\/\\\/kibrisdakik.com\\\/#website\"},\"primaryImageOfPage\":{\"@id\":\"https:\\\/\\\/kibrisdakik.com\\\/?p=34695#primaryimage\"},\"image\":{\"@id\":\"https:\\\/\\\/kibrisdakik.com\\\/?p=34695#primaryimage\"},\"thumbnailUrl\":\"https:\\\/\\\/kibrisdakik.com\\\/wp-content\\\/uploads\\\/2024\\\/03\\\/trabzonspordan-aciklama-geldi-1710790655.webp.webp\",\"datePublished\":\"2024-03-18T19:53:48+00:00\",\"author\":{\"@id\":\"https:\\\/\\\/kibrisdakik.com\\\/#\\\/schema\\\/person\\\/9cd9d437bbb44f72b73ba127e06d8e79\"},\"breadcrumb\":{\"@id\":\"https:\\\/\\\/kibrisdakik.com\\\/?p=34695#breadcrumb\"},\"inLanguage\":\"tr\",\"potentialAction\":[{\"@type\":\"ReadAction\",\"target\":[\"https:\\\/\\\/kibrisdakik.com\\\/?p=34695\"]}]},{\"@type\":\"ImageObject\",\"inLanguage\":\"tr\",\"@id\":\"https:\\\/\\\/kibrisdakik.com\\\/?p=34695#primaryimage\",\"url\":\"https:\\\/\\\/kibrisdakik.com\\\/wp-content\\\/uploads\\\/2024\\\/03\\\/trabzonspordan-aciklama-geldi-1710790655.webp.webp\",\"contentUrl\":\"https:\\\/\\\/kibrisdakik.com\\\/wp-content\\\/uploads\\\/2024\\\/03\\\/trabzonspordan-aciklama-geldi-1710790655.webp.webp\",\"width\":710,\"height\":370},{\"@type\":\"BreadcrumbList\",\"@id\":\"https:\\\/\\\/kibrisdakik.com\\\/?p=34695#breadcrumb\",\"itemListElement\":[{\"@type\":\"ListItem\",\"position\":1,\"name\":\"Home\",\"item\":\"https:\\\/\\\/kibrisdakik.com\\\/\"},{\"@type\":\"ListItem\",\"position\":2,\"name\":\"Trabzonspor&#039;dan a\u00e7\u0131klama geldi\"}]},{\"@type\":\"WebSite\",\"@id\":\"https:\\\/\\\/kibrisdakik.com\\\/#website\",\"url\":\"https:\\\/\\\/kibrisdakik.com\\\/\",\"name\":\"\",\"description\":\"Tam vaktinde haber\",\"potentialAction\":[{\"@type\":\"SearchAction\",\"target\":{\"@type\":\"EntryPoint\",\"urlTemplate\":\"https:\\\/\\\/kibrisdakik.com\\\/?s={search_term_string}\"},\"query-input\":{\"@type\":\"PropertyValueSpecification\",\"valueRequired\":true,\"valueName\":\"search_term_string\"}}],\"inLanguage\":\"tr\"},{\"@type\":\"Person\",\"@id\":\"https:\\\/\\\/kibrisdakik.com\\\/#\\\/schema\\\/person\\\/9cd9d437bbb44f72b73ba127e06d8e79\",\"name\":\"admin\",\"image\":{\"@type\":\"ImageObject\",\"inLanguage\":\"tr\",\"@id\":\"https:\\\/\\\/secure.gravatar.com\\\/avatar\\\/ccc17943b9d660506c869530f897617f7cb1c21a4bf30023f252596d83e1f007?s=96&d=mm&r=g\",\"url\":\"https:\\\/\\\/secure.gravatar.com\\\/avatar\\\/ccc17943b9d660506c869530f897617f7cb1c21a4bf30023f252596d83e1f007?s=96&d=mm&r=g\",\"contentUrl\":\"https:\\\/\\\/secure.gravatar.com\\\/avatar\\\/ccc17943b9d660506c869530f897617f7cb1c21a4bf30023f252596d83e1f007?s=96&d=mm&r=g\",\"caption\":\"admin\"},\"sameAs\":[\"https:\\\/\\\/kibrisdakik.com\"],\"url\":\"https:\\\/\\\/kibrisdakik.com\\\/?author=1\"}]}<\/script>\n<!-- \/ Yoast SEO plugin. -->","yoast_head_json":{"title":"Trabzonspor&#039;dan a\u00e7\u0131klama geldi -","robots":{"index":"index","follow":"follow","max-snippet":"max-snippet:-1","max-image-preview":"max-image-preview:large","max-video-preview":"max-video-preview:-1"},"canonical":"https:\/\/kibrisdakik.com\/?p=34695","og_locale":"tr_TR","og_type":"article","og_title":"Trabzonspor&#039;dan a\u00e7\u0131klama geldi -","og_description":"&nbsp;S\u00fcper Lig&#8217;in 30. haftas\u0131nda&nbsp;3-2&#8217;lik Trabzonspor Fenerbah\u00e7e ma\u00e7\u0131n\u0131n ard\u0131ndan taraftarlar\u0131n sahaya girip futbolculara sald\u0131rmas\u0131 sonras\u0131 Trabzonspor sessizli\u011fini bozdu.&nbsp; Fenerbah\u00e7e Ba\u015fkan\u0131 Ali Ko\u00e7&#8217;un bug\u00fcn Kul\u00fcpler Birli\u011fi Ba\u015fkanl\u0131\u011f\u0131&#8217;ndan istifa etti\u011fini de duyurdu\u011fu a\u00e7\u0131klamas\u0131 sonras\u0131 Trabzonspor&#8217;un resmi sosyal medya hesaplar\u0131ndan ba\u015fkan Ertu\u011frul Do\u011fan imzas\u0131yla yap\u0131lan payla\u015f\u0131mda detayl\u0131 a\u00e7\u0131klamay\u0131 TFF&#8217;nin disiplin sevklerinden sonra yapacaklar\u0131 vurguland\u0131.&nbsp; &#8220;Kimse Trabzon \u015fehrini, Trabzonspor Kul\u00fcb\u00fc\u2019n\u00fc","og_url":"https:\/\/kibrisdakik.com\/?p=34695","article_published_time":"2024-03-18T19:53:48+00:00","og_image":[{"width":710,"height":370,"url":"https:\/\/kibrisdakik.com\/wp-content\/uploads\/2024\/03\/trabzonspordan-aciklama-geldi-1710790655.webp.webp","type":"image\/webp"}],"author":"admin","twitter_card":"summary_large_image","twitter_misc":{"Yazan:":"admin","Tahmini okuma s\u00fcresi":"1 dakika"},"schema":{"@context":"https:\/\/schema.org","@graph":[{"@type":"Article","@id":"https:\/\/kibrisdakik.com\/?p=34695#article","isPartOf":{"@id":"https:\/\/kibrisdakik.com\/?p=34695"},"author":{"name":"admin","@id":"https:\/\/kibrisdakik.com\/#\/schema\/person\/9cd9d437bbb44f72b73ba127e06d8e79"},"headline":"Trabzonspor&#039;dan a\u00e7\u0131klama geldi","datePublished":"2024-03-18T19:53:48+00:00","mainEntityOfPage":{"@id":"https:\/\/kibrisdakik.com\/?p=34695"},"wordCount":268,"commentCount":0,"image":{"@id":"https:\/\/kibrisdakik.com\/?p=34695#primaryimage"},"thumbnailUrl":"https:\/\/kibrisdakik.com\/wp-content\/uploads\/2024\/03\/trabzonspordan-aciklama-geldi-1710790655.webp.webp","articleSection":["Spor"],"inLanguage":"tr","potentialAction":[{"@type":"CommentAction","name":"Comment","target":["https:\/\/kibrisdakik.com\/?p=34695#respond"]}]},{"@type":"WebPage","@id":"https:\/\/kibrisdakik.com\/?p=34695","url":"https:\/\/kibrisdakik.com\/?p=34695","name":"Trabzonspor&#039;dan a\u00e7\u0131klama geldi -","isPartOf":{"@id":"https:\/\/kibrisdakik.com\/#website"},"primaryImageOfPage":{"@id":"https:\/\/kibrisdakik.com\/?p=34695#primaryimage"},"image":{"@id":"https:\/\/kibrisdakik.com\/?p=34695#primaryimage"},"thumbnailUrl":"https:\/\/kibrisdakik.com\/wp-content\/uploads\/2024\/03\/trabzonspordan-aciklama-geldi-1710790655.webp.webp","datePublished":"2024-03-18T19:53:48+00:00","author":{"@id":"https:\/\/kibrisdakik.com\/#\/schema\/person\/9cd9d437bbb44f72b73ba127e06d8e79"},"breadcrumb":{"@id":"https:\/\/kibrisdakik.com\/?p=34695#breadcrumb"},"inLanguage":"tr","potentialAction":[{"@type":"ReadAction","target":["https:\/\/kibrisdakik.com\/?p=34695"]}]},{"@type":"ImageObject","inLanguage":"tr","@id":"https:\/\/kibrisdakik.com\/?p=34695#primaryimage","url":"https:\/\/kibrisdakik.com\/wp-content\/uploads\/2024\/03\/trabzonspordan-aciklama-geldi-1710790655.webp.webp","contentUrl":"https:\/\/kibrisdakik.com\/wp-content\/uploads\/2024\/03\/trabzonspordan-aciklama-geldi-1710790655.webp.webp","width":710,"height":370},{"@type":"BreadcrumbList","@id":"https:\/\/kibrisdakik.com\/?p=34695#breadcrumb","itemListElement":[{"@type":"ListItem","position":1,"name":"Home","item":"https:\/\/kibrisdakik.com\/"},{"@type":"ListItem","position":2,"name":"Trabzonspor&#039;dan a\u00e7\u0131klama geldi"}]},{"@type":"WebSite","@id":"https:\/\/kibrisdakik.com\/#website","url":"https:\/\/kibrisdakik.com\/","name":"","description":"Tam vaktinde haber","potentialAction":[{"@type":"SearchAction","target":{"@type":"EntryPoint","urlTemplate":"https:\/\/kibrisdakik.com\/?s={search_term_string}"},"query-input":{"@type":"PropertyValueSpecification","valueRequired":true,"valueName":"search_term_string"}}],"inLanguage":"tr"},{"@type":"Person","@id":"https:\/\/kibrisdakik.com\/#\/schema\/person\/9cd9d437bbb44f72b73ba127e06d8e79","name":"admin","image":{"@type":"ImageObject","inLanguage":"tr","@id":"https:\/\/secure.gravatar.com\/avatar\/ccc17943b9d660506c869530f897617f7cb1c21a4bf30023f252596d83e1f007?s=96&d=mm&r=g","url":"https:\/\/secure.gravatar.com\/avatar\/ccc17943b9d660506c869530f897617f7cb1c21a4bf30023f252596d83e1f007?s=96&d=mm&r=g","contentUrl":"https:\/\/secure.gravatar.com\/avatar\/ccc17943b9d660506c869530f897617f7cb1c21a4bf30023f252596d83e1f007?s=96&d=mm&r=g","caption":"admin"},"sameAs":["https:\/\/kibrisdakik.com"],"url":"https:\/\/kibrisdakik.com\/?author=1"}]}},"_links":{"self":[{"href":"https:\/\/kibrisdakik.com\/index.php?rest_route=\/wp\/v2\/posts\/34695","targetHints":{"allow":["GET"]}}],"collection":[{"href":"https:\/\/kibrisdakik.com\/index.php?rest_route=\/wp\/v2\/posts"}],"about":[{"href":"https:\/\/kibrisdakik.com\/index.php?rest_route=\/wp\/v2\/types\/post"}],"author":[{"embeddable":true,"href":"https:\/\/kibrisdakik.com\/index.php?rest_route=\/wp\/v2\/users\/1"}],"replies":[{"embeddable":true,"href":"https:\/\/kibrisdakik.com\/index.php?rest_route=%2Fwp%2Fv2%2Fcomments&post=34695"}],"version-history":[{"count":0,"href":"https:\/\/kibrisdakik.com\/index.php?rest_route=\/wp\/v2\/posts\/34695\/revisions"}],"wp:featuredmedia":[{"embeddable":true,"href":"https:\/\/kibrisdakik.com\/index.php?rest_route=\/wp\/v2\/media\/34696"}],"wp:attachment":[{"href":"https:\/\/kibrisdakik.com\/index.php?rest_route=%2Fwp%2Fv2%2Fmedia&parent=34695"}],"wp:term":[{"taxonomy":"category","embeddable":true,"href":"https:\/\/kibrisdakik.com\/index.php?rest_route=%2Fwp%2Fv2%2Fcategories&post=34695"},{"taxonomy":"post_tag","embeddable":true,"href":"https:\/\/kibrisdakik.com\/index.php?rest_route=%2Fwp%2Fv2%2Ftags&post=34695"}],"curies":[{"name":"wp","href":"https:\/\/api.w.org\/{rel}","templated":true}]}}