{"id":34701,"date":"2024-03-18T20:47:49","date_gmt":"2024-03-18T20:47:49","guid":{"rendered":"https:\/\/kibrisdakik.com\/index.php\/2024\/03\/18\/dincyurek-18-mart-sehitleri-anma-gunu-ve-canakkele-zaferinin-109-yil-donumu-dolayisiyla-mesaj-yayimladi\/"},"modified":"2024-03-18T20:47:49","modified_gmt":"2024-03-18T20:47:49","slug":"dincyurek-18-mart-sehitleri-anma-gunu-ve-canakkele-zaferinin-109-yil-donumu-dolayisiyla-mesaj-yayimladi","status":"publish","type":"post","link":"https:\/\/kibrisdakik.com\/?p=34701","title":{"rendered":"Din\u00e7y\u00fcrek, 18 Mart \u015eehitleri Anma G\u00fcn\u00fc ve \u00c7anakkele Zaferi\u2019nin 109. y\u0131l d\u00f6n\u00fcm\u00fc dolay\u0131s\u0131yla mesaj yay\u0131mlad\u0131"},"content":{"rendered":"<p><\/p>\n<div>\n<div class=\"mariselle-image-container center\">\n                <img loading=\"lazy\" decoding=\"async\" width=\"1600\" height=\"1066\" class=\"lazy-image\" alt=\"\" sizes=\"auto, (max-width: 1600px) 100vw, 1600px\" src=\"https:\/\/brtk.net\/wp-content\/uploads\/2024\/02\/29\/dincyurek.jpeg?ver=6fd034cbd9fa4f80d0750a81c779b57f\" srcset=\"https:\/\/brtk.net\/wp-content\/uploads\/2024\/02\/29\/dincyurek.jpeg?ver=6fd034cbd9fa4f80d0750a81c779b57f 1600w, https:\/\/brtk.net\/wp-content\/uploads\/2024\/02\/29\/dincyurek-300x200.jpeg?ver=30f5831a16d86393c2e423700e5687be 300w, https:\/\/brtk.net\/wp-content\/uploads\/2024\/02\/29\/dincyurek-1024x682.jpeg?ver=30f5831a16d86393c2e423700e5687be 1024w, https:\/\/brtk.net\/wp-content\/uploads\/2024\/02\/29\/dincyurek-768x512.jpeg?ver=30f5831a16d86393c2e423700e5687be 768w, https:\/\/brtk.net\/wp-content\/uploads\/2024\/02\/29\/dincyurek-1536x1023.jpeg?ver=d9936d36c1671533b700ac8e3bf26769 1536w\"\/>                            <\/div>\n<p>Sa\u011fl\u0131k Bakan\u0131 Dr. Hakan Din\u00e7y\u00fcrek, 18 Mart \u015eehitleri Anma G\u00fcn\u00fc ve \u00c7anakkele Zaferi\u2019nin 109. y\u0131l d\u00f6n\u00fcm\u00fc dolay\u0131s\u0131yla mesaj yay\u0131mlad\u0131.<\/p>\n<p>Bakan Din\u00e7y\u00fcrek \u015fu ifadelerde bulundu;<\/p>\n<p>\u2018B\u00fcy\u00fck \u00d6nder Mustafa Kemal Atat\u00fcrk\u2019\u00fcn \u0130stiklal ve h\u00fcrriyet i\u00e7in tarihe alt\u0131n harflerle yazd\u0131\u011f\u0131 kahramanl\u0131k destanlar\u0131ndan \u00c7anakkale Zaferi\u2019nin 109\u2019unci y\u0131l\u0131n\u0131 Anavatan T\u00fcrkiye ile ayn\u0131 duygu b\u00fct\u00fcnl\u00fc\u011f\u00fcyle anmaktan onur duymaktay\u0131z.<\/p>\n<p>\u00c7anakkale\u2019de yakla\u015f\u0131k bir as\u0131r \u00f6nce t\u00fcm imkans\u0131zl\u0131klara ra\u011fmen verilen bu m\u00fccadele, T\u00fcrkiye Cumhuriyeti\u2019nin en \u00f6nemli tarihi d\u00f6n\u00fcm noktalar\u0131ndand\u0131r. Tarih boyunca istiklal ve ba\u011f\u0131ms\u0131zl\u0131\u011f\u0131n\u0131, milli birlik ve b\u00fct\u00fcnl\u00fc\u011f\u00fcn\u00fc her \u015feyin \u00fcst\u00fcnde tutan, bu u\u011furda b\u00fcy\u00fck bedeller \u00f6deyen Mustafa Kemal Atat\u00fcrk, hi\u00e7bir zaman esaret alt\u0131nda ya\u015famay\u0131 kabul etmemi\u015f, can\u0131ndan aziz bildi\u011fi kutsal vatan topraklar\u0131n\u0131, can\u0131 ve kan\u0131 pahas\u0131na korumas\u0131n\u0131 bilmi\u015ftir.<\/p>\n<p>Atat\u00fcrk\u2019\u00fcn \u00f6nderli\u011finde verilen bu m\u00fccadele nesilden nesile anlat\u0131lmal\u0131, O\u2019nun t\u00fcm zorluklara ra\u011fmen ortaya koydu\u011fu irade ve kararl\u0131 duru\u015fu her zaman \u00f6rnek al\u0131nmal\u0131d\u0131r.\u00a0<\/p>\n<p>Bu duygu ve d\u00fc\u015f\u00fcncelerle, \u00c7anakkale Zaferi\u2019nin 109\u2019uncu y\u0131l\u0131n\u0131 gururla kutlad\u0131\u011f\u0131m\u0131z bu g\u00fcnde,\u00a0destans\u0131 zaferin kahramanlar\u0131 ba\u015fta Ulu \u00d6nder Gazi Mustafa Kemal Atat\u00fcrk ve onun silah arkada\u015flar\u0131 olmak \u00fczere; kutsal vatan topraklar\u0131n\u0131 canlar\u0131 pahas\u0131na m\u00fcdafaa eden aziz \u015eehitlerimizi minnet ve \u015f\u00fckranla an\u0131yor, Gazilerimizi y\u00e2d ediyor, hat\u0131ralar\u0131 \u00f6n\u00fcnde sayg\u0131 ile e\u011filiyorum.\u2019<\/p>\n<\/p><\/div>\n<p><script async\n                    defer\n                    crossorigin=\"anonymous\"\n                    src=\"https:\/\/connect.facebook.net\/tr_TR\/sdk.js#xfbml=1&#038;version=v3.3\"\n            ><\/script><\/p>\n","protected":false},"excerpt":{"rendered":"<p>Sa\u011fl\u0131k Bakan\u0131 Dr. Hakan Din\u00e7y\u00fcrek, 18 Mart \u015eehitleri Anma G\u00fcn\u00fc ve \u00c7anakkele Zaferi\u2019nin 109. y\u0131l d\u00f6n\u00fcm\u00fc dolay\u0131s\u0131yla mesaj yay\u0131mlad\u0131. Bakan Din\u00e7y\u00fcrek \u015fu ifadelerde bulundu; \u2018B\u00fcy\u00fck \u00d6nder Mustafa Kemal Atat\u00fcrk\u2019\u00fcn \u0130stiklal ve h\u00fcrriyet i\u00e7in tarihe alt\u0131n harflerle yazd\u0131\u011f\u0131 kahramanl\u0131k destanlar\u0131ndan \u00c7anakkale Zaferi\u2019nin 109\u2019unci y\u0131l\u0131n\u0131 Anavatan T\u00fcrkiye ile ayn\u0131 duygu b\u00fct\u00fcnl\u00fc\u011f\u00fcyle anmaktan onur duymaktay\u0131z. \u00c7anakkale\u2019de yakla\u015f\u0131k bir<\/p>\n","protected":false},"author":1,"featured_media":32874,"comment_status":"open","ping_status":"open","sticky":false,"template":"","format":"standard","meta":{"footnotes":""},"categories":[1],"tags":[],"class_list":["post-34701","post","type-post","status-publish","format-standard","has-post-thumbnail","hentry","category-gundem"],"yoast_head":"<!-- This site is optimized with the Yoast SEO plugin v27.5 - https:\/\/yoast.com\/product\/yoast-seo-wordpress\/ -->\n<title>Din\u00e7y\u00fcrek, 18 Mart \u015eehitleri Anma G\u00fcn\u00fc ve \u00c7anakkele Zaferi\u2019nin 109. y\u0131l d\u00f6n\u00fcm\u00fc dolay\u0131s\u0131yla mesaj yay\u0131mlad\u0131 -<\/title>\n<meta name=\"robots\" content=\"index, follow, max-snippet:-1, max-image-preview:large, max-video-preview:-1\" \/>\n<link rel=\"canonical\" href=\"https:\/\/kibrisdakik.com\/?p=34701\" \/>\n<meta property=\"og:locale\" content=\"tr_TR\" \/>\n<meta property=\"og:type\" content=\"article\" \/>\n<meta property=\"og:title\" content=\"Din\u00e7y\u00fcrek, 18 Mart \u015eehitleri Anma G\u00fcn\u00fc ve \u00c7anakkele Zaferi\u2019nin 109. y\u0131l d\u00f6n\u00fcm\u00fc dolay\u0131s\u0131yla mesaj yay\u0131mlad\u0131 -\" \/>\n<meta property=\"og:description\" content=\"Sa\u011fl\u0131k Bakan\u0131 Dr. Hakan Din\u00e7y\u00fcrek, 18 Mart \u015eehitleri Anma G\u00fcn\u00fc ve \u00c7anakkele Zaferi\u2019nin 109. y\u0131l d\u00f6n\u00fcm\u00fc dolay\u0131s\u0131yla mesaj yay\u0131mlad\u0131. Bakan Din\u00e7y\u00fcrek \u015fu ifadelerde bulundu; \u2018B\u00fcy\u00fck \u00d6nder Mustafa Kemal Atat\u00fcrk\u2019\u00fcn \u0130stiklal ve h\u00fcrriyet i\u00e7in tarihe alt\u0131n harflerle yazd\u0131\u011f\u0131 kahramanl\u0131k destanlar\u0131ndan \u00c7anakkale Zaferi\u2019nin 109\u2019unci y\u0131l\u0131n\u0131 Anavatan T\u00fcrkiye ile ayn\u0131 duygu b\u00fct\u00fcnl\u00fc\u011f\u00fcyle anmaktan onur duymaktay\u0131z. \u00c7anakkale\u2019de yakla\u015f\u0131k bir\" \/>\n<meta property=\"og:url\" content=\"https:\/\/kibrisdakik.com\/?p=34701\" \/>\n<meta property=\"article:published_time\" content=\"2024-03-18T20:47:49+00:00\" \/>\n<meta property=\"og:image\" content=\"https:\/\/kibrisdakik.com\/wp-content\/uploads\/2024\/03\/dincyurek-740x420.jpeg\" \/>\n\t<meta property=\"og:image:width\" content=\"1600\" \/>\n\t<meta property=\"og:image:height\" content=\"1066\" \/>\n\t<meta property=\"og:image:type\" content=\"image\/jpeg\" \/>\n<meta name=\"author\" content=\"admin\" \/>\n<meta name=\"twitter:card\" content=\"summary_large_image\" \/>\n<meta name=\"twitter:label1\" content=\"Yazan:\" \/>\n\t<meta name=\"twitter:data1\" content=\"admin\" \/>\n\t<meta name=\"twitter:label2\" content=\"Tahmini okuma s\u00fcresi\" \/>\n\t<meta name=\"twitter:data2\" content=\"1 dakika\" \/>\n<script type=\"application\/ld+json\" class=\"yoast-schema-graph\">{\"@context\":\"https:\\\/\\\/schema.org\",\"@graph\":[{\"@type\":\"Article\",\"@id\":\"https:\\\/\\\/kibrisdakik.com\\\/?p=34701#article\",\"isPartOf\":{\"@id\":\"https:\\\/\\\/kibrisdakik.com\\\/?p=34701\"},\"author\":{\"name\":\"admin\",\"@id\":\"https:\\\/\\\/kibrisdakik.com\\\/#\\\/schema\\\/person\\\/9cd9d437bbb44f72b73ba127e06d8e79\"},\"headline\":\"Din\u00e7y\u00fcrek, 18 Mart \u015eehitleri Anma G\u00fcn\u00fc ve \u00c7anakkele Zaferi\u2019nin 109. y\u0131l d\u00f6n\u00fcm\u00fc dolay\u0131s\u0131yla mesaj yay\u0131mlad\u0131\",\"datePublished\":\"2024-03-18T20:47:49+00:00\",\"mainEntityOfPage\":{\"@id\":\"https:\\\/\\\/kibrisdakik.com\\\/?p=34701\"},\"wordCount\":298,\"commentCount\":0,\"image\":{\"@id\":\"https:\\\/\\\/kibrisdakik.com\\\/?p=34701#primaryimage\"},\"thumbnailUrl\":\"https:\\\/\\\/kibrisdakik.com\\\/wp-content\\\/uploads\\\/2024\\\/03\\\/dincyurek-740x420.jpeg\",\"articleSection\":[\"G\u00fcndem\"],\"inLanguage\":\"tr\",\"potentialAction\":[{\"@type\":\"CommentAction\",\"name\":\"Comment\",\"target\":[\"https:\\\/\\\/kibrisdakik.com\\\/?p=34701#respond\"]}]},{\"@type\":\"WebPage\",\"@id\":\"https:\\\/\\\/kibrisdakik.com\\\/?p=34701\",\"url\":\"https:\\\/\\\/kibrisdakik.com\\\/?p=34701\",\"name\":\"Din\u00e7y\u00fcrek, 18 Mart \u015eehitleri Anma G\u00fcn\u00fc ve \u00c7anakkele Zaferi\u2019nin 109. y\u0131l d\u00f6n\u00fcm\u00fc dolay\u0131s\u0131yla mesaj yay\u0131mlad\u0131 -\",\"isPartOf\":{\"@id\":\"https:\\\/\\\/kibrisdakik.com\\\/#website\"},\"primaryImageOfPage\":{\"@id\":\"https:\\\/\\\/kibrisdakik.com\\\/?p=34701#primaryimage\"},\"image\":{\"@id\":\"https:\\\/\\\/kibrisdakik.com\\\/?p=34701#primaryimage\"},\"thumbnailUrl\":\"https:\\\/\\\/kibrisdakik.com\\\/wp-content\\\/uploads\\\/2024\\\/03\\\/dincyurek-740x420.jpeg\",\"datePublished\":\"2024-03-18T20:47:49+00:00\",\"author\":{\"@id\":\"https:\\\/\\\/kibrisdakik.com\\\/#\\\/schema\\\/person\\\/9cd9d437bbb44f72b73ba127e06d8e79\"},\"breadcrumb\":{\"@id\":\"https:\\\/\\\/kibrisdakik.com\\\/?p=34701#breadcrumb\"},\"inLanguage\":\"tr\",\"potentialAction\":[{\"@type\":\"ReadAction\",\"target\":[\"https:\\\/\\\/kibrisdakik.com\\\/?p=34701\"]}]},{\"@type\":\"ImageObject\",\"inLanguage\":\"tr\",\"@id\":\"https:\\\/\\\/kibrisdakik.com\\\/?p=34701#primaryimage\",\"url\":\"https:\\\/\\\/kibrisdakik.com\\\/wp-content\\\/uploads\\\/2024\\\/03\\\/dincyurek-740x420.jpeg\",\"contentUrl\":\"https:\\\/\\\/kibrisdakik.com\\\/wp-content\\\/uploads\\\/2024\\\/03\\\/dincyurek-740x420.jpeg\",\"width\":1600,\"height\":1066},{\"@type\":\"BreadcrumbList\",\"@id\":\"https:\\\/\\\/kibrisdakik.com\\\/?p=34701#breadcrumb\",\"itemListElement\":[{\"@type\":\"ListItem\",\"position\":1,\"name\":\"Home\",\"item\":\"https:\\\/\\\/kibrisdakik.com\\\/\"},{\"@type\":\"ListItem\",\"position\":2,\"name\":\"Din\u00e7y\u00fcrek, 18 Mart \u015eehitleri Anma G\u00fcn\u00fc ve \u00c7anakkele Zaferi\u2019nin 109. y\u0131l d\u00f6n\u00fcm\u00fc dolay\u0131s\u0131yla mesaj yay\u0131mlad\u0131\"}]},{\"@type\":\"WebSite\",\"@id\":\"https:\\\/\\\/kibrisdakik.com\\\/#website\",\"url\":\"https:\\\/\\\/kibrisdakik.com\\\/\",\"name\":\"\",\"description\":\"Tam vaktinde haber\",\"potentialAction\":[{\"@type\":\"SearchAction\",\"target\":{\"@type\":\"EntryPoint\",\"urlTemplate\":\"https:\\\/\\\/kibrisdakik.com\\\/?s={search_term_string}\"},\"query-input\":{\"@type\":\"PropertyValueSpecification\",\"valueRequired\":true,\"valueName\":\"search_term_string\"}}],\"inLanguage\":\"tr\"},{\"@type\":\"Person\",\"@id\":\"https:\\\/\\\/kibrisdakik.com\\\/#\\\/schema\\\/person\\\/9cd9d437bbb44f72b73ba127e06d8e79\",\"name\":\"admin\",\"image\":{\"@type\":\"ImageObject\",\"inLanguage\":\"tr\",\"@id\":\"https:\\\/\\\/secure.gravatar.com\\\/avatar\\\/ccc17943b9d660506c869530f897617f7cb1c21a4bf30023f252596d83e1f007?s=96&d=mm&r=g\",\"url\":\"https:\\\/\\\/secure.gravatar.com\\\/avatar\\\/ccc17943b9d660506c869530f897617f7cb1c21a4bf30023f252596d83e1f007?s=96&d=mm&r=g\",\"contentUrl\":\"https:\\\/\\\/secure.gravatar.com\\\/avatar\\\/ccc17943b9d660506c869530f897617f7cb1c21a4bf30023f252596d83e1f007?s=96&d=mm&r=g\",\"caption\":\"admin\"},\"sameAs\":[\"https:\\\/\\\/kibrisdakik.com\"],\"url\":\"https:\\\/\\\/kibrisdakik.com\\\/?author=1\"}]}<\/script>\n<!-- \/ Yoast SEO plugin. -->","yoast_head_json":{"title":"Din\u00e7y\u00fcrek, 18 Mart \u015eehitleri Anma G\u00fcn\u00fc ve \u00c7anakkele Zaferi\u2019nin 109. y\u0131l d\u00f6n\u00fcm\u00fc dolay\u0131s\u0131yla mesaj yay\u0131mlad\u0131 -","robots":{"index":"index","follow":"follow","max-snippet":"max-snippet:-1","max-image-preview":"max-image-preview:large","max-video-preview":"max-video-preview:-1"},"canonical":"https:\/\/kibrisdakik.com\/?p=34701","og_locale":"tr_TR","og_type":"article","og_title":"Din\u00e7y\u00fcrek, 18 Mart \u015eehitleri Anma G\u00fcn\u00fc ve \u00c7anakkele Zaferi\u2019nin 109. y\u0131l d\u00f6n\u00fcm\u00fc dolay\u0131s\u0131yla mesaj yay\u0131mlad\u0131 -","og_description":"Sa\u011fl\u0131k Bakan\u0131 Dr. Hakan Din\u00e7y\u00fcrek, 18 Mart \u015eehitleri Anma G\u00fcn\u00fc ve \u00c7anakkele Zaferi\u2019nin 109. y\u0131l d\u00f6n\u00fcm\u00fc dolay\u0131s\u0131yla mesaj yay\u0131mlad\u0131. Bakan Din\u00e7y\u00fcrek \u015fu ifadelerde bulundu; \u2018B\u00fcy\u00fck \u00d6nder Mustafa Kemal Atat\u00fcrk\u2019\u00fcn \u0130stiklal ve h\u00fcrriyet i\u00e7in tarihe alt\u0131n harflerle yazd\u0131\u011f\u0131 kahramanl\u0131k destanlar\u0131ndan \u00c7anakkale Zaferi\u2019nin 109\u2019unci y\u0131l\u0131n\u0131 Anavatan T\u00fcrkiye ile ayn\u0131 duygu b\u00fct\u00fcnl\u00fc\u011f\u00fcyle anmaktan onur duymaktay\u0131z. \u00c7anakkale\u2019de yakla\u015f\u0131k bir","og_url":"https:\/\/kibrisdakik.com\/?p=34701","article_published_time":"2024-03-18T20:47:49+00:00","og_image":[{"width":1600,"height":1066,"url":"https:\/\/kibrisdakik.com\/wp-content\/uploads\/2024\/03\/dincyurek-740x420.jpeg","type":"image\/jpeg"}],"author":"admin","twitter_card":"summary_large_image","twitter_misc":{"Yazan:":"admin","Tahmini okuma s\u00fcresi":"1 dakika"},"schema":{"@context":"https:\/\/schema.org","@graph":[{"@type":"Article","@id":"https:\/\/kibrisdakik.com\/?p=34701#article","isPartOf":{"@id":"https:\/\/kibrisdakik.com\/?p=34701"},"author":{"name":"admin","@id":"https:\/\/kibrisdakik.com\/#\/schema\/person\/9cd9d437bbb44f72b73ba127e06d8e79"},"headline":"Din\u00e7y\u00fcrek, 18 Mart \u015eehitleri Anma G\u00fcn\u00fc ve \u00c7anakkele Zaferi\u2019nin 109. y\u0131l d\u00f6n\u00fcm\u00fc dolay\u0131s\u0131yla mesaj yay\u0131mlad\u0131","datePublished":"2024-03-18T20:47:49+00:00","mainEntityOfPage":{"@id":"https:\/\/kibrisdakik.com\/?p=34701"},"wordCount":298,"commentCount":0,"image":{"@id":"https:\/\/kibrisdakik.com\/?p=34701#primaryimage"},"thumbnailUrl":"https:\/\/kibrisdakik.com\/wp-content\/uploads\/2024\/03\/dincyurek-740x420.jpeg","articleSection":["G\u00fcndem"],"inLanguage":"tr","potentialAction":[{"@type":"CommentAction","name":"Comment","target":["https:\/\/kibrisdakik.com\/?p=34701#respond"]}]},{"@type":"WebPage","@id":"https:\/\/kibrisdakik.com\/?p=34701","url":"https:\/\/kibrisdakik.com\/?p=34701","name":"Din\u00e7y\u00fcrek, 18 Mart \u015eehitleri Anma G\u00fcn\u00fc ve \u00c7anakkele Zaferi\u2019nin 109. y\u0131l d\u00f6n\u00fcm\u00fc dolay\u0131s\u0131yla mesaj yay\u0131mlad\u0131 -","isPartOf":{"@id":"https:\/\/kibrisdakik.com\/#website"},"primaryImageOfPage":{"@id":"https:\/\/kibrisdakik.com\/?p=34701#primaryimage"},"image":{"@id":"https:\/\/kibrisdakik.com\/?p=34701#primaryimage"},"thumbnailUrl":"https:\/\/kibrisdakik.com\/wp-content\/uploads\/2024\/03\/dincyurek-740x420.jpeg","datePublished":"2024-03-18T20:47:49+00:00","author":{"@id":"https:\/\/kibrisdakik.com\/#\/schema\/person\/9cd9d437bbb44f72b73ba127e06d8e79"},"breadcrumb":{"@id":"https:\/\/kibrisdakik.com\/?p=34701#breadcrumb"},"inLanguage":"tr","potentialAction":[{"@type":"ReadAction","target":["https:\/\/kibrisdakik.com\/?p=34701"]}]},{"@type":"ImageObject","inLanguage":"tr","@id":"https:\/\/kibrisdakik.com\/?p=34701#primaryimage","url":"https:\/\/kibrisdakik.com\/wp-content\/uploads\/2024\/03\/dincyurek-740x420.jpeg","contentUrl":"https:\/\/kibrisdakik.com\/wp-content\/uploads\/2024\/03\/dincyurek-740x420.jpeg","width":1600,"height":1066},{"@type":"BreadcrumbList","@id":"https:\/\/kibrisdakik.com\/?p=34701#breadcrumb","itemListElement":[{"@type":"ListItem","position":1,"name":"Home","item":"https:\/\/kibrisdakik.com\/"},{"@type":"ListItem","position":2,"name":"Din\u00e7y\u00fcrek, 18 Mart \u015eehitleri Anma G\u00fcn\u00fc ve \u00c7anakkele Zaferi\u2019nin 109. y\u0131l d\u00f6n\u00fcm\u00fc dolay\u0131s\u0131yla mesaj yay\u0131mlad\u0131"}]},{"@type":"WebSite","@id":"https:\/\/kibrisdakik.com\/#website","url":"https:\/\/kibrisdakik.com\/","name":"","description":"Tam vaktinde haber","potentialAction":[{"@type":"SearchAction","target":{"@type":"EntryPoint","urlTemplate":"https:\/\/kibrisdakik.com\/?s={search_term_string}"},"query-input":{"@type":"PropertyValueSpecification","valueRequired":true,"valueName":"search_term_string"}}],"inLanguage":"tr"},{"@type":"Person","@id":"https:\/\/kibrisdakik.com\/#\/schema\/person\/9cd9d437bbb44f72b73ba127e06d8e79","name":"admin","image":{"@type":"ImageObject","inLanguage":"tr","@id":"https:\/\/secure.gravatar.com\/avatar\/ccc17943b9d660506c869530f897617f7cb1c21a4bf30023f252596d83e1f007?s=96&d=mm&r=g","url":"https:\/\/secure.gravatar.com\/avatar\/ccc17943b9d660506c869530f897617f7cb1c21a4bf30023f252596d83e1f007?s=96&d=mm&r=g","contentUrl":"https:\/\/secure.gravatar.com\/avatar\/ccc17943b9d660506c869530f897617f7cb1c21a4bf30023f252596d83e1f007?s=96&d=mm&r=g","caption":"admin"},"sameAs":["https:\/\/kibrisdakik.com"],"url":"https:\/\/kibrisdakik.com\/?author=1"}]}},"_links":{"self":[{"href":"https:\/\/kibrisdakik.com\/index.php?rest_route=\/wp\/v2\/posts\/34701","targetHints":{"allow":["GET"]}}],"collection":[{"href":"https:\/\/kibrisdakik.com\/index.php?rest_route=\/wp\/v2\/posts"}],"about":[{"href":"https:\/\/kibrisdakik.com\/index.php?rest_route=\/wp\/v2\/types\/post"}],"author":[{"embeddable":true,"href":"https:\/\/kibrisdakik.com\/index.php?rest_route=\/wp\/v2\/users\/1"}],"replies":[{"embeddable":true,"href":"https:\/\/kibrisdakik.com\/index.php?rest_route=%2Fwp%2Fv2%2Fcomments&post=34701"}],"version-history":[{"count":0,"href":"https:\/\/kibrisdakik.com\/index.php?rest_route=\/wp\/v2\/posts\/34701\/revisions"}],"wp:featuredmedia":[{"embeddable":true,"href":"https:\/\/kibrisdakik.com\/index.php?rest_route=\/wp\/v2\/media\/32874"}],"wp:attachment":[{"href":"https:\/\/kibrisdakik.com\/index.php?rest_route=%2Fwp%2Fv2%2Fmedia&parent=34701"}],"wp:term":[{"taxonomy":"category","embeddable":true,"href":"https:\/\/kibrisdakik.com\/index.php?rest_route=%2Fwp%2Fv2%2Fcategories&post=34701"},{"taxonomy":"post_tag","embeddable":true,"href":"https:\/\/kibrisdakik.com\/index.php?rest_route=%2Fwp%2Fv2%2Ftags&post=34701"}],"curies":[{"name":"wp","href":"https:\/\/api.w.org\/{rel}","templated":true}]}}