{"id":34712,"date":"2024-03-18T23:33:52","date_gmt":"2024-03-18T23:33:52","guid":{"rendered":"https:\/\/kibrisdakik.com\/index.php\/2024\/03\/18\/saglik-bakani-dincyurekden-18-mart-sehitleri-gunu-mesaji\/"},"modified":"2024-03-18T23:33:52","modified_gmt":"2024-03-18T23:33:52","slug":"saglik-bakani-dincyurekden-18-mart-sehitleri-gunu-mesaji","status":"publish","type":"post","link":"https:\/\/kibrisdakik.com\/?p=34712","title":{"rendered":"Sa\u011fl\u0131k Bakan\u0131 Din\u00e7y\u00fcrek\u2019den 18 Mart \u015eehitleri G\u00fcn\u00fc mesaj\u0131"},"content":{"rendered":"<p><img decoding=\"async\" src=\"https:\/\/www.kibristurk.com\/images\/haberler\/2024\/03\/saglik-bakani-dincyurekden-18-mart-sehitleri-gunu-mesaji-1710776903.webp\" \/><\/p>\n<p style=\"text-align:left\"><span style=\"font-size:16px\"><span style=\"font-family:Merriweather,serif !important\"><span style=\"color:#000000\"><span style=\"background-color:#ffffff\">Din\u00e7y\u00fcrek\u2019in mesaj\u0131nda \u015fu ifadelere yer verildi:<\/span><\/span><\/span><\/span><\/p>\n<p style=\"text-align:left\"><span style=\"font-size:16px\"><span style=\"font-family:Merriweather,serif !important\"><span style=\"color:#000000\"><span style=\"background-color:#ffffff\">\u201cB\u00fcy\u00fck \u00d6nder Mustafa Kemal Atat\u00fcrk\u2019\u00fcn \u0130stiklal ve h\u00fcrriyet i\u00e7in tarihe alt\u0131n harflerle yazd\u0131\u011f\u0131 kahramanl\u0131k destanlar\u0131ndan \u00c7anakkale Zaferi&#8217;nin 109&#8217;uncu y\u0131l\u0131n\u0131 ana vatan T\u00fcrkiye ile ayn\u0131 duygu b\u00fct\u00fcnl\u00fc\u011f\u00fcyle anmaktan onur duymaktay\u0131z.<\/span><\/span><\/span><\/span><\/p>\n<p style=\"text-align:left\"><span style=\"font-size:16px\"><span style=\"font-family:Merriweather,serif !important\"><span style=\"color:#000000\"><span style=\"background-color:#ffffff\">\u00c7anakkale&#8217;de yakla\u015f\u0131k bir as\u0131r \u00f6nce t\u00fcm imkans\u0131zl\u0131klara ra\u011fmen verilen bu m\u00fccadele, T\u00fcrkiye Cumhuriyeti\u2019nin en \u00f6nemli tarihi d\u00f6n\u00fcm noktalar\u0131ndand\u0131r. Tarih boyunca istiklal ve ba\u011f\u0131ms\u0131zl\u0131\u011f\u0131n\u0131, milli birlik ve b\u00fct\u00fcnl\u00fc\u011f\u00fcn\u00fc her \u015feyin \u00fcst\u00fcnde tutan, bu u\u011furda b\u00fcy\u00fck bedeller \u00f6deyen Mustafa Kemal Atat\u00fcrk, hi\u00e7bir zaman esaret alt\u0131nda ya\u015famay\u0131 kabul etmemi\u015f, can\u0131ndan aziz bildi\u011fi kutsal vatan topraklar\u0131n\u0131, can\u0131 ve kan\u0131 pahas\u0131na korumas\u0131n\u0131 bilmi\u015ftir. Atat\u00fcrk\u2019\u00fcn \u00f6nderli\u011finde verilen bu m\u00fccadele nesilden nesile anlat\u0131lmal\u0131, O\u2019nun t\u00fcm zorluklara ra\u011fmen ortaya koydu\u011fu irade ve kararl\u0131 duru\u015fu her zaman \u00f6rnek al\u0131nmal\u0131d\u0131r.\u201d<\/span><\/span><\/span><\/span><\/p>\n<p style=\"text-align:left\">&nbsp;<\/p>\n<p style=\"text-align:left\"><span style=\"font-size:16px\"><span style=\"font-family:Merriweather,serif !important\"><span style=\"color:#000000\"><span style=\"background-color:#ffffff\">Bu duygu ve d\u00fc\u015f\u00fcncelerle, \u00c7anakkale Zaferi\u2019nin 109&#8217;uncu y\u0131l\u0131n\u0131 gururla kutlad\u0131\u011f\u0131m\u0131z bu g\u00fcnde,&nbsp;destans\u0131 zaferin kahramanlar\u0131 ba\u015fta Ulu \u00d6nder Gazi Mustafa Kemal Atat\u00fcrk ve onun silah arkada\u015flar\u0131 olmak \u00fczere; kutsal vatan topraklar\u0131n\u0131 canlar\u0131 pahas\u0131na m\u00fcdafaa eden aziz \u015eehitlerimizi minnet ve \u015f\u00fckranla an\u0131yor, Gazilerimizi y\u00e2d ediyor, hat\u0131ralar\u0131 \u00f6n\u00fcnde sayg\u0131 ile e\u011filiyorum.\u201d<\/span><\/span><\/span><\/span><\/p>\n","protected":false},"excerpt":{"rendered":"<p>Din\u00e7y\u00fcrek\u2019in mesaj\u0131nda \u015fu ifadelere yer verildi: \u201cB\u00fcy\u00fck \u00d6nder Mustafa Kemal Atat\u00fcrk\u2019\u00fcn \u0130stiklal ve h\u00fcrriyet i\u00e7in tarihe alt\u0131n harflerle yazd\u0131\u011f\u0131 kahramanl\u0131k destanlar\u0131ndan \u00c7anakkale Zaferi&#8217;nin 109&#8217;uncu y\u0131l\u0131n\u0131 ana vatan T\u00fcrkiye ile ayn\u0131 duygu b\u00fct\u00fcnl\u00fc\u011f\u00fcyle anmaktan onur duymaktay\u0131z. \u00c7anakkale&#8217;de yakla\u015f\u0131k bir as\u0131r \u00f6nce t\u00fcm imkans\u0131zl\u0131klara ra\u011fmen verilen bu m\u00fccadele, T\u00fcrkiye Cumhuriyeti\u2019nin en \u00f6nemli tarihi d\u00f6n\u00fcm noktalar\u0131ndand\u0131r. Tarih boyunca<\/p>\n","protected":false},"author":1,"featured_media":34713,"comment_status":"open","ping_status":"open","sticky":false,"template":"","format":"standard","meta":{"footnotes":""},"categories":[79],"tags":[],"class_list":["post-34712","post","type-post","status-publish","format-standard","has-post-thumbnail","hentry","category-ekonomi"],"yoast_head":"<!-- This site is optimized with the Yoast SEO plugin v27.4 - https:\/\/yoast.com\/product\/yoast-seo-wordpress\/ -->\n<title>Sa\u011fl\u0131k Bakan\u0131 Din\u00e7y\u00fcrek\u2019den 18 Mart \u015eehitleri G\u00fcn\u00fc mesaj\u0131 -<\/title>\n<meta name=\"robots\" content=\"index, follow, max-snippet:-1, max-image-preview:large, max-video-preview:-1\" \/>\n<link rel=\"canonical\" href=\"https:\/\/kibrisdakik.com\/?p=34712\" \/>\n<meta property=\"og:locale\" content=\"tr_TR\" \/>\n<meta property=\"og:type\" content=\"article\" \/>\n<meta property=\"og:title\" content=\"Sa\u011fl\u0131k Bakan\u0131 Din\u00e7y\u00fcrek\u2019den 18 Mart \u015eehitleri G\u00fcn\u00fc mesaj\u0131 -\" \/>\n<meta property=\"og:description\" content=\"Din\u00e7y\u00fcrek\u2019in mesaj\u0131nda \u015fu ifadelere yer verildi: \u201cB\u00fcy\u00fck \u00d6nder Mustafa Kemal Atat\u00fcrk\u2019\u00fcn \u0130stiklal ve h\u00fcrriyet i\u00e7in tarihe alt\u0131n harflerle yazd\u0131\u011f\u0131 kahramanl\u0131k destanlar\u0131ndan \u00c7anakkale Zaferi&#8217;nin 109&#8217;uncu y\u0131l\u0131n\u0131 ana vatan T\u00fcrkiye ile ayn\u0131 duygu b\u00fct\u00fcnl\u00fc\u011f\u00fcyle anmaktan onur duymaktay\u0131z. \u00c7anakkale&#8217;de yakla\u015f\u0131k bir as\u0131r \u00f6nce t\u00fcm imkans\u0131zl\u0131klara ra\u011fmen verilen bu m\u00fccadele, T\u00fcrkiye Cumhuriyeti\u2019nin en \u00f6nemli tarihi d\u00f6n\u00fcm noktalar\u0131ndand\u0131r. Tarih boyunca\" \/>\n<meta property=\"og:url\" content=\"https:\/\/kibrisdakik.com\/?p=34712\" \/>\n<meta property=\"article:published_time\" content=\"2024-03-18T23:33:52+00:00\" \/>\n<meta property=\"og:image\" content=\"https:\/\/kibrisdakik.com\/wp-content\/uploads\/2024\/03\/saglik-bakani-dincyurekden-18-mart-sehitleri-gunu-mesaji-1710776903.webp.webp\" \/>\n\t<meta property=\"og:image:width\" content=\"710\" \/>\n\t<meta property=\"og:image:height\" content=\"370\" \/>\n\t<meta property=\"og:image:type\" content=\"image\/webp\" \/>\n<meta name=\"author\" content=\"admin\" \/>\n<meta name=\"twitter:card\" content=\"summary_large_image\" \/>\n<meta name=\"twitter:label1\" content=\"Yazan:\" \/>\n\t<meta name=\"twitter:data1\" content=\"admin\" \/>\n\t<meta name=\"twitter:label2\" content=\"Tahmini okuma s\u00fcresi\" \/>\n\t<meta name=\"twitter:data2\" content=\"1 dakika\" \/>\n<script type=\"application\/ld+json\" class=\"yoast-schema-graph\">{\"@context\":\"https:\\\/\\\/schema.org\",\"@graph\":[{\"@type\":\"Article\",\"@id\":\"https:\\\/\\\/kibrisdakik.com\\\/?p=34712#article\",\"isPartOf\":{\"@id\":\"https:\\\/\\\/kibrisdakik.com\\\/?p=34712\"},\"author\":{\"name\":\"admin\",\"@id\":\"https:\\\/\\\/kibrisdakik.com\\\/#\\\/schema\\\/person\\\/9cd9d437bbb44f72b73ba127e06d8e79\"},\"headline\":\"Sa\u011fl\u0131k Bakan\u0131 Din\u00e7y\u00fcrek\u2019den 18 Mart \u015eehitleri G\u00fcn\u00fc mesaj\u0131\",\"datePublished\":\"2024-03-18T23:33:52+00:00\",\"mainEntityOfPage\":{\"@id\":\"https:\\\/\\\/kibrisdakik.com\\\/?p=34712\"},\"wordCount\":263,\"commentCount\":0,\"image\":{\"@id\":\"https:\\\/\\\/kibrisdakik.com\\\/?p=34712#primaryimage\"},\"thumbnailUrl\":\"https:\\\/\\\/kibrisdakik.com\\\/wp-content\\\/uploads\\\/2024\\\/03\\\/saglik-bakani-dincyurekden-18-mart-sehitleri-gunu-mesaji-1710776903.webp.webp\",\"articleSection\":[\"Ekonomi\"],\"inLanguage\":\"tr\",\"potentialAction\":[{\"@type\":\"CommentAction\",\"name\":\"Comment\",\"target\":[\"https:\\\/\\\/kibrisdakik.com\\\/?p=34712#respond\"]}]},{\"@type\":\"WebPage\",\"@id\":\"https:\\\/\\\/kibrisdakik.com\\\/?p=34712\",\"url\":\"https:\\\/\\\/kibrisdakik.com\\\/?p=34712\",\"name\":\"Sa\u011fl\u0131k Bakan\u0131 Din\u00e7y\u00fcrek\u2019den 18 Mart \u015eehitleri G\u00fcn\u00fc mesaj\u0131 -\",\"isPartOf\":{\"@id\":\"https:\\\/\\\/kibrisdakik.com\\\/#website\"},\"primaryImageOfPage\":{\"@id\":\"https:\\\/\\\/kibrisdakik.com\\\/?p=34712#primaryimage\"},\"image\":{\"@id\":\"https:\\\/\\\/kibrisdakik.com\\\/?p=34712#primaryimage\"},\"thumbnailUrl\":\"https:\\\/\\\/kibrisdakik.com\\\/wp-content\\\/uploads\\\/2024\\\/03\\\/saglik-bakani-dincyurekden-18-mart-sehitleri-gunu-mesaji-1710776903.webp.webp\",\"datePublished\":\"2024-03-18T23:33:52+00:00\",\"author\":{\"@id\":\"https:\\\/\\\/kibrisdakik.com\\\/#\\\/schema\\\/person\\\/9cd9d437bbb44f72b73ba127e06d8e79\"},\"breadcrumb\":{\"@id\":\"https:\\\/\\\/kibrisdakik.com\\\/?p=34712#breadcrumb\"},\"inLanguage\":\"tr\",\"potentialAction\":[{\"@type\":\"ReadAction\",\"target\":[\"https:\\\/\\\/kibrisdakik.com\\\/?p=34712\"]}]},{\"@type\":\"ImageObject\",\"inLanguage\":\"tr\",\"@id\":\"https:\\\/\\\/kibrisdakik.com\\\/?p=34712#primaryimage\",\"url\":\"https:\\\/\\\/kibrisdakik.com\\\/wp-content\\\/uploads\\\/2024\\\/03\\\/saglik-bakani-dincyurekden-18-mart-sehitleri-gunu-mesaji-1710776903.webp.webp\",\"contentUrl\":\"https:\\\/\\\/kibrisdakik.com\\\/wp-content\\\/uploads\\\/2024\\\/03\\\/saglik-bakani-dincyurekden-18-mart-sehitleri-gunu-mesaji-1710776903.webp.webp\",\"width\":710,\"height\":370},{\"@type\":\"BreadcrumbList\",\"@id\":\"https:\\\/\\\/kibrisdakik.com\\\/?p=34712#breadcrumb\",\"itemListElement\":[{\"@type\":\"ListItem\",\"position\":1,\"name\":\"Home\",\"item\":\"https:\\\/\\\/kibrisdakik.com\\\/\"},{\"@type\":\"ListItem\",\"position\":2,\"name\":\"Sa\u011fl\u0131k Bakan\u0131 Din\u00e7y\u00fcrek\u2019den 18 Mart \u015eehitleri G\u00fcn\u00fc mesaj\u0131\"}]},{\"@type\":\"WebSite\",\"@id\":\"https:\\\/\\\/kibrisdakik.com\\\/#website\",\"url\":\"https:\\\/\\\/kibrisdakik.com\\\/\",\"name\":\"\",\"description\":\"Tam vaktinde haber\",\"potentialAction\":[{\"@type\":\"SearchAction\",\"target\":{\"@type\":\"EntryPoint\",\"urlTemplate\":\"https:\\\/\\\/kibrisdakik.com\\\/?s={search_term_string}\"},\"query-input\":{\"@type\":\"PropertyValueSpecification\",\"valueRequired\":true,\"valueName\":\"search_term_string\"}}],\"inLanguage\":\"tr\"},{\"@type\":\"Person\",\"@id\":\"https:\\\/\\\/kibrisdakik.com\\\/#\\\/schema\\\/person\\\/9cd9d437bbb44f72b73ba127e06d8e79\",\"name\":\"admin\",\"image\":{\"@type\":\"ImageObject\",\"inLanguage\":\"tr\",\"@id\":\"https:\\\/\\\/secure.gravatar.com\\\/avatar\\\/ccc17943b9d660506c869530f897617f7cb1c21a4bf30023f252596d83e1f007?s=96&d=mm&r=g\",\"url\":\"https:\\\/\\\/secure.gravatar.com\\\/avatar\\\/ccc17943b9d660506c869530f897617f7cb1c21a4bf30023f252596d83e1f007?s=96&d=mm&r=g\",\"contentUrl\":\"https:\\\/\\\/secure.gravatar.com\\\/avatar\\\/ccc17943b9d660506c869530f897617f7cb1c21a4bf30023f252596d83e1f007?s=96&d=mm&r=g\",\"caption\":\"admin\"},\"sameAs\":[\"https:\\\/\\\/kibrisdakik.com\"],\"url\":\"https:\\\/\\\/kibrisdakik.com\\\/?author=1\"}]}<\/script>\n<!-- \/ Yoast SEO plugin. -->","yoast_head_json":{"title":"Sa\u011fl\u0131k Bakan\u0131 Din\u00e7y\u00fcrek\u2019den 18 Mart \u015eehitleri G\u00fcn\u00fc mesaj\u0131 -","robots":{"index":"index","follow":"follow","max-snippet":"max-snippet:-1","max-image-preview":"max-image-preview:large","max-video-preview":"max-video-preview:-1"},"canonical":"https:\/\/kibrisdakik.com\/?p=34712","og_locale":"tr_TR","og_type":"article","og_title":"Sa\u011fl\u0131k Bakan\u0131 Din\u00e7y\u00fcrek\u2019den 18 Mart \u015eehitleri G\u00fcn\u00fc mesaj\u0131 -","og_description":"Din\u00e7y\u00fcrek\u2019in mesaj\u0131nda \u015fu ifadelere yer verildi: \u201cB\u00fcy\u00fck \u00d6nder Mustafa Kemal Atat\u00fcrk\u2019\u00fcn \u0130stiklal ve h\u00fcrriyet i\u00e7in tarihe alt\u0131n harflerle yazd\u0131\u011f\u0131 kahramanl\u0131k destanlar\u0131ndan \u00c7anakkale Zaferi&#8217;nin 109&#8217;uncu y\u0131l\u0131n\u0131 ana vatan T\u00fcrkiye ile ayn\u0131 duygu b\u00fct\u00fcnl\u00fc\u011f\u00fcyle anmaktan onur duymaktay\u0131z. \u00c7anakkale&#8217;de yakla\u015f\u0131k bir as\u0131r \u00f6nce t\u00fcm imkans\u0131zl\u0131klara ra\u011fmen verilen bu m\u00fccadele, T\u00fcrkiye Cumhuriyeti\u2019nin en \u00f6nemli tarihi d\u00f6n\u00fcm noktalar\u0131ndand\u0131r. Tarih boyunca","og_url":"https:\/\/kibrisdakik.com\/?p=34712","article_published_time":"2024-03-18T23:33:52+00:00","og_image":[{"width":710,"height":370,"url":"https:\/\/kibrisdakik.com\/wp-content\/uploads\/2024\/03\/saglik-bakani-dincyurekden-18-mart-sehitleri-gunu-mesaji-1710776903.webp.webp","type":"image\/webp"}],"author":"admin","twitter_card":"summary_large_image","twitter_misc":{"Yazan:":"admin","Tahmini okuma s\u00fcresi":"1 dakika"},"schema":{"@context":"https:\/\/schema.org","@graph":[{"@type":"Article","@id":"https:\/\/kibrisdakik.com\/?p=34712#article","isPartOf":{"@id":"https:\/\/kibrisdakik.com\/?p=34712"},"author":{"name":"admin","@id":"https:\/\/kibrisdakik.com\/#\/schema\/person\/9cd9d437bbb44f72b73ba127e06d8e79"},"headline":"Sa\u011fl\u0131k Bakan\u0131 Din\u00e7y\u00fcrek\u2019den 18 Mart \u015eehitleri G\u00fcn\u00fc mesaj\u0131","datePublished":"2024-03-18T23:33:52+00:00","mainEntityOfPage":{"@id":"https:\/\/kibrisdakik.com\/?p=34712"},"wordCount":263,"commentCount":0,"image":{"@id":"https:\/\/kibrisdakik.com\/?p=34712#primaryimage"},"thumbnailUrl":"https:\/\/kibrisdakik.com\/wp-content\/uploads\/2024\/03\/saglik-bakani-dincyurekden-18-mart-sehitleri-gunu-mesaji-1710776903.webp.webp","articleSection":["Ekonomi"],"inLanguage":"tr","potentialAction":[{"@type":"CommentAction","name":"Comment","target":["https:\/\/kibrisdakik.com\/?p=34712#respond"]}]},{"@type":"WebPage","@id":"https:\/\/kibrisdakik.com\/?p=34712","url":"https:\/\/kibrisdakik.com\/?p=34712","name":"Sa\u011fl\u0131k Bakan\u0131 Din\u00e7y\u00fcrek\u2019den 18 Mart \u015eehitleri G\u00fcn\u00fc mesaj\u0131 -","isPartOf":{"@id":"https:\/\/kibrisdakik.com\/#website"},"primaryImageOfPage":{"@id":"https:\/\/kibrisdakik.com\/?p=34712#primaryimage"},"image":{"@id":"https:\/\/kibrisdakik.com\/?p=34712#primaryimage"},"thumbnailUrl":"https:\/\/kibrisdakik.com\/wp-content\/uploads\/2024\/03\/saglik-bakani-dincyurekden-18-mart-sehitleri-gunu-mesaji-1710776903.webp.webp","datePublished":"2024-03-18T23:33:52+00:00","author":{"@id":"https:\/\/kibrisdakik.com\/#\/schema\/person\/9cd9d437bbb44f72b73ba127e06d8e79"},"breadcrumb":{"@id":"https:\/\/kibrisdakik.com\/?p=34712#breadcrumb"},"inLanguage":"tr","potentialAction":[{"@type":"ReadAction","target":["https:\/\/kibrisdakik.com\/?p=34712"]}]},{"@type":"ImageObject","inLanguage":"tr","@id":"https:\/\/kibrisdakik.com\/?p=34712#primaryimage","url":"https:\/\/kibrisdakik.com\/wp-content\/uploads\/2024\/03\/saglik-bakani-dincyurekden-18-mart-sehitleri-gunu-mesaji-1710776903.webp.webp","contentUrl":"https:\/\/kibrisdakik.com\/wp-content\/uploads\/2024\/03\/saglik-bakani-dincyurekden-18-mart-sehitleri-gunu-mesaji-1710776903.webp.webp","width":710,"height":370},{"@type":"BreadcrumbList","@id":"https:\/\/kibrisdakik.com\/?p=34712#breadcrumb","itemListElement":[{"@type":"ListItem","position":1,"name":"Home","item":"https:\/\/kibrisdakik.com\/"},{"@type":"ListItem","position":2,"name":"Sa\u011fl\u0131k Bakan\u0131 Din\u00e7y\u00fcrek\u2019den 18 Mart \u015eehitleri G\u00fcn\u00fc mesaj\u0131"}]},{"@type":"WebSite","@id":"https:\/\/kibrisdakik.com\/#website","url":"https:\/\/kibrisdakik.com\/","name":"","description":"Tam vaktinde haber","potentialAction":[{"@type":"SearchAction","target":{"@type":"EntryPoint","urlTemplate":"https:\/\/kibrisdakik.com\/?s={search_term_string}"},"query-input":{"@type":"PropertyValueSpecification","valueRequired":true,"valueName":"search_term_string"}}],"inLanguage":"tr"},{"@type":"Person","@id":"https:\/\/kibrisdakik.com\/#\/schema\/person\/9cd9d437bbb44f72b73ba127e06d8e79","name":"admin","image":{"@type":"ImageObject","inLanguage":"tr","@id":"https:\/\/secure.gravatar.com\/avatar\/ccc17943b9d660506c869530f897617f7cb1c21a4bf30023f252596d83e1f007?s=96&d=mm&r=g","url":"https:\/\/secure.gravatar.com\/avatar\/ccc17943b9d660506c869530f897617f7cb1c21a4bf30023f252596d83e1f007?s=96&d=mm&r=g","contentUrl":"https:\/\/secure.gravatar.com\/avatar\/ccc17943b9d660506c869530f897617f7cb1c21a4bf30023f252596d83e1f007?s=96&d=mm&r=g","caption":"admin"},"sameAs":["https:\/\/kibrisdakik.com"],"url":"https:\/\/kibrisdakik.com\/?author=1"}]}},"_links":{"self":[{"href":"https:\/\/kibrisdakik.com\/index.php?rest_route=\/wp\/v2\/posts\/34712","targetHints":{"allow":["GET"]}}],"collection":[{"href":"https:\/\/kibrisdakik.com\/index.php?rest_route=\/wp\/v2\/posts"}],"about":[{"href":"https:\/\/kibrisdakik.com\/index.php?rest_route=\/wp\/v2\/types\/post"}],"author":[{"embeddable":true,"href":"https:\/\/kibrisdakik.com\/index.php?rest_route=\/wp\/v2\/users\/1"}],"replies":[{"embeddable":true,"href":"https:\/\/kibrisdakik.com\/index.php?rest_route=%2Fwp%2Fv2%2Fcomments&post=34712"}],"version-history":[{"count":0,"href":"https:\/\/kibrisdakik.com\/index.php?rest_route=\/wp\/v2\/posts\/34712\/revisions"}],"wp:featuredmedia":[{"embeddable":true,"href":"https:\/\/kibrisdakik.com\/index.php?rest_route=\/wp\/v2\/media\/34713"}],"wp:attachment":[{"href":"https:\/\/kibrisdakik.com\/index.php?rest_route=%2Fwp%2Fv2%2Fmedia&parent=34712"}],"wp:term":[{"taxonomy":"category","embeddable":true,"href":"https:\/\/kibrisdakik.com\/index.php?rest_route=%2Fwp%2Fv2%2Fcategories&post=34712"},{"taxonomy":"post_tag","embeddable":true,"href":"https:\/\/kibrisdakik.com\/index.php?rest_route=%2Fwp%2Fv2%2Ftags&post=34712"}],"curies":[{"name":"wp","href":"https:\/\/api.w.org\/{rel}","templated":true}]}}