{"id":34728,"date":"2024-03-19T03:00:49","date_gmt":"2024-03-19T03:00:49","guid":{"rendered":"https:\/\/kibrisdakik.com\/index.php\/2024\/03\/19\/unlulerden-isimlerden-18-mart-paylasimi\/"},"modified":"2024-03-19T03:00:49","modified_gmt":"2024-03-19T03:00:49","slug":"unlulerden-isimlerden-18-mart-paylasimi","status":"publish","type":"post","link":"https:\/\/kibrisdakik.com\/?p=34728","title":{"rendered":"\u00dcnl\u00fclerden isimlerden 18 Mart payla\u015f\u0131m\u0131"},"content":{"rendered":"<p><\/p>\n<p><img decoding=\"async\" src=\"https:\/\/image.posta.com.tr\/i\/posta\/75\/750x0\/65f82352046808ff58fc2355.jpg\" \/><br \/>\nMagazin&nbsp;ve sanat d\u00fcnyas\u0131n\u0131n \u00fcnl\u00fc isimleri, sosyal medya hesaplar\u0131ndan yapt\u0131klar\u0131 payla\u015f\u0131mlarla&nbsp;18 Mart&nbsp;\u015eehitleri Anma G\u00fcn\u00fc ve \u00c7anakkale Deniz Zaferi&#8217;ni kutlad\u0131. \u0130\u015fte \u00fcnl\u00fclerin 18 Mart payla\u015f\u0131mlar\u0131&#8230;<\/p>\n<p><img decoding=\"async\" src=\"https:\/\/image.posta.com.tr\/i\/posta\/75\/750x0\/65f81b78046808ff58fc2321.jpg\" \/><br \/>\nBundan tam 109 y\u0131l \u00f6nce, \u00c7anakkale&#8217;de tarihin g\u00f6rd\u00fc\u011f\u00fc en b\u00fcy\u00fck destanlardan biri yaz\u0131ld\u0131. \u00dcnl\u00fc isimler, sosyal medya hesaplar\u0131ndan yapt\u0131klar\u0131 payla\u015f\u0131mlarla \u00c7anakkale Zaferi&#8217;ni i\u015fte b\u00f6yle kutlad\u0131&#8230;<br \/>\n<img decoding=\"async\" alt=\"F\u0130L\u0130Z AKIN\" src=\"https:\/\/image.posta.com.tr\/i\/posta\/75\/750x0\/65f81b78046808ff58fc2328.jpg\" \/><br \/>\n&nbsp;<\/p>\n<h2>F\u0130L\u0130Z AKIN&nbsp;<\/h2>\n<h3>&#8220;\u00c7anakkale zaferi 109 ya\u015f\u0131nda&#8230; Ata&#8217;m\u0131za, silah arkada\u015flar\u0131na ve o d\u00f6nemde \u00fclkemizin kurtulu\u015fu i\u00e7in can veren, gazi olan kahraman T\u00fcrk halk\u0131na k\u0131sacas\u0131; &#8220;\u00c7anakkale ge\u00e7ilmez!&#8221; slogan\u0131 ile d\u00fc\u015fmana kar\u015f\u0131 m\u00fccadele etmi\u015f olan herkese minnettar\u0131z.&#8221;<\/p>\n<p><img decoding=\"async\" alt=\"YILMAZ ERDO\u011eAN\" src=\"https:\/\/image.posta.com.tr\/i\/posta\/75\/750x0\/65f81b78046808ff58fc232a.jpg\" \/><br \/>\n&nbsp;<\/h3>\n<h2>YILMAZ ERDO\u011eAN&nbsp;<\/h2>\n<h3>&#8220;Ba\u015fta Gazi Mustafa Kemal Atat\u00fcrk ve silah arkada\u015flar\u0131 olmak \u00fczere, \u00c7anakkale&#8217;de m\u00fccadele eden t\u00fcm kahramanlar\u0131m\u0131z\u0131 sayg\u0131 ve minnetle an\u0131yoruz.&nbsp;18 Mart&nbsp;\u00c7anakkale Zaferi&#8217;nin 109&#8217;uncu y\u0131l\u0131 kutlu olsun.&#8221;<br \/>\n<img decoding=\"async\" alt=\"\u0130BRAH\u0130M B\u00dcY\u00dcKAK\" src=\"https:\/\/image.posta.com.tr\/i\/posta\/75\/750x0\/65f81b78046808ff58fc2325.jpg\" \/><br \/>\n&nbsp;<\/h3>\n<h2>\u0130BRAH\u0130M B\u00dcY\u00dcKAK&nbsp;<\/h2>\n<h3>&#8220;18 Mart 1915&#8230; \u00c7anakkale ge\u00e7ilmez. Gazi Mustafa Kemal Atat\u00fcrk ve kahraman askerlerimizi sevgi, sayg\u0131 ve minnetle an\u0131yoruz.&#8221;<br \/>\n<img decoding=\"async\" alt=\"AL\u0130 SUNAL\" src=\"https:\/\/image.posta.com.tr\/i\/posta\/75\/750x0\/65f81b7b046808ff58fc2332.jpg\" \/><\/p>\n<p>&nbsp;<\/h3>\n<h2>AL\u0130 SUNAL&nbsp;<\/h2>\n<h3>&#8220;Ba\u015fta Gazi Mustafa Kemal Atat\u00fcrk ve silah arkada\u015flar\u0131 olmak \u00fczere, \u00c7anakkale&#8217;de m\u00fccadele eden t\u00fcm kahramanlar\u0131m\u0131z\u0131 sayg\u0131 ve minnetle an\u0131yoruz. 18 Mart \u00c7anakkale Zaferi&#8217;nin 109&#8217;uncu y\u0131l\u0131 kutlu olsun.&#8221;<\/h3>\n","protected":false},"excerpt":{"rendered":"<p>Magazin&nbsp;ve sanat d\u00fcnyas\u0131n\u0131n \u00fcnl\u00fc isimleri, sosyal medya hesaplar\u0131ndan yapt\u0131klar\u0131 payla\u015f\u0131mlarla&nbsp;18 Mart&nbsp;\u015eehitleri Anma G\u00fcn\u00fc ve \u00c7anakkale Deniz Zaferi&#8217;ni kutlad\u0131. \u0130\u015fte \u00fcnl\u00fclerin 18 Mart payla\u015f\u0131mlar\u0131&#8230; Bundan tam 109 y\u0131l \u00f6nce, \u00c7anakkale&#8217;de tarihin g\u00f6rd\u00fc\u011f\u00fc en b\u00fcy\u00fck destanlardan biri yaz\u0131ld\u0131. \u00dcnl\u00fc isimler, sosyal medya hesaplar\u0131ndan yapt\u0131klar\u0131 payla\u015f\u0131mlarla \u00c7anakkale Zaferi&#8217;ni i\u015fte b\u00f6yle kutlad\u0131&#8230; &nbsp; F\u0130L\u0130Z AKIN&nbsp; &#8220;\u00c7anakkale zaferi 109 ya\u015f\u0131nda&#8230;<\/p>\n","protected":false},"author":1,"featured_media":34729,"comment_status":"open","ping_status":"open","sticky":false,"template":"","format":"standard","meta":{"footnotes":""},"categories":[85],"tags":[],"class_list":["post-34728","post","type-post","status-publish","format-standard","has-post-thumbnail","hentry","category-spor"],"yoast_head":"<!-- This site is optimized with the Yoast SEO plugin v27.5 - https:\/\/yoast.com\/product\/yoast-seo-wordpress\/ -->\n<title>\u00dcnl\u00fclerden isimlerden 18 Mart payla\u015f\u0131m\u0131 -<\/title>\n<meta name=\"robots\" content=\"index, follow, max-snippet:-1, max-image-preview:large, max-video-preview:-1\" \/>\n<link rel=\"canonical\" href=\"https:\/\/kibrisdakik.com\/?p=34728\" \/>\n<meta property=\"og:locale\" content=\"tr_TR\" \/>\n<meta property=\"og:type\" content=\"article\" \/>\n<meta property=\"og:title\" content=\"\u00dcnl\u00fclerden isimlerden 18 Mart payla\u015f\u0131m\u0131 -\" \/>\n<meta property=\"og:description\" content=\"Magazin&nbsp;ve sanat d\u00fcnyas\u0131n\u0131n \u00fcnl\u00fc isimleri, sosyal medya hesaplar\u0131ndan yapt\u0131klar\u0131 payla\u015f\u0131mlarla&nbsp;18 Mart&nbsp;\u015eehitleri Anma G\u00fcn\u00fc ve \u00c7anakkale Deniz Zaferi&#8217;ni kutlad\u0131. \u0130\u015fte \u00fcnl\u00fclerin 18 Mart payla\u015f\u0131mlar\u0131&#8230; Bundan tam 109 y\u0131l \u00f6nce, \u00c7anakkale&#8217;de tarihin g\u00f6rd\u00fc\u011f\u00fc en b\u00fcy\u00fck destanlardan biri yaz\u0131ld\u0131. \u00dcnl\u00fc isimler, sosyal medya hesaplar\u0131ndan yapt\u0131klar\u0131 payla\u015f\u0131mlarla \u00c7anakkale Zaferi&#8217;ni i\u015fte b\u00f6yle kutlad\u0131&#8230; &nbsp; F\u0130L\u0130Z AKIN&nbsp; &#8220;\u00c7anakkale zaferi 109 ya\u015f\u0131nda&#8230;\" \/>\n<meta property=\"og:url\" content=\"https:\/\/kibrisdakik.com\/?p=34728\" \/>\n<meta property=\"article:published_time\" content=\"2024-03-19T03:00:49+00:00\" \/>\n<meta property=\"og:image\" content=\"https:\/\/kibrisdakik.com\/wp-content\/uploads\/2024\/03\/65f82352046808ff58fc2355-740x375.jpg\" \/>\n\t<meta property=\"og:image:width\" content=\"750\" \/>\n\t<meta property=\"og:image:height\" content=\"375\" \/>\n\t<meta property=\"og:image:type\" content=\"image\/jpeg\" \/>\n<meta name=\"author\" content=\"admin\" \/>\n<meta name=\"twitter:card\" content=\"summary_large_image\" \/>\n<meta name=\"twitter:label1\" content=\"Yazan:\" \/>\n\t<meta name=\"twitter:data1\" content=\"admin\" \/>\n\t<meta name=\"twitter:label2\" content=\"Tahmini okuma s\u00fcresi\" \/>\n\t<meta name=\"twitter:data2\" content=\"1 dakika\" \/>\n<script type=\"application\/ld+json\" class=\"yoast-schema-graph\">{\"@context\":\"https:\\\/\\\/schema.org\",\"@graph\":[{\"@type\":\"Article\",\"@id\":\"https:\\\/\\\/kibrisdakik.com\\\/?p=34728#article\",\"isPartOf\":{\"@id\":\"https:\\\/\\\/kibrisdakik.com\\\/?p=34728\"},\"author\":{\"name\":\"admin\",\"@id\":\"https:\\\/\\\/kibrisdakik.com\\\/#\\\/schema\\\/person\\\/9cd9d437bbb44f72b73ba127e06d8e79\"},\"headline\":\"\u00dcnl\u00fclerden isimlerden 18 Mart payla\u015f\u0131m\u0131\",\"datePublished\":\"2024-03-19T03:00:49+00:00\",\"mainEntityOfPage\":{\"@id\":\"https:\\\/\\\/kibrisdakik.com\\\/?p=34728\"},\"wordCount\":233,\"commentCount\":0,\"image\":{\"@id\":\"https:\\\/\\\/kibrisdakik.com\\\/?p=34728#primaryimage\"},\"thumbnailUrl\":\"https:\\\/\\\/kibrisdakik.com\\\/wp-content\\\/uploads\\\/2024\\\/03\\\/65f82352046808ff58fc2355-740x375.jpg\",\"articleSection\":[\"Spor\"],\"inLanguage\":\"tr\",\"potentialAction\":[{\"@type\":\"CommentAction\",\"name\":\"Comment\",\"target\":[\"https:\\\/\\\/kibrisdakik.com\\\/?p=34728#respond\"]}]},{\"@type\":\"WebPage\",\"@id\":\"https:\\\/\\\/kibrisdakik.com\\\/?p=34728\",\"url\":\"https:\\\/\\\/kibrisdakik.com\\\/?p=34728\",\"name\":\"\u00dcnl\u00fclerden isimlerden 18 Mart payla\u015f\u0131m\u0131 -\",\"isPartOf\":{\"@id\":\"https:\\\/\\\/kibrisdakik.com\\\/#website\"},\"primaryImageOfPage\":{\"@id\":\"https:\\\/\\\/kibrisdakik.com\\\/?p=34728#primaryimage\"},\"image\":{\"@id\":\"https:\\\/\\\/kibrisdakik.com\\\/?p=34728#primaryimage\"},\"thumbnailUrl\":\"https:\\\/\\\/kibrisdakik.com\\\/wp-content\\\/uploads\\\/2024\\\/03\\\/65f82352046808ff58fc2355-740x375.jpg\",\"datePublished\":\"2024-03-19T03:00:49+00:00\",\"author\":{\"@id\":\"https:\\\/\\\/kibrisdakik.com\\\/#\\\/schema\\\/person\\\/9cd9d437bbb44f72b73ba127e06d8e79\"},\"breadcrumb\":{\"@id\":\"https:\\\/\\\/kibrisdakik.com\\\/?p=34728#breadcrumb\"},\"inLanguage\":\"tr\",\"potentialAction\":[{\"@type\":\"ReadAction\",\"target\":[\"https:\\\/\\\/kibrisdakik.com\\\/?p=34728\"]}]},{\"@type\":\"ImageObject\",\"inLanguage\":\"tr\",\"@id\":\"https:\\\/\\\/kibrisdakik.com\\\/?p=34728#primaryimage\",\"url\":\"https:\\\/\\\/kibrisdakik.com\\\/wp-content\\\/uploads\\\/2024\\\/03\\\/65f82352046808ff58fc2355-740x375.jpg\",\"contentUrl\":\"https:\\\/\\\/kibrisdakik.com\\\/wp-content\\\/uploads\\\/2024\\\/03\\\/65f82352046808ff58fc2355-740x375.jpg\",\"width\":750,\"height\":375},{\"@type\":\"BreadcrumbList\",\"@id\":\"https:\\\/\\\/kibrisdakik.com\\\/?p=34728#breadcrumb\",\"itemListElement\":[{\"@type\":\"ListItem\",\"position\":1,\"name\":\"Home\",\"item\":\"https:\\\/\\\/kibrisdakik.com\\\/\"},{\"@type\":\"ListItem\",\"position\":2,\"name\":\"\u00dcnl\u00fclerden isimlerden 18 Mart payla\u015f\u0131m\u0131\"}]},{\"@type\":\"WebSite\",\"@id\":\"https:\\\/\\\/kibrisdakik.com\\\/#website\",\"url\":\"https:\\\/\\\/kibrisdakik.com\\\/\",\"name\":\"\",\"description\":\"Tam vaktinde haber\",\"potentialAction\":[{\"@type\":\"SearchAction\",\"target\":{\"@type\":\"EntryPoint\",\"urlTemplate\":\"https:\\\/\\\/kibrisdakik.com\\\/?s={search_term_string}\"},\"query-input\":{\"@type\":\"PropertyValueSpecification\",\"valueRequired\":true,\"valueName\":\"search_term_string\"}}],\"inLanguage\":\"tr\"},{\"@type\":\"Person\",\"@id\":\"https:\\\/\\\/kibrisdakik.com\\\/#\\\/schema\\\/person\\\/9cd9d437bbb44f72b73ba127e06d8e79\",\"name\":\"admin\",\"image\":{\"@type\":\"ImageObject\",\"inLanguage\":\"tr\",\"@id\":\"https:\\\/\\\/secure.gravatar.com\\\/avatar\\\/ccc17943b9d660506c869530f897617f7cb1c21a4bf30023f252596d83e1f007?s=96&d=mm&r=g\",\"url\":\"https:\\\/\\\/secure.gravatar.com\\\/avatar\\\/ccc17943b9d660506c869530f897617f7cb1c21a4bf30023f252596d83e1f007?s=96&d=mm&r=g\",\"contentUrl\":\"https:\\\/\\\/secure.gravatar.com\\\/avatar\\\/ccc17943b9d660506c869530f897617f7cb1c21a4bf30023f252596d83e1f007?s=96&d=mm&r=g\",\"caption\":\"admin\"},\"sameAs\":[\"https:\\\/\\\/kibrisdakik.com\"],\"url\":\"https:\\\/\\\/kibrisdakik.com\\\/?author=1\"}]}<\/script>\n<!-- \/ Yoast SEO plugin. -->","yoast_head_json":{"title":"\u00dcnl\u00fclerden isimlerden 18 Mart payla\u015f\u0131m\u0131 -","robots":{"index":"index","follow":"follow","max-snippet":"max-snippet:-1","max-image-preview":"max-image-preview:large","max-video-preview":"max-video-preview:-1"},"canonical":"https:\/\/kibrisdakik.com\/?p=34728","og_locale":"tr_TR","og_type":"article","og_title":"\u00dcnl\u00fclerden isimlerden 18 Mart payla\u015f\u0131m\u0131 -","og_description":"Magazin&nbsp;ve sanat d\u00fcnyas\u0131n\u0131n \u00fcnl\u00fc isimleri, sosyal medya hesaplar\u0131ndan yapt\u0131klar\u0131 payla\u015f\u0131mlarla&nbsp;18 Mart&nbsp;\u015eehitleri Anma G\u00fcn\u00fc ve \u00c7anakkale Deniz Zaferi&#8217;ni kutlad\u0131. \u0130\u015fte \u00fcnl\u00fclerin 18 Mart payla\u015f\u0131mlar\u0131&#8230; Bundan tam 109 y\u0131l \u00f6nce, \u00c7anakkale&#8217;de tarihin g\u00f6rd\u00fc\u011f\u00fc en b\u00fcy\u00fck destanlardan biri yaz\u0131ld\u0131. \u00dcnl\u00fc isimler, sosyal medya hesaplar\u0131ndan yapt\u0131klar\u0131 payla\u015f\u0131mlarla \u00c7anakkale Zaferi&#8217;ni i\u015fte b\u00f6yle kutlad\u0131&#8230; &nbsp; F\u0130L\u0130Z AKIN&nbsp; &#8220;\u00c7anakkale zaferi 109 ya\u015f\u0131nda&#8230;","og_url":"https:\/\/kibrisdakik.com\/?p=34728","article_published_time":"2024-03-19T03:00:49+00:00","og_image":[{"width":750,"height":375,"url":"https:\/\/kibrisdakik.com\/wp-content\/uploads\/2024\/03\/65f82352046808ff58fc2355-740x375.jpg","type":"image\/jpeg"}],"author":"admin","twitter_card":"summary_large_image","twitter_misc":{"Yazan:":"admin","Tahmini okuma s\u00fcresi":"1 dakika"},"schema":{"@context":"https:\/\/schema.org","@graph":[{"@type":"Article","@id":"https:\/\/kibrisdakik.com\/?p=34728#article","isPartOf":{"@id":"https:\/\/kibrisdakik.com\/?p=34728"},"author":{"name":"admin","@id":"https:\/\/kibrisdakik.com\/#\/schema\/person\/9cd9d437bbb44f72b73ba127e06d8e79"},"headline":"\u00dcnl\u00fclerden isimlerden 18 Mart payla\u015f\u0131m\u0131","datePublished":"2024-03-19T03:00:49+00:00","mainEntityOfPage":{"@id":"https:\/\/kibrisdakik.com\/?p=34728"},"wordCount":233,"commentCount":0,"image":{"@id":"https:\/\/kibrisdakik.com\/?p=34728#primaryimage"},"thumbnailUrl":"https:\/\/kibrisdakik.com\/wp-content\/uploads\/2024\/03\/65f82352046808ff58fc2355-740x375.jpg","articleSection":["Spor"],"inLanguage":"tr","potentialAction":[{"@type":"CommentAction","name":"Comment","target":["https:\/\/kibrisdakik.com\/?p=34728#respond"]}]},{"@type":"WebPage","@id":"https:\/\/kibrisdakik.com\/?p=34728","url":"https:\/\/kibrisdakik.com\/?p=34728","name":"\u00dcnl\u00fclerden isimlerden 18 Mart payla\u015f\u0131m\u0131 -","isPartOf":{"@id":"https:\/\/kibrisdakik.com\/#website"},"primaryImageOfPage":{"@id":"https:\/\/kibrisdakik.com\/?p=34728#primaryimage"},"image":{"@id":"https:\/\/kibrisdakik.com\/?p=34728#primaryimage"},"thumbnailUrl":"https:\/\/kibrisdakik.com\/wp-content\/uploads\/2024\/03\/65f82352046808ff58fc2355-740x375.jpg","datePublished":"2024-03-19T03:00:49+00:00","author":{"@id":"https:\/\/kibrisdakik.com\/#\/schema\/person\/9cd9d437bbb44f72b73ba127e06d8e79"},"breadcrumb":{"@id":"https:\/\/kibrisdakik.com\/?p=34728#breadcrumb"},"inLanguage":"tr","potentialAction":[{"@type":"ReadAction","target":["https:\/\/kibrisdakik.com\/?p=34728"]}]},{"@type":"ImageObject","inLanguage":"tr","@id":"https:\/\/kibrisdakik.com\/?p=34728#primaryimage","url":"https:\/\/kibrisdakik.com\/wp-content\/uploads\/2024\/03\/65f82352046808ff58fc2355-740x375.jpg","contentUrl":"https:\/\/kibrisdakik.com\/wp-content\/uploads\/2024\/03\/65f82352046808ff58fc2355-740x375.jpg","width":750,"height":375},{"@type":"BreadcrumbList","@id":"https:\/\/kibrisdakik.com\/?p=34728#breadcrumb","itemListElement":[{"@type":"ListItem","position":1,"name":"Home","item":"https:\/\/kibrisdakik.com\/"},{"@type":"ListItem","position":2,"name":"\u00dcnl\u00fclerden isimlerden 18 Mart payla\u015f\u0131m\u0131"}]},{"@type":"WebSite","@id":"https:\/\/kibrisdakik.com\/#website","url":"https:\/\/kibrisdakik.com\/","name":"","description":"Tam vaktinde haber","potentialAction":[{"@type":"SearchAction","target":{"@type":"EntryPoint","urlTemplate":"https:\/\/kibrisdakik.com\/?s={search_term_string}"},"query-input":{"@type":"PropertyValueSpecification","valueRequired":true,"valueName":"search_term_string"}}],"inLanguage":"tr"},{"@type":"Person","@id":"https:\/\/kibrisdakik.com\/#\/schema\/person\/9cd9d437bbb44f72b73ba127e06d8e79","name":"admin","image":{"@type":"ImageObject","inLanguage":"tr","@id":"https:\/\/secure.gravatar.com\/avatar\/ccc17943b9d660506c869530f897617f7cb1c21a4bf30023f252596d83e1f007?s=96&d=mm&r=g","url":"https:\/\/secure.gravatar.com\/avatar\/ccc17943b9d660506c869530f897617f7cb1c21a4bf30023f252596d83e1f007?s=96&d=mm&r=g","contentUrl":"https:\/\/secure.gravatar.com\/avatar\/ccc17943b9d660506c869530f897617f7cb1c21a4bf30023f252596d83e1f007?s=96&d=mm&r=g","caption":"admin"},"sameAs":["https:\/\/kibrisdakik.com"],"url":"https:\/\/kibrisdakik.com\/?author=1"}]}},"_links":{"self":[{"href":"https:\/\/kibrisdakik.com\/index.php?rest_route=\/wp\/v2\/posts\/34728","targetHints":{"allow":["GET"]}}],"collection":[{"href":"https:\/\/kibrisdakik.com\/index.php?rest_route=\/wp\/v2\/posts"}],"about":[{"href":"https:\/\/kibrisdakik.com\/index.php?rest_route=\/wp\/v2\/types\/post"}],"author":[{"embeddable":true,"href":"https:\/\/kibrisdakik.com\/index.php?rest_route=\/wp\/v2\/users\/1"}],"replies":[{"embeddable":true,"href":"https:\/\/kibrisdakik.com\/index.php?rest_route=%2Fwp%2Fv2%2Fcomments&post=34728"}],"version-history":[{"count":0,"href":"https:\/\/kibrisdakik.com\/index.php?rest_route=\/wp\/v2\/posts\/34728\/revisions"}],"wp:featuredmedia":[{"embeddable":true,"href":"https:\/\/kibrisdakik.com\/index.php?rest_route=\/wp\/v2\/media\/34729"}],"wp:attachment":[{"href":"https:\/\/kibrisdakik.com\/index.php?rest_route=%2Fwp%2Fv2%2Fmedia&parent=34728"}],"wp:term":[{"taxonomy":"category","embeddable":true,"href":"https:\/\/kibrisdakik.com\/index.php?rest_route=%2Fwp%2Fv2%2Fcategories&post=34728"},{"taxonomy":"post_tag","embeddable":true,"href":"https:\/\/kibrisdakik.com\/index.php?rest_route=%2Fwp%2Fv2%2Ftags&post=34728"}],"curies":[{"name":"wp","href":"https:\/\/api.w.org\/{rel}","templated":true}]}}