{"id":34847,"date":"2024-03-20T04:38:58","date_gmt":"2024-03-20T04:38:58","guid":{"rendered":"https:\/\/kibrisdakik.com\/index.php\/2024\/03\/20\/bayrak-radyo-televizyon-kurumu-bir-degerini-daha-yitirdi\/"},"modified":"2024-03-20T04:38:58","modified_gmt":"2024-03-20T04:38:58","slug":"bayrak-radyo-televizyon-kurumu-bir-degerini-daha-yitirdi","status":"publish","type":"post","link":"https:\/\/kibrisdakik.com\/?p=34847","title":{"rendered":"Bayrak Radyo Televizyon Kurumu bir de\u011ferini daha yitirdi\u2026"},"content":{"rendered":"<p><\/p>\n<div>\n<div class=\"mariselle-image-container center\">\n                <img loading=\"lazy\" decoding=\"async\" width=\"1074\" height=\"482\" class=\"lazy-image\" alt=\"\" sizes=\"auto, (max-width: 1074px) 100vw, 1074px\" src=\"https:\/\/brtk.net\/wp-content\/uploads\/2024\/03\/20\/Screenshot_20240320_054745_Facebook.jpg?ver=b40a84ae8b7641233f1d876b4b7ba1f0\" srcset=\"https:\/\/brtk.net\/wp-content\/uploads\/2024\/03\/20\/Screenshot_20240320_054745_Facebook.jpg?ver=b40a84ae8b7641233f1d876b4b7ba1f0 1074w, https:\/\/brtk.net\/wp-content\/uploads\/2024\/03\/20\/Screenshot_20240320_054745_Facebook-300x135.jpg?ver=fbc6036f27b8f5c8591e1a09223568c3 300w, https:\/\/brtk.net\/wp-content\/uploads\/2024\/03\/20\/Screenshot_20240320_054745_Facebook-1024x460.jpg?ver=fbc6036f27b8f5c8591e1a09223568c3 1024w, https:\/\/brtk.net\/wp-content\/uploads\/2024\/03\/20\/Screenshot_20240320_054745_Facebook-768x345.jpg?ver=fbc6036f27b8f5c8591e1a09223568c3 768w\"\/>                            <\/div>\n<p>Uzun y\u0131llar Bayrak Radyo Televizyon Kurumu\u2019nda (<a href=\"https:\/\/brtk.net\/\">BRT<\/a>K) haber spikerli\u011fi ve Yak\u0131n Do\u011fu \u00dcniversitesi\u2019nde (YD\u00dc) \u00f6\u011frenim g\u00f6revlisi olarak g\u00f6rev yapan Yasemin Salc\u0131 ya\u015fam\u0131n\u0131 yitirdi.<\/p>\n<p>Salc\u0131,bug\u00fcn \u0130smail Safa Camii\u2019nde k\u0131l\u0131nacak \u00f6\u011fle namaz\u0131na m\u00fcteakip, Lefko\u015fa Mezarl\u0131\u011f\u0131\u2019nda defnedilecek.<\/p>\n<\/p><\/div>\n<p><script async\n                    defer\n                    crossorigin=\"anonymous\"\n                    src=\"https:\/\/connect.facebook.net\/tr_TR\/sdk.js#xfbml=1&#038;version=v3.3\"\n            ><\/script><\/p>\n","protected":false},"excerpt":{"rendered":"<p>Uzun y\u0131llar Bayrak Radyo Televizyon Kurumu\u2019nda (BRTK) haber spikerli\u011fi ve Yak\u0131n Do\u011fu \u00dcniversitesi\u2019nde (YD\u00dc) \u00f6\u011frenim g\u00f6revlisi olarak g\u00f6rev yapan Yasemin Salc\u0131 ya\u015fam\u0131n\u0131 yitirdi. Salc\u0131,bug\u00fcn \u0130smail Safa Camii\u2019nde k\u0131l\u0131nacak \u00f6\u011fle namaz\u0131na m\u00fcteakip, Lefko\u015fa Mezarl\u0131\u011f\u0131\u2019nda defnedilecek.<\/p>\n","protected":false},"author":1,"featured_media":34848,"comment_status":"open","ping_status":"open","sticky":false,"template":"","format":"standard","meta":{"footnotes":""},"categories":[1],"tags":[],"class_list":["post-34847","post","type-post","status-publish","format-standard","has-post-thumbnail","hentry","category-gundem"],"yoast_head":"<!-- This site is optimized with the Yoast SEO plugin v27.5 - https:\/\/yoast.com\/product\/yoast-seo-wordpress\/ -->\n<title>Bayrak Radyo Televizyon Kurumu bir de\u011ferini daha yitirdi\u2026 -<\/title>\n<meta name=\"robots\" content=\"index, follow, max-snippet:-1, max-image-preview:large, max-video-preview:-1\" \/>\n<link rel=\"canonical\" href=\"https:\/\/kibrisdakik.com\/?p=34847\" \/>\n<meta property=\"og:locale\" content=\"tr_TR\" \/>\n<meta property=\"og:type\" content=\"article\" \/>\n<meta property=\"og:title\" content=\"Bayrak Radyo Televizyon Kurumu bir de\u011ferini daha yitirdi\u2026 -\" \/>\n<meta property=\"og:description\" content=\"Uzun y\u0131llar Bayrak Radyo Televizyon Kurumu\u2019nda (BRTK) haber spikerli\u011fi ve Yak\u0131n Do\u011fu \u00dcniversitesi\u2019nde (YD\u00dc) \u00f6\u011frenim g\u00f6revlisi olarak g\u00f6rev yapan Yasemin Salc\u0131 ya\u015fam\u0131n\u0131 yitirdi. Salc\u0131,bug\u00fcn \u0130smail Safa Camii\u2019nde k\u0131l\u0131nacak \u00f6\u011fle namaz\u0131na m\u00fcteakip, Lefko\u015fa Mezarl\u0131\u011f\u0131\u2019nda defnedilecek.\" \/>\n<meta property=\"og:url\" content=\"https:\/\/kibrisdakik.com\/?p=34847\" \/>\n<meta property=\"article:published_time\" content=\"2024-03-20T04:38:58+00:00\" \/>\n<meta property=\"og:image\" content=\"https:\/\/kibrisdakik.com\/wp-content\/uploads\/2024\/03\/Screenshot_20240320_054745_Facebook-740x420.jpg\" \/>\n\t<meta property=\"og:image:width\" content=\"1074\" \/>\n\t<meta property=\"og:image:height\" content=\"482\" \/>\n\t<meta property=\"og:image:type\" content=\"image\/jpeg\" \/>\n<meta name=\"author\" content=\"admin\" \/>\n<meta name=\"twitter:card\" content=\"summary_large_image\" \/>\n<meta name=\"twitter:label1\" content=\"Yazan:\" \/>\n\t<meta name=\"twitter:data1\" content=\"admin\" \/>\n<script type=\"application\/ld+json\" class=\"yoast-schema-graph\">{\"@context\":\"https:\\\/\\\/schema.org\",\"@graph\":[{\"@type\":\"Article\",\"@id\":\"https:\\\/\\\/kibrisdakik.com\\\/?p=34847#article\",\"isPartOf\":{\"@id\":\"https:\\\/\\\/kibrisdakik.com\\\/?p=34847\"},\"author\":{\"name\":\"admin\",\"@id\":\"https:\\\/\\\/kibrisdakik.com\\\/#\\\/schema\\\/person\\\/9cd9d437bbb44f72b73ba127e06d8e79\"},\"headline\":\"Bayrak Radyo Televizyon Kurumu bir de\u011ferini daha yitirdi\u2026\",\"datePublished\":\"2024-03-20T04:38:58+00:00\",\"mainEntityOfPage\":{\"@id\":\"https:\\\/\\\/kibrisdakik.com\\\/?p=34847\"},\"wordCount\":62,\"commentCount\":0,\"image\":{\"@id\":\"https:\\\/\\\/kibrisdakik.com\\\/?p=34847#primaryimage\"},\"thumbnailUrl\":\"https:\\\/\\\/kibrisdakik.com\\\/wp-content\\\/uploads\\\/2024\\\/03\\\/Screenshot_20240320_054745_Facebook-740x420.jpg\",\"articleSection\":[\"G\u00fcndem\"],\"inLanguage\":\"tr\",\"potentialAction\":[{\"@type\":\"CommentAction\",\"name\":\"Comment\",\"target\":[\"https:\\\/\\\/kibrisdakik.com\\\/?p=34847#respond\"]}]},{\"@type\":\"WebPage\",\"@id\":\"https:\\\/\\\/kibrisdakik.com\\\/?p=34847\",\"url\":\"https:\\\/\\\/kibrisdakik.com\\\/?p=34847\",\"name\":\"Bayrak Radyo Televizyon Kurumu bir de\u011ferini daha yitirdi\u2026 -\",\"isPartOf\":{\"@id\":\"https:\\\/\\\/kibrisdakik.com\\\/#website\"},\"primaryImageOfPage\":{\"@id\":\"https:\\\/\\\/kibrisdakik.com\\\/?p=34847#primaryimage\"},\"image\":{\"@id\":\"https:\\\/\\\/kibrisdakik.com\\\/?p=34847#primaryimage\"},\"thumbnailUrl\":\"https:\\\/\\\/kibrisdakik.com\\\/wp-content\\\/uploads\\\/2024\\\/03\\\/Screenshot_20240320_054745_Facebook-740x420.jpg\",\"datePublished\":\"2024-03-20T04:38:58+00:00\",\"author\":{\"@id\":\"https:\\\/\\\/kibrisdakik.com\\\/#\\\/schema\\\/person\\\/9cd9d437bbb44f72b73ba127e06d8e79\"},\"breadcrumb\":{\"@id\":\"https:\\\/\\\/kibrisdakik.com\\\/?p=34847#breadcrumb\"},\"inLanguage\":\"tr\",\"potentialAction\":[{\"@type\":\"ReadAction\",\"target\":[\"https:\\\/\\\/kibrisdakik.com\\\/?p=34847\"]}]},{\"@type\":\"ImageObject\",\"inLanguage\":\"tr\",\"@id\":\"https:\\\/\\\/kibrisdakik.com\\\/?p=34847#primaryimage\",\"url\":\"https:\\\/\\\/kibrisdakik.com\\\/wp-content\\\/uploads\\\/2024\\\/03\\\/Screenshot_20240320_054745_Facebook-740x420.jpg\",\"contentUrl\":\"https:\\\/\\\/kibrisdakik.com\\\/wp-content\\\/uploads\\\/2024\\\/03\\\/Screenshot_20240320_054745_Facebook-740x420.jpg\",\"width\":1074,\"height\":482},{\"@type\":\"BreadcrumbList\",\"@id\":\"https:\\\/\\\/kibrisdakik.com\\\/?p=34847#breadcrumb\",\"itemListElement\":[{\"@type\":\"ListItem\",\"position\":1,\"name\":\"Home\",\"item\":\"https:\\\/\\\/kibrisdakik.com\\\/\"},{\"@type\":\"ListItem\",\"position\":2,\"name\":\"Bayrak Radyo Televizyon Kurumu bir de\u011ferini daha yitirdi\u2026\"}]},{\"@type\":\"WebSite\",\"@id\":\"https:\\\/\\\/kibrisdakik.com\\\/#website\",\"url\":\"https:\\\/\\\/kibrisdakik.com\\\/\",\"name\":\"\",\"description\":\"Tam vaktinde haber\",\"potentialAction\":[{\"@type\":\"SearchAction\",\"target\":{\"@type\":\"EntryPoint\",\"urlTemplate\":\"https:\\\/\\\/kibrisdakik.com\\\/?s={search_term_string}\"},\"query-input\":{\"@type\":\"PropertyValueSpecification\",\"valueRequired\":true,\"valueName\":\"search_term_string\"}}],\"inLanguage\":\"tr\"},{\"@type\":\"Person\",\"@id\":\"https:\\\/\\\/kibrisdakik.com\\\/#\\\/schema\\\/person\\\/9cd9d437bbb44f72b73ba127e06d8e79\",\"name\":\"admin\",\"image\":{\"@type\":\"ImageObject\",\"inLanguage\":\"tr\",\"@id\":\"https:\\\/\\\/secure.gravatar.com\\\/avatar\\\/ccc17943b9d660506c869530f897617f7cb1c21a4bf30023f252596d83e1f007?s=96&d=mm&r=g\",\"url\":\"https:\\\/\\\/secure.gravatar.com\\\/avatar\\\/ccc17943b9d660506c869530f897617f7cb1c21a4bf30023f252596d83e1f007?s=96&d=mm&r=g\",\"contentUrl\":\"https:\\\/\\\/secure.gravatar.com\\\/avatar\\\/ccc17943b9d660506c869530f897617f7cb1c21a4bf30023f252596d83e1f007?s=96&d=mm&r=g\",\"caption\":\"admin\"},\"sameAs\":[\"https:\\\/\\\/kibrisdakik.com\"],\"url\":\"https:\\\/\\\/kibrisdakik.com\\\/?author=1\"}]}<\/script>\n<!-- \/ Yoast SEO plugin. -->","yoast_head_json":{"title":"Bayrak Radyo Televizyon Kurumu bir de\u011ferini daha yitirdi\u2026 -","robots":{"index":"index","follow":"follow","max-snippet":"max-snippet:-1","max-image-preview":"max-image-preview:large","max-video-preview":"max-video-preview:-1"},"canonical":"https:\/\/kibrisdakik.com\/?p=34847","og_locale":"tr_TR","og_type":"article","og_title":"Bayrak Radyo Televizyon Kurumu bir de\u011ferini daha yitirdi\u2026 -","og_description":"Uzun y\u0131llar Bayrak Radyo Televizyon Kurumu\u2019nda (BRTK) haber spikerli\u011fi ve Yak\u0131n Do\u011fu \u00dcniversitesi\u2019nde (YD\u00dc) \u00f6\u011frenim g\u00f6revlisi olarak g\u00f6rev yapan Yasemin Salc\u0131 ya\u015fam\u0131n\u0131 yitirdi. Salc\u0131,bug\u00fcn \u0130smail Safa Camii\u2019nde k\u0131l\u0131nacak \u00f6\u011fle namaz\u0131na m\u00fcteakip, Lefko\u015fa Mezarl\u0131\u011f\u0131\u2019nda defnedilecek.","og_url":"https:\/\/kibrisdakik.com\/?p=34847","article_published_time":"2024-03-20T04:38:58+00:00","og_image":[{"width":1074,"height":482,"url":"https:\/\/kibrisdakik.com\/wp-content\/uploads\/2024\/03\/Screenshot_20240320_054745_Facebook-740x420.jpg","type":"image\/jpeg"}],"author":"admin","twitter_card":"summary_large_image","twitter_misc":{"Yazan:":"admin"},"schema":{"@context":"https:\/\/schema.org","@graph":[{"@type":"Article","@id":"https:\/\/kibrisdakik.com\/?p=34847#article","isPartOf":{"@id":"https:\/\/kibrisdakik.com\/?p=34847"},"author":{"name":"admin","@id":"https:\/\/kibrisdakik.com\/#\/schema\/person\/9cd9d437bbb44f72b73ba127e06d8e79"},"headline":"Bayrak Radyo Televizyon Kurumu bir de\u011ferini daha yitirdi\u2026","datePublished":"2024-03-20T04:38:58+00:00","mainEntityOfPage":{"@id":"https:\/\/kibrisdakik.com\/?p=34847"},"wordCount":62,"commentCount":0,"image":{"@id":"https:\/\/kibrisdakik.com\/?p=34847#primaryimage"},"thumbnailUrl":"https:\/\/kibrisdakik.com\/wp-content\/uploads\/2024\/03\/Screenshot_20240320_054745_Facebook-740x420.jpg","articleSection":["G\u00fcndem"],"inLanguage":"tr","potentialAction":[{"@type":"CommentAction","name":"Comment","target":["https:\/\/kibrisdakik.com\/?p=34847#respond"]}]},{"@type":"WebPage","@id":"https:\/\/kibrisdakik.com\/?p=34847","url":"https:\/\/kibrisdakik.com\/?p=34847","name":"Bayrak Radyo Televizyon Kurumu bir de\u011ferini daha yitirdi\u2026 -","isPartOf":{"@id":"https:\/\/kibrisdakik.com\/#website"},"primaryImageOfPage":{"@id":"https:\/\/kibrisdakik.com\/?p=34847#primaryimage"},"image":{"@id":"https:\/\/kibrisdakik.com\/?p=34847#primaryimage"},"thumbnailUrl":"https:\/\/kibrisdakik.com\/wp-content\/uploads\/2024\/03\/Screenshot_20240320_054745_Facebook-740x420.jpg","datePublished":"2024-03-20T04:38:58+00:00","author":{"@id":"https:\/\/kibrisdakik.com\/#\/schema\/person\/9cd9d437bbb44f72b73ba127e06d8e79"},"breadcrumb":{"@id":"https:\/\/kibrisdakik.com\/?p=34847#breadcrumb"},"inLanguage":"tr","potentialAction":[{"@type":"ReadAction","target":["https:\/\/kibrisdakik.com\/?p=34847"]}]},{"@type":"ImageObject","inLanguage":"tr","@id":"https:\/\/kibrisdakik.com\/?p=34847#primaryimage","url":"https:\/\/kibrisdakik.com\/wp-content\/uploads\/2024\/03\/Screenshot_20240320_054745_Facebook-740x420.jpg","contentUrl":"https:\/\/kibrisdakik.com\/wp-content\/uploads\/2024\/03\/Screenshot_20240320_054745_Facebook-740x420.jpg","width":1074,"height":482},{"@type":"BreadcrumbList","@id":"https:\/\/kibrisdakik.com\/?p=34847#breadcrumb","itemListElement":[{"@type":"ListItem","position":1,"name":"Home","item":"https:\/\/kibrisdakik.com\/"},{"@type":"ListItem","position":2,"name":"Bayrak Radyo Televizyon Kurumu bir de\u011ferini daha yitirdi\u2026"}]},{"@type":"WebSite","@id":"https:\/\/kibrisdakik.com\/#website","url":"https:\/\/kibrisdakik.com\/","name":"","description":"Tam vaktinde haber","potentialAction":[{"@type":"SearchAction","target":{"@type":"EntryPoint","urlTemplate":"https:\/\/kibrisdakik.com\/?s={search_term_string}"},"query-input":{"@type":"PropertyValueSpecification","valueRequired":true,"valueName":"search_term_string"}}],"inLanguage":"tr"},{"@type":"Person","@id":"https:\/\/kibrisdakik.com\/#\/schema\/person\/9cd9d437bbb44f72b73ba127e06d8e79","name":"admin","image":{"@type":"ImageObject","inLanguage":"tr","@id":"https:\/\/secure.gravatar.com\/avatar\/ccc17943b9d660506c869530f897617f7cb1c21a4bf30023f252596d83e1f007?s=96&d=mm&r=g","url":"https:\/\/secure.gravatar.com\/avatar\/ccc17943b9d660506c869530f897617f7cb1c21a4bf30023f252596d83e1f007?s=96&d=mm&r=g","contentUrl":"https:\/\/secure.gravatar.com\/avatar\/ccc17943b9d660506c869530f897617f7cb1c21a4bf30023f252596d83e1f007?s=96&d=mm&r=g","caption":"admin"},"sameAs":["https:\/\/kibrisdakik.com"],"url":"https:\/\/kibrisdakik.com\/?author=1"}]}},"_links":{"self":[{"href":"https:\/\/kibrisdakik.com\/index.php?rest_route=\/wp\/v2\/posts\/34847","targetHints":{"allow":["GET"]}}],"collection":[{"href":"https:\/\/kibrisdakik.com\/index.php?rest_route=\/wp\/v2\/posts"}],"about":[{"href":"https:\/\/kibrisdakik.com\/index.php?rest_route=\/wp\/v2\/types\/post"}],"author":[{"embeddable":true,"href":"https:\/\/kibrisdakik.com\/index.php?rest_route=\/wp\/v2\/users\/1"}],"replies":[{"embeddable":true,"href":"https:\/\/kibrisdakik.com\/index.php?rest_route=%2Fwp%2Fv2%2Fcomments&post=34847"}],"version-history":[{"count":0,"href":"https:\/\/kibrisdakik.com\/index.php?rest_route=\/wp\/v2\/posts\/34847\/revisions"}],"wp:featuredmedia":[{"embeddable":true,"href":"https:\/\/kibrisdakik.com\/index.php?rest_route=\/wp\/v2\/media\/34848"}],"wp:attachment":[{"href":"https:\/\/kibrisdakik.com\/index.php?rest_route=%2Fwp%2Fv2%2Fmedia&parent=34847"}],"wp:term":[{"taxonomy":"category","embeddable":true,"href":"https:\/\/kibrisdakik.com\/index.php?rest_route=%2Fwp%2Fv2%2Fcategories&post=34847"},{"taxonomy":"post_tag","embeddable":true,"href":"https:\/\/kibrisdakik.com\/index.php?rest_route=%2Fwp%2Fv2%2Ftags&post=34847"}],"curies":[{"name":"wp","href":"https:\/\/api.w.org\/{rel}","templated":true}]}}