{"id":34882,"date":"2024-03-20T09:45:04","date_gmt":"2024-03-20T09:45:04","guid":{"rendered":"https:\/\/kibrisdakik.com\/index.php\/2024\/03\/20\/vekillerin-dokunulmazliklarinin-kaldirilmasi-icin-harekete-gecilmeli\/"},"modified":"2024-03-20T09:45:04","modified_gmt":"2024-03-20T09:45:04","slug":"vekillerin-dokunulmazliklarinin-kaldirilmasi-icin-harekete-gecilmeli","status":"publish","type":"post","link":"https:\/\/kibrisdakik.com\/?p=34882","title":{"rendered":"&quot;Vekillerin dokunulmazl\u0131klar\u0131n\u0131n kald\u0131r\u0131lmas\u0131 i\u00e7in harekete ge\u00e7ilmeli\u201d"},"content":{"rendered":"<p><img decoding=\"async\" src=\"https:\/\/www.kibristurk.com\/images\/haberler\/2024\/03\/vekillerin-dokunulmazliklarinin-kaldirilmasi-icin-harekete-gecilmeli-1710927283.webp\" \/><\/p>\n<p style=\"text-align:left\"><span style=\"font-size:16px\"><span style=\"font-family:Merriweather,serif !important\"><span style=\"color:#000000\"><span style=\"background-color:#ffffff\">\u00c7eler, Y\u00fcksek\u00f6\u011fretim Planlama, Denetleme, Akreditasyon ve Koordinasyon Kurulu\u2019nun (Y\u00d6DAK) bir an \u00f6nce yeniden yap\u0131land\u0131r\u0131larak, denetlemelerin ba\u015flamas\u0131 ve kimsenin g\u00f6z\u00fcn\u00fcn ya\u015f\u0131na bak\u0131lmamas\u0131 gerekti\u011fini vurgulad\u0131.<\/span><\/span><\/span><\/span><\/p>\n<p style=\"text-align:left\"><span style=\"font-size:16px\"><span style=\"font-family:Merriweather,serif !important\"><span style=\"color:#000000\"><span style=\"background-color:#ffffff\">\u00c7eler, sahte diploma ve yolsuzluk soru\u015fturmalar\u0131 konusunda yapt\u0131\u011f\u0131 yaz\u0131l\u0131 a\u00e7\u0131klamada, bu konuda \u201cpolise bask\u0131 yap\u0131ld\u0131\u011f\u0131na\u201d dair duyumlar\u0131 oldu\u011funu \u00f6ne s\u00fcrerek, bunun bir an \u00f6nce sona erdirilmesi konusunda h\u00fck\u00fcmete \u00e7a\u011fr\u0131da bulundu.<\/span><\/span><\/span><\/span><\/p>\n<p style=\"text-align:left\"><span style=\"font-size:16px\"><span style=\"font-family:Merriweather,serif !important\"><span style=\"color:#000000\"><span style=\"background-color:#ffffff\">\u00c7eler, toplumun en g\u00fcven duymas\u0131 gereken ki\u015fileri elleri kelep\u00e7eli mahkemelerde yarg\u0131lan\u0131rken g\u00f6rmesinin yaratt\u0131\u011f\u0131 hayal k\u0131rkl\u0131\u011f\u0131n\u0131n yan\u0131na bir de \u201cbirileri kay\u0131r\u0131l\u0131yor\u201d duygusunu ya\u015famas\u0131n\u0131n, adalet duygusunun tamamen \u00e7\u00f6kmesi anlam\u0131na gelece\u011fini s\u00f6yledi.<\/span><\/span><\/span><\/span><\/p>\n<p style=\"text-align:left\"><span style=\"font-size:16px\"><span style=\"font-family:Merriweather,serif !important\"><span style=\"color:#000000\"><span style=\"background-color:#ffffff\">Hakk\u0131nda \u201csahte diploma ve yolsuzluk\u201d iddialar\u0131 bulunan milletvekillerinin hakkaniyetli \u015fekilde sorgulanmas\u0131 ve yarg\u0131lanarak ya aklanmas\u0131 ya da su\u00e7 tespitinin yap\u0131lmas\u0131 gereklili\u011fine i\u015faret eden \u00c7eler, a\u00e7\u0131klamas\u0131nda \u015fu ifadelere yer verdi:<\/span><\/span><\/span><\/span><\/p>\n<p style=\"text-align:left\"><span style=\"font-size:16px\"><span style=\"font-family:Merriweather,serif !important\"><span style=\"color:#000000\"><span style=\"background-color:#ffffff\">\u201cBu vekillerin dokunulmazl\u0131klar\u0131n\u0131n kald\u0131r\u0131lmas\u0131 i\u00e7in gerekli t\u00fcm ad\u0131mlar at\u0131lmal\u0131, di\u011fer t\u00fcm zanl\u0131lar i\u00e7in de bir an \u00f6nce soru\u015fturmalar tamamlanmal\u0131 ve yarg\u0131 s\u00fcreci ba\u015flat\u0131lmal\u0131d\u0131r. Toplumun erozyona u\u011frat\u0131lan adalet ve e\u015fitlik duygular\u0131n\u0131n daha fazla zehirlenmemesi elzemdir.\u201d<\/span><\/span><\/span><\/span><\/p>\n<p style=\"text-align:left\"><span style=\"font-size:16px\"><span style=\"font-family:Merriweather,serif !important\"><span style=\"color:#000000\"><span style=\"background-color:#ffffff\">\u00c7eler ayr\u0131ca, soru\u015fturmalar nedeniyle ge\u00e7en&nbsp; g\u00fcnlerde istifa eden Turgay Avc\u0131 dahil, Y\u00d6DAK\u2019\u0131n baz\u0131 \u00fcyelerinin soru\u015fturma nedeniyle tutukland\u0131\u011f\u0131na veya hali haz\u0131rda yarg\u0131land\u0131\u011f\u0131na dikkat \u00e7ekerek, kurumda bo\u015falan koltuklar\u0131n doldurulmas\u0131n\u0131n y\u00fcksek \u00f6\u011fretim i\u00e7in hayati \u00f6nem ta\u015f\u0131d\u0131\u011f\u0131na vurgu yapt\u0131.<\/span><\/span><\/span><\/span><\/p>\n<p style=\"text-align:left\"><span style=\"font-size:16px\"><span style=\"font-family:Merriweather,serif !important\"><span style=\"color:#000000\"><span style=\"background-color:#ffffff\">\u00c7eler a\u00e7\u0131klamas\u0131nda \u015fu ifadelere yer verdi:<\/span><\/span><\/span><\/span><\/p>\n<p style=\"text-align:left\"><span style=\"font-size:16px\"><span style=\"font-family:Merriweather,serif !important\"><span style=\"color:#000000\"><span style=\"background-color:#ffffff\">\u201cT\u00fcm \u00fcniversiteler ay\u0131r\u0131m g\u00f6zetmeksizin sistemli ve d\u00fczenli \u015fekilde denetlenmelidir. Ayr\u0131ca bu i\u015fin sadece K\u0131br\u0131s Sa\u011fl\u0131k ve Toplum Bilimleri \u00dcniversitesi\u2019yle de s\u0131n\u0131rl\u0131 olmad\u0131\u011f\u0131, ba\u015fka bir\u00e7ok \u00fcniversite adl\u0131 yap\u0131lanmalarda bu gibi sahtekarl\u0131klar\u0131n ya\u015fanm\u0131\u015f olmas\u0131 olas\u0131d\u0131r. S\u00fcratli \u015fekilde buralar da denetimden ge\u00e7irilmeli, yapt\u0131r\u0131mlar uygulanmal\u0131 ve kimsenin g\u00f6z\u00fcn\u00fcn ya\u015f\u0131na bakmadan kapat\u0131lmal\u0131d\u0131r.\u201d<\/span><\/span><\/span><\/span><\/p>\n","protected":false},"excerpt":{"rendered":"<p>\u00c7eler, Y\u00fcksek\u00f6\u011fretim Planlama, Denetleme, Akreditasyon ve Koordinasyon Kurulu\u2019nun (Y\u00d6DAK) bir an \u00f6nce yeniden yap\u0131land\u0131r\u0131larak, denetlemelerin ba\u015flamas\u0131 ve kimsenin g\u00f6z\u00fcn\u00fcn ya\u015f\u0131na bak\u0131lmamas\u0131 gerekti\u011fini vurgulad\u0131. \u00c7eler, sahte diploma ve yolsuzluk soru\u015fturmalar\u0131 konusunda yapt\u0131\u011f\u0131 yaz\u0131l\u0131 a\u00e7\u0131klamada, bu konuda \u201cpolise bask\u0131 yap\u0131ld\u0131\u011f\u0131na\u201d dair duyumlar\u0131 oldu\u011funu \u00f6ne s\u00fcrerek, bunun bir an \u00f6nce sona erdirilmesi konusunda h\u00fck\u00fcmete \u00e7a\u011fr\u0131da bulundu. \u00c7eler, toplumun<\/p>\n","protected":false},"author":1,"featured_media":34883,"comment_status":"open","ping_status":"open","sticky":false,"template":"","format":"standard","meta":{"footnotes":""},"categories":[85],"tags":[],"class_list":["post-34882","post","type-post","status-publish","format-standard","has-post-thumbnail","hentry","category-spor"],"yoast_head":"<!-- This site is optimized with the Yoast SEO plugin v27.4 - https:\/\/yoast.com\/product\/yoast-seo-wordpress\/ -->\n<title>&quot;Vekillerin dokunulmazl\u0131klar\u0131n\u0131n kald\u0131r\u0131lmas\u0131 i\u00e7in harekete ge\u00e7ilmeli\u201d -<\/title>\n<meta name=\"robots\" content=\"index, follow, max-snippet:-1, max-image-preview:large, max-video-preview:-1\" \/>\n<link rel=\"canonical\" href=\"https:\/\/kibrisdakik.com\/?p=34882\" \/>\n<meta property=\"og:locale\" content=\"tr_TR\" \/>\n<meta property=\"og:type\" content=\"article\" \/>\n<meta property=\"og:title\" content=\"&quot;Vekillerin dokunulmazl\u0131klar\u0131n\u0131n kald\u0131r\u0131lmas\u0131 i\u00e7in harekete ge\u00e7ilmeli\u201d -\" \/>\n<meta property=\"og:description\" content=\"\u00c7eler, Y\u00fcksek\u00f6\u011fretim Planlama, Denetleme, Akreditasyon ve Koordinasyon Kurulu\u2019nun (Y\u00d6DAK) bir an \u00f6nce yeniden yap\u0131land\u0131r\u0131larak, denetlemelerin ba\u015flamas\u0131 ve kimsenin g\u00f6z\u00fcn\u00fcn ya\u015f\u0131na bak\u0131lmamas\u0131 gerekti\u011fini vurgulad\u0131. \u00c7eler, sahte diploma ve yolsuzluk soru\u015fturmalar\u0131 konusunda yapt\u0131\u011f\u0131 yaz\u0131l\u0131 a\u00e7\u0131klamada, bu konuda \u201cpolise bask\u0131 yap\u0131ld\u0131\u011f\u0131na\u201d dair duyumlar\u0131 oldu\u011funu \u00f6ne s\u00fcrerek, bunun bir an \u00f6nce sona erdirilmesi konusunda h\u00fck\u00fcmete \u00e7a\u011fr\u0131da bulundu. \u00c7eler, toplumun\" \/>\n<meta property=\"og:url\" content=\"https:\/\/kibrisdakik.com\/?p=34882\" \/>\n<meta property=\"article:published_time\" content=\"2024-03-20T09:45:04+00:00\" \/>\n<meta property=\"og:image\" content=\"https:\/\/kibrisdakik.com\/wp-content\/uploads\/2024\/03\/vekillerin-dokunulmazliklarinin-kaldirilmasi-icin-harekete-gecilmeli-1710927283.webp.webp\" \/>\n\t<meta property=\"og:image:width\" content=\"710\" \/>\n\t<meta property=\"og:image:height\" content=\"370\" \/>\n\t<meta property=\"og:image:type\" content=\"image\/webp\" \/>\n<meta name=\"author\" content=\"admin\" \/>\n<meta name=\"twitter:card\" content=\"summary_large_image\" \/>\n<meta name=\"twitter:label1\" content=\"Yazan:\" \/>\n\t<meta name=\"twitter:data1\" content=\"admin\" \/>\n\t<meta name=\"twitter:label2\" content=\"Tahmini okuma s\u00fcresi\" \/>\n\t<meta name=\"twitter:data2\" content=\"2 dakika\" \/>\n<script type=\"application\/ld+json\" class=\"yoast-schema-graph\">{\"@context\":\"https:\\\/\\\/schema.org\",\"@graph\":[{\"@type\":\"Article\",\"@id\":\"https:\\\/\\\/kibrisdakik.com\\\/?p=34882#article\",\"isPartOf\":{\"@id\":\"https:\\\/\\\/kibrisdakik.com\\\/?p=34882\"},\"author\":{\"name\":\"admin\",\"@id\":\"https:\\\/\\\/kibrisdakik.com\\\/#\\\/schema\\\/person\\\/9cd9d437bbb44f72b73ba127e06d8e79\"},\"headline\":\"&quot;Vekillerin dokunulmazl\u0131klar\u0131n\u0131n kald\u0131r\u0131lmas\u0131 i\u00e7in harekete ge\u00e7ilmeli\u201d\",\"datePublished\":\"2024-03-20T09:45:04+00:00\",\"mainEntityOfPage\":{\"@id\":\"https:\\\/\\\/kibrisdakik.com\\\/?p=34882\"},\"wordCount\":377,\"commentCount\":0,\"image\":{\"@id\":\"https:\\\/\\\/kibrisdakik.com\\\/?p=34882#primaryimage\"},\"thumbnailUrl\":\"https:\\\/\\\/kibrisdakik.com\\\/wp-content\\\/uploads\\\/2024\\\/03\\\/vekillerin-dokunulmazliklarinin-kaldirilmasi-icin-harekete-gecilmeli-1710927283.webp.webp\",\"articleSection\":[\"Spor\"],\"inLanguage\":\"tr\",\"potentialAction\":[{\"@type\":\"CommentAction\",\"name\":\"Comment\",\"target\":[\"https:\\\/\\\/kibrisdakik.com\\\/?p=34882#respond\"]}]},{\"@type\":\"WebPage\",\"@id\":\"https:\\\/\\\/kibrisdakik.com\\\/?p=34882\",\"url\":\"https:\\\/\\\/kibrisdakik.com\\\/?p=34882\",\"name\":\"&quot;Vekillerin dokunulmazl\u0131klar\u0131n\u0131n kald\u0131r\u0131lmas\u0131 i\u00e7in harekete ge\u00e7ilmeli\u201d -\",\"isPartOf\":{\"@id\":\"https:\\\/\\\/kibrisdakik.com\\\/#website\"},\"primaryImageOfPage\":{\"@id\":\"https:\\\/\\\/kibrisdakik.com\\\/?p=34882#primaryimage\"},\"image\":{\"@id\":\"https:\\\/\\\/kibrisdakik.com\\\/?p=34882#primaryimage\"},\"thumbnailUrl\":\"https:\\\/\\\/kibrisdakik.com\\\/wp-content\\\/uploads\\\/2024\\\/03\\\/vekillerin-dokunulmazliklarinin-kaldirilmasi-icin-harekete-gecilmeli-1710927283.webp.webp\",\"datePublished\":\"2024-03-20T09:45:04+00:00\",\"author\":{\"@id\":\"https:\\\/\\\/kibrisdakik.com\\\/#\\\/schema\\\/person\\\/9cd9d437bbb44f72b73ba127e06d8e79\"},\"breadcrumb\":{\"@id\":\"https:\\\/\\\/kibrisdakik.com\\\/?p=34882#breadcrumb\"},\"inLanguage\":\"tr\",\"potentialAction\":[{\"@type\":\"ReadAction\",\"target\":[\"https:\\\/\\\/kibrisdakik.com\\\/?p=34882\"]}]},{\"@type\":\"ImageObject\",\"inLanguage\":\"tr\",\"@id\":\"https:\\\/\\\/kibrisdakik.com\\\/?p=34882#primaryimage\",\"url\":\"https:\\\/\\\/kibrisdakik.com\\\/wp-content\\\/uploads\\\/2024\\\/03\\\/vekillerin-dokunulmazliklarinin-kaldirilmasi-icin-harekete-gecilmeli-1710927283.webp.webp\",\"contentUrl\":\"https:\\\/\\\/kibrisdakik.com\\\/wp-content\\\/uploads\\\/2024\\\/03\\\/vekillerin-dokunulmazliklarinin-kaldirilmasi-icin-harekete-gecilmeli-1710927283.webp.webp\",\"width\":710,\"height\":370},{\"@type\":\"BreadcrumbList\",\"@id\":\"https:\\\/\\\/kibrisdakik.com\\\/?p=34882#breadcrumb\",\"itemListElement\":[{\"@type\":\"ListItem\",\"position\":1,\"name\":\"Home\",\"item\":\"https:\\\/\\\/kibrisdakik.com\\\/\"},{\"@type\":\"ListItem\",\"position\":2,\"name\":\"&quot;Vekillerin dokunulmazl\u0131klar\u0131n\u0131n kald\u0131r\u0131lmas\u0131 i\u00e7in harekete ge\u00e7ilmeli\u201d\"}]},{\"@type\":\"WebSite\",\"@id\":\"https:\\\/\\\/kibrisdakik.com\\\/#website\",\"url\":\"https:\\\/\\\/kibrisdakik.com\\\/\",\"name\":\"\",\"description\":\"Tam vaktinde haber\",\"potentialAction\":[{\"@type\":\"SearchAction\",\"target\":{\"@type\":\"EntryPoint\",\"urlTemplate\":\"https:\\\/\\\/kibrisdakik.com\\\/?s={search_term_string}\"},\"query-input\":{\"@type\":\"PropertyValueSpecification\",\"valueRequired\":true,\"valueName\":\"search_term_string\"}}],\"inLanguage\":\"tr\"},{\"@type\":\"Person\",\"@id\":\"https:\\\/\\\/kibrisdakik.com\\\/#\\\/schema\\\/person\\\/9cd9d437bbb44f72b73ba127e06d8e79\",\"name\":\"admin\",\"image\":{\"@type\":\"ImageObject\",\"inLanguage\":\"tr\",\"@id\":\"https:\\\/\\\/secure.gravatar.com\\\/avatar\\\/ccc17943b9d660506c869530f897617f7cb1c21a4bf30023f252596d83e1f007?s=96&d=mm&r=g\",\"url\":\"https:\\\/\\\/secure.gravatar.com\\\/avatar\\\/ccc17943b9d660506c869530f897617f7cb1c21a4bf30023f252596d83e1f007?s=96&d=mm&r=g\",\"contentUrl\":\"https:\\\/\\\/secure.gravatar.com\\\/avatar\\\/ccc17943b9d660506c869530f897617f7cb1c21a4bf30023f252596d83e1f007?s=96&d=mm&r=g\",\"caption\":\"admin\"},\"sameAs\":[\"https:\\\/\\\/kibrisdakik.com\"],\"url\":\"https:\\\/\\\/kibrisdakik.com\\\/?author=1\"}]}<\/script>\n<!-- \/ Yoast SEO plugin. -->","yoast_head_json":{"title":"&quot;Vekillerin dokunulmazl\u0131klar\u0131n\u0131n kald\u0131r\u0131lmas\u0131 i\u00e7in harekete ge\u00e7ilmeli\u201d -","robots":{"index":"index","follow":"follow","max-snippet":"max-snippet:-1","max-image-preview":"max-image-preview:large","max-video-preview":"max-video-preview:-1"},"canonical":"https:\/\/kibrisdakik.com\/?p=34882","og_locale":"tr_TR","og_type":"article","og_title":"&quot;Vekillerin dokunulmazl\u0131klar\u0131n\u0131n kald\u0131r\u0131lmas\u0131 i\u00e7in harekete ge\u00e7ilmeli\u201d -","og_description":"\u00c7eler, Y\u00fcksek\u00f6\u011fretim Planlama, Denetleme, Akreditasyon ve Koordinasyon Kurulu\u2019nun (Y\u00d6DAK) bir an \u00f6nce yeniden yap\u0131land\u0131r\u0131larak, denetlemelerin ba\u015flamas\u0131 ve kimsenin g\u00f6z\u00fcn\u00fcn ya\u015f\u0131na bak\u0131lmamas\u0131 gerekti\u011fini vurgulad\u0131. \u00c7eler, sahte diploma ve yolsuzluk soru\u015fturmalar\u0131 konusunda yapt\u0131\u011f\u0131 yaz\u0131l\u0131 a\u00e7\u0131klamada, bu konuda \u201cpolise bask\u0131 yap\u0131ld\u0131\u011f\u0131na\u201d dair duyumlar\u0131 oldu\u011funu \u00f6ne s\u00fcrerek, bunun bir an \u00f6nce sona erdirilmesi konusunda h\u00fck\u00fcmete \u00e7a\u011fr\u0131da bulundu. \u00c7eler, toplumun","og_url":"https:\/\/kibrisdakik.com\/?p=34882","article_published_time":"2024-03-20T09:45:04+00:00","og_image":[{"width":710,"height":370,"url":"https:\/\/kibrisdakik.com\/wp-content\/uploads\/2024\/03\/vekillerin-dokunulmazliklarinin-kaldirilmasi-icin-harekete-gecilmeli-1710927283.webp.webp","type":"image\/webp"}],"author":"admin","twitter_card":"summary_large_image","twitter_misc":{"Yazan:":"admin","Tahmini okuma s\u00fcresi":"2 dakika"},"schema":{"@context":"https:\/\/schema.org","@graph":[{"@type":"Article","@id":"https:\/\/kibrisdakik.com\/?p=34882#article","isPartOf":{"@id":"https:\/\/kibrisdakik.com\/?p=34882"},"author":{"name":"admin","@id":"https:\/\/kibrisdakik.com\/#\/schema\/person\/9cd9d437bbb44f72b73ba127e06d8e79"},"headline":"&quot;Vekillerin dokunulmazl\u0131klar\u0131n\u0131n kald\u0131r\u0131lmas\u0131 i\u00e7in harekete ge\u00e7ilmeli\u201d","datePublished":"2024-03-20T09:45:04+00:00","mainEntityOfPage":{"@id":"https:\/\/kibrisdakik.com\/?p=34882"},"wordCount":377,"commentCount":0,"image":{"@id":"https:\/\/kibrisdakik.com\/?p=34882#primaryimage"},"thumbnailUrl":"https:\/\/kibrisdakik.com\/wp-content\/uploads\/2024\/03\/vekillerin-dokunulmazliklarinin-kaldirilmasi-icin-harekete-gecilmeli-1710927283.webp.webp","articleSection":["Spor"],"inLanguage":"tr","potentialAction":[{"@type":"CommentAction","name":"Comment","target":["https:\/\/kibrisdakik.com\/?p=34882#respond"]}]},{"@type":"WebPage","@id":"https:\/\/kibrisdakik.com\/?p=34882","url":"https:\/\/kibrisdakik.com\/?p=34882","name":"&quot;Vekillerin dokunulmazl\u0131klar\u0131n\u0131n kald\u0131r\u0131lmas\u0131 i\u00e7in harekete ge\u00e7ilmeli\u201d -","isPartOf":{"@id":"https:\/\/kibrisdakik.com\/#website"},"primaryImageOfPage":{"@id":"https:\/\/kibrisdakik.com\/?p=34882#primaryimage"},"image":{"@id":"https:\/\/kibrisdakik.com\/?p=34882#primaryimage"},"thumbnailUrl":"https:\/\/kibrisdakik.com\/wp-content\/uploads\/2024\/03\/vekillerin-dokunulmazliklarinin-kaldirilmasi-icin-harekete-gecilmeli-1710927283.webp.webp","datePublished":"2024-03-20T09:45:04+00:00","author":{"@id":"https:\/\/kibrisdakik.com\/#\/schema\/person\/9cd9d437bbb44f72b73ba127e06d8e79"},"breadcrumb":{"@id":"https:\/\/kibrisdakik.com\/?p=34882#breadcrumb"},"inLanguage":"tr","potentialAction":[{"@type":"ReadAction","target":["https:\/\/kibrisdakik.com\/?p=34882"]}]},{"@type":"ImageObject","inLanguage":"tr","@id":"https:\/\/kibrisdakik.com\/?p=34882#primaryimage","url":"https:\/\/kibrisdakik.com\/wp-content\/uploads\/2024\/03\/vekillerin-dokunulmazliklarinin-kaldirilmasi-icin-harekete-gecilmeli-1710927283.webp.webp","contentUrl":"https:\/\/kibrisdakik.com\/wp-content\/uploads\/2024\/03\/vekillerin-dokunulmazliklarinin-kaldirilmasi-icin-harekete-gecilmeli-1710927283.webp.webp","width":710,"height":370},{"@type":"BreadcrumbList","@id":"https:\/\/kibrisdakik.com\/?p=34882#breadcrumb","itemListElement":[{"@type":"ListItem","position":1,"name":"Home","item":"https:\/\/kibrisdakik.com\/"},{"@type":"ListItem","position":2,"name":"&quot;Vekillerin dokunulmazl\u0131klar\u0131n\u0131n kald\u0131r\u0131lmas\u0131 i\u00e7in harekete ge\u00e7ilmeli\u201d"}]},{"@type":"WebSite","@id":"https:\/\/kibrisdakik.com\/#website","url":"https:\/\/kibrisdakik.com\/","name":"","description":"Tam vaktinde haber","potentialAction":[{"@type":"SearchAction","target":{"@type":"EntryPoint","urlTemplate":"https:\/\/kibrisdakik.com\/?s={search_term_string}"},"query-input":{"@type":"PropertyValueSpecification","valueRequired":true,"valueName":"search_term_string"}}],"inLanguage":"tr"},{"@type":"Person","@id":"https:\/\/kibrisdakik.com\/#\/schema\/person\/9cd9d437bbb44f72b73ba127e06d8e79","name":"admin","image":{"@type":"ImageObject","inLanguage":"tr","@id":"https:\/\/secure.gravatar.com\/avatar\/ccc17943b9d660506c869530f897617f7cb1c21a4bf30023f252596d83e1f007?s=96&d=mm&r=g","url":"https:\/\/secure.gravatar.com\/avatar\/ccc17943b9d660506c869530f897617f7cb1c21a4bf30023f252596d83e1f007?s=96&d=mm&r=g","contentUrl":"https:\/\/secure.gravatar.com\/avatar\/ccc17943b9d660506c869530f897617f7cb1c21a4bf30023f252596d83e1f007?s=96&d=mm&r=g","caption":"admin"},"sameAs":["https:\/\/kibrisdakik.com"],"url":"https:\/\/kibrisdakik.com\/?author=1"}]}},"_links":{"self":[{"href":"https:\/\/kibrisdakik.com\/index.php?rest_route=\/wp\/v2\/posts\/34882","targetHints":{"allow":["GET"]}}],"collection":[{"href":"https:\/\/kibrisdakik.com\/index.php?rest_route=\/wp\/v2\/posts"}],"about":[{"href":"https:\/\/kibrisdakik.com\/index.php?rest_route=\/wp\/v2\/types\/post"}],"author":[{"embeddable":true,"href":"https:\/\/kibrisdakik.com\/index.php?rest_route=\/wp\/v2\/users\/1"}],"replies":[{"embeddable":true,"href":"https:\/\/kibrisdakik.com\/index.php?rest_route=%2Fwp%2Fv2%2Fcomments&post=34882"}],"version-history":[{"count":0,"href":"https:\/\/kibrisdakik.com\/index.php?rest_route=\/wp\/v2\/posts\/34882\/revisions"}],"wp:featuredmedia":[{"embeddable":true,"href":"https:\/\/kibrisdakik.com\/index.php?rest_route=\/wp\/v2\/media\/34883"}],"wp:attachment":[{"href":"https:\/\/kibrisdakik.com\/index.php?rest_route=%2Fwp%2Fv2%2Fmedia&parent=34882"}],"wp:term":[{"taxonomy":"category","embeddable":true,"href":"https:\/\/kibrisdakik.com\/index.php?rest_route=%2Fwp%2Fv2%2Fcategories&post=34882"},{"taxonomy":"post_tag","embeddable":true,"href":"https:\/\/kibrisdakik.com\/index.php?rest_route=%2Fwp%2Fv2%2Ftags&post=34882"}],"curies":[{"name":"wp","href":"https:\/\/api.w.org\/{rel}","templated":true}]}}