{"id":34907,"date":"2024-03-20T12:49:49","date_gmt":"2024-03-20T12:49:49","guid":{"rendered":"https:\/\/kibrisdakik.com\/index.php\/2024\/03\/20\/tore-motorlu-arac-saticilar-ve-ithalatcilar-birligi-heyetini-kabul-etti-2\/"},"modified":"2024-03-20T12:49:49","modified_gmt":"2024-03-20T12:49:49","slug":"tore-motorlu-arac-saticilar-ve-ithalatcilar-birligi-heyetini-kabul-etti-2","status":"publish","type":"post","link":"https:\/\/kibrisdakik.com\/?p=34907","title":{"rendered":"T\u00f6re Motorlu Ara\u00e7 Sat\u0131c\u0131lar ve \u0130thalat\u00e7\u0131lar Birli\u011fi heyetini kabul etti"},"content":{"rendered":"<p><img decoding=\"async\" src=\"https:\/\/www.kibristurk.com\/images\/haberler\/2024\/03\/tore-motorlu-arac-saticilar-ve-ithalatcilar-birligi-heyetini-kabul-etti-1710932107.webp\" \/><\/p>\n<p style=\"text-align:left\"><span style=\"font-size:16px\"><span style=\"font-family:Merriweather,serif !important\"><span style=\"color:#000000\"><span style=\"background-color:#ffffff\">Cumhuriyet Meclisinden verilen bilgiye g\u00f6re, &nbsp;Meclis \u015eeref Salonu&#8217;nda yer alan kabulde Birlik Ba\u015fkan\u0131 Bar\u0131\u015f Yuca ve Y\u00f6netim Kurulu \u00fcyeleri yer ald\u0131.<\/span><\/span><\/span><\/span><\/p>\n<p style=\"text-align:left\"><span style=\"font-size:16px\"><span style=\"font-family:Merriweather,serif !important\"><span style=\"color:#000000\"><span style=\"background-color:#ffffff\">Kabulde konu\u015fan T\u00f6re, h\u00fck\u00fcmetin galeriler ile otomotiv sat\u0131\u015f\u0131 konusunda piyasay\u0131 kontrol alt\u0131nda tutmas\u0131 ve haks\u0131z rekabeti ortadan kald\u0131rmas\u0131 gerekti\u011fini belirterek, yasal \u00e7al\u0131\u015fmayla bu sorunlar\u0131n d\u00fczeltilebilece\u011fini s\u00f6yledi.<\/span><\/span><\/span><\/span><\/p>\n<p style=\"text-align:left\"><span style=\"font-size:16px\"><span style=\"font-family:Merriweather,serif !important\"><span style=\"color:#000000\"><span style=\"background-color:#ffffff\">Galerilerin artmas\u0131 ve \u00e7ok fazla ara\u00e7 ithal edilmesinin kamuoyunda s\u00fcrekli g\u00fcndeme gelen bir konu oldu\u011funu ifade eden T\u00f6re, bu hususta d\u00fczenlenecek yasan\u0131n takip\u00e7isi ve destek\u00e7isi olacaklar\u0131n\u0131 kaydetti.<\/span><\/span><\/span><\/span><\/p>\n<p style=\"text-align:left\"><span style=\"font-size:16px\"><span style=\"font-family:Merriweather,serif !important\"><span style=\"color:#000000\"><span style=\"background-color:#ffffff\">-Yuca: \u201cKontrols\u00fcz \u015fekilde a\u00e7\u0131lan ara\u00e7 galerileri baz\u0131 sorunlar yarat\u0131yor\u201d<\/span><\/span><\/span><\/span><\/p>\n<p style=\"text-align:left\"><span style=\"font-size:16px\"><span style=\"font-family:Merriweather,serif !important\"><span style=\"color:#000000\"><span style=\"background-color:#ffffff\">Motorlu Ara\u00e7 Sat\u0131c\u0131lar ve \u0130thalat\u00e7\u0131lar Birli\u011fi Ba\u015fkan\u0131 Bar\u0131\u015f Yuca da y\u0131llarca bu sekt\u00f6rde hizmet verdiklerini ifade ederek, son d\u00f6nemlerde kontrols\u00fcz \u015fekilde a\u00e7\u0131lan ara\u00e7 galerilerinin baz\u0131 sorunlar yaratt\u0131\u011f\u0131n\u0131 kaydetti.<\/span><\/span><\/span><\/span><\/p>\n<p style=\"text-align:left\"><span style=\"font-size:16px\"><span style=\"font-family:Merriweather,serif !important\"><span style=\"color:#000000\"><span style=\"background-color:#ffffff\">Haz\u0131rlanan sekt\u00f6rleriyle ilgili yasa tasar\u0131s\u0131n\u0131n Meclis komitesine gelece\u011fi bilgisini ald\u0131klar\u0131n\u0131 belirten Yuca, T\u00f6re\u2019den destek istedi.<\/span><\/span><\/span><\/span><\/p>\n","protected":false},"excerpt":{"rendered":"<p>Cumhuriyet Meclisinden verilen bilgiye g\u00f6re, &nbsp;Meclis \u015eeref Salonu&#8217;nda yer alan kabulde Birlik Ba\u015fkan\u0131 Bar\u0131\u015f Yuca ve Y\u00f6netim Kurulu \u00fcyeleri yer ald\u0131. Kabulde konu\u015fan T\u00f6re, h\u00fck\u00fcmetin galeriler ile otomotiv sat\u0131\u015f\u0131 konusunda piyasay\u0131 kontrol alt\u0131nda tutmas\u0131 ve haks\u0131z rekabeti ortadan kald\u0131rmas\u0131 gerekti\u011fini belirterek, yasal \u00e7al\u0131\u015fmayla bu sorunlar\u0131n d\u00fczeltilebilece\u011fini s\u00f6yledi. Galerilerin artmas\u0131 ve \u00e7ok fazla ara\u00e7 ithal edilmesinin<\/p>\n","protected":false},"author":1,"featured_media":34908,"comment_status":"open","ping_status":"open","sticky":false,"template":"","format":"standard","meta":{"footnotes":""},"categories":[85],"tags":[],"class_list":["post-34907","post","type-post","status-publish","format-standard","has-post-thumbnail","hentry","category-spor"],"yoast_head":"<!-- This site is optimized with the Yoast SEO plugin v27.4 - https:\/\/yoast.com\/product\/yoast-seo-wordpress\/ -->\n<title>T\u00f6re Motorlu Ara\u00e7 Sat\u0131c\u0131lar ve \u0130thalat\u00e7\u0131lar Birli\u011fi heyetini kabul etti -<\/title>\n<meta name=\"robots\" content=\"index, follow, max-snippet:-1, max-image-preview:large, max-video-preview:-1\" \/>\n<link rel=\"canonical\" href=\"https:\/\/kibrisdakik.com\/?p=34907\" \/>\n<meta property=\"og:locale\" content=\"tr_TR\" \/>\n<meta property=\"og:type\" content=\"article\" \/>\n<meta property=\"og:title\" content=\"T\u00f6re Motorlu Ara\u00e7 Sat\u0131c\u0131lar ve \u0130thalat\u00e7\u0131lar Birli\u011fi heyetini kabul etti -\" \/>\n<meta property=\"og:description\" content=\"Cumhuriyet Meclisinden verilen bilgiye g\u00f6re, &nbsp;Meclis \u015eeref Salonu&#8217;nda yer alan kabulde Birlik Ba\u015fkan\u0131 Bar\u0131\u015f Yuca ve Y\u00f6netim Kurulu \u00fcyeleri yer ald\u0131. Kabulde konu\u015fan T\u00f6re, h\u00fck\u00fcmetin galeriler ile otomotiv sat\u0131\u015f\u0131 konusunda piyasay\u0131 kontrol alt\u0131nda tutmas\u0131 ve haks\u0131z rekabeti ortadan kald\u0131rmas\u0131 gerekti\u011fini belirterek, yasal \u00e7al\u0131\u015fmayla bu sorunlar\u0131n d\u00fczeltilebilece\u011fini s\u00f6yledi. Galerilerin artmas\u0131 ve \u00e7ok fazla ara\u00e7 ithal edilmesinin\" \/>\n<meta property=\"og:url\" content=\"https:\/\/kibrisdakik.com\/?p=34907\" \/>\n<meta property=\"article:published_time\" content=\"2024-03-20T12:49:49+00:00\" \/>\n<meta property=\"og:image\" content=\"https:\/\/kibrisdakik.com\/wp-content\/uploads\/2024\/03\/tore-motorlu-arac-saticilar-ve-ithalatcilar-birligi-heyetini-kabul-etti-1710932107.webp.webp\" \/>\n\t<meta property=\"og:image:width\" content=\"710\" \/>\n\t<meta property=\"og:image:height\" content=\"370\" \/>\n\t<meta property=\"og:image:type\" content=\"image\/webp\" \/>\n<meta name=\"author\" content=\"admin\" \/>\n<meta name=\"twitter:card\" content=\"summary_large_image\" \/>\n<meta name=\"twitter:label1\" content=\"Yazan:\" \/>\n\t<meta name=\"twitter:data1\" content=\"admin\" \/>\n\t<meta name=\"twitter:label2\" content=\"Tahmini okuma s\u00fcresi\" \/>\n\t<meta name=\"twitter:data2\" content=\"1 dakika\" \/>\n<script type=\"application\/ld+json\" class=\"yoast-schema-graph\">{\"@context\":\"https:\\\/\\\/schema.org\",\"@graph\":[{\"@type\":\"Article\",\"@id\":\"https:\\\/\\\/kibrisdakik.com\\\/?p=34907#article\",\"isPartOf\":{\"@id\":\"https:\\\/\\\/kibrisdakik.com\\\/?p=34907\"},\"author\":{\"name\":\"admin\",\"@id\":\"https:\\\/\\\/kibrisdakik.com\\\/#\\\/schema\\\/person\\\/9cd9d437bbb44f72b73ba127e06d8e79\"},\"headline\":\"T\u00f6re Motorlu Ara\u00e7 Sat\u0131c\u0131lar ve \u0130thalat\u00e7\u0131lar Birli\u011fi heyetini kabul etti\",\"datePublished\":\"2024-03-20T12:49:49+00:00\",\"mainEntityOfPage\":{\"@id\":\"https:\\\/\\\/kibrisdakik.com\\\/?p=34907\"},\"wordCount\":191,\"commentCount\":0,\"image\":{\"@id\":\"https:\\\/\\\/kibrisdakik.com\\\/?p=34907#primaryimage\"},\"thumbnailUrl\":\"https:\\\/\\\/kibrisdakik.com\\\/wp-content\\\/uploads\\\/2024\\\/03\\\/tore-motorlu-arac-saticilar-ve-ithalatcilar-birligi-heyetini-kabul-etti-1710932107.webp.webp\",\"articleSection\":[\"Spor\"],\"inLanguage\":\"tr\",\"potentialAction\":[{\"@type\":\"CommentAction\",\"name\":\"Comment\",\"target\":[\"https:\\\/\\\/kibrisdakik.com\\\/?p=34907#respond\"]}]},{\"@type\":\"WebPage\",\"@id\":\"https:\\\/\\\/kibrisdakik.com\\\/?p=34907\",\"url\":\"https:\\\/\\\/kibrisdakik.com\\\/?p=34907\",\"name\":\"T\u00f6re Motorlu Ara\u00e7 Sat\u0131c\u0131lar ve \u0130thalat\u00e7\u0131lar Birli\u011fi heyetini kabul etti -\",\"isPartOf\":{\"@id\":\"https:\\\/\\\/kibrisdakik.com\\\/#website\"},\"primaryImageOfPage\":{\"@id\":\"https:\\\/\\\/kibrisdakik.com\\\/?p=34907#primaryimage\"},\"image\":{\"@id\":\"https:\\\/\\\/kibrisdakik.com\\\/?p=34907#primaryimage\"},\"thumbnailUrl\":\"https:\\\/\\\/kibrisdakik.com\\\/wp-content\\\/uploads\\\/2024\\\/03\\\/tore-motorlu-arac-saticilar-ve-ithalatcilar-birligi-heyetini-kabul-etti-1710932107.webp.webp\",\"datePublished\":\"2024-03-20T12:49:49+00:00\",\"author\":{\"@id\":\"https:\\\/\\\/kibrisdakik.com\\\/#\\\/schema\\\/person\\\/9cd9d437bbb44f72b73ba127e06d8e79\"},\"breadcrumb\":{\"@id\":\"https:\\\/\\\/kibrisdakik.com\\\/?p=34907#breadcrumb\"},\"inLanguage\":\"tr\",\"potentialAction\":[{\"@type\":\"ReadAction\",\"target\":[\"https:\\\/\\\/kibrisdakik.com\\\/?p=34907\"]}]},{\"@type\":\"ImageObject\",\"inLanguage\":\"tr\",\"@id\":\"https:\\\/\\\/kibrisdakik.com\\\/?p=34907#primaryimage\",\"url\":\"https:\\\/\\\/kibrisdakik.com\\\/wp-content\\\/uploads\\\/2024\\\/03\\\/tore-motorlu-arac-saticilar-ve-ithalatcilar-birligi-heyetini-kabul-etti-1710932107.webp.webp\",\"contentUrl\":\"https:\\\/\\\/kibrisdakik.com\\\/wp-content\\\/uploads\\\/2024\\\/03\\\/tore-motorlu-arac-saticilar-ve-ithalatcilar-birligi-heyetini-kabul-etti-1710932107.webp.webp\",\"width\":710,\"height\":370},{\"@type\":\"BreadcrumbList\",\"@id\":\"https:\\\/\\\/kibrisdakik.com\\\/?p=34907#breadcrumb\",\"itemListElement\":[{\"@type\":\"ListItem\",\"position\":1,\"name\":\"Home\",\"item\":\"https:\\\/\\\/kibrisdakik.com\\\/\"},{\"@type\":\"ListItem\",\"position\":2,\"name\":\"T\u00f6re Motorlu Ara\u00e7 Sat\u0131c\u0131lar ve \u0130thalat\u00e7\u0131lar Birli\u011fi heyetini kabul etti\"}]},{\"@type\":\"WebSite\",\"@id\":\"https:\\\/\\\/kibrisdakik.com\\\/#website\",\"url\":\"https:\\\/\\\/kibrisdakik.com\\\/\",\"name\":\"\",\"description\":\"Tam vaktinde haber\",\"potentialAction\":[{\"@type\":\"SearchAction\",\"target\":{\"@type\":\"EntryPoint\",\"urlTemplate\":\"https:\\\/\\\/kibrisdakik.com\\\/?s={search_term_string}\"},\"query-input\":{\"@type\":\"PropertyValueSpecification\",\"valueRequired\":true,\"valueName\":\"search_term_string\"}}],\"inLanguage\":\"tr\"},{\"@type\":\"Person\",\"@id\":\"https:\\\/\\\/kibrisdakik.com\\\/#\\\/schema\\\/person\\\/9cd9d437bbb44f72b73ba127e06d8e79\",\"name\":\"admin\",\"image\":{\"@type\":\"ImageObject\",\"inLanguage\":\"tr\",\"@id\":\"https:\\\/\\\/secure.gravatar.com\\\/avatar\\\/ccc17943b9d660506c869530f897617f7cb1c21a4bf30023f252596d83e1f007?s=96&d=mm&r=g\",\"url\":\"https:\\\/\\\/secure.gravatar.com\\\/avatar\\\/ccc17943b9d660506c869530f897617f7cb1c21a4bf30023f252596d83e1f007?s=96&d=mm&r=g\",\"contentUrl\":\"https:\\\/\\\/secure.gravatar.com\\\/avatar\\\/ccc17943b9d660506c869530f897617f7cb1c21a4bf30023f252596d83e1f007?s=96&d=mm&r=g\",\"caption\":\"admin\"},\"sameAs\":[\"https:\\\/\\\/kibrisdakik.com\"],\"url\":\"https:\\\/\\\/kibrisdakik.com\\\/?author=1\"}]}<\/script>\n<!-- \/ Yoast SEO plugin. -->","yoast_head_json":{"title":"T\u00f6re Motorlu Ara\u00e7 Sat\u0131c\u0131lar ve \u0130thalat\u00e7\u0131lar Birli\u011fi heyetini kabul etti -","robots":{"index":"index","follow":"follow","max-snippet":"max-snippet:-1","max-image-preview":"max-image-preview:large","max-video-preview":"max-video-preview:-1"},"canonical":"https:\/\/kibrisdakik.com\/?p=34907","og_locale":"tr_TR","og_type":"article","og_title":"T\u00f6re Motorlu Ara\u00e7 Sat\u0131c\u0131lar ve \u0130thalat\u00e7\u0131lar Birli\u011fi heyetini kabul etti -","og_description":"Cumhuriyet Meclisinden verilen bilgiye g\u00f6re, &nbsp;Meclis \u015eeref Salonu&#8217;nda yer alan kabulde Birlik Ba\u015fkan\u0131 Bar\u0131\u015f Yuca ve Y\u00f6netim Kurulu \u00fcyeleri yer ald\u0131. Kabulde konu\u015fan T\u00f6re, h\u00fck\u00fcmetin galeriler ile otomotiv sat\u0131\u015f\u0131 konusunda piyasay\u0131 kontrol alt\u0131nda tutmas\u0131 ve haks\u0131z rekabeti ortadan kald\u0131rmas\u0131 gerekti\u011fini belirterek, yasal \u00e7al\u0131\u015fmayla bu sorunlar\u0131n d\u00fczeltilebilece\u011fini s\u00f6yledi. Galerilerin artmas\u0131 ve \u00e7ok fazla ara\u00e7 ithal edilmesinin","og_url":"https:\/\/kibrisdakik.com\/?p=34907","article_published_time":"2024-03-20T12:49:49+00:00","og_image":[{"width":710,"height":370,"url":"https:\/\/kibrisdakik.com\/wp-content\/uploads\/2024\/03\/tore-motorlu-arac-saticilar-ve-ithalatcilar-birligi-heyetini-kabul-etti-1710932107.webp.webp","type":"image\/webp"}],"author":"admin","twitter_card":"summary_large_image","twitter_misc":{"Yazan:":"admin","Tahmini okuma s\u00fcresi":"1 dakika"},"schema":{"@context":"https:\/\/schema.org","@graph":[{"@type":"Article","@id":"https:\/\/kibrisdakik.com\/?p=34907#article","isPartOf":{"@id":"https:\/\/kibrisdakik.com\/?p=34907"},"author":{"name":"admin","@id":"https:\/\/kibrisdakik.com\/#\/schema\/person\/9cd9d437bbb44f72b73ba127e06d8e79"},"headline":"T\u00f6re Motorlu Ara\u00e7 Sat\u0131c\u0131lar ve \u0130thalat\u00e7\u0131lar Birli\u011fi heyetini kabul etti","datePublished":"2024-03-20T12:49:49+00:00","mainEntityOfPage":{"@id":"https:\/\/kibrisdakik.com\/?p=34907"},"wordCount":191,"commentCount":0,"image":{"@id":"https:\/\/kibrisdakik.com\/?p=34907#primaryimage"},"thumbnailUrl":"https:\/\/kibrisdakik.com\/wp-content\/uploads\/2024\/03\/tore-motorlu-arac-saticilar-ve-ithalatcilar-birligi-heyetini-kabul-etti-1710932107.webp.webp","articleSection":["Spor"],"inLanguage":"tr","potentialAction":[{"@type":"CommentAction","name":"Comment","target":["https:\/\/kibrisdakik.com\/?p=34907#respond"]}]},{"@type":"WebPage","@id":"https:\/\/kibrisdakik.com\/?p=34907","url":"https:\/\/kibrisdakik.com\/?p=34907","name":"T\u00f6re Motorlu Ara\u00e7 Sat\u0131c\u0131lar ve \u0130thalat\u00e7\u0131lar Birli\u011fi heyetini kabul etti -","isPartOf":{"@id":"https:\/\/kibrisdakik.com\/#website"},"primaryImageOfPage":{"@id":"https:\/\/kibrisdakik.com\/?p=34907#primaryimage"},"image":{"@id":"https:\/\/kibrisdakik.com\/?p=34907#primaryimage"},"thumbnailUrl":"https:\/\/kibrisdakik.com\/wp-content\/uploads\/2024\/03\/tore-motorlu-arac-saticilar-ve-ithalatcilar-birligi-heyetini-kabul-etti-1710932107.webp.webp","datePublished":"2024-03-20T12:49:49+00:00","author":{"@id":"https:\/\/kibrisdakik.com\/#\/schema\/person\/9cd9d437bbb44f72b73ba127e06d8e79"},"breadcrumb":{"@id":"https:\/\/kibrisdakik.com\/?p=34907#breadcrumb"},"inLanguage":"tr","potentialAction":[{"@type":"ReadAction","target":["https:\/\/kibrisdakik.com\/?p=34907"]}]},{"@type":"ImageObject","inLanguage":"tr","@id":"https:\/\/kibrisdakik.com\/?p=34907#primaryimage","url":"https:\/\/kibrisdakik.com\/wp-content\/uploads\/2024\/03\/tore-motorlu-arac-saticilar-ve-ithalatcilar-birligi-heyetini-kabul-etti-1710932107.webp.webp","contentUrl":"https:\/\/kibrisdakik.com\/wp-content\/uploads\/2024\/03\/tore-motorlu-arac-saticilar-ve-ithalatcilar-birligi-heyetini-kabul-etti-1710932107.webp.webp","width":710,"height":370},{"@type":"BreadcrumbList","@id":"https:\/\/kibrisdakik.com\/?p=34907#breadcrumb","itemListElement":[{"@type":"ListItem","position":1,"name":"Home","item":"https:\/\/kibrisdakik.com\/"},{"@type":"ListItem","position":2,"name":"T\u00f6re Motorlu Ara\u00e7 Sat\u0131c\u0131lar ve \u0130thalat\u00e7\u0131lar Birli\u011fi heyetini kabul etti"}]},{"@type":"WebSite","@id":"https:\/\/kibrisdakik.com\/#website","url":"https:\/\/kibrisdakik.com\/","name":"","description":"Tam vaktinde haber","potentialAction":[{"@type":"SearchAction","target":{"@type":"EntryPoint","urlTemplate":"https:\/\/kibrisdakik.com\/?s={search_term_string}"},"query-input":{"@type":"PropertyValueSpecification","valueRequired":true,"valueName":"search_term_string"}}],"inLanguage":"tr"},{"@type":"Person","@id":"https:\/\/kibrisdakik.com\/#\/schema\/person\/9cd9d437bbb44f72b73ba127e06d8e79","name":"admin","image":{"@type":"ImageObject","inLanguage":"tr","@id":"https:\/\/secure.gravatar.com\/avatar\/ccc17943b9d660506c869530f897617f7cb1c21a4bf30023f252596d83e1f007?s=96&d=mm&r=g","url":"https:\/\/secure.gravatar.com\/avatar\/ccc17943b9d660506c869530f897617f7cb1c21a4bf30023f252596d83e1f007?s=96&d=mm&r=g","contentUrl":"https:\/\/secure.gravatar.com\/avatar\/ccc17943b9d660506c869530f897617f7cb1c21a4bf30023f252596d83e1f007?s=96&d=mm&r=g","caption":"admin"},"sameAs":["https:\/\/kibrisdakik.com"],"url":"https:\/\/kibrisdakik.com\/?author=1"}]}},"_links":{"self":[{"href":"https:\/\/kibrisdakik.com\/index.php?rest_route=\/wp\/v2\/posts\/34907","targetHints":{"allow":["GET"]}}],"collection":[{"href":"https:\/\/kibrisdakik.com\/index.php?rest_route=\/wp\/v2\/posts"}],"about":[{"href":"https:\/\/kibrisdakik.com\/index.php?rest_route=\/wp\/v2\/types\/post"}],"author":[{"embeddable":true,"href":"https:\/\/kibrisdakik.com\/index.php?rest_route=\/wp\/v2\/users\/1"}],"replies":[{"embeddable":true,"href":"https:\/\/kibrisdakik.com\/index.php?rest_route=%2Fwp%2Fv2%2Fcomments&post=34907"}],"version-history":[{"count":0,"href":"https:\/\/kibrisdakik.com\/index.php?rest_route=\/wp\/v2\/posts\/34907\/revisions"}],"wp:featuredmedia":[{"embeddable":true,"href":"https:\/\/kibrisdakik.com\/index.php?rest_route=\/wp\/v2\/media\/34908"}],"wp:attachment":[{"href":"https:\/\/kibrisdakik.com\/index.php?rest_route=%2Fwp%2Fv2%2Fmedia&parent=34907"}],"wp:term":[{"taxonomy":"category","embeddable":true,"href":"https:\/\/kibrisdakik.com\/index.php?rest_route=%2Fwp%2Fv2%2Fcategories&post=34907"},{"taxonomy":"post_tag","embeddable":true,"href":"https:\/\/kibrisdakik.com\/index.php?rest_route=%2Fwp%2Fv2%2Ftags&post=34907"}],"curies":[{"name":"wp","href":"https:\/\/api.w.org\/{rel}","templated":true}]}}