{"id":34913,"date":"2024-03-20T12:56:24","date_gmt":"2024-03-20T12:56:24","guid":{"rendered":"https:\/\/kibrisdakik.com\/index.php\/2024\/03\/20\/lefkosada-trafik-kazasi-1-yarali\/"},"modified":"2024-03-20T12:56:24","modified_gmt":"2024-03-20T12:56:24","slug":"lefkosada-trafik-kazasi-1-yarali","status":"publish","type":"post","link":"https:\/\/kibrisdakik.com\/?p=34913","title":{"rendered":"Lefko\u015fa\u2019da trafik kazas\u0131.. 1 yaral\u0131"},"content":{"rendered":"<p><\/p>\n<div>\n<div class=\"mariselle-image-container center\">\n                <img loading=\"lazy\" decoding=\"async\" width=\"971\" height=\"551\" class=\"lazy-image\" alt=\"\" sizes=\"auto, (max-width: 971px) 100vw, 971px\" src=\"https:\/\/brtk.net\/wp-content\/uploads\/2024\/03\/20\/trafik-kazasi-sadece-levha9.jpg?ver=533b802c64558ad777ce76630bb99c7d\" srcset=\"https:\/\/brtk.net\/wp-content\/uploads\/2024\/03\/20\/trafik-kazasi-sadece-levha9.jpg?ver=533b802c64558ad777ce76630bb99c7d 971w, https:\/\/brtk.net\/wp-content\/uploads\/2024\/03\/20\/trafik-kazasi-sadece-levha9-300x170.jpg?ver=533b802c64558ad777ce76630bb99c7d 300w, https:\/\/brtk.net\/wp-content\/uploads\/2024\/03\/20\/trafik-kazasi-sadece-levha9-768x436.jpg?ver=533b802c64558ad777ce76630bb99c7d 768w\"\/>                            <\/div>\n<p>Lefko\u015fa\u2019da bu sabah 03.30 s\u0131ralar\u0131nda ya\u015fanan kazada, 22 ya\u015f\u0131ndaki s\u00fcr\u00fcc\u00fc yaraland\u0131.<\/p>\n<p>Polis Bas\u0131n Subayl\u0131\u011f\u0131ndan yap\u0131lan a\u00e7\u0131klamaya g\u00f6re, bu sabah saat 03.30 s\u0131ralar\u0131nda Lefko\u015fa\u2019da Yak\u0131n Do\u011fu Bulvar\u0131 \u00fczerinde, Emirhan Aksa\u00e7 (E-22), y\u00f6netimindeki GC 321 plakal\u0131 ara\u00e7la seyretti\u011fi s\u0131rada sa\u011fa meyilli viraja geldi\u011finde, dikkatsizli\u011fi sonucu direksiyon hakimiyetini kaybederek yol kenar\u0131ndaki kald\u0131r\u0131m\u0131n ta\u015flar\u0131na ve kald\u0131r\u0131m \u00fczerinde bulunan reklam tabelas\u0131na \u00e7arp\u0131p durdu. Kazada yaralanan s\u00fcr\u00fcc\u00fc kald\u0131r\u0131ld\u0131\u011f\u0131 Lefko\u015fa Dr. Burhan Nalbanto\u011flu Devlet Hastanesi Acil Servisi\u2019nde m\u00fc\u015fahede alt\u0131na al\u0131nd\u0131.<\/p>\n<p>Lefko\u015fa-Girne Anayolu\u2019nun 18-19\u2019uncu kilometreleri aras\u0131nda ise bu sabah saat 02.30 s\u0131ralar\u0131nda ya\u015fanan kazada, 155 miligram alkoll\u00fc i\u00e7ki tesiri alt\u0131ndaki Amirreza N\u0131kham (E-25), y\u00f6netimindeki JJ 755 plakal\u0131 ara\u00e7la Girne\u2019ye do\u011fru seyretti\u011fi s\u0131rada dikkatsizli\u011fi sonucu direksiyon hakimiyetini kaybederek orta ref\u00fcjde bulunan \u00e7elik bariyerlere \u00e7arpt\u0131. \u00c7arpman\u0131n etkisiyle savrulan JJ 755 plakal\u0131 ara\u00e7, arka k\u0131sm\u0131 ile yolun solunda bulunan ta\u015f duvara da \u00e7arp\u0131p durdu. Kazada yaralanan olmazken, ara\u00e7 s\u00fcr\u00fcc\u00fcs\u00fc Amirreza N\u0131kham tutukland\u0131.<\/p>\n<\/p><\/div>\n<p><script async\n                    defer\n                    crossorigin=\"anonymous\"\n                    src=\"https:\/\/connect.facebook.net\/tr_TR\/sdk.js#xfbml=1&#038;version=v3.3\"\n            ><\/script><\/p>\n","protected":false},"excerpt":{"rendered":"<p>Lefko\u015fa\u2019da bu sabah 03.30 s\u0131ralar\u0131nda ya\u015fanan kazada, 22 ya\u015f\u0131ndaki s\u00fcr\u00fcc\u00fc yaraland\u0131. Polis Bas\u0131n Subayl\u0131\u011f\u0131ndan yap\u0131lan a\u00e7\u0131klamaya g\u00f6re, bu sabah saat 03.30 s\u0131ralar\u0131nda Lefko\u015fa\u2019da Yak\u0131n Do\u011fu Bulvar\u0131 \u00fczerinde, Emirhan Aksa\u00e7 (E-22), y\u00f6netimindeki GC 321 plakal\u0131 ara\u00e7la seyretti\u011fi s\u0131rada sa\u011fa meyilli viraja geldi\u011finde, dikkatsizli\u011fi sonucu direksiyon hakimiyetini kaybederek yol kenar\u0131ndaki kald\u0131r\u0131m\u0131n ta\u015flar\u0131na ve kald\u0131r\u0131m \u00fczerinde bulunan reklam<\/p>\n","protected":false},"author":1,"featured_media":34914,"comment_status":"open","ping_status":"open","sticky":false,"template":"","format":"standard","meta":{"footnotes":""},"categories":[1],"tags":[],"class_list":["post-34913","post","type-post","status-publish","format-standard","has-post-thumbnail","hentry","category-gundem"],"yoast_head":"<!-- This site is optimized with the Yoast SEO plugin v27.4 - https:\/\/yoast.com\/product\/yoast-seo-wordpress\/ -->\n<title>Lefko\u015fa\u2019da trafik kazas\u0131.. 1 yaral\u0131 -<\/title>\n<meta name=\"robots\" content=\"index, follow, max-snippet:-1, max-image-preview:large, max-video-preview:-1\" \/>\n<link rel=\"canonical\" href=\"https:\/\/kibrisdakik.com\/?p=34913\" \/>\n<meta property=\"og:locale\" content=\"tr_TR\" \/>\n<meta property=\"og:type\" content=\"article\" \/>\n<meta property=\"og:title\" content=\"Lefko\u015fa\u2019da trafik kazas\u0131.. 1 yaral\u0131 -\" \/>\n<meta property=\"og:description\" content=\"Lefko\u015fa\u2019da bu sabah 03.30 s\u0131ralar\u0131nda ya\u015fanan kazada, 22 ya\u015f\u0131ndaki s\u00fcr\u00fcc\u00fc yaraland\u0131. Polis Bas\u0131n Subayl\u0131\u011f\u0131ndan yap\u0131lan a\u00e7\u0131klamaya g\u00f6re, bu sabah saat 03.30 s\u0131ralar\u0131nda Lefko\u015fa\u2019da Yak\u0131n Do\u011fu Bulvar\u0131 \u00fczerinde, Emirhan Aksa\u00e7 (E-22), y\u00f6netimindeki GC 321 plakal\u0131 ara\u00e7la seyretti\u011fi s\u0131rada sa\u011fa meyilli viraja geldi\u011finde, dikkatsizli\u011fi sonucu direksiyon hakimiyetini kaybederek yol kenar\u0131ndaki kald\u0131r\u0131m\u0131n ta\u015flar\u0131na ve kald\u0131r\u0131m \u00fczerinde bulunan reklam\" \/>\n<meta property=\"og:url\" content=\"https:\/\/kibrisdakik.com\/?p=34913\" \/>\n<meta property=\"article:published_time\" content=\"2024-03-20T12:56:24+00:00\" \/>\n<meta property=\"og:image\" content=\"https:\/\/kibrisdakik.com\/wp-content\/uploads\/2024\/03\/trafik-kazasi-sadece-levha9-740x420.jpg\" \/>\n\t<meta property=\"og:image:width\" content=\"971\" \/>\n\t<meta property=\"og:image:height\" content=\"551\" \/>\n\t<meta property=\"og:image:type\" content=\"image\/jpeg\" \/>\n<meta name=\"author\" content=\"admin\" \/>\n<meta name=\"twitter:card\" content=\"summary_large_image\" \/>\n<meta name=\"twitter:label1\" content=\"Yazan:\" \/>\n\t<meta name=\"twitter:data1\" content=\"admin\" \/>\n\t<meta name=\"twitter:label2\" content=\"Tahmini okuma s\u00fcresi\" \/>\n\t<meta name=\"twitter:data2\" content=\"1 dakika\" \/>\n<script type=\"application\/ld+json\" class=\"yoast-schema-graph\">{\"@context\":\"https:\\\/\\\/schema.org\",\"@graph\":[{\"@type\":\"Article\",\"@id\":\"https:\\\/\\\/kibrisdakik.com\\\/?p=34913#article\",\"isPartOf\":{\"@id\":\"https:\\\/\\\/kibrisdakik.com\\\/?p=34913\"},\"author\":{\"name\":\"admin\",\"@id\":\"https:\\\/\\\/kibrisdakik.com\\\/#\\\/schema\\\/person\\\/9cd9d437bbb44f72b73ba127e06d8e79\"},\"headline\":\"Lefko\u015fa\u2019da trafik kazas\u0131.. 1 yaral\u0131\",\"datePublished\":\"2024-03-20T12:56:24+00:00\",\"mainEntityOfPage\":{\"@id\":\"https:\\\/\\\/kibrisdakik.com\\\/?p=34913\"},\"wordCount\":210,\"commentCount\":0,\"image\":{\"@id\":\"https:\\\/\\\/kibrisdakik.com\\\/?p=34913#primaryimage\"},\"thumbnailUrl\":\"https:\\\/\\\/kibrisdakik.com\\\/wp-content\\\/uploads\\\/2024\\\/03\\\/trafik-kazasi-sadece-levha9-740x420.jpg\",\"articleSection\":[\"G\u00fcndem\"],\"inLanguage\":\"tr\",\"potentialAction\":[{\"@type\":\"CommentAction\",\"name\":\"Comment\",\"target\":[\"https:\\\/\\\/kibrisdakik.com\\\/?p=34913#respond\"]}]},{\"@type\":\"WebPage\",\"@id\":\"https:\\\/\\\/kibrisdakik.com\\\/?p=34913\",\"url\":\"https:\\\/\\\/kibrisdakik.com\\\/?p=34913\",\"name\":\"Lefko\u015fa\u2019da trafik kazas\u0131.. 1 yaral\u0131 -\",\"isPartOf\":{\"@id\":\"https:\\\/\\\/kibrisdakik.com\\\/#website\"},\"primaryImageOfPage\":{\"@id\":\"https:\\\/\\\/kibrisdakik.com\\\/?p=34913#primaryimage\"},\"image\":{\"@id\":\"https:\\\/\\\/kibrisdakik.com\\\/?p=34913#primaryimage\"},\"thumbnailUrl\":\"https:\\\/\\\/kibrisdakik.com\\\/wp-content\\\/uploads\\\/2024\\\/03\\\/trafik-kazasi-sadece-levha9-740x420.jpg\",\"datePublished\":\"2024-03-20T12:56:24+00:00\",\"author\":{\"@id\":\"https:\\\/\\\/kibrisdakik.com\\\/#\\\/schema\\\/person\\\/9cd9d437bbb44f72b73ba127e06d8e79\"},\"breadcrumb\":{\"@id\":\"https:\\\/\\\/kibrisdakik.com\\\/?p=34913#breadcrumb\"},\"inLanguage\":\"tr\",\"potentialAction\":[{\"@type\":\"ReadAction\",\"target\":[\"https:\\\/\\\/kibrisdakik.com\\\/?p=34913\"]}]},{\"@type\":\"ImageObject\",\"inLanguage\":\"tr\",\"@id\":\"https:\\\/\\\/kibrisdakik.com\\\/?p=34913#primaryimage\",\"url\":\"https:\\\/\\\/kibrisdakik.com\\\/wp-content\\\/uploads\\\/2024\\\/03\\\/trafik-kazasi-sadece-levha9-740x420.jpg\",\"contentUrl\":\"https:\\\/\\\/kibrisdakik.com\\\/wp-content\\\/uploads\\\/2024\\\/03\\\/trafik-kazasi-sadece-levha9-740x420.jpg\",\"width\":971,\"height\":551},{\"@type\":\"BreadcrumbList\",\"@id\":\"https:\\\/\\\/kibrisdakik.com\\\/?p=34913#breadcrumb\",\"itemListElement\":[{\"@type\":\"ListItem\",\"position\":1,\"name\":\"Home\",\"item\":\"https:\\\/\\\/kibrisdakik.com\\\/\"},{\"@type\":\"ListItem\",\"position\":2,\"name\":\"Lefko\u015fa\u2019da trafik kazas\u0131.. 1 yaral\u0131\"}]},{\"@type\":\"WebSite\",\"@id\":\"https:\\\/\\\/kibrisdakik.com\\\/#website\",\"url\":\"https:\\\/\\\/kibrisdakik.com\\\/\",\"name\":\"\",\"description\":\"Tam vaktinde haber\",\"potentialAction\":[{\"@type\":\"SearchAction\",\"target\":{\"@type\":\"EntryPoint\",\"urlTemplate\":\"https:\\\/\\\/kibrisdakik.com\\\/?s={search_term_string}\"},\"query-input\":{\"@type\":\"PropertyValueSpecification\",\"valueRequired\":true,\"valueName\":\"search_term_string\"}}],\"inLanguage\":\"tr\"},{\"@type\":\"Person\",\"@id\":\"https:\\\/\\\/kibrisdakik.com\\\/#\\\/schema\\\/person\\\/9cd9d437bbb44f72b73ba127e06d8e79\",\"name\":\"admin\",\"image\":{\"@type\":\"ImageObject\",\"inLanguage\":\"tr\",\"@id\":\"https:\\\/\\\/secure.gravatar.com\\\/avatar\\\/ccc17943b9d660506c869530f897617f7cb1c21a4bf30023f252596d83e1f007?s=96&d=mm&r=g\",\"url\":\"https:\\\/\\\/secure.gravatar.com\\\/avatar\\\/ccc17943b9d660506c869530f897617f7cb1c21a4bf30023f252596d83e1f007?s=96&d=mm&r=g\",\"contentUrl\":\"https:\\\/\\\/secure.gravatar.com\\\/avatar\\\/ccc17943b9d660506c869530f897617f7cb1c21a4bf30023f252596d83e1f007?s=96&d=mm&r=g\",\"caption\":\"admin\"},\"sameAs\":[\"https:\\\/\\\/kibrisdakik.com\"],\"url\":\"https:\\\/\\\/kibrisdakik.com\\\/?author=1\"}]}<\/script>\n<!-- \/ Yoast SEO plugin. -->","yoast_head_json":{"title":"Lefko\u015fa\u2019da trafik kazas\u0131.. 1 yaral\u0131 -","robots":{"index":"index","follow":"follow","max-snippet":"max-snippet:-1","max-image-preview":"max-image-preview:large","max-video-preview":"max-video-preview:-1"},"canonical":"https:\/\/kibrisdakik.com\/?p=34913","og_locale":"tr_TR","og_type":"article","og_title":"Lefko\u015fa\u2019da trafik kazas\u0131.. 1 yaral\u0131 -","og_description":"Lefko\u015fa\u2019da bu sabah 03.30 s\u0131ralar\u0131nda ya\u015fanan kazada, 22 ya\u015f\u0131ndaki s\u00fcr\u00fcc\u00fc yaraland\u0131. Polis Bas\u0131n Subayl\u0131\u011f\u0131ndan yap\u0131lan a\u00e7\u0131klamaya g\u00f6re, bu sabah saat 03.30 s\u0131ralar\u0131nda Lefko\u015fa\u2019da Yak\u0131n Do\u011fu Bulvar\u0131 \u00fczerinde, Emirhan Aksa\u00e7 (E-22), y\u00f6netimindeki GC 321 plakal\u0131 ara\u00e7la seyretti\u011fi s\u0131rada sa\u011fa meyilli viraja geldi\u011finde, dikkatsizli\u011fi sonucu direksiyon hakimiyetini kaybederek yol kenar\u0131ndaki kald\u0131r\u0131m\u0131n ta\u015flar\u0131na ve kald\u0131r\u0131m \u00fczerinde bulunan reklam","og_url":"https:\/\/kibrisdakik.com\/?p=34913","article_published_time":"2024-03-20T12:56:24+00:00","og_image":[{"width":971,"height":551,"url":"https:\/\/kibrisdakik.com\/wp-content\/uploads\/2024\/03\/trafik-kazasi-sadece-levha9-740x420.jpg","type":"image\/jpeg"}],"author":"admin","twitter_card":"summary_large_image","twitter_misc":{"Yazan:":"admin","Tahmini okuma s\u00fcresi":"1 dakika"},"schema":{"@context":"https:\/\/schema.org","@graph":[{"@type":"Article","@id":"https:\/\/kibrisdakik.com\/?p=34913#article","isPartOf":{"@id":"https:\/\/kibrisdakik.com\/?p=34913"},"author":{"name":"admin","@id":"https:\/\/kibrisdakik.com\/#\/schema\/person\/9cd9d437bbb44f72b73ba127e06d8e79"},"headline":"Lefko\u015fa\u2019da trafik kazas\u0131.. 1 yaral\u0131","datePublished":"2024-03-20T12:56:24+00:00","mainEntityOfPage":{"@id":"https:\/\/kibrisdakik.com\/?p=34913"},"wordCount":210,"commentCount":0,"image":{"@id":"https:\/\/kibrisdakik.com\/?p=34913#primaryimage"},"thumbnailUrl":"https:\/\/kibrisdakik.com\/wp-content\/uploads\/2024\/03\/trafik-kazasi-sadece-levha9-740x420.jpg","articleSection":["G\u00fcndem"],"inLanguage":"tr","potentialAction":[{"@type":"CommentAction","name":"Comment","target":["https:\/\/kibrisdakik.com\/?p=34913#respond"]}]},{"@type":"WebPage","@id":"https:\/\/kibrisdakik.com\/?p=34913","url":"https:\/\/kibrisdakik.com\/?p=34913","name":"Lefko\u015fa\u2019da trafik kazas\u0131.. 1 yaral\u0131 -","isPartOf":{"@id":"https:\/\/kibrisdakik.com\/#website"},"primaryImageOfPage":{"@id":"https:\/\/kibrisdakik.com\/?p=34913#primaryimage"},"image":{"@id":"https:\/\/kibrisdakik.com\/?p=34913#primaryimage"},"thumbnailUrl":"https:\/\/kibrisdakik.com\/wp-content\/uploads\/2024\/03\/trafik-kazasi-sadece-levha9-740x420.jpg","datePublished":"2024-03-20T12:56:24+00:00","author":{"@id":"https:\/\/kibrisdakik.com\/#\/schema\/person\/9cd9d437bbb44f72b73ba127e06d8e79"},"breadcrumb":{"@id":"https:\/\/kibrisdakik.com\/?p=34913#breadcrumb"},"inLanguage":"tr","potentialAction":[{"@type":"ReadAction","target":["https:\/\/kibrisdakik.com\/?p=34913"]}]},{"@type":"ImageObject","inLanguage":"tr","@id":"https:\/\/kibrisdakik.com\/?p=34913#primaryimage","url":"https:\/\/kibrisdakik.com\/wp-content\/uploads\/2024\/03\/trafik-kazasi-sadece-levha9-740x420.jpg","contentUrl":"https:\/\/kibrisdakik.com\/wp-content\/uploads\/2024\/03\/trafik-kazasi-sadece-levha9-740x420.jpg","width":971,"height":551},{"@type":"BreadcrumbList","@id":"https:\/\/kibrisdakik.com\/?p=34913#breadcrumb","itemListElement":[{"@type":"ListItem","position":1,"name":"Home","item":"https:\/\/kibrisdakik.com\/"},{"@type":"ListItem","position":2,"name":"Lefko\u015fa\u2019da trafik kazas\u0131.. 1 yaral\u0131"}]},{"@type":"WebSite","@id":"https:\/\/kibrisdakik.com\/#website","url":"https:\/\/kibrisdakik.com\/","name":"","description":"Tam vaktinde haber","potentialAction":[{"@type":"SearchAction","target":{"@type":"EntryPoint","urlTemplate":"https:\/\/kibrisdakik.com\/?s={search_term_string}"},"query-input":{"@type":"PropertyValueSpecification","valueRequired":true,"valueName":"search_term_string"}}],"inLanguage":"tr"},{"@type":"Person","@id":"https:\/\/kibrisdakik.com\/#\/schema\/person\/9cd9d437bbb44f72b73ba127e06d8e79","name":"admin","image":{"@type":"ImageObject","inLanguage":"tr","@id":"https:\/\/secure.gravatar.com\/avatar\/ccc17943b9d660506c869530f897617f7cb1c21a4bf30023f252596d83e1f007?s=96&d=mm&r=g","url":"https:\/\/secure.gravatar.com\/avatar\/ccc17943b9d660506c869530f897617f7cb1c21a4bf30023f252596d83e1f007?s=96&d=mm&r=g","contentUrl":"https:\/\/secure.gravatar.com\/avatar\/ccc17943b9d660506c869530f897617f7cb1c21a4bf30023f252596d83e1f007?s=96&d=mm&r=g","caption":"admin"},"sameAs":["https:\/\/kibrisdakik.com"],"url":"https:\/\/kibrisdakik.com\/?author=1"}]}},"_links":{"self":[{"href":"https:\/\/kibrisdakik.com\/index.php?rest_route=\/wp\/v2\/posts\/34913","targetHints":{"allow":["GET"]}}],"collection":[{"href":"https:\/\/kibrisdakik.com\/index.php?rest_route=\/wp\/v2\/posts"}],"about":[{"href":"https:\/\/kibrisdakik.com\/index.php?rest_route=\/wp\/v2\/types\/post"}],"author":[{"embeddable":true,"href":"https:\/\/kibrisdakik.com\/index.php?rest_route=\/wp\/v2\/users\/1"}],"replies":[{"embeddable":true,"href":"https:\/\/kibrisdakik.com\/index.php?rest_route=%2Fwp%2Fv2%2Fcomments&post=34913"}],"version-history":[{"count":0,"href":"https:\/\/kibrisdakik.com\/index.php?rest_route=\/wp\/v2\/posts\/34913\/revisions"}],"wp:featuredmedia":[{"embeddable":true,"href":"https:\/\/kibrisdakik.com\/index.php?rest_route=\/wp\/v2\/media\/34914"}],"wp:attachment":[{"href":"https:\/\/kibrisdakik.com\/index.php?rest_route=%2Fwp%2Fv2%2Fmedia&parent=34913"}],"wp:term":[{"taxonomy":"category","embeddable":true,"href":"https:\/\/kibrisdakik.com\/index.php?rest_route=%2Fwp%2Fv2%2Fcategories&post=34913"},{"taxonomy":"post_tag","embeddable":true,"href":"https:\/\/kibrisdakik.com\/index.php?rest_route=%2Fwp%2Fv2%2Ftags&post=34913"}],"curies":[{"name":"wp","href":"https:\/\/api.w.org\/{rel}","templated":true}]}}