{"id":35039,"date":"2024-03-21T09:10:28","date_gmt":"2024-03-21T09:10:28","guid":{"rendered":"https:\/\/kibrisdakik.com\/index.php\/2024\/03\/21\/tacoydan-21-mart-dunya-down-sendromu-farkindalik-gunu-mesaji\/"},"modified":"2024-03-21T09:10:28","modified_gmt":"2024-03-21T09:10:28","slug":"tacoydan-21-mart-dunya-down-sendromu-farkindalik-gunu-mesaji","status":"publish","type":"post","link":"https:\/\/kibrisdakik.com\/?p=35039","title":{"rendered":"Ta\u00e7oy\u2019dan 21 Mart D\u00fcnya Down Sendromu Fark\u0131ndal\u0131k G\u00fcn\u00fc mesaj\u0131&#8230;"},"content":{"rendered":"<p><img decoding=\"async\" src=\"https:\/\/www.kibristurk.com\/images\/haberler\/2024\/03\/tacoydan-21-mart-dunya-down-sendromu-farkindalik-gunu-mesaji-1711011526.webp\" \/><\/p>\n<p style=\"text-align:left\"><span style=\"font-size:16px\"><span style=\"font-family:Merriweather,serif !important\"><span style=\"color:#000000\"><span style=\"background-color:#ffffff\">Ta\u00e7oy, mesaj\u0131nda, down sendromlu bireylerin topluma kat\u0131l\u0131mlar\u0131 ve ki\u015fisel potansiyellerini ger\u00e7ekle\u015ftirmelerinin \u00f6n\u00fcndeki engellerin kald\u0131r\u0131lmas\u0131 i\u00e7in \u201cazami hassasiyet\u201d g\u00f6sterilmesi gerekti\u011fini belirterek, devlete \u201cb\u00fcy\u00fck g\u00f6rev ve sorumluluklar\u201d d\u00fc\u015ft\u00fc\u011f\u00fcn\u00fc vurgulad\u0131.<\/span><\/span><\/span><\/span><\/p>\n<p style=\"text-align:left\"><span style=\"font-size:16px\"><span style=\"font-family:Merriweather,serif !important\"><span style=\"color:#000000\"><span style=\"background-color:#ffffff\">Ta\u00e7oy, \u201cDown sendromu hakk\u0131nda toplumsal fark\u0131ndal\u0131k olu\u015fturmak, down sendromlu bireylerin ayr\u0131mc\u0131l\u0131\u011fa ve olumsuz tutumlara maruz kalmas\u0131n\u0131 \u00f6nlemek, erken ve s\u00fcrekli e\u011fitimin \u00f6nemine dikkat \u00e7ekerek mevcut \u00e7al\u0131\u015fma imkanlar\u0131 ile i\u015f sahalar\u0131n\u0131 art\u0131rmak temel hedeflerimiz olmal\u0131d\u0131r\u201d dedi.<\/span><\/span><\/span><\/span><\/p>\n<p style=\"text-align:left\"><span style=\"font-size:16px\"><span style=\"font-family:Merriweather,serif !important\"><span style=\"color:#000000\"><span style=\"background-color:#ffffff\">Ta\u00e7oy, down sendromlu bireylerin ya\u015fam kalitelerini art\u0131rmak amac\u0131yla toplum temelli destekler olu\u015fturulurken, topluma kat\u0131l\u0131mlar\u0131 ve ki\u015fisel potansiyellerini ger\u00e7ekle\u015ftirmelerinin \u00f6n\u00fcndeki engellerin kald\u0131r\u0131lmas\u0131 i\u00e7in \u201cazami hassasiyetin\u201d g\u00f6sterilmesinin de elzem oldu\u011funu vurgulad\u0131.<\/span><\/span><\/span><\/span><\/p>\n<p style=\"text-align:left\"><span style=\"font-size:16px\"><span style=\"font-family:Merriweather,serif !important\"><span style=\"color:#000000\"><span style=\"background-color:#ffffff\">Ta\u00e7oy, mesaj\u0131nda, \u201cBu \u00f6nemli g\u00fcnde, fark\u0131ndal\u0131k \u00e7al\u0131\u015fmalar\u0131yla down sendromlu bireylere y\u00f6nelik her t\u00fcrl\u00fc \u00f6n yarg\u0131n\u0131n ve ayr\u0131mc\u0131l\u0131\u011f\u0131n son buldu\u011fu e\u015fitlik\u00e7i bir toplum in\u015fa edilmesi i\u00e7in \u00e7al\u0131\u015fmam\u0131z gerekti\u011finin alt\u0131n\u0131 \u00e7izer, mutlu ve sa\u011fl\u0131kl\u0131 yar\u0131nlar dilerim.\u201d dedi.<\/span><\/span><\/span><\/span><\/p>\n","protected":false},"excerpt":{"rendered":"<p>Ta\u00e7oy, mesaj\u0131nda, down sendromlu bireylerin topluma kat\u0131l\u0131mlar\u0131 ve ki\u015fisel potansiyellerini ger\u00e7ekle\u015ftirmelerinin \u00f6n\u00fcndeki engellerin kald\u0131r\u0131lmas\u0131 i\u00e7in \u201cazami hassasiyet\u201d g\u00f6sterilmesi gerekti\u011fini belirterek, devlete \u201cb\u00fcy\u00fck g\u00f6rev ve sorumluluklar\u201d d\u00fc\u015ft\u00fc\u011f\u00fcn\u00fc vurgulad\u0131. Ta\u00e7oy, \u201cDown sendromu hakk\u0131nda toplumsal fark\u0131ndal\u0131k olu\u015fturmak, down sendromlu bireylerin ayr\u0131mc\u0131l\u0131\u011fa ve olumsuz tutumlara maruz kalmas\u0131n\u0131 \u00f6nlemek, erken ve s\u00fcrekli e\u011fitimin \u00f6nemine dikkat \u00e7ekerek mevcut \u00e7al\u0131\u015fma imkanlar\u0131 ile<\/p>\n","protected":false},"author":1,"featured_media":35040,"comment_status":"open","ping_status":"open","sticky":false,"template":"","format":"standard","meta":{"footnotes":""},"categories":[85],"tags":[],"class_list":["post-35039","post","type-post","status-publish","format-standard","has-post-thumbnail","hentry","category-spor"],"yoast_head":"<!-- This site is optimized with the Yoast SEO plugin v27.4 - https:\/\/yoast.com\/product\/yoast-seo-wordpress\/ -->\n<title>Ta\u00e7oy\u2019dan 21 Mart D\u00fcnya Down Sendromu Fark\u0131ndal\u0131k G\u00fcn\u00fc mesaj\u0131... -<\/title>\n<meta name=\"robots\" content=\"index, follow, max-snippet:-1, max-image-preview:large, max-video-preview:-1\" \/>\n<link rel=\"canonical\" href=\"https:\/\/kibrisdakik.com\/?p=35039\" \/>\n<meta property=\"og:locale\" content=\"tr_TR\" \/>\n<meta property=\"og:type\" content=\"article\" \/>\n<meta property=\"og:title\" content=\"Ta\u00e7oy\u2019dan 21 Mart D\u00fcnya Down Sendromu Fark\u0131ndal\u0131k G\u00fcn\u00fc mesaj\u0131... -\" \/>\n<meta property=\"og:description\" content=\"Ta\u00e7oy, mesaj\u0131nda, down sendromlu bireylerin topluma kat\u0131l\u0131mlar\u0131 ve ki\u015fisel potansiyellerini ger\u00e7ekle\u015ftirmelerinin \u00f6n\u00fcndeki engellerin kald\u0131r\u0131lmas\u0131 i\u00e7in \u201cazami hassasiyet\u201d g\u00f6sterilmesi gerekti\u011fini belirterek, devlete \u201cb\u00fcy\u00fck g\u00f6rev ve sorumluluklar\u201d d\u00fc\u015ft\u00fc\u011f\u00fcn\u00fc vurgulad\u0131. Ta\u00e7oy, \u201cDown sendromu hakk\u0131nda toplumsal fark\u0131ndal\u0131k olu\u015fturmak, down sendromlu bireylerin ayr\u0131mc\u0131l\u0131\u011fa ve olumsuz tutumlara maruz kalmas\u0131n\u0131 \u00f6nlemek, erken ve s\u00fcrekli e\u011fitimin \u00f6nemine dikkat \u00e7ekerek mevcut \u00e7al\u0131\u015fma imkanlar\u0131 ile\" \/>\n<meta property=\"og:url\" content=\"https:\/\/kibrisdakik.com\/?p=35039\" \/>\n<meta property=\"article:published_time\" content=\"2024-03-21T09:10:28+00:00\" \/>\n<meta property=\"og:image\" content=\"https:\/\/kibrisdakik.com\/wp-content\/uploads\/2024\/03\/tacoydan-21-mart-dunya-down-sendromu-farkindalik-gunu-mesaji-1711011526.webp.webp\" \/>\n\t<meta property=\"og:image:width\" content=\"710\" \/>\n\t<meta property=\"og:image:height\" content=\"370\" \/>\n\t<meta property=\"og:image:type\" content=\"image\/webp\" \/>\n<meta name=\"author\" content=\"admin\" \/>\n<meta name=\"twitter:card\" content=\"summary_large_image\" \/>\n<meta name=\"twitter:label1\" content=\"Yazan:\" \/>\n\t<meta name=\"twitter:data1\" content=\"admin\" \/>\n\t<meta name=\"twitter:label2\" content=\"Tahmini okuma s\u00fcresi\" \/>\n\t<meta name=\"twitter:data2\" content=\"1 dakika\" \/>\n<script type=\"application\/ld+json\" class=\"yoast-schema-graph\">{\"@context\":\"https:\\\/\\\/schema.org\",\"@graph\":[{\"@type\":\"Article\",\"@id\":\"https:\\\/\\\/kibrisdakik.com\\\/?p=35039#article\",\"isPartOf\":{\"@id\":\"https:\\\/\\\/kibrisdakik.com\\\/?p=35039\"},\"author\":{\"name\":\"admin\",\"@id\":\"https:\\\/\\\/kibrisdakik.com\\\/#\\\/schema\\\/person\\\/9cd9d437bbb44f72b73ba127e06d8e79\"},\"headline\":\"Ta\u00e7oy\u2019dan 21 Mart D\u00fcnya Down Sendromu Fark\u0131ndal\u0131k G\u00fcn\u00fc mesaj\u0131&#8230;\",\"datePublished\":\"2024-03-21T09:10:28+00:00\",\"mainEntityOfPage\":{\"@id\":\"https:\\\/\\\/kibrisdakik.com\\\/?p=35039\"},\"wordCount\":216,\"commentCount\":0,\"image\":{\"@id\":\"https:\\\/\\\/kibrisdakik.com\\\/?p=35039#primaryimage\"},\"thumbnailUrl\":\"https:\\\/\\\/kibrisdakik.com\\\/wp-content\\\/uploads\\\/2024\\\/03\\\/tacoydan-21-mart-dunya-down-sendromu-farkindalik-gunu-mesaji-1711011526.webp.webp\",\"articleSection\":[\"Spor\"],\"inLanguage\":\"tr\",\"potentialAction\":[{\"@type\":\"CommentAction\",\"name\":\"Comment\",\"target\":[\"https:\\\/\\\/kibrisdakik.com\\\/?p=35039#respond\"]}]},{\"@type\":\"WebPage\",\"@id\":\"https:\\\/\\\/kibrisdakik.com\\\/?p=35039\",\"url\":\"https:\\\/\\\/kibrisdakik.com\\\/?p=35039\",\"name\":\"Ta\u00e7oy\u2019dan 21 Mart D\u00fcnya Down Sendromu Fark\u0131ndal\u0131k G\u00fcn\u00fc mesaj\u0131... -\",\"isPartOf\":{\"@id\":\"https:\\\/\\\/kibrisdakik.com\\\/#website\"},\"primaryImageOfPage\":{\"@id\":\"https:\\\/\\\/kibrisdakik.com\\\/?p=35039#primaryimage\"},\"image\":{\"@id\":\"https:\\\/\\\/kibrisdakik.com\\\/?p=35039#primaryimage\"},\"thumbnailUrl\":\"https:\\\/\\\/kibrisdakik.com\\\/wp-content\\\/uploads\\\/2024\\\/03\\\/tacoydan-21-mart-dunya-down-sendromu-farkindalik-gunu-mesaji-1711011526.webp.webp\",\"datePublished\":\"2024-03-21T09:10:28+00:00\",\"author\":{\"@id\":\"https:\\\/\\\/kibrisdakik.com\\\/#\\\/schema\\\/person\\\/9cd9d437bbb44f72b73ba127e06d8e79\"},\"breadcrumb\":{\"@id\":\"https:\\\/\\\/kibrisdakik.com\\\/?p=35039#breadcrumb\"},\"inLanguage\":\"tr\",\"potentialAction\":[{\"@type\":\"ReadAction\",\"target\":[\"https:\\\/\\\/kibrisdakik.com\\\/?p=35039\"]}]},{\"@type\":\"ImageObject\",\"inLanguage\":\"tr\",\"@id\":\"https:\\\/\\\/kibrisdakik.com\\\/?p=35039#primaryimage\",\"url\":\"https:\\\/\\\/kibrisdakik.com\\\/wp-content\\\/uploads\\\/2024\\\/03\\\/tacoydan-21-mart-dunya-down-sendromu-farkindalik-gunu-mesaji-1711011526.webp.webp\",\"contentUrl\":\"https:\\\/\\\/kibrisdakik.com\\\/wp-content\\\/uploads\\\/2024\\\/03\\\/tacoydan-21-mart-dunya-down-sendromu-farkindalik-gunu-mesaji-1711011526.webp.webp\",\"width\":710,\"height\":370},{\"@type\":\"BreadcrumbList\",\"@id\":\"https:\\\/\\\/kibrisdakik.com\\\/?p=35039#breadcrumb\",\"itemListElement\":[{\"@type\":\"ListItem\",\"position\":1,\"name\":\"Home\",\"item\":\"https:\\\/\\\/kibrisdakik.com\\\/\"},{\"@type\":\"ListItem\",\"position\":2,\"name\":\"Ta\u00e7oy\u2019dan 21 Mart D\u00fcnya Down Sendromu Fark\u0131ndal\u0131k G\u00fcn\u00fc mesaj\u0131&#8230;\"}]},{\"@type\":\"WebSite\",\"@id\":\"https:\\\/\\\/kibrisdakik.com\\\/#website\",\"url\":\"https:\\\/\\\/kibrisdakik.com\\\/\",\"name\":\"\",\"description\":\"Tam vaktinde haber\",\"potentialAction\":[{\"@type\":\"SearchAction\",\"target\":{\"@type\":\"EntryPoint\",\"urlTemplate\":\"https:\\\/\\\/kibrisdakik.com\\\/?s={search_term_string}\"},\"query-input\":{\"@type\":\"PropertyValueSpecification\",\"valueRequired\":true,\"valueName\":\"search_term_string\"}}],\"inLanguage\":\"tr\"},{\"@type\":\"Person\",\"@id\":\"https:\\\/\\\/kibrisdakik.com\\\/#\\\/schema\\\/person\\\/9cd9d437bbb44f72b73ba127e06d8e79\",\"name\":\"admin\",\"image\":{\"@type\":\"ImageObject\",\"inLanguage\":\"tr\",\"@id\":\"https:\\\/\\\/secure.gravatar.com\\\/avatar\\\/ccc17943b9d660506c869530f897617f7cb1c21a4bf30023f252596d83e1f007?s=96&d=mm&r=g\",\"url\":\"https:\\\/\\\/secure.gravatar.com\\\/avatar\\\/ccc17943b9d660506c869530f897617f7cb1c21a4bf30023f252596d83e1f007?s=96&d=mm&r=g\",\"contentUrl\":\"https:\\\/\\\/secure.gravatar.com\\\/avatar\\\/ccc17943b9d660506c869530f897617f7cb1c21a4bf30023f252596d83e1f007?s=96&d=mm&r=g\",\"caption\":\"admin\"},\"sameAs\":[\"https:\\\/\\\/kibrisdakik.com\"],\"url\":\"https:\\\/\\\/kibrisdakik.com\\\/?author=1\"}]}<\/script>\n<!-- \/ Yoast SEO plugin. -->","yoast_head_json":{"title":"Ta\u00e7oy\u2019dan 21 Mart D\u00fcnya Down Sendromu Fark\u0131ndal\u0131k G\u00fcn\u00fc mesaj\u0131... -","robots":{"index":"index","follow":"follow","max-snippet":"max-snippet:-1","max-image-preview":"max-image-preview:large","max-video-preview":"max-video-preview:-1"},"canonical":"https:\/\/kibrisdakik.com\/?p=35039","og_locale":"tr_TR","og_type":"article","og_title":"Ta\u00e7oy\u2019dan 21 Mart D\u00fcnya Down Sendromu Fark\u0131ndal\u0131k G\u00fcn\u00fc mesaj\u0131... -","og_description":"Ta\u00e7oy, mesaj\u0131nda, down sendromlu bireylerin topluma kat\u0131l\u0131mlar\u0131 ve ki\u015fisel potansiyellerini ger\u00e7ekle\u015ftirmelerinin \u00f6n\u00fcndeki engellerin kald\u0131r\u0131lmas\u0131 i\u00e7in \u201cazami hassasiyet\u201d g\u00f6sterilmesi gerekti\u011fini belirterek, devlete \u201cb\u00fcy\u00fck g\u00f6rev ve sorumluluklar\u201d d\u00fc\u015ft\u00fc\u011f\u00fcn\u00fc vurgulad\u0131. Ta\u00e7oy, \u201cDown sendromu hakk\u0131nda toplumsal fark\u0131ndal\u0131k olu\u015fturmak, down sendromlu bireylerin ayr\u0131mc\u0131l\u0131\u011fa ve olumsuz tutumlara maruz kalmas\u0131n\u0131 \u00f6nlemek, erken ve s\u00fcrekli e\u011fitimin \u00f6nemine dikkat \u00e7ekerek mevcut \u00e7al\u0131\u015fma imkanlar\u0131 ile","og_url":"https:\/\/kibrisdakik.com\/?p=35039","article_published_time":"2024-03-21T09:10:28+00:00","og_image":[{"width":710,"height":370,"url":"https:\/\/kibrisdakik.com\/wp-content\/uploads\/2024\/03\/tacoydan-21-mart-dunya-down-sendromu-farkindalik-gunu-mesaji-1711011526.webp.webp","type":"image\/webp"}],"author":"admin","twitter_card":"summary_large_image","twitter_misc":{"Yazan:":"admin","Tahmini okuma s\u00fcresi":"1 dakika"},"schema":{"@context":"https:\/\/schema.org","@graph":[{"@type":"Article","@id":"https:\/\/kibrisdakik.com\/?p=35039#article","isPartOf":{"@id":"https:\/\/kibrisdakik.com\/?p=35039"},"author":{"name":"admin","@id":"https:\/\/kibrisdakik.com\/#\/schema\/person\/9cd9d437bbb44f72b73ba127e06d8e79"},"headline":"Ta\u00e7oy\u2019dan 21 Mart D\u00fcnya Down Sendromu Fark\u0131ndal\u0131k G\u00fcn\u00fc mesaj\u0131&#8230;","datePublished":"2024-03-21T09:10:28+00:00","mainEntityOfPage":{"@id":"https:\/\/kibrisdakik.com\/?p=35039"},"wordCount":216,"commentCount":0,"image":{"@id":"https:\/\/kibrisdakik.com\/?p=35039#primaryimage"},"thumbnailUrl":"https:\/\/kibrisdakik.com\/wp-content\/uploads\/2024\/03\/tacoydan-21-mart-dunya-down-sendromu-farkindalik-gunu-mesaji-1711011526.webp.webp","articleSection":["Spor"],"inLanguage":"tr","potentialAction":[{"@type":"CommentAction","name":"Comment","target":["https:\/\/kibrisdakik.com\/?p=35039#respond"]}]},{"@type":"WebPage","@id":"https:\/\/kibrisdakik.com\/?p=35039","url":"https:\/\/kibrisdakik.com\/?p=35039","name":"Ta\u00e7oy\u2019dan 21 Mart D\u00fcnya Down Sendromu Fark\u0131ndal\u0131k G\u00fcn\u00fc mesaj\u0131... -","isPartOf":{"@id":"https:\/\/kibrisdakik.com\/#website"},"primaryImageOfPage":{"@id":"https:\/\/kibrisdakik.com\/?p=35039#primaryimage"},"image":{"@id":"https:\/\/kibrisdakik.com\/?p=35039#primaryimage"},"thumbnailUrl":"https:\/\/kibrisdakik.com\/wp-content\/uploads\/2024\/03\/tacoydan-21-mart-dunya-down-sendromu-farkindalik-gunu-mesaji-1711011526.webp.webp","datePublished":"2024-03-21T09:10:28+00:00","author":{"@id":"https:\/\/kibrisdakik.com\/#\/schema\/person\/9cd9d437bbb44f72b73ba127e06d8e79"},"breadcrumb":{"@id":"https:\/\/kibrisdakik.com\/?p=35039#breadcrumb"},"inLanguage":"tr","potentialAction":[{"@type":"ReadAction","target":["https:\/\/kibrisdakik.com\/?p=35039"]}]},{"@type":"ImageObject","inLanguage":"tr","@id":"https:\/\/kibrisdakik.com\/?p=35039#primaryimage","url":"https:\/\/kibrisdakik.com\/wp-content\/uploads\/2024\/03\/tacoydan-21-mart-dunya-down-sendromu-farkindalik-gunu-mesaji-1711011526.webp.webp","contentUrl":"https:\/\/kibrisdakik.com\/wp-content\/uploads\/2024\/03\/tacoydan-21-mart-dunya-down-sendromu-farkindalik-gunu-mesaji-1711011526.webp.webp","width":710,"height":370},{"@type":"BreadcrumbList","@id":"https:\/\/kibrisdakik.com\/?p=35039#breadcrumb","itemListElement":[{"@type":"ListItem","position":1,"name":"Home","item":"https:\/\/kibrisdakik.com\/"},{"@type":"ListItem","position":2,"name":"Ta\u00e7oy\u2019dan 21 Mart D\u00fcnya Down Sendromu Fark\u0131ndal\u0131k G\u00fcn\u00fc mesaj\u0131&#8230;"}]},{"@type":"WebSite","@id":"https:\/\/kibrisdakik.com\/#website","url":"https:\/\/kibrisdakik.com\/","name":"","description":"Tam vaktinde haber","potentialAction":[{"@type":"SearchAction","target":{"@type":"EntryPoint","urlTemplate":"https:\/\/kibrisdakik.com\/?s={search_term_string}"},"query-input":{"@type":"PropertyValueSpecification","valueRequired":true,"valueName":"search_term_string"}}],"inLanguage":"tr"},{"@type":"Person","@id":"https:\/\/kibrisdakik.com\/#\/schema\/person\/9cd9d437bbb44f72b73ba127e06d8e79","name":"admin","image":{"@type":"ImageObject","inLanguage":"tr","@id":"https:\/\/secure.gravatar.com\/avatar\/ccc17943b9d660506c869530f897617f7cb1c21a4bf30023f252596d83e1f007?s=96&d=mm&r=g","url":"https:\/\/secure.gravatar.com\/avatar\/ccc17943b9d660506c869530f897617f7cb1c21a4bf30023f252596d83e1f007?s=96&d=mm&r=g","contentUrl":"https:\/\/secure.gravatar.com\/avatar\/ccc17943b9d660506c869530f897617f7cb1c21a4bf30023f252596d83e1f007?s=96&d=mm&r=g","caption":"admin"},"sameAs":["https:\/\/kibrisdakik.com"],"url":"https:\/\/kibrisdakik.com\/?author=1"}]}},"_links":{"self":[{"href":"https:\/\/kibrisdakik.com\/index.php?rest_route=\/wp\/v2\/posts\/35039","targetHints":{"allow":["GET"]}}],"collection":[{"href":"https:\/\/kibrisdakik.com\/index.php?rest_route=\/wp\/v2\/posts"}],"about":[{"href":"https:\/\/kibrisdakik.com\/index.php?rest_route=\/wp\/v2\/types\/post"}],"author":[{"embeddable":true,"href":"https:\/\/kibrisdakik.com\/index.php?rest_route=\/wp\/v2\/users\/1"}],"replies":[{"embeddable":true,"href":"https:\/\/kibrisdakik.com\/index.php?rest_route=%2Fwp%2Fv2%2Fcomments&post=35039"}],"version-history":[{"count":0,"href":"https:\/\/kibrisdakik.com\/index.php?rest_route=\/wp\/v2\/posts\/35039\/revisions"}],"wp:featuredmedia":[{"embeddable":true,"href":"https:\/\/kibrisdakik.com\/index.php?rest_route=\/wp\/v2\/media\/35040"}],"wp:attachment":[{"href":"https:\/\/kibrisdakik.com\/index.php?rest_route=%2Fwp%2Fv2%2Fmedia&parent=35039"}],"wp:term":[{"taxonomy":"category","embeddable":true,"href":"https:\/\/kibrisdakik.com\/index.php?rest_route=%2Fwp%2Fv2%2Fcategories&post=35039"},{"taxonomy":"post_tag","embeddable":true,"href":"https:\/\/kibrisdakik.com\/index.php?rest_route=%2Fwp%2Fv2%2Ftags&post=35039"}],"curies":[{"name":"wp","href":"https:\/\/api.w.org\/{rel}","templated":true}]}}