{"id":35045,"date":"2024-03-21T10:09:47","date_gmt":"2024-03-21T10:09:47","guid":{"rendered":"https:\/\/kibrisdakik.com\/index.php\/2024\/03\/21\/calisma-ve-sosyal-guvenlik-bakanliginda-down-sendromu-farkindalik-gunu-etkinligi-yapildi\/"},"modified":"2024-03-21T10:09:47","modified_gmt":"2024-03-21T10:09:47","slug":"calisma-ve-sosyal-guvenlik-bakanliginda-down-sendromu-farkindalik-gunu-etkinligi-yapildi","status":"publish","type":"post","link":"https:\/\/kibrisdakik.com\/?p=35045","title":{"rendered":"\u00c7al\u0131\u015fma ve Sosyal G\u00fcvenlik Bakanl\u0131\u011f\u0131nda Down Sendromu Fark\u0131ndal\u0131k G\u00fcn\u00fc etkinli\u011fi yap\u0131ld\u0131"},"content":{"rendered":"<p><\/p>\n<div>\n<div class=\"mariselle-image-container none\">\n                <img loading=\"lazy\" decoding=\"async\" width=\"2048\" height=\"1367\" class=\"lazy-image\" alt=\"\" sizes=\"auto, (max-width: 2048px) 100vw, 2048px\" src=\"https:\/\/brtk.net\/wp-content\/uploads\/2024\/03\/21\/SADIKOGLUUUU.jpeg?ver=3dd6989544603a22695cfd87e40c7160\" srcset=\"https:\/\/brtk.net\/wp-content\/uploads\/2024\/03\/21\/SADIKOGLUUUU.jpeg?ver=3dd6989544603a22695cfd87e40c7160 2048w, https:\/\/brtk.net\/wp-content\/uploads\/2024\/03\/21\/SADIKOGLUUUU-300x200.jpeg?ver=de02c65dae0d17ac2126ff93d92c7dac 300w, https:\/\/brtk.net\/wp-content\/uploads\/2024\/03\/21\/SADIKOGLUUUU-1024x684.jpeg?ver=de02c65dae0d17ac2126ff93d92c7dac 1024w, https:\/\/brtk.net\/wp-content\/uploads\/2024\/03\/21\/SADIKOGLUUUU-768x513.jpeg?ver=de02c65dae0d17ac2126ff93d92c7dac 768w, https:\/\/brtk.net\/wp-content\/uploads\/2024\/03\/21\/SADIKOGLUUUU-1536x1025.jpeg?ver=d38b5856b4d416b2cd7a5f6d91041bdf 1536w\"\/>                            <\/div>\n<p>\u00c7al\u0131\u015fma ve Sosyal G\u00fcvenlik Bakanl\u0131\u011f\u0131nda, 21 Mart D\u00fcnya Down Sendromu Fark\u0131ndal\u0131k G\u00fcn\u00fc dolay\u0131s\u0131yla boyama etkinli\u011fi d\u00fczenlendi.<\/p>\n<p>Sosyal Hizmetler Dairesine ba\u011fl\u0131 Girne, G\u00fcne\u015fk\u00f6y ve Gazima\u011fusa\u2019daki 18 ya\u015f \u00fcst\u00fc engelli rehabilitasyon merkezine devam eden down sendromlu gen\u00e7lere y\u00f6nelik d\u00fczenlenen etkinli\u011fe \u00c7al\u0131\u015fma ve Sosyal G\u00fcvenlik Bakan\u0131 Sad\u0131k Gardiyano\u011flu ve Sosyal Hizmetler Dairesi M\u00fcd\u00fcr\u00fc Alev Ecevit de kat\u0131ld\u0131.<\/p>\n<p>\u201c+1likteyiz, Farkl\u0131l\u0131klar\u0131m\u0131zla G\u00fczeliz\u201d slogan\u0131yla yap\u0131lan etkinlikte, down sendromlu gen\u00e7ler \u00c7al\u0131\u015fma ve Sosyal G\u00fcvenlik Bakanl\u0131\u011f\u0131 binas\u0131n\u0131n \u00f6n\u00fcnde sergilenmek \u00fczere, ellerini boyayarak bir poster haz\u0131rlad\u0131.<\/p>\n<p><strong>\u2013 Down sendromlu \u00f6\u011frenciler s\u00f6z ald\u0131<\/strong><\/p>\n<p>Etkinlikte ilk olarak down sendromlu \u00f6\u011frenciler s\u00f6z ald\u0131.<\/p>\n<p>Zehra \u00d6nsoy, bug\u00fcn\u00fcn 21 Mart D\u00fcnya Down Sendromu Fark\u0131ndal\u0131k G\u00fcn\u00fc oldu\u011funa dikkat \u00e7ekerek, \u201cBiz +1 farkl\u0131y\u0131z.\u201d dedi, e\u011fitim merkezlerine bir minib\u00fcs talebinde bulundu.<\/p>\n<p>Hasan Ba\u015far\u0131, etkinlikte arkada\u015flar\u0131yla birlikte olmaktan duydu\u011fu mutlulu\u011fu ifade ederken, \u00d6mer Elmaso\u011flular\u0131 da posteri Galatasaray\u2019\u0131n renkleriyle boyamak istedi\u011fini kaydetti, e\u011fitim merkezine bilgisayar istedi\u011fini s\u00f6yledi.<\/p>\n<p>\u00d6\u011frenciler ard\u0131ndan s\u00f6z alan \u00c7al\u0131\u015fma ve Sosyal G\u00fcvenlik Bakan Sad\u0131k Gardiyano\u011flu da,\u00a0 fark\u0131ndal\u0131k etkinli\u011fine katk\u0131 koyan herkese te\u015fekk\u00fcr ederek, \u201c+1likteyiz.\u201d dedi, bu kapsamda \u00e7al\u0131\u015fmalar\u0131na devam edeceklerini kaydetti.<\/p>\n<p>Bakan Gardiyano\u011flu, Zehra \u00d6nsoy\u2019un minib\u00fcs talebine de yan\u0131t olarak, hay\u0131rsever bir i\u015f insan\u0131n\u0131n 5 tane engelli arac\u0131 ba\u011f\u0131\u015flad\u0131\u011f\u0131 duyurusunda bulunarak, bu ara\u00e7lardan 1 tanesini de kendilerine sa\u011flayacaklar\u0131n\u0131 belirtti.<\/p>\n<p>Hay\u0131rsever i\u015f insan\u0131n\u0131n ilk olarak gelecek ay adada olacak \u015fekilde\u00a0 yolda olan 2 arac\u0131 ba\u011f\u0131\u015flad\u0131\u011f\u0131n\u0131 s\u00f6yleyen Gardiyano\u011flu, ard\u0131ndan s\u00f6z konusu i\u015f insan\u0131n\u0131n ya\u015fad\u0131\u011f\u0131 sa\u011fl\u0131k sorununun ard\u0131ndan, \u201cengelli bireylerin ya\u015fad\u0131\u011f\u0131 sorunlar\u0131 bizzat ya\u015fad\u0131m\u201d diyerek, ara\u00e7 say\u0131s\u0131n\u0131 5\u2019e \u00e7\u0131kard\u0131\u011f\u0131n\u0131 anlatt\u0131.<\/p>\n<p>Sosyal Hizmetler Dairesi M\u00fcd\u00fcr\u00fc Alev Ecevit de, TAK muhabirine Daire\u2019e ba\u011fl\u0131 18 ya\u015f \u00fcst\u00fc engellilere hizmet veren 3 merkez hakk\u0131nda bilgi vererek, \u015fu anda 18 ya\u015f \u00fcst\u00fc 7 down sendromlu \u00f6\u011frencinin merkezlerinden hizmet ald\u0131\u011f\u0131n\u0131 kaydetti. Ecevit, down sendromlu insanlar\u0131n da \u00e7al\u0131\u015fabilece\u011fine ve topluma katk\u0131da bulunabilece\u011fine dikkat \u00e7ekerek, bu \u00e7al\u0131\u015fmalar\u0131n desteklenmesi gerekti\u011fini belirtti.<\/p>\n<\/p><\/div>\n<p><script async\n                    defer\n                    crossorigin=\"anonymous\"\n                    src=\"https:\/\/connect.facebook.net\/tr_TR\/sdk.js#xfbml=1&#038;version=v3.3\"\n            ><\/script><\/p>\n","protected":false},"excerpt":{"rendered":"<p>\u00c7al\u0131\u015fma ve Sosyal G\u00fcvenlik Bakanl\u0131\u011f\u0131nda, 21 Mart D\u00fcnya Down Sendromu Fark\u0131ndal\u0131k G\u00fcn\u00fc dolay\u0131s\u0131yla boyama etkinli\u011fi d\u00fczenlendi. Sosyal Hizmetler Dairesine ba\u011fl\u0131 Girne, G\u00fcne\u015fk\u00f6y ve Gazima\u011fusa\u2019daki 18 ya\u015f \u00fcst\u00fc engelli rehabilitasyon merkezine devam eden down sendromlu gen\u00e7lere y\u00f6nelik d\u00fczenlenen etkinli\u011fe \u00c7al\u0131\u015fma ve Sosyal G\u00fcvenlik Bakan\u0131 Sad\u0131k Gardiyano\u011flu ve Sosyal Hizmetler Dairesi M\u00fcd\u00fcr\u00fc Alev Ecevit de kat\u0131ld\u0131. \u201c+1likteyiz,<\/p>\n","protected":false},"author":1,"featured_media":35046,"comment_status":"open","ping_status":"open","sticky":false,"template":"","format":"standard","meta":{"footnotes":""},"categories":[1],"tags":[],"class_list":["post-35045","post","type-post","status-publish","format-standard","has-post-thumbnail","hentry","category-gundem"],"yoast_head":"<!-- This site is optimized with the Yoast SEO plugin v27.4 - https:\/\/yoast.com\/product\/yoast-seo-wordpress\/ -->\n<title>\u00c7al\u0131\u015fma ve Sosyal G\u00fcvenlik Bakanl\u0131\u011f\u0131nda Down Sendromu Fark\u0131ndal\u0131k G\u00fcn\u00fc etkinli\u011fi yap\u0131ld\u0131 -<\/title>\n<meta name=\"robots\" content=\"index, follow, max-snippet:-1, max-image-preview:large, max-video-preview:-1\" \/>\n<link rel=\"canonical\" href=\"https:\/\/kibrisdakik.com\/?p=35045\" \/>\n<meta property=\"og:locale\" content=\"tr_TR\" \/>\n<meta property=\"og:type\" content=\"article\" \/>\n<meta property=\"og:title\" content=\"\u00c7al\u0131\u015fma ve Sosyal G\u00fcvenlik Bakanl\u0131\u011f\u0131nda Down Sendromu Fark\u0131ndal\u0131k G\u00fcn\u00fc etkinli\u011fi yap\u0131ld\u0131 -\" \/>\n<meta property=\"og:description\" content=\"\u00c7al\u0131\u015fma ve Sosyal G\u00fcvenlik Bakanl\u0131\u011f\u0131nda, 21 Mart D\u00fcnya Down Sendromu Fark\u0131ndal\u0131k G\u00fcn\u00fc dolay\u0131s\u0131yla boyama etkinli\u011fi d\u00fczenlendi. Sosyal Hizmetler Dairesine ba\u011fl\u0131 Girne, G\u00fcne\u015fk\u00f6y ve Gazima\u011fusa\u2019daki 18 ya\u015f \u00fcst\u00fc engelli rehabilitasyon merkezine devam eden down sendromlu gen\u00e7lere y\u00f6nelik d\u00fczenlenen etkinli\u011fe \u00c7al\u0131\u015fma ve Sosyal G\u00fcvenlik Bakan\u0131 Sad\u0131k Gardiyano\u011flu ve Sosyal Hizmetler Dairesi M\u00fcd\u00fcr\u00fc Alev Ecevit de kat\u0131ld\u0131. \u201c+1likteyiz,\" \/>\n<meta property=\"og:url\" content=\"https:\/\/kibrisdakik.com\/?p=35045\" \/>\n<meta property=\"article:published_time\" content=\"2024-03-21T10:09:47+00:00\" \/>\n<meta property=\"og:image\" content=\"https:\/\/kibrisdakik.com\/wp-content\/uploads\/2024\/03\/SADIKOGLUUUU-740x420.jpeg\" \/>\n\t<meta property=\"og:image:width\" content=\"2048\" \/>\n\t<meta property=\"og:image:height\" content=\"1367\" \/>\n\t<meta property=\"og:image:type\" content=\"image\/jpeg\" \/>\n<meta name=\"author\" content=\"admin\" \/>\n<meta name=\"twitter:card\" content=\"summary_large_image\" \/>\n<meta name=\"twitter:label1\" content=\"Yazan:\" \/>\n\t<meta name=\"twitter:data1\" content=\"admin\" \/>\n\t<meta name=\"twitter:label2\" content=\"Tahmini okuma s\u00fcresi\" \/>\n\t<meta name=\"twitter:data2\" content=\"2 dakika\" \/>\n<script type=\"application\/ld+json\" class=\"yoast-schema-graph\">{\"@context\":\"https:\\\/\\\/schema.org\",\"@graph\":[{\"@type\":\"Article\",\"@id\":\"https:\\\/\\\/kibrisdakik.com\\\/?p=35045#article\",\"isPartOf\":{\"@id\":\"https:\\\/\\\/kibrisdakik.com\\\/?p=35045\"},\"author\":{\"name\":\"admin\",\"@id\":\"https:\\\/\\\/kibrisdakik.com\\\/#\\\/schema\\\/person\\\/9cd9d437bbb44f72b73ba127e06d8e79\"},\"headline\":\"\u00c7al\u0131\u015fma ve Sosyal G\u00fcvenlik Bakanl\u0131\u011f\u0131nda Down Sendromu Fark\u0131ndal\u0131k G\u00fcn\u00fc etkinli\u011fi yap\u0131ld\u0131\",\"datePublished\":\"2024-03-21T10:09:47+00:00\",\"mainEntityOfPage\":{\"@id\":\"https:\\\/\\\/kibrisdakik.com\\\/?p=35045\"},\"wordCount\":415,\"commentCount\":0,\"image\":{\"@id\":\"https:\\\/\\\/kibrisdakik.com\\\/?p=35045#primaryimage\"},\"thumbnailUrl\":\"https:\\\/\\\/kibrisdakik.com\\\/wp-content\\\/uploads\\\/2024\\\/03\\\/SADIKOGLUUUU-740x420.jpeg\",\"articleSection\":[\"G\u00fcndem\"],\"inLanguage\":\"tr\",\"potentialAction\":[{\"@type\":\"CommentAction\",\"name\":\"Comment\",\"target\":[\"https:\\\/\\\/kibrisdakik.com\\\/?p=35045#respond\"]}]},{\"@type\":\"WebPage\",\"@id\":\"https:\\\/\\\/kibrisdakik.com\\\/?p=35045\",\"url\":\"https:\\\/\\\/kibrisdakik.com\\\/?p=35045\",\"name\":\"\u00c7al\u0131\u015fma ve Sosyal G\u00fcvenlik Bakanl\u0131\u011f\u0131nda Down Sendromu Fark\u0131ndal\u0131k G\u00fcn\u00fc etkinli\u011fi yap\u0131ld\u0131 -\",\"isPartOf\":{\"@id\":\"https:\\\/\\\/kibrisdakik.com\\\/#website\"},\"primaryImageOfPage\":{\"@id\":\"https:\\\/\\\/kibrisdakik.com\\\/?p=35045#primaryimage\"},\"image\":{\"@id\":\"https:\\\/\\\/kibrisdakik.com\\\/?p=35045#primaryimage\"},\"thumbnailUrl\":\"https:\\\/\\\/kibrisdakik.com\\\/wp-content\\\/uploads\\\/2024\\\/03\\\/SADIKOGLUUUU-740x420.jpeg\",\"datePublished\":\"2024-03-21T10:09:47+00:00\",\"author\":{\"@id\":\"https:\\\/\\\/kibrisdakik.com\\\/#\\\/schema\\\/person\\\/9cd9d437bbb44f72b73ba127e06d8e79\"},\"breadcrumb\":{\"@id\":\"https:\\\/\\\/kibrisdakik.com\\\/?p=35045#breadcrumb\"},\"inLanguage\":\"tr\",\"potentialAction\":[{\"@type\":\"ReadAction\",\"target\":[\"https:\\\/\\\/kibrisdakik.com\\\/?p=35045\"]}]},{\"@type\":\"ImageObject\",\"inLanguage\":\"tr\",\"@id\":\"https:\\\/\\\/kibrisdakik.com\\\/?p=35045#primaryimage\",\"url\":\"https:\\\/\\\/kibrisdakik.com\\\/wp-content\\\/uploads\\\/2024\\\/03\\\/SADIKOGLUUUU-740x420.jpeg\",\"contentUrl\":\"https:\\\/\\\/kibrisdakik.com\\\/wp-content\\\/uploads\\\/2024\\\/03\\\/SADIKOGLUUUU-740x420.jpeg\",\"width\":2048,\"height\":1367},{\"@type\":\"BreadcrumbList\",\"@id\":\"https:\\\/\\\/kibrisdakik.com\\\/?p=35045#breadcrumb\",\"itemListElement\":[{\"@type\":\"ListItem\",\"position\":1,\"name\":\"Home\",\"item\":\"https:\\\/\\\/kibrisdakik.com\\\/\"},{\"@type\":\"ListItem\",\"position\":2,\"name\":\"\u00c7al\u0131\u015fma ve Sosyal G\u00fcvenlik Bakanl\u0131\u011f\u0131nda Down Sendromu Fark\u0131ndal\u0131k G\u00fcn\u00fc etkinli\u011fi yap\u0131ld\u0131\"}]},{\"@type\":\"WebSite\",\"@id\":\"https:\\\/\\\/kibrisdakik.com\\\/#website\",\"url\":\"https:\\\/\\\/kibrisdakik.com\\\/\",\"name\":\"\",\"description\":\"Tam vaktinde haber\",\"potentialAction\":[{\"@type\":\"SearchAction\",\"target\":{\"@type\":\"EntryPoint\",\"urlTemplate\":\"https:\\\/\\\/kibrisdakik.com\\\/?s={search_term_string}\"},\"query-input\":{\"@type\":\"PropertyValueSpecification\",\"valueRequired\":true,\"valueName\":\"search_term_string\"}}],\"inLanguage\":\"tr\"},{\"@type\":\"Person\",\"@id\":\"https:\\\/\\\/kibrisdakik.com\\\/#\\\/schema\\\/person\\\/9cd9d437bbb44f72b73ba127e06d8e79\",\"name\":\"admin\",\"image\":{\"@type\":\"ImageObject\",\"inLanguage\":\"tr\",\"@id\":\"https:\\\/\\\/secure.gravatar.com\\\/avatar\\\/ccc17943b9d660506c869530f897617f7cb1c21a4bf30023f252596d83e1f007?s=96&d=mm&r=g\",\"url\":\"https:\\\/\\\/secure.gravatar.com\\\/avatar\\\/ccc17943b9d660506c869530f897617f7cb1c21a4bf30023f252596d83e1f007?s=96&d=mm&r=g\",\"contentUrl\":\"https:\\\/\\\/secure.gravatar.com\\\/avatar\\\/ccc17943b9d660506c869530f897617f7cb1c21a4bf30023f252596d83e1f007?s=96&d=mm&r=g\",\"caption\":\"admin\"},\"sameAs\":[\"https:\\\/\\\/kibrisdakik.com\"],\"url\":\"https:\\\/\\\/kibrisdakik.com\\\/?author=1\"}]}<\/script>\n<!-- \/ Yoast SEO plugin. -->","yoast_head_json":{"title":"\u00c7al\u0131\u015fma ve Sosyal G\u00fcvenlik Bakanl\u0131\u011f\u0131nda Down Sendromu Fark\u0131ndal\u0131k G\u00fcn\u00fc etkinli\u011fi yap\u0131ld\u0131 -","robots":{"index":"index","follow":"follow","max-snippet":"max-snippet:-1","max-image-preview":"max-image-preview:large","max-video-preview":"max-video-preview:-1"},"canonical":"https:\/\/kibrisdakik.com\/?p=35045","og_locale":"tr_TR","og_type":"article","og_title":"\u00c7al\u0131\u015fma ve Sosyal G\u00fcvenlik Bakanl\u0131\u011f\u0131nda Down Sendromu Fark\u0131ndal\u0131k G\u00fcn\u00fc etkinli\u011fi yap\u0131ld\u0131 -","og_description":"\u00c7al\u0131\u015fma ve Sosyal G\u00fcvenlik Bakanl\u0131\u011f\u0131nda, 21 Mart D\u00fcnya Down Sendromu Fark\u0131ndal\u0131k G\u00fcn\u00fc dolay\u0131s\u0131yla boyama etkinli\u011fi d\u00fczenlendi. Sosyal Hizmetler Dairesine ba\u011fl\u0131 Girne, G\u00fcne\u015fk\u00f6y ve Gazima\u011fusa\u2019daki 18 ya\u015f \u00fcst\u00fc engelli rehabilitasyon merkezine devam eden down sendromlu gen\u00e7lere y\u00f6nelik d\u00fczenlenen etkinli\u011fe \u00c7al\u0131\u015fma ve Sosyal G\u00fcvenlik Bakan\u0131 Sad\u0131k Gardiyano\u011flu ve Sosyal Hizmetler Dairesi M\u00fcd\u00fcr\u00fc Alev Ecevit de kat\u0131ld\u0131. \u201c+1likteyiz,","og_url":"https:\/\/kibrisdakik.com\/?p=35045","article_published_time":"2024-03-21T10:09:47+00:00","og_image":[{"width":2048,"height":1367,"url":"https:\/\/kibrisdakik.com\/wp-content\/uploads\/2024\/03\/SADIKOGLUUUU-740x420.jpeg","type":"image\/jpeg"}],"author":"admin","twitter_card":"summary_large_image","twitter_misc":{"Yazan:":"admin","Tahmini okuma s\u00fcresi":"2 dakika"},"schema":{"@context":"https:\/\/schema.org","@graph":[{"@type":"Article","@id":"https:\/\/kibrisdakik.com\/?p=35045#article","isPartOf":{"@id":"https:\/\/kibrisdakik.com\/?p=35045"},"author":{"name":"admin","@id":"https:\/\/kibrisdakik.com\/#\/schema\/person\/9cd9d437bbb44f72b73ba127e06d8e79"},"headline":"\u00c7al\u0131\u015fma ve Sosyal G\u00fcvenlik Bakanl\u0131\u011f\u0131nda Down Sendromu Fark\u0131ndal\u0131k G\u00fcn\u00fc etkinli\u011fi yap\u0131ld\u0131","datePublished":"2024-03-21T10:09:47+00:00","mainEntityOfPage":{"@id":"https:\/\/kibrisdakik.com\/?p=35045"},"wordCount":415,"commentCount":0,"image":{"@id":"https:\/\/kibrisdakik.com\/?p=35045#primaryimage"},"thumbnailUrl":"https:\/\/kibrisdakik.com\/wp-content\/uploads\/2024\/03\/SADIKOGLUUUU-740x420.jpeg","articleSection":["G\u00fcndem"],"inLanguage":"tr","potentialAction":[{"@type":"CommentAction","name":"Comment","target":["https:\/\/kibrisdakik.com\/?p=35045#respond"]}]},{"@type":"WebPage","@id":"https:\/\/kibrisdakik.com\/?p=35045","url":"https:\/\/kibrisdakik.com\/?p=35045","name":"\u00c7al\u0131\u015fma ve Sosyal G\u00fcvenlik Bakanl\u0131\u011f\u0131nda Down Sendromu Fark\u0131ndal\u0131k G\u00fcn\u00fc etkinli\u011fi yap\u0131ld\u0131 -","isPartOf":{"@id":"https:\/\/kibrisdakik.com\/#website"},"primaryImageOfPage":{"@id":"https:\/\/kibrisdakik.com\/?p=35045#primaryimage"},"image":{"@id":"https:\/\/kibrisdakik.com\/?p=35045#primaryimage"},"thumbnailUrl":"https:\/\/kibrisdakik.com\/wp-content\/uploads\/2024\/03\/SADIKOGLUUUU-740x420.jpeg","datePublished":"2024-03-21T10:09:47+00:00","author":{"@id":"https:\/\/kibrisdakik.com\/#\/schema\/person\/9cd9d437bbb44f72b73ba127e06d8e79"},"breadcrumb":{"@id":"https:\/\/kibrisdakik.com\/?p=35045#breadcrumb"},"inLanguage":"tr","potentialAction":[{"@type":"ReadAction","target":["https:\/\/kibrisdakik.com\/?p=35045"]}]},{"@type":"ImageObject","inLanguage":"tr","@id":"https:\/\/kibrisdakik.com\/?p=35045#primaryimage","url":"https:\/\/kibrisdakik.com\/wp-content\/uploads\/2024\/03\/SADIKOGLUUUU-740x420.jpeg","contentUrl":"https:\/\/kibrisdakik.com\/wp-content\/uploads\/2024\/03\/SADIKOGLUUUU-740x420.jpeg","width":2048,"height":1367},{"@type":"BreadcrumbList","@id":"https:\/\/kibrisdakik.com\/?p=35045#breadcrumb","itemListElement":[{"@type":"ListItem","position":1,"name":"Home","item":"https:\/\/kibrisdakik.com\/"},{"@type":"ListItem","position":2,"name":"\u00c7al\u0131\u015fma ve Sosyal G\u00fcvenlik Bakanl\u0131\u011f\u0131nda Down Sendromu Fark\u0131ndal\u0131k G\u00fcn\u00fc etkinli\u011fi yap\u0131ld\u0131"}]},{"@type":"WebSite","@id":"https:\/\/kibrisdakik.com\/#website","url":"https:\/\/kibrisdakik.com\/","name":"","description":"Tam vaktinde haber","potentialAction":[{"@type":"SearchAction","target":{"@type":"EntryPoint","urlTemplate":"https:\/\/kibrisdakik.com\/?s={search_term_string}"},"query-input":{"@type":"PropertyValueSpecification","valueRequired":true,"valueName":"search_term_string"}}],"inLanguage":"tr"},{"@type":"Person","@id":"https:\/\/kibrisdakik.com\/#\/schema\/person\/9cd9d437bbb44f72b73ba127e06d8e79","name":"admin","image":{"@type":"ImageObject","inLanguage":"tr","@id":"https:\/\/secure.gravatar.com\/avatar\/ccc17943b9d660506c869530f897617f7cb1c21a4bf30023f252596d83e1f007?s=96&d=mm&r=g","url":"https:\/\/secure.gravatar.com\/avatar\/ccc17943b9d660506c869530f897617f7cb1c21a4bf30023f252596d83e1f007?s=96&d=mm&r=g","contentUrl":"https:\/\/secure.gravatar.com\/avatar\/ccc17943b9d660506c869530f897617f7cb1c21a4bf30023f252596d83e1f007?s=96&d=mm&r=g","caption":"admin"},"sameAs":["https:\/\/kibrisdakik.com"],"url":"https:\/\/kibrisdakik.com\/?author=1"}]}},"_links":{"self":[{"href":"https:\/\/kibrisdakik.com\/index.php?rest_route=\/wp\/v2\/posts\/35045","targetHints":{"allow":["GET"]}}],"collection":[{"href":"https:\/\/kibrisdakik.com\/index.php?rest_route=\/wp\/v2\/posts"}],"about":[{"href":"https:\/\/kibrisdakik.com\/index.php?rest_route=\/wp\/v2\/types\/post"}],"author":[{"embeddable":true,"href":"https:\/\/kibrisdakik.com\/index.php?rest_route=\/wp\/v2\/users\/1"}],"replies":[{"embeddable":true,"href":"https:\/\/kibrisdakik.com\/index.php?rest_route=%2Fwp%2Fv2%2Fcomments&post=35045"}],"version-history":[{"count":0,"href":"https:\/\/kibrisdakik.com\/index.php?rest_route=\/wp\/v2\/posts\/35045\/revisions"}],"wp:featuredmedia":[{"embeddable":true,"href":"https:\/\/kibrisdakik.com\/index.php?rest_route=\/wp\/v2\/media\/35046"}],"wp:attachment":[{"href":"https:\/\/kibrisdakik.com\/index.php?rest_route=%2Fwp%2Fv2%2Fmedia&parent=35045"}],"wp:term":[{"taxonomy":"category","embeddable":true,"href":"https:\/\/kibrisdakik.com\/index.php?rest_route=%2Fwp%2Fv2%2Fcategories&post=35045"},{"taxonomy":"post_tag","embeddable":true,"href":"https:\/\/kibrisdakik.com\/index.php?rest_route=%2Fwp%2Fv2%2Ftags&post=35045"}],"curies":[{"name":"wp","href":"https:\/\/api.w.org\/{rel}","templated":true}]}}